{"id":3241,"date":"2002-05-23T08:00:00","date_gmt":"2002-05-23T08:00:00","guid":{"rendered":"https:\/\/www.ufmg.br\/dti\/cecom\/?p=1515"},"modified":"2002-05-23T08:00:00","modified_gmt":"2002-05-23T08:00:00","slug":"sistematico-edicao-1112-23052002","status":"publish","type":"post","link":"https:\/\/www.ufmg.br\/dti\/2002\/05\/23\/sistematico-edicao-1112-23052002\/","title":{"rendered":"Sistem\u00e1tico: Edi\u00e7\u00e3o 1112 &#8211; 23\/05\/2002"},"content":{"rendered":"<ul>\n<li><a href=\"\/dti\/#noticias\">Not\u00edcias<\/a>\n<div class='submenuSistematico'>\n<ul>\n<li><a href=\"\/dti\/#anoticias1\"><span class=\"titulo\">EM ANDAMENTO     O PROCESSO DE REGISTO DE CALOUROS<\/span><\/a><\/li>\n<li><a href=\"\/dti\/#anoticias2\"><span class=\"titulo\">NOVO SICCA     J&Aacute; EST&Aacute; PRONTO<\/span><\/a><\/li>\n<li><a href=\"\/dti\/#anoticias3\"><span class=\"titulo\">APOIO &Agrave;     COPEVE: PEDIDOS DE ISEN&Ccedil;&Atilde;O<\/span><\/a><\/li>\n<li><a href=\"\/dti\/#anoticias4\"><span class=\"titulo\">ENGENHARIA     DE PRODU&Ccedil;&Atilde;O ENTRA PARA O NOVO BACKBONE<\/span><\/a><\/li>\n<li><a href=\"\/dti\/#anoticias5\"><span class=\"titulo\">BATE PAPO     T&Eacute;CNICO SOBRE O MS PROJECT<\/span><\/a><\/li>\n<li><a href=\"\/dti\/#anoticias6\"><span class=\"titulo\">ENCERRADA     REFORMA DA DRC<\/span><\/a><\/li>\n<\/ul>\n<\/div>\n<\/li>\n<li><a href=\"\/dti\/#informativo\">Informativo<\/a>\n<div class='submenuSistematico'>\n<ul>\n<li><a href=\"\/dti\/#ainformativo1\"><span class=\"titulo\">GenteWhere<\/span><br \/>    <\/a><\/li>\n<li><a href=\"\/dti\/#ainformativo2\"><span class=\"titulo\">EDI&Ccedil;&Atilde;O     DA PR&Oacute;XIMA SEMANA<\/span><\/a><\/li>\n<li><a href=\"\/dti\/#ainformativo3\"><span class=\"titulo\">DICAS DE     SITES INTERESSANTES<\/span><\/a><\/li>\n<li><a href=\"\/dti\/#ainformativo4\"><span class=\"titulo\">PLANT&Atilde;O     INFO<\/span><\/a><\/li>\n<li><a href=\"\/dti\/#ainformativo5\"><span class=\"titulo\">MEM&Oacute;RIA     FOTOGR&Aacute;FICA DO CECOM<\/span><\/a><\/li>\n<li><a href=\"\/dti\/#ainformativo6\"><img loading=\"lazy\" decoding=\"async\" src=\"https:\/\/www.ufmg.br\/dti\/wp-content\/uploads\/imgs\/tudo_pixel.gif\" width=\"1\" height=\"8\" alt=\"\" border=\"0\"><br \/>    <span class=\"titulo\">H\u00e1 20 anos&#8230;<\/span><\/a><\/li>\n<\/ul>\n<\/div>\n<\/li>\n<li><a href=\"\/dti\/#eventos\">Eventos<\/a>\n<div class='submenuSistematico'>\n<ul>\n<li><a href=\"\/dti\/#aeventos1\"><span class=\"titulo\">TREINAMENTO     LOTUS WORDPRO<\/span><\/a><\/li>\n<li><a href=\"\/dti\/#aeventos2\"><span class=\"titulo\">FESTA JUNINA<\/span><\/a><\/li>\n<li><a href=\"\/dti\/#aeventos3\"><span class=\"titulo\">SOCIAIS<\/span><\/a><\/li>\n<\/ul>\n<\/div>\n<\/li>\n<\/ul>\n<p> <a name='noticias'><\/a><\/p>\n<h4>Not\u00edcias<\/h4>\n<div class=\"centro-sistematico\">  <!-- noticias --> <\/p>\n<table border=\"0\" cellspacing=\"0\" cellpadding=\"0\">\n<tr>\n<td><\/td>\n<td><\/td>\n<\/tr>\n<p>  <!-- #BeginEditable \"materias\" -->   <\/p>\n<tr>\n<td align=\"LEFT\" valign=\"TOP\"><\/td>\n<td align=\"LEFT\" valign=\"TOP\"> <a name=\"anoticias1\"><span class=\"titulo\">EM ANDAMENTO     O PROCESSO DE REGISTO DE CALOUROS<\/span><\/a> <span class=\"texto\">     <\/p>\n<p>Conforme O Sistem&aacute;tico publicou na semana passada, est&aacute;      em andamento, e se encerrar&aacute; amanh&atilde;, dia 24, o processo      de registro inicial dos calouros aprovados no Vestibular 2002.<\/p>\n<p>A montagem da infra-estrutura de equipamentos, que est&atilde;o sendo      utilizados pela equipe do DRCA, contou com 20 microcomputadores, emprestados      pela Copeve, e 10 impressoras, alugadas pelo CECOM.<\/p>\n<p>Para possibilitar a montagem desse parque de equipamentos, a DAC contou      com dez profissionais e estagi&aacute;rios que, inclusive, se responsabilizaram      por plant&atilde;o de acompanhamento durante toda a semana.<\/p>\n<p align=\"center\"><img loading=\"lazy\" decoding=\"async\" src=\"https:\/\/www.ufmg.br\/dti\/wp-content\/uploads\/fotos\/regcalouro1.jpg\" width=\"459\" height=\"331\"><\/p>\n<p align=\"center\"><font face=\"1\"><i>A montagem dos micros<\/i><\/font><\/p>\n<p align=\"center\"><img loading=\"lazy\" decoding=\"async\" src=\"https:\/\/www.ufmg.br\/dti\/wp-content\/uploads\/fotos\/regcalouro4.jpg\" width=\"315\" height=\"525\"><\/p>\n<p align=\"center\"><i><font face=\"1\">A infra-estrutura de micros montada      no sagu&atilde;o da Reitoria<\/font><\/i><\/p>\n<p>A aplica&ccedil;&atilde;o foi desenvolvida, em Java, pela equipe da      DAS, respons&aacute;vel pelo novo Sistema Acad&ecirc;mico. Funcionando      como prot&oacute;tipo do futuro sistema, a aplica&ccedil;&atilde;o viabilizou      o registro de cerca de 850 pessoas por dia, com estat&iacute;sticas      hor&aacute;rias de fluxo de trabalho.<\/p>\n<p>Apesar do sucesso dessa empreitada, as equipes do CECOM e do DRCA j&aacute;      visualizaram alguns pontos de melhoria, que podem ser implantados em      2003. Estes pontos ser&atilde;o apresentados posteriormente, para an&aacute;lise      das partes envolvidas, devendo enfocar, principalmente, o atendimento      mais completo e unificado aos alunos.<\/p>\n<p>At&eacute; o ano passado, a confirma&ccedil;&atilde;o do registro de      calouros era feita manualmente. Hoje, com a nova aplica&ccedil;&atilde;o,      desenvolvida pelo CECOM, o processo ficou mais seguro e confi&aacute;vel      com o acompanhamento di&aacute;rio do registro dos alunos e possibilita      que a segunda chamada seja feita em muito menor tempo . Segundo a diretora      do DRCA, Ana L&uacute;cia Ribeiro Diniz, com o trabalho em conjunto      envolvendo o departamento, a Copeve e o CECOM, foi poss&iacute;vel o      processo ocorrer de forma organizada, com avan&ccedil;o tecnol&oacute;gico      e facilidade para os alunos. &#8220;O sistema est&aacute; funcionando      muito bem, &eacute; f&aacute;cil de ser usado e os funcion&aacute;rios      do DRCA foram treinados no primeiro dia de trabalho. Para o ano de 2003,      estamos pensando na evolu&ccedil;&atilde;o do sistema, possibilitando      que, logo ap&oacute;s o resultado do vestibular, o aluno possa efetuar      o registro e a matr&iacute;cula em um &uacute;nico local&#8221;, comentou      Ana L&uacute;cia.<\/p>\n<p>    <\/span> <\/td>\n<\/tr>\n<tr>\n<td align=\"LEFT\" valign=\"TOP\"><\/td>\n<td align=\"LEFT\" valign=\"TOP\"> <a name=\"anoticias2\"><span class=\"titulo\">NOVO SICCA     J&Aacute; EST&Aacute; PRONTO<\/span><\/a> <span class=\"texto\">     <\/p>\n<p>Nesta ter&ccedil;a-feira, dia 21, ap&oacute;s reuni&atilde;o que envolveu      o gerente do Sistema SICCA, Jos&eacute; Reinaldo Maia, do DSG; o diretor      da DAS, Jo&atilde;o Carlos Lages, e o analista Alex Carvalho de Almeida,      da empresa International Syst, foi aprovada a nova vers&atilde;o do      Sistema SICCA, que ser&aacute; disponibilizada para os usu&aacute;rios      no in&iacute;cio da pr&oacute;xima semana.<\/p>\n<p>Esta nova vers&atilde;o do sistema est&aacute; viabilizando a migra&ccedil;&atilde;o      da base de dados do SGBD Informix para o Oracle 9i e, consequentemente,      a transfer&ecirc;ncia da base do equipamento HP 350, com sistema operacional      HP UX, para o servidor Intel, com Linux, no qual est&aacute; sendo implantada      toda a nova base de dados administrativa da UFMG.<\/p>\n<p>Como ganho direto da mudan&ccedil;a, j&aacute; foi percebido uma melhora      significativa de desempenho, destacadamente na gera&ccedil;&atilde;o      de relat&oacute;rios.<\/p>\n<p>Al&eacute;m dessa migra&ccedil;&atilde;o, foi revista a pol&iacute;tica      de seguran&ccedil;a de senhas do Sistema SICCA, que passar&aacute; a      utilizar o Sistema de seguran&ccedil;a CECSEG, desenvolvido pelo CECOM,      que controla todo o acesso aos sistemas Cliente\/Servidor que utilizam      a base de dados Oracle 9i.<\/p>\n<p>Com isso, todos os usu&aacute;rios do SICCA estar&atilde;o recebendo      novas senhas para acesso ao sistema. Estas senhas foram entregues na      quarta-feira, dia 22, ao DSG, que cuidar&aacute; de sua distribui&ccedil;&atilde;o      aos usu&aacute;rios cadastrados.<\/p>\n<p>Nas pr&oacute;ximas semanas, a DAS estar&aacute;, junto com o DSG,      analisando pend&ecirc;ncias relativas ao SICCA que estavam aguardando      o t&eacute;rmino do processo de migra&ccedil;&atilde;o.<\/p>\n<p>Esta nova etapa estar&aacute; sendo coordenada pela analista Regina      Helena Moura Brandi.<\/p>\n<p>    <\/span>     <\/td>\n<\/tr>\n<tr>\n<td align=\"LEFT\" valign=\"TOP\"><\/td>\n<td align=\"LEFT\" valign=\"TOP\"> <a name=\"anoticias3\"><span class=\"titulo\">APOIO &Agrave;     COPEVE: PEDIDOS DE ISEN&Ccedil;&Atilde;O<\/span><\/a> <span class=\"texto\">     <\/p>\n<p>Anualmente, a Fump realiza para a Copeve os processos de coleta, an&aacute;lise      e decis&atilde;o relativos aos pedidos de isen&ccedil;&atilde;o da taxa      de inscri&ccedil;&atilde;o ao Vestibular da Universidade.<\/p>\n<p>At&eacute; agora, este processo n&atilde;o era integrado aos outros      processos informatizados do Vestibular. Este fato, al&eacute;m de demandar      que a Fump contratasse servi&ccedil;os de terceiros, n&atilde;o aproveitava      para o cadastro de candidatos do Vestibular os dados digitados na inscri&ccedil;&atilde;o      dos solicitantes &agrave; isen&ccedil;&atilde;o.<\/p>\n<p>Em fun&ccedil;&atilde;o disso, Copeve e CECOM est&atilde;o implantando      projeto que visa sanar estes pontos de falha e, com isso, reduzir custos      e aumentar a qualidade desta etapa.<\/p>\n<p>As atividades necess&aacute;rias para viabilizar o projeto est&atilde;o      sendo coordenadas por Jo&atilde;o Carlos Lages, coordenador de Inform&aacute;tica      do Vestibular da UFMG.<\/p>\n<p>O per&iacute;odo de encaminhamento de solicita&ccedil;&otilde;es de      isen&ccedil;&atilde;o da taxa de inscri&ccedil;&atilde;o ocorrer&aacute;      de 03 a 07 de junho.<\/p>\n<p>    <\/span>     <\/td>\n<\/tr>\n<tr>\n<td align=\"LEFT\" valign=\"TOP\"><\/td>\n<td align=\"LEFT\" valign=\"TOP\"> <a name=\"anoticias4\"><span class=\"titulo\">ENGENHARIA     DE PRODU&Ccedil;&Atilde;O ENTRA PARA O NOVO BACKBONE<\/span><\/a> <span class=\"texto\">     <\/p>\n<p>Esta semana, mais um departamento passou a ser atendido pela nova infra-estrutura      da Rede UFMG do Campus da Pampulha. Desta vez, foi o departamento de      de Engenharia de Produ&ccedil;&atilde;o, ligado &agrave; Escola de Engenharia.<\/p>\n<p>    <\/span>     <\/td>\n<\/tr>\n<tr>\n<td align=\"LEFT\" valign=\"TOP\"><\/td>\n<td align=\"LEFT\" valign=\"TOP\"> <a name=\"anoticias5\"><span class=\"titulo\">BATE PAPO     T&Eacute;CNICO SOBRE O MS PROJECT<\/span><\/a> <span class=\"texto\">     <\/p>\n<p>O CECOM, j&aacute; h&aacute; bastante tempo, tem por h&aacute;bito      registrar a documenta&ccedil;&atilde;o de seus projetos, tanto o planejamento      quanto o acompanhamento, em documentos denominados Planos de A&ccedil;&atilde;o.<\/p>\n<p>Nestes planos s&atilde;o registrados objetivo, an&aacute;lise, recursos,      cronograma e hist&oacute;rico de todos os projetos desenvolvidos pelas      cinco divis&otilde;es do CECOM.<\/p>\n<p>Este tipo de documento permite, n&atilde;o s&oacute; a organiza&ccedil;&atilde;o      e ger&ecirc;ncia dos projetos, como tamb&eacute;m garante que a hist&oacute;ria      institucional do &oacute;rg&atilde;o n&atilde;o se perca.<\/p>\n<p>Entretanto, este modelo possui limita&ccedil;&otilde;es no acompanhamento      e redefini&ccedil;&atilde;o de tarefas dos projetos.<\/p>\n<p>Buscando evoluir este ponto, a diretoria do CECOM e as diretorias de      divis&atilde;o est&atilde;o analisando a utiliza&ccedil;&atilde;o do      software de planejamento de controle de projetos MS Project 2000, da      Microsoft.<\/p>\n<p>Como parte desta an&aacute;lise, em palestra informal realizada na      ter&ccedil;a-feira, dia 21, com a coordena&ccedil;&atilde;o do vice-diretor,      Gilmar Lima Guimar&atilde;es, os diretores Carlos Alfeu Furtado da Fonseca,      Aleixina Maria Lopes Andal&eacute;cio, M&aacute;rcia Regina Lemos e      Jo&atilde;o Carlos Lages, realizaram bate papo t&eacute;cnico sobre      o produto.<\/p>\n<p>Em conjunto com o Plano de A&ccedil;&atilde;o, os gr&aacute;ficos produzidos      pelo Project passar&atilde;o a compor a documenta&ccedil;&atilde;o dos      projetos executados no CECOM.<\/p>\n<p>    <\/span>     <\/td>\n<\/tr>\n<tr>\n<td align=\"LEFT\" valign=\"TOP\"><\/td>\n<td align=\"LEFT\" valign=\"TOP\"> <a name=\"anoticias6\"><span class=\"titulo\">ENCERRADA     REFORMA DA DRC<\/span><\/a> <span class=\"texto\">     <\/p>\n<p>Foi encerrada, esta semana, a execu&ccedil;&atilde;o da reforma nas      salas da Divis&atilde;o de Redes de Comunica&ccedil;&atilde;o, localizadas      no subsolo do pr&eacute;dio da Reitoria. O objetivo desta reforma foi      adequar o espa&ccedil;o f&iacute;sico da divis&atilde;o &agrave;s novas      atividades e recuperar a est&eacute;tica do local.<\/p>\n<p>Foram tamb&eacute;m montadas bancadas de trabalho para viabilizar ambiente      de trabalho para os novos estagi&aacute;rios e prestadores de servi&ccedil;o,      que trabalhar&atilde;o na divis&atilde;o.<\/p>\n<p>A reforma foi poss&iacute;vel com a utiliza&ccedil;&atilde;o de recursos      arrecadados pelo CECOM na presta&ccedil;&atilde;o de servi&ccedil;os      externos, o que permitiu que as tarefas de pintura se estendessem at&eacute;      o hall dos elevadores no subsolo, melhorando, assim, o visual deste      ambiente do pr&eacute;dio da Reitoria.<\/p>\n<p>    <\/span>     <\/td>\n<\/tr>\n<p>  <!-- #EndEditable -->  <\/table>\n<p> <!-- fim noticias --><\/div>\n<p><a name='informativo'><\/a><\/p>\n<h4>Informativo<\/h4>\n<div class=\"centro-sistematico\">  <!-- noticias --> <\/p>\n<table border=\"0\" cellspacing=\"0\" cellpadding=\"0\">\n<tr>\n<td><\/td>\n<td><\/td>\n<\/tr>\n<p>  <!-- #BeginEditable \"materias\" -->   <\/p>\n<tr>\n<td align=\"LEFT\" valign=\"TOP\"><\/td>\n<td align=\"LEFT\" valign=\"TOP\"><a name=\"ainformativo1\"><span class=\"titulo\">GenteWhere<\/span><br \/>    <\/a> <img loading=\"lazy\" decoding=\"async\" src=\"https:\/\/www.ufmg.br\/dti\/wp-content\/uploads\/imgs\/tudo_pixel.gif\" width=\"1\" height=\"20\" alt=\"\" border=\"0\"><br \/>     <span class=\"texto\"> <img loading=\"lazy\" decoding=\"async\" src=\"https:\/\/www.ufmg.br\/dti\/wp-content\/uploads\/fotos\/rob1.jpg\" width=\"378\" height=\"252\" alt=\"\" border=\"0\" hspace=\"0\" vspace=\"0\" align=\"left\"><img loading=\"lazy\" decoding=\"async\" src=\"https:\/\/www.ufmg.br\/dti\/wp-content\/uploads\/imgs\/tudo_pixel.gif\" width=\"20\" height=\"191\" alt=\"\" border=\"0\" hspace=\"0\" vspace=\"0\" align=\"left\">Ele     n&atilde;o mudou nada. Continua com aquela mesma carinha de menino brincalh&atilde;o,     sempre amigo, disposto a uma boa conversa. Quantas coisas boas foram vividas     no CECOM naquela &eacute;poca, d&eacute;cada de 70, todos ainda estudantes     de gradua&ccedil;&atilde;o da UFMG, com mil id&eacute;ias e projetos na     cabe&ccedil;a. O entrevistado da semana &eacute; Geraldo Robson Mateus,     chamado carinhosamente de Robinho, professor do Depto. de Ci&ecirc;ncia     da Computa&ccedil;&atilde;o da UFMG, que, em suas brincadeiras, nunca     deixou de perguntar pelo jornaleco do CECOM.     <\/p>\n<p><b>SIST:<\/b> Conta a sua hist&oacute;ria ceconiana.<br \/>     <b>ROBSON:<\/b> Eu cursava o primeiro per&iacute;odo de Engenharia Mec&acirc;nica      no ICEx, em 1973, quando surgiu um processo de sele&ccedil;&atilde;o      para est&aacute;gio no CECOM. Nessa &eacute;poca, estava concluindo      a disciplina de Programa&ccedil;&atilde;o de Computadores (Fortran),      que foi meu primeiro contato com a computa&ccedil;&atilde;o. Tempo dos      cart&otilde;es perfurados e processamento em batch, e gentilmente atendidos      pelo Caetano. Esta sele&ccedil;&atilde;o pode ser considerada um sucesso      (quem sabe um fracasso!) pois, entre os selecionados, muitos permaneceram      na &aacute;rea e at&eacute; mesmo na UFMG. Nessa turma, todos portadores      de uma vasta cabeleira, estavam Helton, Nagib, Cristiano Becker, Marcos      Augusto, atualmente todos professores da UFMG, al&eacute;m do Milton      R&ecirc;go, Donaldo Miaw, Regina C&eacute;lia etc. Marcada a data de      apresenta&ccedil;&atilde;o, l&aacute; estava eu pronto a iniciar minha      vida profissional. Deveria trabalhar com o APL, Ant&ocirc;nio Pedro      Lima Santos, mas como ele n&atilde;o se encontrava, minha primeira tarefa      foi ajudar a Lel&eacute; e a Help a montar apostilas de cursos de extens&atilde;o.      Trabalhei sob a supervis&atilde;o do Ant&ocirc;nio Pedro, Carlos Quevedo,      M&aacute;rcio do Carmo e, posteriormente, Henrique Pacca. Foi uma experi&ecirc;ncia      bem interessante, um grupo nada convencional, em forma&ccedil;&atilde;o,      jovem e sonhador, com participa&ccedil;&otilde;es do Sr. Br&aacute;s,      Jonas, Lel&eacute;, Help, Angela, Regina, Izilda etc. Daria para lembrar      muitas passagens, mas a censura n&atilde;o recomenda! Era um ambiente      sadio e uma &aacute;rea com muitas promessas para o futuro. Fiquei no      CECOM de 1973 at&eacute; dezembro de 1977, quando me formei e fui fazer      mestrado na COPPE\/UFRJ. Nos &uacute;ltimos dois anos, trabalhei sob      a supervis&atilde;o do prof. Henrique Pacca, o respons&aacute;vel pela      &aacute;rea de otimiza&ccedil;&atilde;o, e permane&ccedil;o at&eacute;      hoje trabalhando nessa mesma &aacute;rea e ainda em parceria com o prof.      Pacca. Fiz alguns est&aacute;gios em Engenharia, para avaliar as duas      &aacute;reas, mas a inform&aacute;tica falou mais alto. Foi uma op&ccedil;&atilde;o      que hoje considero acertada e na qual o CECOM teve a sua influ&ecirc;ncia.     <\/p>\n<p><b>SIST:<\/b> Quando e por que foi para o DCC? Quais os trabalhos em      que esteve envolvido?<br \/>     <b>ROBSON:<\/b> Ainda durante o mestrado, fui contratado para trabalhar      no Depto. de Engenharia El&eacute;trica da UFMG, onde estavam atuando      amigos tamb&eacute;m oriundos do CECOM. Em 1982, estava me transferindo      para trabalhar na COPPE\/UFRJ, quando fui convidado a me transferir para      o DCC. Como existia a vaga, eu fui para o DCC e este liberou uma vaga      para a Engenharia El&eacute;trica. Nesse mesmo ano, no segundo semestre,      fui fazer doutorado, tamb&eacute;m na COPPE, vindo a conclu&iacute;-lo      em abril de 1985. Voltei para o DCC e aqui ainda estou! Fui coordenador      de extens&atilde;o de 1989\/1991, 1994\/1998, chefe do DCC de 1992\/1994,      fiz concurso e fui promovido para professor titular em 1994. Ainda hoje,      fa&ccedil;o parte do grupo de otimiza&ccedil;&atilde;o e computa&ccedil;&atilde;o      cient&iacute;fica do DCC, acompanhado por antigos colegas de CECOM.      Tenho me envolvido em v&aacute;rios projetos com financiamento governamental      e tamb&eacute;m em parcerias com institui&ccedil;&otilde;es p&uacute;blicas      e privadas. Desde 1987, venho trabalhando tamb&eacute;m na &aacute;rea      de telecomunica&ccedil;&otilde;es, decorrente de consultorias para empresas      como Telemig, hoje Telemar, Embratel, France Telecom. Hoje, continuo      trabalhando na &aacute;rea, explorando principalmente a parte de comunica&ccedil;&atilde;o      sem fio e redes &oacute;ticas. Atualmente, participo dos projetos SIAM      &#8211; Sistemas de Informa&ccedil;&atilde;o em Ambientes M&oacute;veis,      Pronex &#8211; CNPq, PROS &#8211; Planejamento e Projeto de Redes de Telecomunica&ccedil;&otilde;es      &#8211; CNPq\/INRIA-Fran&ccedil;a, Projeto de Redes de Comunica&ccedil;&atilde;o      Sem Fio e M&oacute;vel, AECI-Espanha, QoSware &#8211; Gerenciamento de      QoS no Middleware para Aplica&ccedil;&otilde;es em Tempo Real &#8211;      CNPq\/UFMG\/UFPE e sou bolsista de pesquisa do CNPq. Na linha de pesquisa\/extens&atilde;o      estamos desenvolvendo sistemas em parceria com o Tribunal de Contas      do Estado de Minas Gerais, Secretaria de Estado da Fazenda e Minist&eacute;rio      de Assist&ecirc;ncia e Previd&ecirc;ncia Social.<\/p>\n<p><b>SIST:<\/b> Voc&ecirc; &eacute; do interior de Minas Gerais. Quando      veio para Belo Horizonte? Conta sobre a sua fam&iacute;lia.<br \/>     <b>ROBSON:<\/b> Nasci em Carmo do Cajuru, a 110 km de Belo Horizonte,      e de l&aacute; sa&iacute; aos 11 anos. Fiz o grupo escolar por l&aacute;,      o gin&aacute;sio em Divin&oacute;polis e o cient&iacute;fico (modernamente      denominado de ensino m&eacute;dio) no ent&atilde;o ainda badalado Col&eacute;gio      Estadual Central de Belo Horizonte. Tenho familiares em Cajuru, sou      um pequeno latifundi&aacute;rio na cidade (com alt&iacute;ssima produ&ccedil;&atilde;o!),      e portanto continuo visitando freq&uuml;entemente a cidade. Sou casado      com a Giovana e tenho duas filhas: Ana Beatriz, de 13 anos, e Ana Lu&iacute;za,      de 17 anos.<\/p>\n<p><b>SIST:<\/b> Voc&ecirc; ainda tem contato com algu&eacute;m do CECOM?      Ou deixou completamente para tr&aacute;s as origens?<br \/>     <b>ROBSON:<\/b> Como trabalho no Campus, estou constantemente encontrando      com ceconianos, principalmente com a jornalista respons&aacute;vel por      essa publica&ccedil;&atilde;o. Mas confesso que a &uacute;ltima visita      ao CECOM tem uns 10 anos, mas pretendo visitar, principalmente para      rever algumas fotos de n&atilde;o muitos anos atr&aacute;s.<\/p>\n<p>Agradecemos ao Robinho pela entrevista. E estaremos &agrave; sua espera      para a visita prometida, quando poderemos relembrar mil hist&oacute;rias      vividas no in&iacute;cio da nossa carreira profissional na UFMG e rever      aquelas fotos em preto e branco que se encontram arquivadas em algum      &aacute;lbum l&aacute; na minha casa.<\/p>\n<p align=\"center\"><img loading=\"lazy\" decoding=\"async\" src=\"https:\/\/www.ufmg.br\/dti\/wp-content\/uploads\/fotos\/rob2.jpg\" width=\"378\" height=\"283\"><\/p>\n<p align=\"center\"><i><font face=\"1\">Na Semana da P&oacute;s-Gradua&ccedil;&atilde;o      em 1999, Robson conversa com Mariza Bigonha e Alberto Laender, vendo-se      ao fundo,<br \/>     Jos&eacute; Marcos Nogueira e o prof. Paulo S&eacute;rgio Beir&atilde;o<\/font><\/i><\/p>\n<p>    <\/span> <\/td>\n<\/tr>\n<tr>\n<td align=\"LEFT\" valign=\"TOP\"><\/td>\n<td align=\"LEFT\" valign=\"TOP\"><a name=\"ainformativo2\"><span class=\"titulo\">EDI&Ccedil;&Atilde;O     DA PR&Oacute;XIMA SEMANA<\/span><\/a> <span class=\"texto\">     <\/p>\n<p>Devido ao feriado do dia 30 de maio, <b><i>Corpus Christi<\/i><\/b>,      O Sistem&aacute;tico n&atilde;o vai circular na pr&oacute;xima semana,      retornando no dia 06 de junho\/2002.<\/p>\n<p>    <\/span> <\/td>\n<\/tr>\n<tr>\n<td align=\"LEFT\" valign=\"TOP\"><\/td>\n<td align=\"LEFT\" valign=\"TOP\"><a name=\"ainformativo3\"><span class=\"titulo\">DICAS DE     SITES INTERESSANTES<\/span><\/a> <span class=\"texto\">     <\/p>\n<p>Adyrus, o ca&ccedil;ador de sites, enviou, esta semana, as seguintes      dicas de sites:<\/p>\n<p>&#8211; Voc&ecirc; conhece a Su&eacute;cia? Sabe onde fica? N&atilde;o? Ent&atilde;o,      visite a visite a p&aacute;gina <b>http:\/\/www.sweden.hpg.ig.com.br\/index.htm<\/b>      onde voc&ecirc; encontrar&aacute; informa&ccedil;&otilde;es diversas      sobre o pa&iacute;s, em t&oacute;picos como pol&iacute;tica, economia,      cultura, hist&oacute;ria, Bandeira Nacional, idioma, Escudos de Armas,      meio ambiente, religi&atilde;o, Hino Nacional, carros, curiosidades,      pratos t&iacute;picos, dados geogr&aacute;ficos, datas comemorativas,      educa&ccedil;&atilde;o, os suecos e previs&atilde;o do tempo.<\/p>\n<p>&#8211; Que saber as &uacute;ltimas not&iacute;cias do Brasil e do mundo?      Visite a Tribuna da Imprensa e leia a situa&ccedil;&atilde;o das bolsas      de valores, cota&ccedil;&atilde;o do d&oacute;lar e indicadores financeiros.      O maior destaque fica para as colunas, que incluem autores como H&eacute;lio      Fernandes, Sebasti&atilde;o Nery e Carlos Chagas. O endere&ccedil;o      &eacute;: <b>http:\/\/www.tribuna.inf.br\/<\/b>.<\/p>\n<p>&#8211; Mundial 2002 tem hist&oacute;rias das copas, com tabela completa      de cada mundial, dados sobre o pa&iacute;s e a competi&ccedil;&atilde;o      e estat&iacute;sticas das competi&ccedil;&otilde;es. Cart&otilde;es      vermelhos, partidas disputadas e gols por pa&iacute;s, s&atilde;o algumas      informa&ccedil;&otilde;es da p&aacute;gina. Al&eacute;m disso, cont&eacute;m      fotos dos 20 est&aacute;dios que receber&atilde;o os jogos da Copa 2002,      os grupos, as datas e os jogos no Jap&atilde;o e na Cor&eacute;ia. O      site traz ainda informa&ccedil;&otilde;es sobre os maiores jogadores      de todos os tempos. O endere&ccedil;o &eacute;: <b>http:\/\/mundial 2002.esportes.terra.com.br\/index.html<\/b>.<\/p>\n<p>&#8211; Para trazer subs&iacute;dios aos advogados atuantes na &aacute;rea      do S.F.H. e orienta&ccedil;&atilde;o aos mutu&aacute;rios do sistema,      o Portal Nacional do Mutu&aacute;rio re&uacute;ne dados sobre a Legisla&ccedil;&atilde;o      Brasileira, incluindo o C&oacute;digo Civil, a Constitui&ccedil;&atilde;o      Federal de 1988 e a Legisla&ccedil;&atilde;o do S.F.H., al&eacute;m      de not&iacute;cias e informa&ccedil;&otilde;es sobre jurisprud&ecirc;ncia.      V&aacute; at&eacute; o endere&ccedil;o <b>http:\/\/www.sfh.kit.net\/indice.htm<\/b>.<\/p>\n<p>&#8211; Voc&ecirc; conhece a p&aacute;gina oficial de Tarsila do Amaral?      Sabe quem &eacute;? N&atilde;o se preocupe. Visite a p&aacute;gina e      veja a obra mais famosa da pintora: &#8220;Abaporu&#8221;, o quadro brasileiro      de maior valor vendido at&eacute; hoje (alcan&ccedil;ou US$1.500.000).      Veja tamb&eacute;m a galeria de obras com sua hist&oacute;ria e fatos      curiosos. O endere&ccedil;o &eacute;: <b>http:\/\/www.tarsiladoamaral.com.br\/<\/b>.<\/p>\n<p>&#8211; Se voc&ecirc; &eacute; curioso, visite a p&aacute;gina D&uacute;vida      Cruel e confira algumas respostas para as in&uacute;meras d&uacute;vidas      que andam por a&iacute;. Santa Inutilidade, Biod&uacute;vidas, Marcas      e Inven&ccedil;&otilde;es, s&atilde;o alguns dos assuntos da p&aacute;gina.      Voc&ecirc; sabe porque &#8220;Tom e Jerry&#8221;, do desenho, ganharam      estes nomes? Quer saber? Ent&atilde;o, visite o endere&ccedil;o <b>http:\/\/www.duvidacruel.com.br\/duvida2.php<\/b>.<\/p>\n<p>&#8211; Diabetes n&atilde;o &eacute; brincadeira. A p&aacute;gina do Centro      de Desenvolvimento de Pesquisas M&eacute;dicas fornece informa&ccedil;&otilde;es      sobre o tratamento da doen&ccedil;a de forma simples. Detalhes sobre      o diabetes, seu diagn&oacute;stico e tratamento. Para quem enfrenta      o problema, h&aacute; dicas de nutri&ccedil;&atilde;o, uso de produtos.      O endere&ccedil;o &eacute;: <b>http:\/\/www.bdbomdia.com\/ed_65\/index.html<\/b>.<\/p>\n<p>    <\/span> <\/td>\n<\/tr>\n<tr>\n<td align=\"LEFT\" valign=\"TOP\"><\/td>\n<td align=\"LEFT\" valign=\"TOP\"><a name=\"ainformativo4\"><span class=\"titulo\">PLANT&Atilde;O     INFO<\/span><\/a> <span class=\"texto\">     <\/p>\n<p>O <b>Plant&atilde;o Info<\/b> divulgou, na semana passada, as seguintes      not&iacute;cias:<\/p>\n<p><b>StarOffice 6 sai em vers&otilde;es pagas e gr&aacute;tis &#8211;<\/b> A      partir do dia 21\/05 j&aacute; d&aacute; para fazer o download da &uacute;ltima      vers&atilde;o do StarOffice, a 6.0. O pacote de escrit&oacute;rio da      Sun chega ao mercado nesta data por diversos pre&ccedil;os &#8211; que v&atilde;o      de um valor simb&oacute;lico para estudantes at&eacute; o m&aacute;ximo      de 75,95 d&oacute;lares, valor sugerido para o varejo. <br \/>     De acordo com a Sun, o StarOffice 6.0 vai rodar em m&uacute;ltiplas      plataformas, incluindo Linux, Solaris e Windows, e foi desenvolvido      para gerar pelo menos 75% de economia para as empresas com custos de      licenciamento &#8211; os pre&ccedil;os por usu&aacute;rio\/esta&ccedil;&atilde;o      de trabalho, para empresas, v&atilde;o de 25 a 50 d&oacute;lares, de      acordo com o volume. Para estudantes, a Sun promete cobrar apenas a      m&iacute;dia (CD) e as taxas de envio. <br \/>     Uma not&iacute;cia melhor para quem estava preocupado com a imposi&ccedil;&atilde;o      da cobran&ccedil;a pela Sun &#8211; que fez at&eacute; com que a RedHat desistisse      no StarOffice 6.0 em suas pr&oacute;ximas libera&ccedil;&otilde;es &eacute;      que vai ter uma vers&atilde;o totalmente gratuita do pacote dispon&iacute;vel      para download no projeto OpenOffice (www.openoffice.org). <br \/>     O StarOffice 6.0 chega em 10 idiomas e traz uma ferramenta de banco      de dados, a Adabas D, que roda em todas as mesmas plataformas que o      programa. A vers&atilde;o foi desenvolvida com base na linguagem XML,      que permite que todo o conte&uacute;do do pacote possa ser aberto, editado      ou compartilhado. <br \/>     Segundo a Sun, o StarOffice 6.0 traz filtros mais robustos para importa&ccedil;&atilde;o      e exporta&ccedil;&atilde;o de arquivos para o Microsoft Office (incluindo      o XP); as caixas de di&aacute;logo foram redesenhadas; h&aacute; mais      op&ccedil;&otilde;es de modelos, gr&aacute;ficos e cliparts; e o sistema      de ajuda est&aacute; bem mais eficiente. E, importante: o desktop integrado      ao pacote foi removido, para evitar problemas de instala&ccedil;&atilde;o      em ambientes nativos, como Gnome, CDE e Windows.<\/p>\n<p><b>Flash fotogr&aacute;fico rouba dados de smart card &#8211;<\/b> Dois pesquisadores      da &aacute;rea de seguran&ccedil;a da computa&ccedil;&atilde;o da Universidade      de Cambridge descobriram que d&aacute; para roubar dados de smart cards,      aqueles cart&otilde;es equipados com chips, usando apenas um flash de      m&aacute;quina fotogr&aacute;fica e um microsc&oacute;pio. <br \/>     Segundo o New York Times, Sergei Skorobogatov e Ross Anderson afirmaram      que a vulnerabilidade descoberta &eacute;, sim, motivo para alarme &#8211;      porque mostra o qu&atilde;o barato pode ser para um criminoso roubar      informa&ccedil;&otilde;es valiosas. No teste, os dois especialistas      usaram uma c&acirc;mera fotogr&aacute;fica de 30 d&oacute;lares. Eles      alegaram, ainda, que em conversas com fabricantes de smart cards a vulnerabilidade      foi reconhecida por essas empresas &#8211; mas que pelo menos uma delas disse      que seus cart&otilde;es &#8220;n&atilde;o corriam este risco&#8221;. <br \/>     Os pesquisadores agora se dedicam a convencer a ind&uacute;stria de      que &eacute; necess&aacute;rio que &#8220;potenciais mudan&ccedil;as      de design&#8221; sejam feitas para dar mais seguran&ccedil;a aos cart&otilde;es      inteligentes, que s&atilde;o usados para uma s&eacute;rie de aplica&ccedil;&otilde;es      al&eacute;m de pagamentos, entre elas a de sistema de identifica&ccedil;&atilde;o      pessoal criptografado. Hoje em dia, esses cart&otilde;es &#8211; uma das grandes      promessas do mercado &#8211; s&atilde;o mais usados na Europa do que no resto      do mundo. Aqui no Brasil, a coisa toda ainda n&atilde;o saiu da fase      de testes, que est&atilde;o sendo feitos principalmente pela Visa. <br \/>     No esquema de &#8220;roubo de informa&ccedil;&otilde;es&#8221; descoberto      por Skorobogatov e Anderson, basta expor o chip a um flash de c&acirc;mera      fotogr&aacute;fica para interromper a opera&ccedil;&atilde;o de seu      microprocessador. Depois, pode-se raspar a camada protetora do microprocessador      e usar o flash e o microsc&oacute;pio para explorar os transistores      individuais do chip, mudando a chave de acesso (o sistema &eacute; criptografado)      para chegar &agrave;s informa&ccedil;&otilde;es secretas contidas na      mem&oacute;ria do equipamento.<\/p>\n<p>    <\/span> <\/td>\n<\/tr>\n<tr>\n<td align=\"LEFT\" valign=\"TOP\"><\/td>\n<td align=\"LEFT\" valign=\"TOP\"><a name=\"ainformativo5\"><span class=\"titulo\">MEM&Oacute;RIA     FOTOGR&Aacute;FICA DO CECOM<\/span><\/a> <span class=\"texto\">     <\/p>\n<p>A Festa de Natal de 1998 foi realizada no dia 18 de dezembro, no Espa&ccedil;o      de Festas Sarau, no bairro Santa Am&eacute;lia. Foi organizado um churrasco      de confraterniza&ccedil;&atilde;o, que contou com a presen&ccedil;a      de quase todos os ceconianos e seus familiares. Como sempre, o local      foi todo enfeitado com bal&otilde;es vermelhos e verdes e a crian&ccedil;ada      pode se divertir entre os brinquedos do pequeno parque e o videok&ecirc;.<\/p>\n<p>Todos esperavam um belo dia para o churrasco, mas o que aconteceu foi      um dil&uacute;vio de dificultar muitos at&eacute; para descer do carro      e chegar ao local.<\/p>\n<p>Tirando as goteiras que haviam no local, tudo acabou dando certo e      todos gostaram da festa.<\/p>\n<p>As fotos foram tiradas por Renato Righi.<\/p>\n<p><img loading=\"lazy\" decoding=\"async\" src=\"https:\/\/www.ufmg.br\/dti\/wp-content\/uploads\/fotos\/FestNatal981.jpg\" width=\"556\" height=\"325\"><\/p>\n<p align=\"center\"><i><font face=\"1\">Carlos Roberto, Gilmar e C&eacute;sar      (de costas)<\/font><\/i><\/p>\n<p align=\"center\"><img loading=\"lazy\" decoding=\"async\" src=\"https:\/\/www.ufmg.br\/dti\/wp-content\/uploads\/fotos\/FestNatal982.jpg\" width=\"546\" height=\"248\"><\/p>\n<p align=\"center\"><i><font face=\"1\">Daniela, Nize, Edu, Cl&aacute;udia      (de costas), M&aacute;rcio Bunte e Lurdinha<\/font><\/i><\/p>\n<p align=\"center\"><img loading=\"lazy\" decoding=\"async\" src=\"https:\/\/www.ufmg.br\/dti\/wp-content\/uploads\/fotos\/FestNatal983.jpg\" width=\"553\" height=\"264\"><\/p>\n<p align=\"center\"><i><font face=\"1\">Paulo C&eacute;sar, Eliz&acirc;ngela,      Beth, Maria Helena e Alda<\/font><\/i><\/p>\n<p><img loading=\"lazy\" decoding=\"async\" src=\"https:\/\/www.ufmg.br\/dti\/wp-content\/uploads\/fotos\/FestNatal984.jpg\" width=\"559\" height=\"224\"><\/p>\n<p align=\"center\"><i><font face=\"1\">Vicentina e a mesa de frutas ao fundo<\/font><\/i><\/p>\n<p align=\"center\"><img loading=\"lazy\" decoding=\"async\" src=\"https:\/\/www.ufmg.br\/dti\/wp-content\/uploads\/fotos\/FestNatal985.jpg\" width=\"486\" height=\"325\"><\/p>\n<p align=\"center\"><font face=\"1\"><i>Henrique e Bruno (do Rog&eacute;rio)      cantando no videok&ecirc;, vendo-se tamb&eacute;m Daniela (do Rog&eacute;rio),      Lucas (do M&aacute;rcio Bunte) e Clarice (da Alda), ao lado<\/i><\/font><\/p>\n<p align=\"center\"><img loading=\"lazy\" decoding=\"async\" src=\"https:\/\/www.ufmg.br\/dti\/wp-content\/uploads\/fotos\/FestNatal986.jpg\" width=\"449\" height=\"305\"><\/p>\n<p align=\"center\"><i><font face=\"1\">Gilmar, M&aacute;rcio Bunte, Carlos      Alfeu e Helinho (de costas)<\/font><\/i><\/p>\n<p align=\"center\"><img loading=\"lazy\" decoding=\"async\" src=\"https:\/\/www.ufmg.br\/dti\/wp-content\/uploads\/fotos\/FestNatal987.jpg\" width=\"335\" height=\"207\"><\/p>\n<p align=\"center\"><i><font face=\"1\">Marcella, ca&ccedil;ula da B&aacute;rbara      e do Marcelo, no colo da Cl&aacute;udia<\/font><\/i><\/p>\n<p>    <\/p>\n<p>    <\/span> <\/td>\n<\/tr>\n<p>  <!-- #EndEditable -->  <\/table>\n<p> <!-- fim noticias --> <!-- tabela ha 20 anos --> <\/p>\n<table border=\"0\" cellspacing=\"0\" cellpadding=\"0\" class=\"cinza\">\n<tr>\n<td><img loading=\"lazy\" decoding=\"async\" src=\"https:\/\/www.ufmg.br\/dti\/wp-content\/uploads\/imgs\/tudo_pixel.gif\" width=\"1\" height=\"1\" alt=\"\" border=\"0\"><\/td>\n<td><img loading=\"lazy\" decoding=\"async\" src=\"https:\/\/www.ufmg.br\/dti\/wp-content\/uploads\/imgs\/tudo_pixel.gif\" width=\"19\" height=\"1\" alt=\"\" border=\"0\"><\/td>\n<td><img loading=\"lazy\" decoding=\"async\" src=\"https:\/\/www.ufmg.br\/dti\/wp-content\/uploads\/imgs\/tudo_pixel.gif\" width=\"510\" height=\"1\" alt=\"\" border=\"0\"><\/td>\n<td><img loading=\"lazy\" decoding=\"async\" src=\"https:\/\/www.ufmg.br\/dti\/wp-content\/uploads\/imgs\/tudo_pixel.gif\" width=\"19\" height=\"1\" alt=\"\" border=\"0\"><\/td>\n<td><img loading=\"lazy\" decoding=\"async\" src=\"https:\/\/www.ufmg.br\/dti\/wp-content\/uploads\/imgs\/tudo_pixel.gif\" width=\"1\" height=\"1\" alt=\"\" border=\"0\"><\/td>\n<\/tr>\n<tr>\n<td class=\"vermelho\" colspan=\"5\"><img loading=\"lazy\" decoding=\"async\" src=\"https:\/\/www.ufmg.br\/dti\/wp-content\/uploads\/imgs\/tudo_pixel.gif\" width=\"1\" height=\"1\" alt=\"\" border=\"0\"><\/td>\n<\/tr>\n<tr>\n<td class=\"vermelho\"><img loading=\"lazy\" decoding=\"async\" src=\"https:\/\/www.ufmg.br\/dti\/wp-content\/uploads\/imgs\/tudo_pixel.gif\" width=\"1\" height=\"1\" alt=\"\" border=\"0\"><\/td>\n<td><img loading=\"lazy\" decoding=\"async\" src=\"https:\/\/www.ufmg.br\/dti\/wp-content\/uploads\/imgs\/tudo_pixel.gif\" width=\"1\" height=\"1\" alt=\"\" border=\"0\"><\/td>\n<td align=\"LEFT\" valign=\"TOP\"><!-- #BeginEditable \"ha 20 anos\" --><a name=\"ainformativo6\"><img loading=\"lazy\" decoding=\"async\" src=\"https:\/\/www.ufmg.br\/dti\/wp-content\/uploads\/imgs\/tudo_pixel.gif\" width=\"1\" height=\"8\" alt=\"\" border=\"0\"><br \/>    <span class=\"titulo\">H\u00e1 20 anos&#8230;<\/span><\/a> <span class=\"texto\">     <\/p>\n<p>O Sistem&aacute;tico Ano VI, no. 20, de 27\/05\/1982, publicou not&iacute;cias      sobrea contrata&ccedil;&atilde;o de Ben&iacute;cio Alves de Souza, na      fun&ccedil;&atilde;o de Digitador, visitantes no CECOM, 18o. Encontro      Nacional do Clube de Usu&aacute;rios Burroughs, 2o. Simp&oacute;sio      Latino-Americano sobre Redes de Computadores, entre outras. As not&iacute;cias      que se destacaram foram:<\/p>\n<p><b>CURSO DE ADMINISTRA&Ccedil;&Atilde;O HOSPITALAR<\/b><br \/>     <font face=\"1\">Dilma Trivelli Pimenta Sandrin, chefe da Divis&atilde;o      de Usu&aacute;rios, est&aacute; participando, desde o dia 24 de maio,      do curso de Administra&ccedil;&atilde;o Hospitalar que a Funda&ccedil;&atilde;o      S&atilde;o Camilo, de S&atilde;o Paulo, est&aacute; realizando em Belo      Horizonte.<br \/>     O curso tem como patrocinador a HOSPITASSE-Assessoria de Administra&ccedil;&atilde;o      e Projetos Hospitalares e ter&aacute; a dura&ccedil;&atilde;o de 7 meses<\/font>.<\/p>\n<p><b>PROGRAMA DE ATUALIZA&Ccedil;&Atilde;O DO SSC<\/b><br \/>     <font face=\"1\">Teve in&iacute;cio na ter&ccedil;a-feira, dia 25, o Programa      de Atualiza&ccedil;&atilde;o das equipes do Setor de Sistemas de Computa&ccedil;&atilde;o.      A palestra desse dia foi proferida por Luiz Carlos Campos, do Setor      de Suporte de Sistemas, versando Controle Ambiental.<br \/>     Estiveram assistindo &agrave; palestra as equipes da madrugada e da      manh&atilde; do SSC.<br \/>     Hoje, &agrave;s 17:30, a palestra ser&aacute; repetida. Desta vez, para      as equipes da tarde e da noite do setor.<\/font><\/p>\n<p>    <\/span><!-- #EndEditable --><br \/>     <img loading=\"lazy\" decoding=\"async\" src=\"https:\/\/www.ufmg.br\/dti\/wp-content\/uploads\/imgs\/tudo_pixel.gif\" width=\"1\" height=\"8\" alt=\"\" border=\"0\"><\/td>\n<td><img loading=\"lazy\" decoding=\"async\" src=\"https:\/\/www.ufmg.br\/dti\/wp-content\/uploads\/imgs\/tudo_pixel.gif\" width=\"1\" height=\"1\" alt=\"\" border=\"0\"><\/td>\n<td class=\"vermelho\"><img loading=\"lazy\" decoding=\"async\" src=\"https:\/\/www.ufmg.br\/dti\/wp-content\/uploads\/imgs\/tudo_pixel.gif\" width=\"1\" height=\"1\" alt=\"\" border=\"0\"><\/td>\n<\/tr>\n<tr>\n<td class=\"vermelho\" colspan=\"5\"><img loading=\"lazy\" decoding=\"async\" src=\"https:\/\/www.ufmg.br\/dti\/wp-content\/uploads\/imgs\/tudo_pixel.gif\" width=\"1\" height=\"1\" alt=\"\" border=\"0\"><\/td>\n<\/tr>\n<\/table>\n<p> <!-- fim tabela ha 20 anos --><\/div>\n<p><a name='eventos'><\/a><\/p>\n<h4>Eventos<\/h4>\n<div class=\"centro-sistematico\">  <!-- noticias --> <\/p>\n<table border=\"0\" cellspacing=\"0\" cellpadding=\"0\">\n<tr>\n<td><\/td>\n<td><\/td>\n<\/tr>\n<p>  <!-- #BeginEditable \"materias\" -->   <\/p>\n<tr>\n<td align=\"LEFT\" valign=\"TOP\"><\/td>\n<td align=\"LEFT\" valign=\"TOP\"> <a name=\"aeventos1\"><span class=\"titulo\">TREINAMENTO     LOTUS WORDPRO<\/span><\/a> <span class=\"texto\">     <\/p>\n<p>Esta semana, de 20 a 24\/05, o CECOM est&aacute; oferecendo mais um      treinamento sobre Lotus WordPro. Os participantes da Turma 3\/2002, s&atilde;o      os seguintes funcion&aacute;rios: Balbina Franco Goncalves Teixeira      (DP), Cacilda Eunice Rios Zocrato (DP), Eduardo Fajardo Soares (DPFO),      Geraldo L&uacute;cio Oliveira Motta (DPFO), Jos&eacute; Dom&iacute;cio      Sobrinho (DPFO), Luiz Carlos Neves (CAC) e S&eacute;rgio Soares Salles      (DSG).<\/p>\n<p>O treinamento est&aacute; sendo realizado no hor&aacute;rio de 13:30      &agrave;s 16:30 tendo como instrutor Ant&ocirc;nio Eust&aacute;quio      Rodrigues.<\/p>\n<p>    <\/span> <\/td>\n<\/tr>\n<tr>\n<td align=\"LEFT\" valign=\"TOP\"><\/td>\n<td align=\"LEFT\" valign=\"TOP\"><a name=\"aeventos2\"><span class=\"titulo\">FESTA JUNINA<\/span><\/a>     <span class=\"texto\">     <\/p>\n<p>Conforme solicitado na edi&ccedil;&atilde;o anterior do Sistem&aacute;tico,      termina amanh&atilde; o prazo para a chegada das contribui&ccedil;&otilde;es      de itens para a cesta de guloseimas, que vai ser rifada, visando arrecadar      verba para a Festa Junina do CECOM. Apesar do bilhete colocado em cada      micro do CECOM, at&eacute; o momento, somente os seguintes funcion&aacute;rios      contribu&iacute;ram: Beth (4 itens), Le&atilde;o (17), Carlinhos (10),      Maria Helena Ara&uacute;jo (1), M&aacute;rcia (1), Xina (6), Edir (2),      D&ocirc;ra (1), Elza (5) e Diarley (1).<\/p>\n<p>A festa foi marcada para o dia 05 de julho e o local ainda continua      sem confirma&ccedil;&atilde;o. Na pr&oacute;xima semana, os funcion&aacute;rios      poder&atilde;o confirmar a presen&ccedil;a e maiores detalhes sobre      a festa ser&atilde;o publicados no Sistem&aacute;tico.<\/p>\n<p>    <\/span>    <\/td>\n<\/tr>\n<tr>\n<td align=\"LEFT\" valign=\"TOP\"><\/td>\n<td align=\"LEFT\" valign=\"TOP\"><a name=\"aeventos3\"><span class=\"titulo\">SOCIAIS<\/span><\/a>     <span class=\"texto\">     <\/p>\n<p><b>ANIVERS&Aacute;RIOS:<\/b> <i>&#8220;O Sistem&aacute;tico&#8221; envia      os parab&eacute;ns para o pr&oacute;ximo aniversariante, Gerson Edson      Machado de Sousa, no dia 1o de junho. E envia um abra&ccedil;o para      os ex-ceconianos: Jonas Fernandes Campos, hoje, dia 23; Helv&eacute;cio      Botelho Pereira, no dia 24; Osvaldo S&eacute;rgio Farhat de Carvalho      (LCC), no dia 25; Ade&iacute;se Lucas Pereira, no dia 26; Walter Guerra      (LCC) e Ana Maria da Rocha, no dia 28; Avair Eust&aacute;quio, no dia      29; Alcy Penido de Souza, no dia 31; Cleuza Maria Bento (Qu&ecirc;qu&ecirc;)      e Cant&iacute;dio Lelis Pereira, no dia 02 de junho e Rosana de Melo      Faria, no dia 06.<\/i><\/p>\n<p><b>E-MAIL DA BAHIA:<\/b> Eduardo Henrique Lima enviou a seguinte mensagem      para a Reda&ccedil;&atilde;o: <i>&#8220;Ol&aacute; Lel&eacute;, Tudo      bem? Muito obrigado pelo envio dos Sistem&aacute;ticos. &Eacute; sempre      bom receber aten&ccedil;&atilde;o dos amigos. Aos poucos, vamos nos      adaptando a nova vida e aos novos costumes. Como &eacute;, j&aacute;      comecou a preparar a festa junina? Aqui na Bahia o &#8220;S&atilde;o      Jo&atilde;o&#8221; &eacute; t&atilde;o ou mais importante que o carnaval.      Sabia? Abra&ccedil;os a todos, Edu e Anna.&#8221;<\/i><\/p>\n<p>    <\/span>    <\/td>\n<\/tr>\n<p>  <!-- #EndEditable -->  <\/table>\n<p> <!-- fim noticias --><\/div>\n","protected":false},"excerpt":{"rendered":"<p>Not\u00edcias EM ANDAMENTO O PROCESSO DE REGISTO DE CALOUROS NOVO SICCA J&Aacute; EST&Aacute; PRONTO APOIO &Agrave; COPEVE: PEDIDOS DE ISEN&Ccedil;&Atilde;O ENGENHARIA DE PRODU&Ccedil;&Atilde;O ENTRA PARA O NOVO BACKBONE BATE PAPO T&Eacute;CNICO SOBRE O MS PROJECT ENCERRADA REFORMA DA DRC Informativo GenteWhere EDI&Ccedil;&Atilde;O DA PR&Oacute;XIMA SEMANA DICAS DE SITES INTERESSANTES PLANT&Atilde;O INFO MEM&Oacute;RIA FOTOGR&Aacute;FICA DO CECOM &#8230; <a title=\"Sistem\u00e1tico: Edi\u00e7\u00e3o 1112 &#8211; 23\/05\/2002\" class=\"read-more\" href=\"https:\/\/www.ufmg.br\/dti\/2002\/05\/23\/sistematico-edicao-1112-23052002\/\" aria-label=\"Read more about Sistem\u00e1tico: Edi\u00e7\u00e3o 1112 &#8211; 23\/05\/2002\">Ler mais<\/a><\/p>\n","protected":false},"author":3,"featured_media":0,"comment_status":"open","ping_status":"open","sticky":false,"template":"","format":"standard","meta":{"inline_featured_image":false,"footnotes":""},"categories":[13],"tags":[],"coauthors":[79],"class_list":["post-3241","post","type-post","status-publish","format-standard","hentry","category-sistematico"],"_links":{"self":[{"href":"https:\/\/www.ufmg.br\/dti\/wp-json\/wp\/v2\/posts\/3241","targetHints":{"allow":["GET"]}}],"collection":[{"href":"https:\/\/www.ufmg.br\/dti\/wp-json\/wp\/v2\/posts"}],"about":[{"href":"https:\/\/www.ufmg.br\/dti\/wp-json\/wp\/v2\/types\/post"}],"author":[{"embeddable":true,"href":"https:\/\/www.ufmg.br\/dti\/wp-json\/wp\/v2\/users\/3"}],"replies":[{"embeddable":true,"href":"https:\/\/www.ufmg.br\/dti\/wp-json\/wp\/v2\/comments?post=3241"}],"version-history":[{"count":0,"href":"https:\/\/www.ufmg.br\/dti\/wp-json\/wp\/v2\/posts\/3241\/revisions"}],"wp:attachment":[{"href":"https:\/\/www.ufmg.br\/dti\/wp-json\/wp\/v2\/media?parent=3241"}],"wp:term":[{"taxonomy":"category","embeddable":true,"href":"https:\/\/www.ufmg.br\/dti\/wp-json\/wp\/v2\/categories?post=3241"},{"taxonomy":"post_tag","embeddable":true,"href":"https:\/\/www.ufmg.br\/dti\/wp-json\/wp\/v2\/tags?post=3241"},{"taxonomy":"author","embeddable":true,"href":"https:\/\/www.ufmg.br\/dti\/wp-json\/wp\/v2\/coauthors?post=3241"}],"curies":[{"name":"wp","href":"https:\/\/api.w.org\/{rel}","templated":true}]}}