{"id":3243,"date":"2002-05-09T08:00:00","date_gmt":"2002-05-09T08:00:00","guid":{"rendered":"https:\/\/www.ufmg.br\/dti\/cecom\/?p=1517"},"modified":"2002-05-09T08:00:00","modified_gmt":"2002-05-09T08:00:00","slug":"sistematico-edicao-1110-09052002","status":"publish","type":"post","link":"https:\/\/www.ufmg.br\/dti\/2002\/05\/09\/sistematico-edicao-1110-09052002\/","title":{"rendered":"Sistem\u00e1tico: Edi\u00e7\u00e3o 1110 &#8211; 09\/05\/2002"},"content":{"rendered":"<ul>\n<li><a href=\"\/dti\/#noticias\">Not\u00edcias<\/a>\n<div class='submenuSistematico'>\n<ul>\n<li><a href=\"\/dti\/#anoticias1\"><span class=\"titulo\">INICIADO     PROJETO e-AVALIA&Ccedil;&Atilde;O<\/span><\/a><\/li>\n<li><a href=\"\/dti\/#anoticias2\"><span class=\"titulo\">NOVO SISTEMA     PARA CONTROLE DE SERVI&Ccedil;OS DE REDE<\/span><\/a><\/li>\n<li><a href=\"\/dti\/#anoticias3\"><span class=\"titulo\">CAMPUS 2000     LIGADO &Agrave; REDE ADMINISTRATIVA<\/span><\/a><\/li>\n<li><a href=\"\/dti\/#anoticias4\"><span class=\"titulo\">UNIDADE     DE FITA ROLO SER&Aacute; DESATIVADA<\/span><\/a><\/li>\n<li><a href=\"\/dti\/#anoticias5\"><span class=\"titulo\">TARIFA&Ccedil;&Atilde;O     DE TELEFONIA &Eacute; AGILIZADA<\/span><\/a><\/li>\n<li><a href=\"\/dti\/#anoticias6\"><span class=\"titulo\">NOVO ESTAGI&Aacute;RIO<\/span><\/a><\/li>\n<\/ul>\n<\/div>\n<\/li>\n<li><a href=\"\/dti\/#informativo\">Informativo<\/a>\n<div class='submenuSistematico'>\n<ul>\n<li><a href=\"\/dti\/#ainformativo1\"><span class=\"titulo\">GenteWhere<\/span><br \/>     <\/a><\/li>\n<li><a href=\"\/dti\/#ainformativo2\"><span class=\"titulo\">DICAS DE     SITES INTERESSANTES<\/span><\/a><\/li>\n<li><a href=\"\/dti\/#ainformativo3\"><span class=\"titulo\">PLANT&Atilde;O     INFO<\/span><\/a><\/li>\n<li><a href=\"\/dti\/#ainformativo4\"><span class=\"titulo\">OPEN OFFICE:     OP&Ccedil;&Atilde;O GRATUITA PARA PACOTES OFFICE<\/span><\/a><\/li>\n<li><a href=\"\/dti\/#ainformativo5\"><span class=\"titulo\">N&Uacute;CLEO     DE M&Uacute;SICA CORAL ABRE VAGAS PARA INTERESSADOS<\/span><\/a><\/li>\n<li><a href=\"\/dti\/#ainformativo6\"><span class=\"titulo\">MEM&Oacute;RIA     FOTOGR&Aacute;FICA DO CECOM<\/span><\/a><\/li>\n<li><a href=\"\/dti\/#ainformativo7\"><img loading=\"lazy\" decoding=\"async\" src=\"https:\/\/www.ufmg.br\/dti\/wp-content\/uploads\/imgs\/tudo_pixel.gif\" width=\"1\" height=\"8\" alt=\"\" border=\"0\"><br \/>    <span class=\"titulo\">H\u00e1 20 anos&#8230;<\/span><\/a><\/li>\n<\/ul>\n<\/div>\n<\/li>\n<li><a href=\"\/dti\/#eventos\">Eventos<\/a>\n<div class='submenuSistematico'>\n<ul>\n<li><a href=\"\/dti\/#aeventos1\"><span class=\"titulo\">TREINAMENTO     LOTUS NOTES<\/span><\/a><\/li>\n<li><a href=\"\/dti\/#aeventos2\"><span class=\"titulo\">TREINAMENTO     LOTUS SMARTSUITE<\/span><\/a><\/li>\n<li><a href=\"\/dti\/#aeventos3\"><span class=\"titulo\">DIA DAS M&Atilde;ES<\/span><\/a><\/li>\n<li><a href=\"\/dti\/#aeventos4\"><span class=\"titulo\">FESTA JUNINA     DO CECOM<\/span><\/a><\/li>\n<li><a href=\"\/dti\/#aeventos5\"><span class=\"titulo\">SOCIAIS<\/span><\/a><\/li>\n<\/ul>\n<\/div>\n<\/li>\n<\/ul>\n<p> <a name='noticias'><\/a><\/p>\n<h4>Not\u00edcias<\/h4>\n<div class=\"centro-sistematico\">  <!-- noticias --> <\/p>\n<table border=\"0\" cellspacing=\"0\" cellpadding=\"0\">\n<tr>\n<td><\/td>\n<td><\/td>\n<\/tr>\n<p>  <!-- #BeginEditable \"materias\" -->   <\/p>\n<tr>\n<td align=\"LEFT\" valign=\"TOP\"><\/td>\n<td align=\"LEFT\" valign=\"TOP\"> <a name=\"anoticias1\"><span class=\"titulo\">INICIADO     PROJETO e-AVALIA&Ccedil;&Atilde;O<\/span><\/a> <span class=\"texto\">     <\/p>\n<p>Ap&oacute;s a libera&ccedil;&atilde;o do calend&aacute;rio acad&ecirc;mico      para o ano de 2002 e realizadas as reuni&otilde;es iniciais para defini&ccedil;&atilde;o      do novo projeto que atender&aacute; a prepara&ccedil;&atilde;o, aplica&ccedil;&atilde;o      e divulga&ccedil;&atilde;o da avalia&ccedil;&atilde;o de cursos e disciplinas      da gradua&ccedil;&atilde;o da UFMG, a CPA &#8211; Comiss&atilde;o Permanente      de Avalia&ccedil;&atilde;o &#8211; e o CECOM deram in&iacute;cio &agrave;      etapa de constru&ccedil;&atilde;o do novo sistema.<\/p>\n<p>Em reuni&atilde;o realizada esta semana, com a participa&ccedil;&atilde;o      da Coordenadora da CPA, profa. Maria do Carmo de Lacerda Peixoto, e      os analistas Carlos Alfeu Furtado da Fonseca, Jo&atilde;o Carlos Lages      e Rog&eacute;rio Soares Pinheiro, do CECOM, foi aprovado o cronograma      de atividades, que ser&atilde;o executadas at&eacute; o t&eacute;rmino      do projeto previsto para 31 de outubro.<\/p>\n<p>Os novos question&aacute;rios de avalia&ccedil;&atilde;o ser&atilde;o      desenvolvidos utilizando-se a nova plataforma do CECOM para aplica&ccedil;&otilde;es      Web, baseada em ambiente WebSphere Application Server, sendo que as      p&aacute;ginas para preenchimento por parte dos alunos estar&atilde;o      dispon&iacute;veis at&eacute; o final da primeira quinzena de agosto.<\/p>\n<p>O projeto cobre atividades de desenvolvimento e implanta&ccedil;&atilde;o.      O objetivo &eacute; que com este novo sistema seja simplificado o processo      para os pr&oacute;ximos semestres, fornecendo servi&ccedil;os de maior      qualidade &agrave; CPA.<\/p>\n<p>    <\/span> <\/td>\n<\/tr>\n<tr>\n<td align=\"LEFT\" valign=\"TOP\"><\/td>\n<td align=\"LEFT\" valign=\"TOP\"> <a name=\"anoticias2\"><span class=\"titulo\">NOVO SISTEMA     PARA CONTROLE DE SERVI&Ccedil;OS DE REDE<\/span><\/a> <span class=\"texto\">     <\/p>\n<p>A partir de 01de abril\/2002, a DRC passou a utilizar o sistema RT para      controlar as solicita&ccedil;&otilde;es de servi&ccedil;o enviadas para      o setor de redes, que envolve a telefonia e a ger&ecirc;ncia do backbone      da Rede UFMG. Este software, de uso gratuito, permite a consulta, via      navegador web, aos servi&ccedil;os pendentes e aos coment&aacute;rios      efetuados em cada um deles.<\/p>\n<p>Durante o m&ecirc;s de abril foram recebidas exatamente 200 solicita&ccedil;&otilde;es      v&aacute;lidas, de um total de 323 mensagens. A raz&atilde;o de terem      sido desprezadas 123 solicita&ccedil;&otilde;es s&atilde;o diversas,      sendo que as mais importantes s&atilde;o a duplicidade de pedidos e,      no caso do m&ecirc;s passado, mensagens enviadas por m&aacute;quinas      infectadas por v&iacute;rus.<\/p>\n<p>As solicita&ccedil;&otilde;es recebidas antes da instala&ccedil;&atilde;o      do sistema, aproximadamente 40, est&atilde;o sendo atendidas &agrave;      medida que os requisitos necess&aacute;rios, como a instala&ccedil;&atilde;o      de tubula&ccedil;&atilde;o pelo DPFO, s&atilde;o atendidos. A soma de      pedidos ainda n&atilde;o encerrados que passaram para o m&ecirc;s de      maio se manteve em torno de 40.<\/p>\n<p>    <\/span>     <\/td>\n<\/tr>\n<tr>\n<td align=\"LEFT\" valign=\"TOP\"><\/td>\n<td align=\"LEFT\" valign=\"TOP\"> <a name=\"anoticias3\"><span class=\"titulo\">CAMPUS 2000     LIGADO &Agrave; REDE ADMINISTRATIVA<\/span><\/a> <span class=\"texto\">     <\/p>\n<p>Atendendo a solicita&ccedil;&atilde;o da Pr&oacute;-Reitoria de Administra&ccedil;&atilde;o,      a DAC est&aacute; executando, desde o final da &uacute;ltima semana,      as atividades necess&aacute;rias para a conex&atilde;o da &aacute;rea      ocupada pela equipe do Campus 2000 &agrave; rede administrativa. Este      local era ocupado, anteriormente, pelo pessoal do CEDECOM, que agora      j&aacute; est&aacute; nas suas novas instala&ccedil;&otilde;es. As atividades      de conex&atilde;o incluem:<\/p>\n<p>&#8211; configura&ccedil;&atilde;o do protocolo TCP\/IP nos micros, inclusive      alguns MacIntosh G4 e iMac;<br \/>     &#8211; inclus&atilde;o dos usu&aacute;rios na rede Novell e no Grude;<br \/>     &#8211; instala&ccedil;&atilde;o do cliente Novell, para conex&atilde;o ao      servidor UA2;<br \/>     &#8211; instala&ccedil;&atilde;o do cliente Notes, para uso de correio eletr&ocirc;nico      e agenda;<br \/>     &#8211; orienta&ccedil;&atilde;o dos usu&aacute;rios na utiliza&ccedil;&atilde;o      do novo ambiente.<\/p>\n<p>As atividades est&atilde;o sendo executadas por M&aacute;rcio da Costa      Viana, Wanderson Machado Horta, Renato Machado Righi e Danilo Pinheiro      S. Guimar&atilde;es.    <\/p>\n<p>    <\/span>     <\/td>\n<\/tr>\n<tr>\n<td align=\"LEFT\" valign=\"TOP\"><\/td>\n<td align=\"LEFT\" valign=\"TOP\"> <a name=\"anoticias4\"><span class=\"titulo\">UNIDADE     DE FITA ROLO SER&Aacute; DESATIVADA<\/span><\/a> <span class=\"texto\">     <\/p>\n<p>No final do m&ecirc;s de maio, encerra-se o prazo dado pela Diretoria      do CECOM para o desligamento da unidade de fita rolo do mainframe LX      5320.<\/p>\n<p>O cronograma de elimina&ccedil;&atilde;o da unidade est&aacute; em      dia e cerca de 400 m&iacute;dias de fita j&aacute; foram liberadas,      sendo seus dados migrados para outras m&iacute;dias (fita 8 mm, fita      cartucho ou CD Rom).<\/p>\n<p>At&eacute; o final do m&ecirc;s, este processo, coordenado pelo diretor      da DCP, Helv&eacute;cio Cossenzo Pinto, e contando com o apoio dos analistas      Ronaldo Ara&uacute;jo Costa, da DAS, e Luiz Eug&ecirc;nio de Almeida      Oliveira, da DAC, dever&aacute; ser encerrado.<\/p>\n<p>Em fun&ccedil;&atilde;o disso, a diretoria j&aacute; autorizou &agrave;      DAA que providencie a retirada da unidade de fita rolo do contrato mantido      com a Unisys.<\/p>\n<p>Al&eacute;m da racionaliza&ccedil;&atilde;o no ambiente de produ&ccedil;&atilde;o      do LX, ap&oacute;s o desligamento desta unidade, ser&aacute; poss&iacute;vel      uma redu&ccedil;&atilde;o de custos no contrato da Unisys de cerca de      8%, a partir do m&ecirc;s de junho\/2002.<\/p>\n<p>    <\/span>     <\/td>\n<\/tr>\n<tr>\n<td align=\"LEFT\" valign=\"TOP\"><\/td>\n<td align=\"LEFT\" valign=\"TOP\"> <a name=\"anoticias5\"><span class=\"titulo\">TARIFA&Ccedil;&Atilde;O     DE TELEFONIA &Eacute; AGILIZADA<\/span><\/a> <span class=\"texto\">     <\/p>\n<p>A partir deste m&ecirc;s, a remessa de relat&oacute;rios relacionados      &agrave; tarifa&ccedil;&atilde;o dos ramais telef&ocirc;nicos da Universidade      para as unidades e &oacute;rg&atilde;os usu&aacute;rios, passa a ser      feita exclusivamente atrav&eacute;s de arquivos em formato PDF.<\/p>\n<p>Al&eacute;m da simplifica&ccedil;&atilde;o e agiliza&ccedil;&atilde;o      desse processo, sob o ponto de vista do encaminhamento de informa&ccedil;&otilde;es      aos usu&aacute;rios, ficou mais r&aacute;pido o processo de gera&ccedil;&atilde;o      das contas telef&ocirc;nicas.<\/p>\n<p>O tempo de gera&ccedil;&atilde;o dos relat&oacute;rios foi reduzido      em fun&ccedil;&atilde;o do novo processo. Entretanto, outro ganho percebido      pela DCP, divis&atilde;o do CECOM respons&aacute;vel pelo processamento      mensal do sistema de tarifa&ccedil;&atilde;o, foi a dr&aacute;stica      redu&ccedil;&atilde;o do tempo gasto no c&aacute;lculo das contas. Esta      redu&ccedil;&atilde;o foi obtida com a troca do equipamento utilizado      para estes c&aacute;lculos, que agora passou a ser um microcomputador      com processador AMD Athlon de 1,4 GHz e 256 Mbytes de mem&oacute;ria      RAM.<\/p>\n<p>    <\/span>     <\/td>\n<\/tr>\n<tr>\n<td align=\"LEFT\" valign=\"TOP\"><\/td>\n<td align=\"LEFT\" valign=\"TOP\"> <a name=\"anoticias6\"><span class=\"titulo\">NOVO ESTAGI&Aacute;RIO<\/span><\/a>     <span class=\"texto\">     <\/p>\n<p>Com a sa&iacute;da de Wagner Patrick Nic&aacute;cio do quadro de bolsistas      da FUMP lotados no CECOM, foi admitido, no &uacute;ltimo dia 06, o aluno      Diarley Rone Silva para ocupar a vaga.<\/p>\n<p>Diarley &eacute; aluno do 4o. per&iacute;odo do curso de F&iacute;sica      da UFMG e est&aacute; lotado na DAC &#8211; Divis&atilde;o de Atendimento      e Consultoria, onde j&aacute; iniciou as suas atividades.<\/p>\n<p>    <\/span>     <\/td>\n<\/tr>\n<p>  <!-- #EndEditable -->  <\/table>\n<p> <!-- fim noticias --><\/div>\n<p><a name='informativo'><\/a><\/p>\n<h4>Informativo<\/h4>\n<div class=\"centro-sistematico\">  <!-- noticias --> <\/p>\n<table border=\"0\" cellspacing=\"0\" cellpadding=\"0\">\n<tr>\n<td><\/td>\n<td><\/td>\n<\/tr>\n<p>  <!-- #BeginEditable \"materias\" -->   <\/p>\n<tr>\n<td align=\"LEFT\" valign=\"TOP\"><\/td>\n<td align=\"LEFT\" valign=\"TOP\">\n<p><a name=\"ainformativo1\"><span class=\"titulo\">GenteWhere<\/span><br \/>     <\/a> <img loading=\"lazy\" decoding=\"async\" src=\"https:\/\/www.ufmg.br\/dti\/wp-content\/uploads\/imgs\/tudo_pixel.gif\" width=\"1\" height=\"20\" alt=\"\" border=\"0\"><br \/>     <span class=\"texto\"> <img loading=\"lazy\" decoding=\"async\" src=\"https:\/\/www.ufmg.br\/dti\/wp-content\/uploads\/fotos\/lcc.jpg\" width=\"64\" height=\"91\" alt=\"\" border=\"0\" hspace=\"0\" vspace=\"0\" align=\"left\"><img loading=\"lazy\" decoding=\"async\" src=\"https:\/\/www.ufmg.br\/dti\/wp-content\/uploads\/imgs\/tudo_pixel.gif\" width=\"20\" height=\"191\" alt=\"\" border=\"0\" hspace=\"0\" vspace=\"0\" align=\"left\">Ele      foi um dos grandes colaboradores do Sistem&aacute;tico e nunca nos esquecemos      disso. Estava sempre pronto a atender &agrave; Reda&ccedil;&atilde;o      e era impressionante como um simples caso no CECOM, atrav&eacute;s de      seus tra&ccedil;os, se transformava numa charge interessante e engra&ccedil;ada.      &Eacute; claro que estamos nos referindo a Luiz Carlos Campos, o eterno      chargista do Sistem&aacute;tico, aquele colega e amigo sempre presente.      Apesar de tantos anos longe de todos n&oacute;s, ele nunca desfez o      cord&atilde;o que o ligou ao CECOM. Sempre envia e-mail, como se estivesse      dizendo ainda estou aqui e me lembro de voc&ecirc;s. Foi ele o autor      da imagem do Sistem&aacute;tico, o criador do menino de papel, que sempre      aparecia nas charges.<\/span><\/p>\n<p align=\"center\"><span class=\"texto\"><img loading=\"lazy\" decoding=\"async\" src=\"https:\/\/www.ufmg.br\/dti\/wp-content\/uploads\/fotos\/fotosist.jpg\" width=\"201\" height=\"248\"><br \/>     <\/span><i><font face=\"1\">Cria&ccedil;&atilde;o de Luiz Carlos Campos<\/font><\/i><\/p>\n<p align=\"left\"><span class=\"texto\"><b>SIST:<\/b> Como entrou para o CECOM?<br \/>     <b>LC:<\/b> Formei em 1975, no curso de Eletr&ocirc;nica do Col&eacute;gio      T&eacute;cnico e adorava o ambiente da UFMG. Em 1977, iniciei o curso      de Eletr&ocirc;nica e Telecomunica&ccedil;&otilde;es na PUC, quando      trabalhava na Telemig. Neste ano, fui indicado pelo prof. Amilar para      participar de um teste no CECOM, para ser estagi&aacute;rio em um projeto      da FUNDEP chamado TIGRE &#8211; Terminal Interativo Gr&aacute;fico de      Exibi&ccedil;&atilde;o. Fiz as entrevistas com o diretor do CECOM, que      na &eacute;poca era o prof. Ant&ocirc;nio Mendes. Passei nos testes      e nas entrevistas e fui admitido como estagi&aacute;rio. O est&aacute;gio      duraria 1 ano com possibilidade de prorroga&ccedil;&atilde;o para mais      1 ano. O projeto foi desenvolvido pelo prof. Wilson de P&aacute;dua,      prof. Ivan Moura Campos, prof. N&iacute;vio Ziviani e alguns pesquisadores      da USP.<\/span><\/p>\n<p align=\"left\"><span class=\"texto\"><b>SIST:<\/b> Como foi contratado pela      UFMG?<br \/>     <b>LC:<\/b> Em 1977, quando ainda trabalhava como estagi&aacute;rio com      o prof. Jos&eacute; Ant&ocirc;nio de Faria, Celso Souza Lima, M&aacute;rio      Montenegro Campos, Newton de Castilho Lages no Laborat&oacute;rio de      Eletr&ocirc;nica, no subsolo da Reitoria, a UFMG abriu concurso para      preenchimento de vagas de programadores e analistas. Fiz o concurso      para programador, pois n&atilde;o possu&iacute;a ainda curso superior      e passei, junto com o Celso, o Nagib e muitos outros que ainda continuam      na UFMG. Havia casado em maio deste ano com a Val&eacute;ria e foi uma      segunda alegria no mesmo ano. <\/span><\/p>\n<p align=\"left\"><span class=\"texto\"><b>SIST:<\/b> Em quais divis&otilde;es      trabalhou no CECOM?<br \/>     <b>LC:<\/b> Trabalhei no Laborat&oacute;rio de Eletr&ocirc;nica Digital.      Quando este foi para o DCC, fiquei no CECOM, na Divis&atilde;o de Suporte,      chefiada pelo Romildo, pois havia trabalhado 3 anos na Burroughs Eletr&ocirc;nica      e conhecia o hardware do computador B6700. Passei a trabalhar com o      Eduardo Henrique, William Andal&eacute;cio, M&aacute;rio Terenzi , Xina      e Yoshida. Foi a minha melhor &eacute;poca na UFMG, quando conquistei      grandes amigos como Renato Righi, Alda, Lel&eacute;, B&aacute;rbara,      Paulinho Cebolinha, Nilson, Adyr, Benjamin, Le&atilde;o, Avair, Walter,      S&ocirc;nia e tantos outros. Uma pessoa que jamais esquecerei e que      me ajudou muito, me ensinando o caminho das pedras e a resolver dificuldades      burocr&aacute;ticas na UFMG, foi a Eucl&iacute;dia. Ela era a secret&aacute;ria      do prof. Ziviani, na &eacute;poca. Jamais esquecerei dos meus amigos.<\/span><\/p>\n<p align=\"left\"><span class=\"texto\"><b>SIST:<\/b> Como voc&ecirc; se transformou      no chargista do Sistem&aacute;tico?<br \/>     <b>LC:<\/b> Comecei a desenhar as charges para o Sistem&aacute;tico por      acidente. Me apresentei &agrave; Lel&eacute; como chargista, logo no      in&iacute;cio do nascimento da crian&ccedil;a. Fui muito ousado, pois      havia v&aacute;rios artistas poderosos, como o Gerson, o Marco Aur&eacute;lio      e muitos outros no CECOM, que me poriam no chinelo. Cada n&uacute;mero      que sa&iacute;a era um desafio que se colocava: criar um desenho que      representasse algum evento do CECOM\/UFMG, sem agredir ao ambiente, nem      a fauna ceconiana. Em outras palavras, naquela &eacute;poca, ser ecologicamente      correto e engra&ccedil;ado. Espero ter atingido a meta enquanto fui      titular. Ap&oacute;s sair da UFMG, continuei a ser o chargista no jornal      de inform&aacute;tica da Magnesita durante muitos anos. J&aacute; havia      feito a fama na UFMG. Hoje, me orgulho de ter sido o chargista do Sistem&aacute;tico,      um jornal de circula&ccedil;&atilde;o internacional e o preferido de      10 entre 10 ceconianos.<\/span><\/p>\n<p align=\"left\"><span class=\"texto\"><b>SIST:<\/b> Quando voc&ecirc; passou      para o cargo de analista?<br \/>     LC: Em 1981, ap&oacute;s a participa&ccedil;&atilde;o no X Congresso      de Inform&aacute;tica Latino-Americano, juntamente com Romildo, em Lima      no Peru, fui promovido para Analista de Suporte, pela Miriam Arruda.      Fiz parte da Comiss&atilde;o de Hardware das Universidades Federais.      <\/span><\/p>\n<p align=\"left\"><span class=\"texto\"><b>SIST:<\/b> Quando saiu do CECOM?<br \/>     <b>LC:<\/b> Sa&iacute; da UFMG em 1983, para trabalhar na Magnesita,      onde encontrei outros grandes amigos. Em 1987, fui para a Mannesmann.      Em 1991, comecei a trabalhar na MSA-Infor, do grupo Magnesita.<\/span><\/p>\n<p align=\"left\"><span class=\"texto\"><b>SIST:<\/b> Atualmente, est&aacute;      em qual empresa?<br \/>     <b>LC:<\/b> Em 1994, montei a minha pr&oacute;pria empresa, onde continuo      at&eacute; hoje. Passei por grandes experi&ecirc;ncias e posso afirmar      que ampliei bastante o meu c&iacute;rculo de amigos. Atualmente, somos      parceiros da IBM em toda sua linha de produtos e somos especializados      nos produtos Lotus.<\/span><\/p>\n<p align=\"left\"><span class=\"texto\"><b>SIST:<\/b> E a sua vida, como anda?<br \/>     <b>LC:<\/b> Eu e a Val&eacute;ria vamos fazer 25 anos de casados no final      de maio. Ela &eacute; uma mulher fant&aacute;stica e cada vez mais linda.      O tempo n&atilde;o conseguiu apagar a sua alegria, sua jovialidade,      beleza f&iacute;sica e espiritual, etc. Temos dois maravilhosos filhos,      Thiago e Lucas. O Thiago est&aacute; terminando o curso de Psicologia      na FUMEC e o Lucas est&aacute; come&ccedil;ando o curso de Engenharia      de Controle e Automa&ccedil;&atilde;o na PUC Minas. S&atilde;o muito      bonitos, porque puxaram a m&atilde;e. Temos ainda, l&aacute; em casa:      1 pav&atilde;o (Geraldo), 2 cadelas poodle (Rosalinda e Jurema), 1 c&atilde;o      Chip-dog (Pablo), 1 tartaruga (Isabel), 1 iguana (Lucas), 1 pseudo-papagaio      (Itamar), 2 chinchilas (esqueci os nomes), 1 cobra ( filhote e ainda      sem nome) e uma reca de periquitos. &Eacute; um verdadeiro zool&oacute;gico.<\/span><\/p>\n<p align=\"left\"><span class=\"texto\"><b>SIST:<\/b> E os projetos para o      futuro?<br \/>     <b>LC:<\/b> Os projetos para o futuro s&atilde;o poucos e bem definidos.      Espero ver nossos filhos felizes e encaminhados na vida. Queremos morar,      no futuro, pr&oacute;ximos de BH, em local bem espa&ccedil;oso e arejado,      para podermos criar nossos animais e curtirmos nossos netos e amigos.      Esperamos tamb&eacute;m ver o nosso PT subindo ao poder no pa&iacute;s.      Participamos da sua cria&ccedil;&atilde;o, quando est&aacute;vamos na      UFMG, e sempre foi nosso sonho v&ecirc;-lo no Poder Executivo do Brasil.      <\/span><\/p>\n<p align=\"left\"><span class=\"texto\">Foi bom conversar com Luiz Carlos      e poder contar para todos quem foi o autor de tantas charges engra&ccedil;adas      publicadas pelo Sistem&aacute;tico no per&iacute;odo de 1978 a 1984.      Foi uma tristeza para a Reda&ccedil;&atilde;o o dia em que Luiz Carlos      saiu do CECOM. E n&atilde;o &eacute; que teve a &uacute;ltima charge      marcando a sua sa&iacute;da! Seu tra&ccedil;o ficou para sempre como      tamb&eacute;m a sua amizade.<\/span><\/p>\n<p align=\"left\"><span class=\"texto\"><b><i>Nota da Reda&ccedil;&atilde;o:<\/i><\/b>      <font face=\"1\"><i>N&atilde;o foi poss&iacute;vel ao Luiz Carlos enviar      uma foto recente. Vejam no in&iacute;cio da entrevista como ele era      em 1975, no detalhe de uma foto da cole&ccedil;&atilde;o de Jos&eacute;      Marcos Silva Nogueira, feita no CECOM, no subsolo da Reitoria.<\/i><\/font><\/span><\/p>\n<p align=\"left\"><span class=\"texto\"><br \/>     <\/span>    <\/p>\n<\/td>\n<\/tr>\n<tr>\n<td align=\"LEFT\" valign=\"TOP\"><\/td>\n<td align=\"LEFT\" valign=\"TOP\"><a name=\"ainformativo2\"><span class=\"titulo\">DICAS DE     SITES INTERESSANTES<\/span><\/a> <span class=\"texto\">     <\/p>\n<p>Adyrus, o ca&ccedil;ador de sites, enviou as seguintes dicas:<\/p>\n<p>&#8211; O que s&atilde;o m&uacute;mias? Como elas s&atilde;o feitas? Quem      eram as m&uacute;mias? Mummies of Ancient Egypt, projeto da Universidade      de Michigan, responde a essas perguntas e explica que, embora as m&uacute;mias      eg&iacute;pcias sejam as mais famosas, as m&uacute;mias t&ecirc;m sido      encontradas em diversas partes do mundo, incluindo Groel&acirc;ndia,      China e Am&eacute;rica do Sul. O site tamb&eacute;m mostra os s&iacute;mbolos,      sons e significados de diversos hieroglifos. O endere&ccedil;o &eacute;:<b>      http:\/\/www.si.umich.edu\/chico\/mummy\/<\/b>.<\/p>\n<p>&#8211; Cansado de come&ccedil;ar a tocar uma m&uacute;sica e ter de recorrer      a toda hora ao dicion&aacute;rio de acordes? Conhe&ccedil;a o programa      Decifra. Nele, mesmo as m&uacute;sicas que voc&ecirc; pega na Internet      aparecer&atilde;o no estilo das revistinhas de cifras, com o desenho      dos acordes! Esta p&aacute;gina cont&eacute;m dicas importantes para      aqueles que adoram tocar uma m&uacute;sica ou cifrar. V&aacute; at&eacute;      o endere&ccedil;o <b>http:\/\/www.casa.cifras.nom.br<\/b>.<\/p>\n<p>&#8211; Voc&ecirc; gosta dos Beatles? Quer comprar os cds deles? Ent&atilde;o,      meu amigo, n&atilde;o perca tempo e v&aacute; at&eacute; a p&aacute;gina      <b>http:\/\/www.yellowsubmarine.com.br<\/b> e fique &agrave; vontade. Discografia,      livros, Videografia, DVDs etc. N&atilde;o perca tempo!<\/p>\n<p>&#8211; Fique por dentro da Copa do Mundo na p&aacute;gina <b>http:\/\/www.2002worldcupkorea.org<\/b>.      A p&aacute;gina &eacute; oficial.<\/p>\n<p>Dica da Val&eacute;ria, da Cemig:<br \/>     &#8211; No dia 02\/05\/2002, o jornal on-line <i>&#8220;O Debate&#8221;<\/i> completou      dois anos, lan&ccedil;ando um novo site de not&iacute;cias, com atualiza&ccedil;&atilde;o      di&aacute;ria e com a participa&ccedil;&atilde;o de diversos colaboradores.<br \/>     Marcando a data, fez uma avalia&ccedil;&atilde;o quantitativa de tudo      que ocorreu desde 02\/05\/2000, divulgando editorias ativas, textos publicados,      pessoas cadastradas, visitantes por ano, e-mails enviados para interessados      e para pessoas cadastradas.<br \/>     <i>&#8220;O Debate&#8221;<\/i> on-line tem v&aacute;rias se&ccedil;&otilde;es      e a partir de 002 novas editorias foram colocadas no ar, como: Concursos,      Debate Jur&iacute;dico, Mulheres Famosas, O Combate, Cinema e Arquitetura.<br \/>     O endere&ccedil;o &eacute;: <b>www.odebate.com.br<\/b>.<\/p>\n<p>    <\/span> <\/td>\n<\/tr>\n<tr>\n<td align=\"LEFT\" valign=\"TOP\"><\/td>\n<td align=\"LEFT\" valign=\"TOP\"><a name=\"ainformativo3\"><span class=\"titulo\">PLANT&Atilde;O     INFO<\/span><\/a> <span class=\"texto\">     <\/p>\n<p>O <b>Plant&atilde;o Info<\/b> divulgou, no dia 30 de abril, a segunte      not&iacute;cia:<\/p>\n<p><b>E-mail gratuito dos Correios no ar em julho <\/b>&#8211; A partir de julho,      entram no ar duas novas iniciativas dos Correios no combate &agrave;      exclus&atilde;o digital: o EEP &#8211; Endere&ccedil;o Eletr&ocirc;nico Permanente;      e a instala&ccedil;&atilde;o de mais 5 690 terminais para acesso gratuito      &agrave; internet em suas ag&ecirc;ncias. <br \/>     Estes terminais, segundo os Correios, ser&atilde;o instalados em 5 366      ag&ecirc;ncias de todo o pa&iacute;s. Neles, o usu&aacute;rio poder&aacute;      acessar gratuitamente todos os sites e servi&ccedil;os do governo dispon&iacute;veis      na internet &#8211; mas, para conferir outras p&aacute;ginas, ter&aacute;      que pagar uma taxa, ainda n&atilde;o divulgada. A empresa tamb&eacute;m      ainda n&atilde;o definiu quanto tempo de conex&atilde;o ser&aacute;      liberado para cada internauta. <br \/>     J&aacute; o EPP funcionar&aacute; como um web mail, ou seja, n&atilde;o      precisar&aacute; necessariamente ser acessado apenas nas ag&ecirc;ncias      dos Correios. O projeto est&aacute; em fase de licita&ccedil;&atilde;o,      onde a empresa ir&aacute; definir quem ser&aacute; respons&aacute;vel      pela hospedagem e pelas solu&ccedil;&otilde;es que ser&atilde;o utilizadas      no sistema de correio eletr&ocirc;nico. De qualquer forma, o e-mail      gratuito oferecer&aacute; os seguintes servi&ccedil;os: envio e recebimento      de mensagens e arquivos eletr&ocirc;nicos; armazenamento de mensagens;      cat&aacute;logo de endere&ccedil;os; inclus&atilde;o autom&aacute;tica      de assinatura; acesso a contas cadastradas em outros provedores; cria&ccedil;&atilde;o      de pastas personalizadas; bloqueio de remetentes; controle de recebimento      de mensagens; corretor ortogr&aacute;fico; calend&aacute;rio e agenda      de compromissos e antiv&iacute;rus. <br \/>     Com esta nova fase do e-Post, que &eacute; como os Correios chamam seu      projeto de inclus&atilde;o digital, a empresa quer atender a 1,2 milh&atilde;o      de usu&aacute;rios no primeiro ano, chegando a 4,2 milh&otilde;es em      2004.<\/p>\n<p>    <\/span> <\/td>\n<\/tr>\n<tr>\n<td align=\"LEFT\" valign=\"TOP\"><\/td>\n<td align=\"LEFT\" valign=\"TOP\"><a name=\"ainformativo4\"><span class=\"titulo\">OPEN OFFICE:     OP&Ccedil;&Atilde;O GRATUITA PARA PACOTES OFFICE<\/span><\/a> <span class=\"texto\">     <\/p>\n<p>O jornal <i>Computerworld<\/i>, de 02\/05\/2002, divulgou mat&eacute;ria      sobre o Open Office com a op&ccedil;&atilde;o gratuita para pacotes      Office, transcrita a seguir:<\/p>\n<p>&#8220;Depois de 18 meses de desenvolvimento, est&aacute; liberada para      download gratuito a vers&atilde;o 1.0 do pacote de produtividade de      c&oacute;digo aberto OpenOffice. org. <br \/>     A OpenOffice.org, comunidade de desenvolvedores que criaram as aplica&ccedil;&otilde;es      baseada no c&oacute;digo fornecido pela Sun, afirmou que a nova vers&atilde;o      &eacute; indicada para pequenas empresas e outros usu&aacute;rios que      queiram um software repleto de recursos sem arcar com altos custos.      <br \/>     O OpenOffice.org 1.0 apresenta muito do c&oacute;digo do StarOffice      6.0, que deve ser lan&ccedil;ado no final do m&ecirc;s, mas ser&aacute;      cobrado. O StarOffice &eacute; a porta de entrada para a Sun no mercado      de pacotes de aplica&ccedil;&otilde;es para escrit&oacute;rios, que      &eacute; dominado pela Microsoft. O projeto OpenOffice.org &eacute;      uma iniciativa separada dos esfor&ccedil;os para manter uma vers&atilde;o      gratuita do pacote. A Sun anunciou em mar&ccedil;o passado que come&ccedil;aria      a cobrar pelo StarOffice e manteria o OpenOffice dispon&iacute;vel gratuitamente.<br \/>     O OpenOffice tem vers&otilde;es para Windows, Linux e Solaris e esta      sendo portado para outros sistemas operacionais, entre eles Apple Macintosh,      segundo Zaheda Bhorat, gerente de produtos da OpenOffice. org na Sun.      O pacote estar&aacute; dispon&iacute;vel em mais de 21 idiomas. <br \/>     Entre os principais recursos do OpenOffice, est&atilde;o a capacidade      de reconhecer e ser compat&iacute;vel com os formatos de arquivos do      Microsoft Office, explica Sam Hiser, um dos desenvolvedores do OpenOffice      e co-l&iacute;der da &aacute;rea de marketing para o produto. &#8220;Vamos      tentar facilitar a vida das pessoas, que n&atilde;o precisar&atilde;o      preocupar-se com os formatos&#8221;, diz o executivo. <br \/>     A comunidade de desenvolvedores OpenOffice.org inclui funcion&aacute;rios      da Sun, desenvolvedores volunt&aacute;rios, equipe de marketing e usu&aacute;rios      finais. <br \/>     Os usu&aacute;rios do OpenOffice podem ter suporte on-line gratuito      de outros usu&aacute;rios e desenvolvedores ou, se tiverem interessados      em documenta&ccedil;&atilde;o e ajuda mais personalizada, podem comprar      o pacote StarOffice da Sun, que deve custar menos de US$ 100. O OpenOffice.org      1.0 traz processador de texto, planilha eletr&ocirc;nica, software de      apresenta&ccedil;&atilde;o e de desenho. O StarOffice tem ainda um banco      de dados e v&aacute;rios programas multim&iacute;dia.&#8221;<\/p>\n<p>    <\/span> <\/td>\n<\/tr>\n<tr>\n<td align=\"LEFT\" valign=\"TOP\"><\/td>\n<td align=\"LEFT\" valign=\"TOP\"><a name=\"ainformativo5\"><span class=\"titulo\">N&Uacute;CLEO     DE M&Uacute;SICA CORAL ABRE VAGAS PARA INTERESSADOS<\/span><\/a> <span class=\"texto\">     <\/p>\n<p>Os v&aacute;rios corais existentes na UFMG est&atilde;o com as inscri&ccedil;&otilde;es      abertas para os interessados em participar de suas atividades regulares      na comunidade universit&aacute;ria. S&atilde;o oferecidas vagas para      soprano (voz feminina aguda), contralto (voz feminina grave), tenor      (voz masculina aguda), baixo (voz masculina grave), nos seguintes corais:      Coral Cant&aacute;ridas, do ICB (1 soprano e 4 tenores); Coral CNEM      (3 contraltos, 2 tenores e 2 baixos); Coral Vozes do Campus (1 soprano,      1 contralto, 2 tenores e 3 baixos); Coral da Engenharia (3 sopranos,      2 contraltos, 8 tenores, 7 baixos). Qualquer pessoa pode integrar um      dos corais, n&atilde;o sendo necess&aacute;ria experi&ecirc;ncia pr&eacute;via      em m&uacute;sica. Todos os inscritos far&atilde;o teste de classifica&ccedil;&atilde;o      vocal.<\/p>\n<p>Informa&ccedil;&otilde;es e inscri&ccedil;&otilde;es: <br \/>     <b>ICB<\/b> &#8211; contato com Sofia pelo fone: 3499-2556. O regente      &eacute; Willstermann Sottani e os ensaios acontecem &agrave;s ter&ccedil;as      e quintas-feiras, de 17:30 &agrave;s 19:00; <br \/>     <b>CNEM<\/b> &#8211; contato com Marta pelo fone: 3499-3386. O regente &eacute;      &Aacute;dma Silva e os ensaios acontecem &agrave;s segundas e quartas-feiras,      das 15:45 &agrave;s 16:45; <br \/>     <b>Vozes do Campus<\/b> &#8211; contato com D&eacute;bora pelo fone: 3413-8086.      O regente &eacute; D&eacute;bora Andrade e os ensaios ocorrem &agrave;s      segundas e quartas-feiras, das 17:30 &agrave;s 19:00; <br \/>     <b>Coral da Engenharia <\/b>&#8211; contato pelos fones: 3238-1756 (&Acirc;ngela)      e Hugo (3292-8206). O regente &eacute; Hugo Pieri e os ensaios acontecem      &agrave;s ter&ccedil;as e quintas-feiras, das 17:30 &agrave;s 19:00.<\/p>\n<p>    <\/span> <\/td>\n<\/tr>\n<tr>\n<td align=\"LEFT\" valign=\"TOP\"><\/td>\n<td align=\"LEFT\" valign=\"TOP\"><a name=\"ainformativo6\"><span class=\"titulo\">MEM&Oacute;RIA     FOTOGR&Aacute;FICA DO CECOM<\/span><\/a> <span class=\"texto\">     <\/p>\n<p>No dia 15 de janeiro de 1997, a equipe da DAA resolveu promover um      almo&ccedil;o de despedida para William Andal&eacute;cio, que havia      pedido exonera&ccedil;&atilde;o da UFMG, atrav&eacute;s do PDV. Os artif&iacute;cios      usados para que ele comparecesse ao CECOM naquele dia e hor&aacute;rio      foram muitos. Mas deram resultados e foi aquela surpr&ecirc;sa para      ele. Os diversos pratos servidos foram feitos pelas m&atilde;os de fadas      que existem na DAA e, como sempre, foram aprovados.<\/p>\n<p>As fotos foram tiradas por Lel&eacute; ou pelo sistema autom&aacute;tico      da m&aacute;quina.<\/p>\n<p align=\"center\"><img loading=\"lazy\" decoding=\"async\" src=\"https:\/\/www.ufmg.br\/dti\/wp-content\/uploads\/fotos\/despwill1.jpg\" width=\"201\" height=\"308\"><\/p>\n<p align=\"center\"><i><font face=\"1\">O susto do William<\/font><\/i><\/p>\n<p align=\"center\"><img loading=\"lazy\" decoding=\"async\" src=\"https:\/\/www.ufmg.br\/dti\/wp-content\/uploads\/fotos\/despwill2.jpg\" width=\"482\" height=\"294\"><\/p>\n<p align=\"center\"><i><font face=\"1\">Avair, Luciene e William<\/font><\/i><\/p>\n<p align=\"center\"><img loading=\"lazy\" decoding=\"async\" src=\"https:\/\/www.ufmg.br\/dti\/wp-content\/uploads\/fotos\/despwill3.jpg\" width=\"452\" height=\"338\"><\/p>\n<p align=\"center\"><i><font face=\"1\">M&aacute;rio, Raimundo e Rosa. Maria      Helena e D&ocirc;ra ao fundo<\/font><\/i><\/p>\n<p align=\"center\"><img loading=\"lazy\" decoding=\"async\" src=\"https:\/\/www.ufmg.br\/dti\/wp-content\/uploads\/fotos\/despwill5.jpg\" width=\"298\" height=\"368\"><\/p>\n<p align=\"center\"><i><font face=\"1\">William e Gilmar<\/font><\/i><\/p>\n<p align=\"center\"><img loading=\"lazy\" decoding=\"async\" src=\"https:\/\/www.ufmg.br\/dti\/wp-content\/uploads\/fotos\/despwill6.jpg\" width=\"348\" height=\"251\"><\/p>\n<p align=\"center\"><i><font face=\"1\">Em p&eacute;: M&aacute;rcia, William,      Alda e Lel&eacute;. Sentadas: Maria Helena e Beth<\/font><\/i><\/p>\n<p>    <\/p>\n<p>    <\/span> <\/td>\n<\/tr>\n<p>  <!-- #EndEditable -->  <\/table>\n<p> <!-- fim noticias --> <!-- tabela ha 20 anos --> <\/p>\n<table border=\"0\" cellspacing=\"0\" cellpadding=\"0\" class=\"cinza\">\n<tr>\n<td><img loading=\"lazy\" decoding=\"async\" src=\"https:\/\/www.ufmg.br\/dti\/wp-content\/uploads\/imgs\/tudo_pixel.gif\" width=\"1\" height=\"1\" alt=\"\" border=\"0\"><\/td>\n<td><img loading=\"lazy\" decoding=\"async\" src=\"https:\/\/www.ufmg.br\/dti\/wp-content\/uploads\/imgs\/tudo_pixel.gif\" width=\"19\" height=\"1\" alt=\"\" border=\"0\"><\/td>\n<td><img loading=\"lazy\" decoding=\"async\" src=\"https:\/\/www.ufmg.br\/dti\/wp-content\/uploads\/imgs\/tudo_pixel.gif\" width=\"510\" height=\"1\" alt=\"\" border=\"0\"><\/td>\n<td><img loading=\"lazy\" decoding=\"async\" src=\"https:\/\/www.ufmg.br\/dti\/wp-content\/uploads\/imgs\/tudo_pixel.gif\" width=\"19\" height=\"1\" alt=\"\" border=\"0\"><\/td>\n<td><img loading=\"lazy\" decoding=\"async\" src=\"https:\/\/www.ufmg.br\/dti\/wp-content\/uploads\/imgs\/tudo_pixel.gif\" width=\"1\" height=\"1\" alt=\"\" border=\"0\"><\/td>\n<\/tr>\n<tr>\n<td class=\"vermelho\" colspan=\"5\"><img loading=\"lazy\" decoding=\"async\" src=\"https:\/\/www.ufmg.br\/dti\/wp-content\/uploads\/imgs\/tudo_pixel.gif\" width=\"1\" height=\"1\" alt=\"\" border=\"0\"><\/td>\n<\/tr>\n<tr>\n<td class=\"vermelho\"><img loading=\"lazy\" decoding=\"async\" src=\"https:\/\/www.ufmg.br\/dti\/wp-content\/uploads\/imgs\/tudo_pixel.gif\" width=\"1\" height=\"1\" alt=\"\" border=\"0\"><\/td>\n<td><img loading=\"lazy\" decoding=\"async\" src=\"https:\/\/www.ufmg.br\/dti\/wp-content\/uploads\/imgs\/tudo_pixel.gif\" width=\"1\" height=\"1\" alt=\"\" border=\"0\"><\/td>\n<td align=\"LEFT\" valign=\"TOP\"><!-- #BeginEditable \"ha 20 anos\" --><a name=\"ainformativo7\"><img loading=\"lazy\" decoding=\"async\" src=\"https:\/\/www.ufmg.br\/dti\/wp-content\/uploads\/imgs\/tudo_pixel.gif\" width=\"1\" height=\"8\" alt=\"\" border=\"0\"><br \/>    <span class=\"titulo\">H\u00e1 20 anos&#8230;<\/span><\/a> <span class=\"texto\">     <\/p>\n<p>O Sistem&aacute;tico Ano VI, no. 18, de 13\/05\/1982, publicou not&iacute;cias      sobre o semin&aacute;rio de desenvolvimento de software b&aacute;sico      para micros, visitantes no CECOM, conclus&atilde;o dos trabalhos da      Comiss&atilde;o de Entrada de Dados, sa&iacute;da do bolsista R&ocirc;mulo      Vieira de Faria e admiss&atilde;o de Cant&iacute;dio Lelis Pereira,      como bolsista da FUMP, entre outras. As not&iacute;cias que se destacaram      foram:<\/p>\n<p><b>MAIS UM PROGRAMA NA TV CECOM<\/b><br \/>     <font face=\"1\">Desde a &uacute;ltima ter&ccedil;a-feira, a TV CECOM      est&aacute; apresentando na sua programa&ccedil;&atilde;o os j<i>obs      em execu&ccedil;&atilde;o<\/i>, al&eacute;m dos <i>jobs nas filas<\/i>.<br \/>     A pr&oacute;xima atra&ccedil;&atilde;o da TV CECOM ser&aacute; provavelmente      os<i> jobs a serem impressos<\/i>, cuja entrada no ar ainda n&atilde;o      tem data prevista.<\/font><\/p>\n<p><b>N&Uacute;CLEO AVAN&Ccedil;ADO DE DIGITA&Ccedil;&Atilde;O<\/b><br \/>     <font face=\"1\">Entrou em funcionamento hoje, dia 13 de maio, o NAD &#8211;      N&uacute;cleo Avan&ccedil;ado de Digita&ccedil;&atilde;o, que vai fazer      a perfura&ccedil;&atilde;o de programas dos alunos da cadeira Programa&ccedil;&atilde;o      de Computadores, do ICEx.<br \/>     O NAD est&aacute; funcionando no pr&eacute;dio do ICEx, ao lado da sala      das perfuradoras, com atendimento aos alunos atrav&eacute;s do guich&ecirc;      do RJE. Os alunos interessados devem entregar os seus programas, escritos      em folhas de codifica&ccedil;&atilde;o, junto com os cart&otilde;es      para serem perfurados.<br \/>     O N&uacute;cleo Avan&ccedil;ado de Digita&ccedil;&atilde;o iiniciou      suas atividades com dois digitadores do CECOM, trabalhando um em cada      turno, da manh&atilde; ou a tarde.<\/font><\/p>\n<p>    <\/span><!-- #EndEditable --><br \/>     <img loading=\"lazy\" decoding=\"async\" src=\"https:\/\/www.ufmg.br\/dti\/wp-content\/uploads\/imgs\/tudo_pixel.gif\" width=\"1\" height=\"8\" alt=\"\" border=\"0\"><\/td>\n<td><img loading=\"lazy\" decoding=\"async\" src=\"https:\/\/www.ufmg.br\/dti\/wp-content\/uploads\/imgs\/tudo_pixel.gif\" width=\"1\" height=\"1\" alt=\"\" border=\"0\"><\/td>\n<td class=\"vermelho\"><img loading=\"lazy\" decoding=\"async\" src=\"https:\/\/www.ufmg.br\/dti\/wp-content\/uploads\/imgs\/tudo_pixel.gif\" width=\"1\" height=\"1\" alt=\"\" border=\"0\"><\/td>\n<\/tr>\n<tr>\n<td class=\"vermelho\" colspan=\"5\"><img loading=\"lazy\" decoding=\"async\" src=\"https:\/\/www.ufmg.br\/dti\/wp-content\/uploads\/imgs\/tudo_pixel.gif\" width=\"1\" height=\"1\" alt=\"\" border=\"0\"><\/td>\n<\/tr>\n<\/table>\n<p> <!-- fim tabela ha 20 anos --><\/div>\n<p><a name='eventos'><\/a><\/p>\n<h4>Eventos<\/h4>\n<div class=\"centro-sistematico\">  <!-- noticias --> <\/p>\n<table border=\"0\" cellspacing=\"0\" cellpadding=\"0\">\n<tr>\n<td><\/td>\n<td><\/td>\n<\/tr>\n<p>  <!-- #BeginEditable \"materias\" -->   <\/p>\n<tr>\n<td align=\"LEFT\" valign=\"TOP\"><\/td>\n<td align=\"LEFT\" valign=\"TOP\"> <a name=\"aeventos1\"><span class=\"titulo\">TREINAMENTO     LOTUS NOTES<\/span><\/a> <span class=\"texto\">     <\/p>\n<p>Dentro do processo de implanta&ccedil;&atilde;o do Projeto Grude nas      unidades administrativas, em que a ferramenta de correio e agenda passa      a ser o Lotus Notes, o CECOM estar&aacute; oferecendo duas turmas de      treinamento enfocando este programa, para os usu&aacute;rios das unidades      administrativas.<\/p>\n<p>As turmas, cada uma com 18 vagas, ser&atilde;o realizadas nas seguintes      datas e hor&aacute;rios , na sala de aulas 2 do CECOM, no subsolo da      Reitoria:<\/p>\n<p><b>Turma 5<\/b> &#8211; 14\/05, de 13:00 &agrave;s 17:00. Inscri&ccedil;&otilde;es      at&eacute; 10\/5<br \/>     <b>Turma 6<\/b> &#8211; 16\/05, de 08:00 &agrave;s 12:00. Inscri&ccedil;&otilde;es      at&eacute; 13\/5.<\/p>\n<p>As inscri&ccedil;&otilde;es devem ser feitas atrav&eacute;s de e-mail      para o endere&ccedil;o <i>xina@cecom.ufmg.br<\/i>, informando o nome      completo e o e-mail do indicado.<\/p>\n<p>    <\/span> <\/td>\n<\/tr>\n<tr>\n<td align=\"LEFT\" valign=\"TOP\"><\/td>\n<td align=\"LEFT\" valign=\"TOP\"><a name=\"aeventos2\"><span class=\"titulo\">TREINAMENTO     LOTUS SMARTSUITE<\/span><\/a> <span class=\"texto\">     <\/p>\n<p>Dentro do processo de consolida&ccedil;&atilde;o do Lotus Smartsuite      como ferramenta de edi&ccedil;&atilde;o nas redes administrativas, o      CECOM estar&aacute; oferecendo mais uma turma de treinamento enfocando      o editor Lotus WordPro para os usu&aacute;rios destas redes.<\/p>\n<p>Esta turma, com 18 vagas, ser&aacute; realizada no per&iacute;odo de      20 a 24\/05, de 13:30 &agrave;s 16:30, na sala de aulas 2 do CECOM, no      subsolo da Reitoria.<\/p>\n<p>As inscri&ccedil;&otilde;es para este curso devem ser feitas at&eacute;      o dia 15\/05, atrav&eacute;s de e-mail para o endere&ccedil;o <i>xina@cecom.ufmg.br<\/i>,      informando o nome completo e o e-mail do indicado.<\/p>\n<p>    <\/span>    <\/td>\n<\/tr>\n<tr>\n<td align=\"LEFT\" valign=\"TOP\"><\/td>\n<td align=\"LEFT\" valign=\"TOP\"><a name=\"aeventos3\"><span class=\"titulo\">DIA DAS M&Atilde;ES<\/span><\/a>     <span class=\"texto\">     <\/p>\n<p><i>O Sistem&aacute;tico<\/i> deseja um <b>FELIZ DIA DAS M&Atilde;ES<\/b>      para estas ceconianas, m&atilde;es no melhor sentido da palavra. Corajosas,      bravas, briguentas, audaciosas, presentes, maravilhosas, poderosas,      amigas. Simplesmente m&atilde;es!<\/p>\n<p>    <\/span>    <\/td>\n<\/tr>\n<tr>\n<td align=\"LEFT\" valign=\"TOP\"><\/td>\n<td align=\"LEFT\" valign=\"TOP\"><a name=\"aeventos4\"><span class=\"titulo\">FESTA JUNINA     DO CECOM<\/span><\/a> <span class=\"texto\">     <\/p>\n<p>Como divulgado na edi&ccedil;&atilde;o anterior do Sistem&aacute;tico,      a Comiss&atilde;o Organizadora j&aacute; iniciou os preparativos para      arrecada&ccedil;&atilde;o de verba para realiza&ccedil;&atilde;o da      Festa Junina do CECOM. Como tem acontecido nos &uacute;ltimos anos,      vai ser realizada uma rifa de uma cesta de guloseimas. E &eacute; claro      que, para a montagem desta cesta, a comiss&atilde;o solicita a colabora&ccedil;&atilde;o      de todos os funcion&aacute;rios com os artigos, podendo ser biscoitos,      doces, refrigerantes, vinhos, sucos, chocolates, balas etc. As contribui&ccedil;&otilde;es      devem ser entregues at&eacute; o dia 24 de maio, na DAA.<\/p>\n<p>Paralelamente a este pedido, est&atilde;o sendo, tamb&eacute;m, solicitadas      as contribui&ccedil;&otilde;es com os brindes para os jogos de argolas,      pescaria e corrida do saco.<\/p>\n<p>A data da festa ainda n&atilde;o foi marcada, nem escolhido o local      de realiza&ccedil;&atilde;o. A lista de participa&ccedil;&atilde;o dever&aacute;      ser passada entre os funcion&aacute;rios na pr&oacute;xima semana.<\/p>\n<p>    <\/span>    <\/td>\n<\/tr>\n<tr>\n<td align=\"LEFT\" valign=\"TOP\"><\/td>\n<td align=\"LEFT\" valign=\"TOP\"><a name=\"aeventos5\"><span class=\"titulo\">SOCIAIS<\/span><\/a>     <span class=\"texto\">     <\/p>\n<p><b>ANIVERS&Aacute;RIOS:<\/b> <i>&#8220;O Sistem&aacute;tico envia os      parab&eacute;ns para a ex-ceconiana, Maria das Gra&ccedil;as Santa B&aacute;rbara      (Editora), aniversariante do dia 11.<\/i><\/p>\n<p><b>ENCERRAMENTO DE CURSO:<\/b> <i>Maria Helena Rodrigues Ara&uacute;jo,      da empresa Atlan, respons&aacute;vel pelo 8o. andar, est&aacute; convidando      a todos para a cerim&ocirc;nia de confraterniza&ccedil;&atilde;o de      conclus&atilde;o do Ensino Fundamental, a ser realizada &agrave;s 18:00      do dia 17 de maio de 2002, no Audit&oacute;rio da Reitoria da UFMG.      O curso faz parte do 1o. Segmento do Projeto de Ensino Fundamental e      do Projeto de Ensino M&eacute;dio de Jovens e Adultos da UFMG.<br \/>     O Sistem&aacute;tico, em nome de todos, envia os parab&eacute;ns.<\/i><\/p>\n<p><b>POSSE DO SIND-IFES:<\/b> <i>A nova Diretoria Executiva do Sindicato      dos Trabalhadores nas Institui&ccedil;&otilde;es Federais de Ensino      Superior de Belo Horizonte (SIND-IFES\/BH), eleita para o per&iacute;odo      2002\/2004, tomou posse no dia 07 de maio de 2002, no Audit&oacute;rio      da Faculdade de Medicina da UFMG. Na Coordena&ccedil;&atilde;o de Comunica&ccedil;&atilde;o      Sindical, tomou posse Adyr Rodrigues Nascimento, do CECOM.<\/i><\/p>\n<p>    <\/span>    <\/td>\n<\/tr>\n<p>  <!-- #EndEditable -->  <\/table>\n<p> <!-- fim noticias --><\/div>\n","protected":false},"excerpt":{"rendered":"<p>Not\u00edcias INICIADO PROJETO e-AVALIA&Ccedil;&Atilde;O NOVO SISTEMA PARA CONTROLE DE SERVI&Ccedil;OS DE REDE CAMPUS 2000 LIGADO &Agrave; REDE ADMINISTRATIVA UNIDADE DE FITA ROLO SER&Aacute; DESATIVADA TARIFA&Ccedil;&Atilde;O DE TELEFONIA &Eacute; AGILIZADA NOVO ESTAGI&Aacute;RIO Informativo GenteWhere DICAS DE SITES INTERESSANTES PLANT&Atilde;O INFO OPEN OFFICE: OP&Ccedil;&Atilde;O GRATUITA PARA PACOTES OFFICE N&Uacute;CLEO DE M&Uacute;SICA CORAL ABRE VAGAS PARA INTERESSADOS MEM&Oacute;RIA &#8230; <a title=\"Sistem\u00e1tico: Edi\u00e7\u00e3o 1110 &#8211; 09\/05\/2002\" class=\"read-more\" href=\"https:\/\/www.ufmg.br\/dti\/2002\/05\/09\/sistematico-edicao-1110-09052002\/\" aria-label=\"Read more about Sistem\u00e1tico: Edi\u00e7\u00e3o 1110 &#8211; 09\/05\/2002\">Ler mais<\/a><\/p>\n","protected":false},"author":3,"featured_media":0,"comment_status":"open","ping_status":"open","sticky":false,"template":"","format":"standard","meta":{"inline_featured_image":false,"footnotes":""},"categories":[13],"tags":[],"coauthors":[79],"class_list":["post-3243","post","type-post","status-publish","format-standard","hentry","category-sistematico"],"_links":{"self":[{"href":"https:\/\/www.ufmg.br\/dti\/wp-json\/wp\/v2\/posts\/3243","targetHints":{"allow":["GET"]}}],"collection":[{"href":"https:\/\/www.ufmg.br\/dti\/wp-json\/wp\/v2\/posts"}],"about":[{"href":"https:\/\/www.ufmg.br\/dti\/wp-json\/wp\/v2\/types\/post"}],"author":[{"embeddable":true,"href":"https:\/\/www.ufmg.br\/dti\/wp-json\/wp\/v2\/users\/3"}],"replies":[{"embeddable":true,"href":"https:\/\/www.ufmg.br\/dti\/wp-json\/wp\/v2\/comments?post=3243"}],"version-history":[{"count":0,"href":"https:\/\/www.ufmg.br\/dti\/wp-json\/wp\/v2\/posts\/3243\/revisions"}],"wp:attachment":[{"href":"https:\/\/www.ufmg.br\/dti\/wp-json\/wp\/v2\/media?parent=3243"}],"wp:term":[{"taxonomy":"category","embeddable":true,"href":"https:\/\/www.ufmg.br\/dti\/wp-json\/wp\/v2\/categories?post=3243"},{"taxonomy":"post_tag","embeddable":true,"href":"https:\/\/www.ufmg.br\/dti\/wp-json\/wp\/v2\/tags?post=3243"},{"taxonomy":"author","embeddable":true,"href":"https:\/\/www.ufmg.br\/dti\/wp-json\/wp\/v2\/coauthors?post=3243"}],"curies":[{"name":"wp","href":"https:\/\/api.w.org\/{rel}","templated":true}]}}