{"id":3263,"date":"2001-07-26T08:00:00","date_gmt":"2001-07-26T08:00:00","guid":{"rendered":"https:\/\/www.ufmg.br\/dti\/cecom\/?p=1545"},"modified":"2001-07-26T08:00:00","modified_gmt":"2001-07-26T08:00:00","slug":"sistematico-edicao-1082-26072001","status":"publish","type":"post","link":"https:\/\/www.ufmg.br\/dti\/2001\/07\/26\/sistematico-edicao-1082-26072001\/","title":{"rendered":"Sistem\u00e1tico: Edi\u00e7\u00e3o 1082 &#8211; 26\/07\/2001"},"content":{"rendered":"<ul>\n<li><a href=\"\/dti\/#noticias\">Not\u00edcias<\/a>\n<div class='submenuSistematico'>\n<ul>\n<li><a href=\"\/dti\/#anoticias1\"><span class=\"titulo\">VIII CONGRESSO     INTERNACIONAL DE EDUCA&Ccedil;&Atilde;O A DIST&Acirc;NCIA<\/span><\/a><\/li>\n<li><a href=\"\/dti\/#anoticias2\"><span class=\"titulo\">ISEN&Ccedil;&Atilde;O     DA TAXA DO VESTIBULAR DA UFMG<\/span><\/a><\/li>\n<li><a href=\"\/dti\/#anoticias3\"><span class=\"titulo\">CONSULTA     AOS DADOS ACAD&Ecirc;MICOS<\/span><\/a><\/li>\n<li><a href=\"\/dti\/#anoticias4\"><span class=\"titulo\">INSTALA&Ccedil;&Atilde;O     E CONFUGURA&Ccedil;&Atilde;O DO LOTUS NOTES<\/span><\/a><\/li>\n<li><a href=\"\/dti\/#anoticias5\"><span class=\"titulo\">TREINAMENTO     EM INFORM&Aacute;TICA PARA O 2o. SEMESTRE<\/span><\/a><\/li>\n<li><a href=\"\/dti\/#anoticias6\"><span class=\"titulo\">NOVO V&Iacute;RUS<\/span><\/a><\/li>\n<\/ul>\n<\/div>\n<\/li>\n<li><a href=\"\/dti\/#informativo\">Informativo<\/a>\n<div class='submenuSistematico'>\n<ul>\n<li><a href=\"\/dti\/#ainformativo1\"><span class=\"titulo\">GenteWhere<\/span><br \/>    <\/a><\/li>\n<li><a href=\"\/dti\/#ainformativo2\"><span class=\"titulo\">GUIA DE SITES     INTERESSANTES<\/span><\/a><\/li>\n<li><a href=\"\/dti\/#ainformativo3\"><span class=\"titulo\">DEFINI&Ccedil;&Atilde;O     DE TERMOS DE INFORM&Aacute;TICA<\/span><\/a><\/li>\n<li><a href=\"\/dti\/#ainformativo4\"><span class=\"titulo\">MEM&Oacute;RIA     FOTOGR&Aacute;FICA DO CECOM<\/span><\/a><\/li>\n<li><a href=\"\/dti\/#ainformativo5\"><img loading=\"lazy\" decoding=\"async\" src=\"https:\/\/www.ufmg.br\/dti\/wp-content\/uploads\/imgs\/tudo_pixel.gif\" width=\"1\" height=\"8\" alt=\"\" border=\"0\"><br \/>    <span class=\"titulo\">H\u00e1 20 anos&#8230;<\/span><\/a><\/li>\n<\/ul>\n<\/div>\n<\/li>\n<li><a href=\"\/dti\/#eventos\">Eventos<\/a>\n<div class='submenuSistematico'>\n<ul>\n<li><a href=\"\/dti\/#aeventos1\"><span class=\"titulo\">TREINAMENTO     NOTES<\/span><\/a><\/li>\n<li><a href=\"\/dti\/#aeventos2\"><span class=\"titulo\">SOCIAIS<\/span><\/a><\/li>\n<\/ul>\n<\/div>\n<\/li>\n<\/ul>\n<p> <a name='noticias'><\/a><\/p>\n<h4>Not\u00edcias<\/h4>\n<div class=\"centro-sistematico\">  <!-- noticias --> <\/p>\n<table border=\"0\" cellspacing=\"0\" cellpadding=\"0\">\n<tr>\n<td><\/td>\n<td><\/td>\n<\/tr>\n<p>  <!-- #BeginEditable \"materias\" -->   <\/p>\n<tr>\n<td align=\"LEFT\" valign=\"TOP\"><\/td>\n<td align=\"LEFT\" valign=\"TOP\"> <a name=\"anoticias1\"><span class=\"titulo\">VIII CONGRESSO     INTERNACIONAL DE EDUCA&Ccedil;&Atilde;O A DIST&Acirc;NCIA<\/span><\/a> <span class=\"texto\">     <\/p>\n<p>Est&aacute; marcado para o per&iacute;odo de 06 a 08 de agosto, em      Bras&iacute;lia, o VIII Congresso Internacional de Educa&ccedil;&atilde;o      a Dist&acirc;ncia, numa realiza&ccedil;&atilde;o da ABED &#8211; Associa&ccedil;&atilde;o      Brasileira de Educa&ccedil;&atilde;o a Dist&acirc;ncia.<\/p>\n<p>O evento contar&aacute; com a participa&ccedil;&atilde;o de conferencistas      nacionais e internacionais e ter&aacute; apresenta&ccedil;&atilde;o      de trabalhos, mesas-redondas, exposi&ccedil;&atilde;o de produtos e      servi&ccedil;os e cursos pr&eacute;-congresso realizados nos dias 04      e 05 de agosto.<\/p>\n<p>Maiores informa&ccedil;&otilde;es poder&atilde;o ser obtidas no endere&ccedil;o      http:\/\/www.abed. org.br.<\/p>\n<p>    <\/span> <\/td>\n<\/tr>\n<tr>\n<td align=\"LEFT\" valign=\"TOP\"><\/td>\n<td align=\"LEFT\" valign=\"TOP\"> <a name=\"anoticias2\"><span class=\"titulo\">ISEN&Ccedil;&Atilde;O     DA TAXA DO VESTIBULAR DA UFMG<\/span><\/a> <span class=\"texto\">     <\/p>\n<p>Ser&aacute; divulgada, na Internet, a lista dos candidatos que solicitaram      a isen&ccedil;&atilde;o da taxa de inscri&ccedil;&atilde;o ao Vestibular      da UFMG 2002.<\/p>\n<p>A rela&ccedil;&atilde;o dos candidatos, tanto os deferidos como os      indeferidos, estar&aacute; dispon&iacute;vel, a partir do dia 03 de      agosto, na p&aacute;gina da UFMG, no endere&ccedil;o http:\/\/www.ufmg.br\/copeve.<\/p>\n<p>    <\/span>     <\/td>\n<\/tr>\n<tr>\n<td align=\"LEFT\" valign=\"TOP\"><\/td>\n<td align=\"LEFT\" valign=\"TOP\"> <a name=\"anoticias3\"><span class=\"titulo\">CONSULTA     AOS DADOS ACAD&Ecirc;MICOS<\/span><\/a> <span class=\"texto\">     <\/p>\n<p>Desde junho de 1997, o CECOM, em parceria com o Departamento de Registro      e Controle Acad&ecirc;mico (DRCA), disponibilizou aos alunos de gradua&ccedil;&atilde;o      a consulta a suas informa&ccedil;&otilde;es acad&ecirc;micas atrav&eacute;s      da Internet, servi&ccedil;o inovador no g&ecirc;nero, que recebeu, naquele      ano, cerca de 17 mil acessos.<\/p>\n<p>Neste m&ecirc;s de julho, com a orienta&ccedil;&atilde;o recebida pelos      alunos de algumas unidades para que fizessem a verifica&ccedil;&atilde;o      dos resultados do semestre e da matr&iacute;cula atrav&eacute;s dessa      consulta, j&aacute; foram registrados, at&eacute; ontem, dia 25, 31.625      acessos, com uma m&eacute;dia de 1.267 acessos di&aacute;rios. Para      se ter um padr&atilde;o de compara&ccedil;&atilde;o, durante o m&ecirc;s      de junho foram feitas apenas 4.926 consultas, sendo a m&eacute;dia de      170 acessos por dia.<\/p>\n<p>A superposi&ccedil;&atilde;o entre esse aumento no n&uacute;mero de      consultas e a realiza&ccedil;&atilde;o da matr&iacute;cula nas disciplinas      dos cursos da UFMG provocou uma sobrecarga no computador em que esses      procedimentos s&atilde;o executados, fazendo com que o sistema ficasse      indispon&iacute;vel. Em fun&ccedil;&atilde;o da import&acirc;ncia do      processo de matr&iacute;cula, o CECOM e o DRCA optaram por deixar o      acesso &agrave;s consultas via Internet dispon&iacute;vel, nos dias      &uacute;teis, apenas nos hor&aacute;rios de 19:00 &agrave;s 9:00 do      dia seguinte e de 12:00 a 14:00. No s&aacute;bado e no domingo, a consulta      estar&aacute; liberada. Esta limita&ccedil;&atilde;o vigorar&aacute;      at&eacute; o dia 31\/7, quando o funcionamento volta a ser normal.<\/p>\n<p>    <\/span>     <\/td>\n<\/tr>\n<tr>\n<td align=\"LEFT\" valign=\"TOP\"><\/td>\n<td align=\"LEFT\" valign=\"TOP\"> <a name=\"anoticias4\"><span class=\"titulo\">INSTALA&Ccedil;&Atilde;O     E CONFUGURA&Ccedil;&Atilde;O DO LOTUS NOTES<\/span><\/a> <span class=\"texto\">     <\/p>\n<p>Est&aacute; praticamente encerrado o processo de implanta&ccedil;&atilde;o      do Projeto Grude, em que a ferramenta de correio e agenda passa a ser      o Lotus Notes, para os usu&aacute;rios do pr&eacute;dio da Reitoria.<\/p>\n<p>O CECOM est&aacute;, atualmente, fazendo a inclus&atilde;o daquelas      pessoas que, por motivos v&aacute;rios, n&atilde;o foram inclu&iacute;das      no Grude de forma autom&aacute;tica. Assim, a Divis&atilde;o de Atendimento      e Consultoria (DAC) solicitou aos &oacute;rg&atilde;os que funcionam      no pr&eacute;dio da Reitoria que enviem uma rela&ccedil;&atilde;o com      os nomes e as datas de nascimento de seus servidores, do quadro da UFMG,      que estejam nessa situa&ccedil;&atilde;o. <\/p>\n<p>No caso de pessoas que n&atilde;o perten&ccedil;am ao quadro da UFMG      (contratados via Fundep, Fump, Cruz Vermelha etc.), deve ser preenchido      um formul&aacute;rio, que foi enviado via e-mail, em que constam os      dados necess&aacute;rios para a inclus&atilde;o destas pessoas. Estes      dados (tanto a rela&ccedil;&atilde;o quanto os formul&aacute;rios) devem      ser enviados para o endere&ccedil;o xina@cecom.ufmg.br.<\/p>\n<p>Dentro do Projeto Grude, o pr&oacute;ximo passo na Reitoria dever&aacute;      ser a implanta&ccedil;&atilde;o dos endere&ccedil;os institucionais,      que j&aacute; est&aacute; sendo preparado pela DAC.<\/p>\n<p>    <\/span>     <\/td>\n<\/tr>\n<tr>\n<td align=\"LEFT\" valign=\"TOP\"><\/td>\n<td align=\"LEFT\" valign=\"TOP\"> <a name=\"anoticias5\"><span class=\"titulo\">TREINAMENTO     EM INFORM&Aacute;TICA PARA O 2o. SEMESTRE<\/span><\/a> <span class=\"texto\">     <\/p>\n<p>O Centro de Computa&ccedil;&atilde;o, em parceria com a Pr&oacute;-Reitoria      de Recursos Humanos, est&aacute; elaborando o planejamento do Programa      de Treinamento em Inform&aacute;tica para o 2o. semestre de 2001, para      os servidores t&eacute;cnicos e administrativos da UFMG.<\/p>\n<p>O cronograma estar&aacute; dispon&iacute;vel, para consultas, no site      do CECOM, no endere&ccedil;o https:\/\/www.ufmg.br\/dti\/cecom\/, a partir do dia      06 de agosto.<\/p>\n<p>    <\/span>     <\/td>\n<\/tr>\n<tr>\n<td align=\"LEFT\" valign=\"TOP\"><\/td>\n<td align=\"LEFT\" valign=\"TOP\"> <a name=\"anoticias6\"><span class=\"titulo\">NOVO V&Iacute;RUS<\/span><\/a>     <span class=\"texto\">     <\/p>\n<p>Foi detectado no dia 17 de julho\/2001, o v&iacute;rusW32. Sircam, de      r&aacute;pida dissemina&ccedil;&atilde;o por e-mail. Normalmente, ele      vem com um arquivo anexado tipo Texto ou Planilha com uma mensagem:      &#8211; &#8220;Hi! How are you? I send you this virtual in order to have your      advice. See you later. Thanks.&#8221; Ou: &#8211; &#8220;Hola como estas ? Te      mando este archivo para que me des tu punto de vista. Nos vemos pronto,      gracias.&#8221; e a vers&atilde;o em Portugu&ecirc;s.<\/p>\n<p>Al&eacute;m de congestionar o sistema de e-mail, ele exp&otilde;e documentos&nbsp;das      v&iacute;timas que estejam armazenados no diret&oacute;rio Meus Documentos,      enviando por&nbsp;e-mail um desses arquivos a toda a lista de contatos      do Outlook.<\/p>\n<p>O arquivo anexo &agrave; mensagem &eacute; um&nbsp;execut&aacute;vel      do v&iacute;rus com o documento roubado, e usa duas extens&otilde;es:      a do documento (DOC, XLS ou MPG) seguida de BAT, COM, EXE, LNK ou PIF.      Se o destinat&aacute;rio clicar no link para o anexo, o v&iacute;rus      vai reconstituir as duas partes originais: o documento (texto ou planilha)      e um programa execut&aacute;vel (v&iacute;rus). Com essa artimanha,      o v&iacute;rus revela documentos&nbsp;das v&iacute;timas,&nbsp;que podem      conter informa&ccedil;&otilde;es reservadas, e&nbsp;ao mesmo tempo,      desarmando a vigil&acirc;ncia dos destinat&aacute;rios, pois&nbsp;envia      um documento verdadeiro do suposto remetente normalmente conhecido da      v&iacute;tima seguinte. Al&eacute;m disso, em muitos casos, o texto      da mensagem, que &eacute; vari&aacute;vel, pede ajuda a respeito do      documento anexo.    <\/p>\n<p> A empresa Symantec desenvolveu uma vacina contra esse v&iacute;rus,      que est&aacute; dispon&iacute;vel no endere&ccedil;o http:\/\/www.sarc.com\/avcenter\/FixSirc.com.<\/p>\n<p>O CECOM j&aacute; disponibilizou este programa para a Rede Administrativa      e os interessados poder&atilde;o execut&aacute;-lo a partir do menu      Iniciar da tela do Windows, digitando FixSircam. 2<\/p>\n<p>    <\/span>     <\/td>\n<\/tr>\n<p>  <!-- #EndEditable -->  <\/table>\n<p> <!-- fim noticias --><\/div>\n<p><a name='informativo'><\/a><\/p>\n<h4>Informativo<\/h4>\n<div class=\"centro-sistematico\">  <!-- noticias --> <\/p>\n<table border=\"0\" cellspacing=\"0\" cellpadding=\"0\">\n<tr>\n<td><\/td>\n<td><\/td>\n<\/tr>\n<p>  <!-- #BeginEditable \"materias\" -->   <\/p>\n<tr>\n<td align=\"LEFT\" valign=\"TOP\"><\/td>\n<td align=\"LEFT\" valign=\"TOP\"><a name=\"ainformativo1\"><span class=\"titulo\">GenteWhere<\/span><br \/>    <\/a> <img loading=\"lazy\" decoding=\"async\" src=\"https:\/\/www.ufmg.br\/dti\/wp-content\/uploads\/imgs\/tudo_pixel.gif\" width=\"1\" height=\"20\" alt=\"\" border=\"0\"><br \/>     <span class=\"texto\"> <img loading=\"lazy\" decoding=\"async\" src=\"https:\/\/www.ufmg.br\/dti\/wp-content\/uploads\/fotos\/analu.jpg\" width=\"179\" height=\"213\" alt=\"\" border=\"0\" hspace=\"0\" vspace=\"0\" align=\"left\"><img loading=\"lazy\" decoding=\"async\" src=\"https:\/\/www.ufmg.br\/dti\/wp-content\/uploads\/imgs\/tudo_pixel.gif\" width=\"20\" height=\"191\" alt=\"\" border=\"0\" hspace=\"0\" vspace=\"0\" align=\"left\">Ela     pertenceu &agrave; equipe do CECOM dos velhos tempos, saiu, voltou e tornou     a sair. &Eacute; um grave caso de amor&#8230; Continua el&eacute;trica como     naquela &eacute;poca e ningu&eacute;m consegue deslig&aacute;-la da tomada.     Ela &eacute; Ana L&uacute;cia Ribeiro Diniz, Diretora do Depto. de Registro     e Controle Acad&ecirc;mico da UFMG.     <\/p>\n<p>Vamos falar de fase 1 e fase 2 da vida ceconiana da Ana. No intervalo      entre as duas fases, ela se desligou um pouco do CECOM, mas sempre t&iacute;nhamos      not&iacute;cias dela. Ap&oacute;s a segunda fase, permaneceu agarrada.      Ser&aacute; que foi um choque el&eacute;trico?<\/p>\n<p>Ana L&uacute;cia continua aquela pessoa amiga, risonha, sempre preocupada      com as pessoas. E, em meio &agrave; matr&iacute;cula, diplomas, e mil      tarefas, ela conseguiu um tempinho para contar a sua hist&oacute;ria.<\/p>\n<p><b>SIST:<\/b> Como foi a sua hist&oacute;ria ceconiana? <br \/>     <b>ANA:<\/b> A minha admiss&atilde;o na UFMG aconteceu em junho de 1977.      Nessa &eacute;poca, eu trabalhava como Secret&aacute;ria Executiva na      Divis&atilde;o de Vendas da General Motors-Terex do Brasil, quando a      Maria Tereza Gon&ccedil;alves Diniz, minha concunhada, ent&atilde;o      Diretora T&eacute;cnica do CECOM, me pediu para arranjar uma Secret&aacute;ria      para a Divis&atilde;o de Tecnologia. Arrumei na mesma hora: eu mesma.      A &Acirc;ngela Lage me entrevistou e me aplicou um exame de sele&ccedil;&atilde;o      que consistia em duas provas: redigir uma carta em Ingl&ecirc;s e Portugu&ecirc;s      e um teste de datilografia. Ap&oacute;s os testes, fui entrevistada      pelo prof. Wilson de P&aacute;dua Paula Filho, chefe da divis&atilde;o.      O mais dif&iacute;cil foi a entrevista! Conversar com o Wilson n&atilde;o      era nada f&aacute;cil.<\/p>\n<p><b>SIST:<\/b> Como a sua hist&oacute;ria no CECOM teve a Fase 1 e Fase      2, quando saiu e quando retornou?<br \/>     <b>ANA:<\/b> Na fase 1, eu exercia o cargo de Secret&aacute;ria do Projeto      PACCO, da Divis&atilde;o de Tecnologia. Fazia de tudo: atendia a toda      a equipe (eram cerca de 15 pesquisadores), compras, datilografia, contatos      etc. Me lembro que a primeira m&aacute;quina copiadora do CECOM foi      adquirida com verba desse projeto e era uma Nashua. Eu falava com o      maior orgulho que o projeto era o dono da m&aacute;quina e ai de quem      se aproximasse dela sem pedir permiss&atilde;o&#8230; (N.R.: Na &eacute;poca,      o Sistem&aacute;tico publicou uma charge sobre os apuros da Ana com      o Jonas, operador da Nashua.)<\/p>\n<p>Acostumada a trabalhar em ind&uacute;stria (vendendo caminh&atilde;o-fora-de-estrada),      fiquei bastante assustada com a quantidade de papel que era produzida      na UFMG. Achava estranho o valor do papel e ficava me perguntando: &#8211;      Cad&ecirc; as m&aacute;quinas?<\/p>\n<p>Quando houve a mudan&ccedil;a no CECOM, fui trabalhar como Secret&aacute;ria      do Depto. de Ci&ecirc;ncia da Computa&ccedil;&atilde;o, no ICEx. Foi      dif&iacute;cil deixar o 5&deg; andar do pr&eacute;dio da Reitoria (onde      funcionava o CECOM) e as pessoas que aqui ficaram. Era o fim de uma      excelente fase. Deixou saudades.<\/p>\n<p>Por outro lado, foi muito interessante, pois comecei a conhecer mais      um dos v&aacute;rios lados da Universidade. Fiquei no DCC at&eacute;      1988, quando, a convite de Miriam Louren&ccedil;o Maia, Diretora do      ICEx, fui trabalhar na Secretaria do Colegiado de Cursos de Gradua&ccedil;&atilde;o      do Instituto. Foi uma das &eacute;pocas mais dif&iacute;ceis da minha      vida. O Milton (meu marido) morreu em um acidente de avi&atilde;o e      foi necess&aacute;rio dividir o meu tempo entre o trabalho, a fun&ccedil;&atilde;o      de dona de casa e a de criar tr&ecirc;s filhos pequenos. O meu senso      de responsabilidade falou mais alto e achei que o tempo que tinha dispon&iacute;vel      era incompat&iacute;vel com o tipo de trabalho que a Secretaria do DCC      exigia e, aceitei o convite da Miriam para trabalhar na Secretaria de      Colegiados de Cursos de Gradua&ccedil;&atilde;o, onde era poss&iacute;vel      dividir o trabalho com mais duas secret&aacute;rias.<\/p>\n<p>Entretanto, considero que fiz parte da hist&oacute;ria do DCC e que      ele continua sendo a minha eterna casa nesta Universidade. E quando      eu digo DCC estou incluindo o CECOM, porque, por um bom tempo, esses      dois &oacute;rg&atilde;os eram a mesma coisa e me ensinaram uma li&ccedil;&atilde;o:      aprender, aprender e aprender sempre.<\/p>\n<p>Nessa perspectiva, aceitei o convite de Aroldo Batista, Diretor Geral      do DP, para trabalhar como Chefe da Divis&atilde;o de Pagamento daquele      &oacute;rg&atilde;o. Em 1993, fui removida para a Escola de Veterin&aacute;ria,      para exercer a fun&ccedil;&atilde;o de Secret&aacute;ria Geral da Escola.<\/p>\n<p>Como o bom filho &agrave; coisa torna, em 1995 retornei ao CECOM, trabalhando      na Divis&atilde;o de Aplicativos e Sistemas. Fiquei muito orgulhosa      pelo convite de retornar ao CECOM, porque ele se deu em fun&ccedil;&atilde;o      do &oacute;timo relacionamento que t&iacute;nhamos tido (DP e CECOM)      durante o per&iacute;odo em que trabalhei na Divis&atilde;o de Pagamentos      do DP. Era mais um desafio: chefiar 10 analistas de sistemas, n&atilde;o      sendo da &aacute;rea, bota desafio nisso!<\/p>\n<p>Como o combinado com o Carlos Alfeu foi que eu ficaria no CECOM at&eacute;      mar&ccedil;o de 1998, combinei com o Clarindo, chefe do DCC &agrave;      &eacute;poca, que encerraria minha carreira de funcion&aacute;ria p&uacute;blica      no DCC. Mas &#8230; n&atilde;o foi bem assim.<\/p>\n<p>C&aacute; estou eu no DRCA, aprendendo mais um pouco sobre a Universidade,      o que me faz muito bem. Trabalhar no DRCA est&aacute; sendo, de certa      forma, trabalhar novamente no CECOM, j&aacute; que algumas situa&ccedil;&otilde;es      se confudem, como por exemplo, gerenciar o sistema acad&ecirc;mico,      fazendo com que seja poss&iacute;vel manter o contato com pessoas &#8220;porret&iacute;ssimas&#8221;      como toda a equipe da DAS. Meu abra&ccedil;o a todos eles. Saudades!<\/p>\n<p>Posso dizer que me considero uma pessoa feliz. Nesses quase 25 anos      de trabalho, tive a oportunidade de conviver com pessoas incr&iacute;veis,      no CECOM e em toda a Universidade. Agrade&ccedil;o &agrave; Lel&eacute;      por ter se lembrado de mim na coluna &#8220;GenteWhere&#8221; e por ter      me dado a chance de agradecer publicamente a essas pessoas pela contribui&ccedil;&atilde;o      que deram &agrave; minha vida.<\/p>\n<p>Foi muito bom conversar com Ana L&uacute;cia e, assim, poder contar      para todos a trajet&oacute;ria dela dentro da Universidade. Um caminho      e tanto, com muitas coisas para ensinar a muitos.<\/p>\n<p align=\"center\"><font face=\"1\"><i>O Sistem&aacute;tico, Ano I, no. 12,      01\/09\/1977<\/i><\/font><\/p>\n<p align=\"center\"><img loading=\"lazy\" decoding=\"async\" src=\"https:\/\/www.ufmg.br\/dti\/wp-content\/uploads\/fotos\/chargeana.jpg\" width=\"298\" height=\"448\"><\/p>\n<p>    <\/span> <\/td>\n<\/tr>\n<tr>\n<td align=\"LEFT\" valign=\"TOP\"><\/td>\n<td align=\"LEFT\" valign=\"TOP\"><a name=\"ainformativo2\"><span class=\"titulo\">GUIA DE SITES     INTERESSANTES<\/span><\/a> <span class=\"texto\">     <\/p>\n<p>Adyrus, o ca&ccedil;ador de sites, enviou, esta semana, as seguintes      dicas: <\/p>\n<p>&#8211; O Banja (<b>http:\/\/www.banja.com<\/b>), todo constru&iacute;do em      flash, &eacute; uma hist&oacute;ria e um jogo bem divertido. Pode ser      encontrado em diversas l&iacute;nguas, como ingl&ecirc;s, italiano e      espanhol (s&oacute; n&atilde;o em portugu&ecirc;s). A partir da hist&oacute;ria      inicial do personagem Banja, voc&ecirc; viver&aacute; aventuras numa      ilha paradis&iacute;aca.<\/p>\n<p>&#8211; Voc&ecirc; sabia que as serpentes usam cinto de castidade? Que os      primeiros f&oacute;sforos tinham oito cent&iacute;metros e costumavam      incendiar a embalagem? E que para um povo da Indon&eacute;sia os orangotangos      s&atilde;o animais sagrados? Estas e outras curiosidades voc&ecirc;      encontrar&aacute; na p&aacute;gina <b>http:\/\/www.duvidacruel.com.br<\/b>.      Vale a pena conferir e dar algumas gargalhadas.<\/p>\n<p>&#8211; Se voc&ecirc; &eacute; Webdesigner, Webmaster ou simplesmente quer      conhecer mais sobre Flash, DreamWeaver e FireWorks, &eacute; s&oacute;      ir na p&aacute;gina <b>http:\/\/www.flash-brasil.com.b<\/b>r e pegar todas      as dicas para este produto que vem revolucionando os sites.<\/p>\n<p>&#8211; Se voc&ecirc; gosta de hist&oacute;rias em quadrinhos, uma boa p&aacute;gina      para ser visitada &eacute; a Prancheta, no endere&ccedil;o <b>http:\/\/www.prancheta.com<\/b>.      Informa&ccedil;&otilde;es, dicas e downloads s&atilde;o algumas das      atra&ccedil;&otilde;es. Para quem quer se iniciar na arte das HQs, a      se&ccedil;&atilde;o aulas e dicas fornece ajuda para quem quer criar      seus pr&oacute;prios personagens. Visite os links e d&ecirc; download      em bal&otilde;es, fontes e pap&eacute;is de parede etc.<\/p>\n<p>&#8211; Escritor, teatr&oacute;logo e roteirista de quadrinhos, Grant Morrison      tem uma p&aacute;gina oficial, que &eacute; <b>http:\/\/www.grant-morrison.com<\/b>.      Os f&atilde;s das s&eacute;ries Doom Patrol, The Invisibles e Homem-Animal      v&atilde;o encontrar textos do autor escoc&ecirc;s. Ah! tem novidades      sobre sua atual fase na revista dos mutantes X-Men. (Site em Ingl&ecirc;s)<\/p>\n<p>&#8211; Os jogos eletr&ocirc;nicos t&ecirc;m um site especial. A p&aacute;gina      <b>http:\/\/videogames.org<\/b>, tem novidades sobre os mais diversos consoles      (Playstation 2, Game Boy, Atari Master system etc) e uma se&ccedil;&atilde;o      bastante rica sobre a hist&oacute;ria dos videogames. Visite o museu      e veja imagens interessantes dos antigos v&iacute;deogames. Vale a pena      conferir toda a hist&oacute;ria. (Site em Ingl&ecirc;s) <\/p>\n<p>&#8211; A p&aacute;gina <b>http:\/\/foia.fbi.org<\/b> tem fichas de personagens      not&aacute;veis. Artistas pl&aacute;sticos, atores, g&acirc;ngsters,      espi&otilde;es e o espanhol Pablo Picasso, s&atilde;o alguns dos que      podem ser encontrados nas 180 p&aacute;ginas de &#8220;atividades ligadas      a v&aacute;rios grupos subversivos&#8221;. Os arquivos est&atilde;o dispon&iacute;veis      para download. ( Site em Ingl&ecirc;s) <\/p>\n<p>&#8211; Em tempo de contas altas e a concorr&ecirc;ncia de telefonia, voc&ecirc;      ter&aacute; a ajuda da p&aacute;gina <b>http:\/\/www.telecalc.net<\/b>      para comparar os pre&ccedil;os cobrados pelas operadoras. Voc&ecirc;      pode selecionar os locais de origem e destino, o hor&aacute;rio e o      tipo de liga&ccedil;&atilde;o.<\/p>\n<p>&#8211; Uma p&aacute;gina muito legal de jogos &eacute; a <b>http:\/\/bananagames.globo.com\/forca<\/b>.      &Eacute; feita uma pergunta e voc&ecirc; responde. Se a resposta estiver      errada, a banana ser&aacute; esmagada. Selecione as letras do alfabeto      para formar a resposta. Veja os outros jogos nos links da p&aacute;gina.<\/p>\n<p>&#8211; Para as pessoas que adoram receitas e querem saber como fazer, &eacute;      s&oacute; visitar a p&aacute;gina <b>http:\/\/brchef.zip.net\/index.php<\/b>      e se deliciar. S&atilde;o v&aacute;rias dicas de bebidas, salgados,      bolos, tortas etc. Tudo bem explicado para que voc&ecirc; n&atilde;o      d&ecirc; vexame. Tem uma dica de torta de nozes&#8230; Confira!<\/p>\n<p>&#8211; Se voc&ecirc; quer dicas e informa&ccedil;&otilde;es, atrav&eacute;s      de cursos r&aacute;pidos que s&atilde;o realizados &agrave; dist&acirc;ncia      pela Internet, &eacute; s&oacute; visitar a p&aacute;gina <b>http:\/\/www.diztudo.com.br\/<\/b>.      Voc&ecirc; pode escolher o tema do seu interesse como: Arte e Cultura,      Comportamento, Esoterismo, Medicina e Tecnologia.<\/p>\n<p>&#8211; Uma p&aacute;gina especializada em esportes radicais e turismo de      aventura &eacute; a <b>http:\/\/360graus.terra.com.br\/<\/b>. L&aacute;      voc&ecirc; encontra as &uacute;ltimas not&iacute;cias sobre os temas      em mais de 50 canais de informa&ccedil;&atilde;o. <\/p>\n<p>&#8211; Se voc&ecirc; &eacute; daqueles que gosta de cinema alternativo,      um bom lugar para ficar por dentro de tudo &eacute; no endere&ccedil;o      <b>http:\/\/web.cidadeinternet.com.br\/zetafilmes<\/b>\/. Os temas s&atilde;o      tratados de forma leve, atrav&eacute;s de mat&eacute;rias especiais      e entrevistas com atores.<\/p>\n<p><span class=\"texto\"><br \/>     <\/span>    <\/p>\n<p>    <\/span><\/td>\n<\/tr>\n<tr>\n<td align=\"LEFT\" valign=\"TOP\"><\/td>\n<td align=\"LEFT\" valign=\"TOP\"><a name=\"ainformativo3\"><span class=\"titulo\">DEFINI&Ccedil;&Atilde;O     DE TERMOS DE INFORM&Aacute;TICA<\/span><\/a> <span class=\"texto\">     <\/p>\n<p>Esta semana, O Sistem&aacute;tico publica os seguintes termos:<\/p>\n<p><b>Failover &#8211;<\/b> Um sistema de &#8220;backup&#8221; que visa aumentar      a confiabilidade de sistemas de miss&atilde;o cr&iacute;tica, grandes      servidores de banco de dados por exemplo. Caso algum componente, um      processador, ou mesmo um servidor inteiro apresente algum problema,      ou mesmo seja intencionalmente desligado para manuten&ccedil;&atilde;o,      o sistema de backup entra em cena, substituindo o sistema titular. Naturalmente      este tipo de solu&ccedil;&atilde;o &eacute; mais cara, pois &eacute;      necess&aacute;ria redund&acirc;ncia, mais de um componente para fazer      o trabalho de um.<\/p>\n<p><b>Microcode &#8211;<\/b> microc&oacute;digo, as instru&ccedil;&otilde;es      de um processador, que ficam armazenadas em alguma &aacute;rea de mem&oacute;ria      n&atilde;o vol&aacute;til inclu&iacute;da no chip. O microc&oacute;digo      dos processadores x86, como o Pentium III e o Athlon &eacute; composto      por 184 instru&ccedil;&otilde;es, al&eacute;m de instru&ccedil;&otilde;es      MMX, SSE, 3D-Now! ou outros conjuntos alternativos que eventualmente      sejam suportados.<\/p>\n<p><b>Petabyte &#8211;<\/b> Equivale a 1024 Terabytes ou 1.048.576 Gigabytes.<\/p>\n<p>D&uacute;vidas sobre outros termos de inform&aacute;tica? Consulte:      <b>http:\/\/www.guiadohardware.net\/dicionario\/index.asp<\/b>.<\/p>\n<p>    <\/span> <\/td>\n<\/tr>\n<tr>\n<td align=\"LEFT\" valign=\"TOP\"><\/td>\n<td align=\"LEFT\" valign=\"TOP\"><a name=\"ainformativo4\"><span class=\"titulo\">MEM&Oacute;RIA     FOTOGR&Aacute;FICA DO CECOM<\/span><\/a> <span class=\"texto\">     <\/p>\n<p>Para os saudosistas, como tamb&eacute;m para aqueles que n&atilde;o      conheceram, fotos do Sistema IBM\/360-40, instalado no CECOM em 1970.      O IBM\/360-40 tinha 128K de mem&oacute;ria; uma unidade leitora\/perfuradora      de cart&otilde;es, capaz de ler at&eacute; 1000 cart&otilde;es por minuto      e perfurar 300 cart&otilde;es por minuto; uma unidade impressora capaz      de imprimir at&eacute; 1100 linhas linhas por minuto; duas unidades      de disco magn&eacute;tico, cada uma com a capacidade de armazenamento      de, aproximadamente, 30 milh&otilde;es de bytes; e quatro unidades de      fita magn&eacute;tica de 800 bpi.<\/p>\n<p>O autor das fotos &eacute; desconhecido, podendo ser Rainer Brockerhoff,      em data ignorada. Somente temos certeza de quem posou para as fotos:      o operador Arnaldo Jos&eacute; de Oliveira, que trabalhou no CECOM de      novembro de 1970 a setembro de 1983.<\/p>\n<p align=\"center\"><font face=\"1\"><i>Arnaldo na console do Sistema IBM\/360-40<\/i><\/font><\/p>\n<p align=\"center\"><img loading=\"lazy\" decoding=\"async\" src=\"https:\/\/www.ufmg.br\/dti\/wp-content\/uploads\/fotos\/ibm1.jpg\" width=\"289\" height=\"392\"><\/p>\n<p align=\"center\"><font face=\"1\"><\/font><\/p>\n<p align=\"center\"><font face=\"1\"><i>As unidades de fita do 360-40<\/i><\/font><\/p>\n<p align=\"center\"><img loading=\"lazy\" decoding=\"async\" src=\"https:\/\/www.ufmg.br\/dti\/wp-content\/uploads\/fotos\/ibm2.jpg\" width=\"383\" height=\"289\"><\/p>\n<p>    <\/span> <\/td>\n<\/tr>\n<p>  <!-- #EndEditable -->  <\/table>\n<p> <!-- fim noticias --> <!-- tabela ha 20 anos --> <\/p>\n<table border=\"0\" cellspacing=\"0\" cellpadding=\"0\" class=\"cinza\">\n<tr>\n<td><img loading=\"lazy\" decoding=\"async\" src=\"https:\/\/www.ufmg.br\/dti\/wp-content\/uploads\/imgs\/tudo_pixel.gif\" width=\"1\" height=\"1\" alt=\"\" border=\"0\"><\/td>\n<td><img loading=\"lazy\" decoding=\"async\" src=\"https:\/\/www.ufmg.br\/dti\/wp-content\/uploads\/imgs\/tudo_pixel.gif\" width=\"19\" height=\"1\" alt=\"\" border=\"0\"><\/td>\n<td><img loading=\"lazy\" decoding=\"async\" src=\"https:\/\/www.ufmg.br\/dti\/wp-content\/uploads\/imgs\/tudo_pixel.gif\" width=\"510\" height=\"1\" alt=\"\" border=\"0\"><\/td>\n<td><img loading=\"lazy\" decoding=\"async\" src=\"https:\/\/www.ufmg.br\/dti\/wp-content\/uploads\/imgs\/tudo_pixel.gif\" width=\"19\" height=\"1\" alt=\"\" border=\"0\"><\/td>\n<td><img loading=\"lazy\" decoding=\"async\" src=\"https:\/\/www.ufmg.br\/dti\/wp-content\/uploads\/imgs\/tudo_pixel.gif\" width=\"1\" height=\"1\" alt=\"\" border=\"0\"><\/td>\n<\/tr>\n<tr>\n<td class=\"vermelho\" colspan=\"5\"><img loading=\"lazy\" decoding=\"async\" src=\"https:\/\/www.ufmg.br\/dti\/wp-content\/uploads\/imgs\/tudo_pixel.gif\" width=\"1\" height=\"1\" alt=\"\" border=\"0\"><\/td>\n<\/tr>\n<tr>\n<td class=\"vermelho\"><img loading=\"lazy\" decoding=\"async\" src=\"https:\/\/www.ufmg.br\/dti\/wp-content\/uploads\/imgs\/tudo_pixel.gif\" width=\"1\" height=\"1\" alt=\"\" border=\"0\"><\/td>\n<td><img loading=\"lazy\" decoding=\"async\" src=\"https:\/\/www.ufmg.br\/dti\/wp-content\/uploads\/imgs\/tudo_pixel.gif\" width=\"1\" height=\"1\" alt=\"\" border=\"0\"><\/td>\n<td align=\"LEFT\" valign=\"TOP\"><!-- #BeginEditable \"ha 20 anos\" --><a name=\"ainformativo5\"><img loading=\"lazy\" decoding=\"async\" src=\"https:\/\/www.ufmg.br\/dti\/wp-content\/uploads\/imgs\/tudo_pixel.gif\" width=\"1\" height=\"8\" alt=\"\" border=\"0\"><br \/>    <span class=\"titulo\">H\u00e1 20 anos&#8230;<\/span><\/a> <span class=\"texto\">     <\/p>\n<p>O Sistem&aacute;tico Ano V, no. 27, de 23\/07\/1981, publicou not&iacute;cias      como a visita de representante da Burroughs\/Rio ao CECOM, in&iacute;cio      do processamento das fichas de matr&iacute;cula do 2o. semestre da UFMG,      semin&aacute;rios da SCI para o m&ecirc;s de agosto, &iacute;ndices      de funcionamento do Burroughs 6700, entre outras. A not&iacute;cia que      se destacou foi:<\/p>\n<p><b>11o. SECOMU &#8211; 8o. SEMISH <br \/>     I CONGRESSO DA SOCIEDADE BRASILEIRA DE COMPUTA&Ccedil;&Atilde;O<\/b><br \/>     <font face=\"1\">Ser&aacute; realizado em Florian&oacute;polis, de 27      a 31 de julho, o I Congresso da Sociedade Brasileira de Computa&ccedil;&atilde;o.      Esse congreso estar&aacute; composto do 8o. Semin&aacute;rio Integrado      de Software e Hardware &#8211; SEMISH &#8211; e do 11o. Semin&aacute;rio sobre Computa&ccedil;&atilde;o      na Universidade &#8211; SECOMU, que contar&aacute; com a participa&ccedil;&atilde;o      de s&oacute;cios da SBC, especialistas e estudantes do pa&iacute;s.<br \/>     Os representantes do Centro de Computa&ccedil;&atilde;o no congresso      ser&atilde;o Maria Miriam Arruda Salvador, Diretora Geral, e Eduardo      Henrique Lima. Cerca de 50 pessoas, entre alunos dos cursos de gradua&ccedil;&atilde;o      e p&oacute;s-gradua&ccedil;&atilde;o em Ci&ecirc;ncia da Computa&ccedil;&atilde;o      e bolsistas do CECOM estar&atilde;o, durante a pr&oacute;xima semana,      participando tamb&eacute;m das atividades do congresso.<br \/>     O congresso conta com a promo&ccedil;&atilde;o da Sociedade Brasileira      de Computa&ccedil;&atilde;o e com o patroc&iacute;nio do Conselho Nacional      de Desenvolvimento Cient&iacute;fico e Tecnol&oacute;gico &#8211; CNPq, Secretaria      Especial de Inform&aacute;tica-SEI, Coordena&ccedil;&atilde;o de Aperfei&ccedil;oamento      de Pessoal do Ensino Superior-CAPES, Governo do Estado de Santa Catarina      e Universidade Federal de Santa Catariana. &#8230;<\/font><\/p>\n<p>    <\/span><!-- #EndEditable --><br \/>     <img loading=\"lazy\" decoding=\"async\" src=\"https:\/\/www.ufmg.br\/dti\/wp-content\/uploads\/imgs\/tudo_pixel.gif\" width=\"1\" height=\"8\" alt=\"\" border=\"0\"><\/td>\n<td><img loading=\"lazy\" decoding=\"async\" src=\"https:\/\/www.ufmg.br\/dti\/wp-content\/uploads\/imgs\/tudo_pixel.gif\" width=\"1\" height=\"1\" alt=\"\" border=\"0\"><\/td>\n<td class=\"vermelho\"><img loading=\"lazy\" decoding=\"async\" src=\"https:\/\/www.ufmg.br\/dti\/wp-content\/uploads\/imgs\/tudo_pixel.gif\" width=\"1\" height=\"1\" alt=\"\" border=\"0\"><\/td>\n<\/tr>\n<tr>\n<td class=\"vermelho\" colspan=\"5\"><img loading=\"lazy\" decoding=\"async\" src=\"https:\/\/www.ufmg.br\/dti\/wp-content\/uploads\/imgs\/tudo_pixel.gif\" width=\"1\" height=\"1\" alt=\"\" border=\"0\"><\/td>\n<\/tr>\n<\/table>\n<p> <!-- fim tabela ha 20 anos --><\/div>\n<p><a name='eventos'><\/a><\/p>\n<h4>Eventos<\/h4>\n<div class=\"centro-sistematico\">  <!-- noticias --> <\/p>\n<table border=\"0\" cellspacing=\"0\" cellpadding=\"0\">\n<tr>\n<td><\/td>\n<td><\/td>\n<\/tr>\n<p>  <!-- #BeginEditable \"materias\" -->   <\/p>\n<tr>\n<td align=\"LEFT\" valign=\"TOP\"><\/td>\n<td align=\"LEFT\" valign=\"TOP\"> <a name=\"aeventos1\"><span class=\"titulo\">TREINAMENTO     NOTES<\/span><\/a> <span class=\"texto\">     <\/p>\n<p>Dentro do processo de implanta&ccedil;&atilde;o do Projeto Grude, o      CECOM, em parceria com o DRH, estar&aacute; oferecendo mais uma turma      de treinamento enfocando a ferramenta Lotus Notes para os usu&aacute;rios      da Reitoria e da Biblioteca Universit&aacute;ria.<\/p>\n<p> O treinamento, que seria realizado hoje, dia 26\/7, foi adiado para      o dia 7 de agosto, no hor&aacute;rio de 13:00 &agrave;s 17:00, na sala      de aulas 2 do CECOM, no subsolo do pr&eacute;dio da Reitoria.    <\/p>\n<p>    <\/span> <\/td>\n<\/tr>\n<tr>\n<td align=\"LEFT\" valign=\"TOP\"><\/td>\n<td align=\"LEFT\" valign=\"TOP\"><a name=\"aeventos2\"><span class=\"titulo\">SOCIAIS<\/span><\/a>     <span class=\"texto\">     <\/p>\n<p><b>ANIVERS&Aacute;RIOS:<\/b> <i>&#8220;O Sistem&aacute;tico&#8221; envia      os parab&eacute;ns para Haroldo Alves, aniversariante do dia 27. E envia      um abra&ccedil;o para Eliane Pawlowiski (DSG), no dia 31 e Clarindo      Isa&iacute;as Pereira da Silva e P&aacute;dua (DCC), no dia 1o. de agosto.<\/i><\/p>\n<p>Par\u00e1grafo 1<\/p>\n<p>    <\/span>    <\/td>\n<\/tr>\n<p>  <!-- #EndEditable -->  <\/table>\n<p> <!-- fim noticias --><\/div>\n","protected":false},"excerpt":{"rendered":"<p>Not\u00edcias VIII CONGRESSO INTERNACIONAL DE EDUCA&Ccedil;&Atilde;O A DIST&Acirc;NCIA ISEN&Ccedil;&Atilde;O DA TAXA DO VESTIBULAR DA UFMG CONSULTA AOS DADOS ACAD&Ecirc;MICOS INSTALA&Ccedil;&Atilde;O E CONFUGURA&Ccedil;&Atilde;O DO LOTUS NOTES TREINAMENTO EM INFORM&Aacute;TICA PARA O 2o. SEMESTRE NOVO V&Iacute;RUS Informativo GenteWhere GUIA DE SITES INTERESSANTES DEFINI&Ccedil;&Atilde;O DE TERMOS DE INFORM&Aacute;TICA MEM&Oacute;RIA FOTOGR&Aacute;FICA DO CECOM H\u00e1 20 anos&#8230; Eventos TREINAMENTO NOTES &#8230; <a title=\"Sistem\u00e1tico: Edi\u00e7\u00e3o 1082 &#8211; 26\/07\/2001\" class=\"read-more\" href=\"https:\/\/www.ufmg.br\/dti\/2001\/07\/26\/sistematico-edicao-1082-26072001\/\" aria-label=\"Read more about Sistem\u00e1tico: Edi\u00e7\u00e3o 1082 &#8211; 26\/07\/2001\">Ler mais<\/a><\/p>\n","protected":false},"author":3,"featured_media":0,"comment_status":"open","ping_status":"open","sticky":false,"template":"","format":"standard","meta":{"inline_featured_image":false,"footnotes":""},"categories":[13],"tags":[],"coauthors":[79],"class_list":["post-3263","post","type-post","status-publish","format-standard","hentry","category-sistematico"],"_links":{"self":[{"href":"https:\/\/www.ufmg.br\/dti\/wp-json\/wp\/v2\/posts\/3263","targetHints":{"allow":["GET"]}}],"collection":[{"href":"https:\/\/www.ufmg.br\/dti\/wp-json\/wp\/v2\/posts"}],"about":[{"href":"https:\/\/www.ufmg.br\/dti\/wp-json\/wp\/v2\/types\/post"}],"author":[{"embeddable":true,"href":"https:\/\/www.ufmg.br\/dti\/wp-json\/wp\/v2\/users\/3"}],"replies":[{"embeddable":true,"href":"https:\/\/www.ufmg.br\/dti\/wp-json\/wp\/v2\/comments?post=3263"}],"version-history":[{"count":0,"href":"https:\/\/www.ufmg.br\/dti\/wp-json\/wp\/v2\/posts\/3263\/revisions"}],"wp:attachment":[{"href":"https:\/\/www.ufmg.br\/dti\/wp-json\/wp\/v2\/media?parent=3263"}],"wp:term":[{"taxonomy":"category","embeddable":true,"href":"https:\/\/www.ufmg.br\/dti\/wp-json\/wp\/v2\/categories?post=3263"},{"taxonomy":"post_tag","embeddable":true,"href":"https:\/\/www.ufmg.br\/dti\/wp-json\/wp\/v2\/tags?post=3263"},{"taxonomy":"author","embeddable":true,"href":"https:\/\/www.ufmg.br\/dti\/wp-json\/wp\/v2\/coauthors?post=3263"}],"curies":[{"name":"wp","href":"https:\/\/api.w.org\/{rel}","templated":true}]}}