{"id":3269,"date":"2001-05-17T08:00:00","date_gmt":"2001-05-17T08:00:00","guid":{"rendered":"https:\/\/www.ufmg.br\/dti\/cecom\/?p=1553"},"modified":"2001-05-17T08:00:00","modified_gmt":"2001-05-17T08:00:00","slug":"sistematico-edicao-1074-17052001","status":"publish","type":"post","link":"https:\/\/www.ufmg.br\/dti\/2001\/05\/17\/sistematico-edicao-1074-17052001\/","title":{"rendered":"Sistem\u00e1tico: Edi\u00e7\u00e3o 1074 &#8211; 17\/05\/2001"},"content":{"rendered":"<ul>\n<li><a href=\"\/dti\/#noticias\">Not\u00edcias<\/a>\n<div class='submenuSistematico'>\n<ul>\n<li><a href=\"\/dti\/#anoticias1\"><span class=\"titulo\">UNIFICA&Ccedil;&Atilde;O     DA GER&Ecirc;NCIA DE LPCDs<\/span><\/a><\/li>\n<li><a href=\"\/dti\/#anoticias2\"><span class=\"titulo\">III WORKSHOP     RNP2<\/span><\/a><\/li>\n<li><a href=\"\/dti\/#anoticias3\"><span class=\"titulo\">REUNI&Atilde;O     T&Eacute;CNICA NO LCC<\/span><\/a><\/li>\n<li><a href=\"\/dti\/#anoticias4\"><span class=\"titulo\">SICCA: DIVULGADAS     ATIVIDADES PARA IMPLANTA&Ccedil;&Atilde;O<\/span><\/a><\/li>\n<li><a href=\"\/dti\/#anoticias5\"><span class=\"titulo\">AMPLIA&Ccedil;&Atilde;O     DE ACESSO AO INA<\/span><\/a><\/li>\n<li><a href=\"\/dti\/#anoticias6\"><span class=\"titulo\">APRESENTA&Ccedil;&Atilde;O     DO TIVOLI<\/span><\/a><\/li>\n<li><a href=\"\/dti\/#anoticias7\"><span class=\"titulo\">NOVO FUNCION&Aacute;RIO     DO CECOM<\/span><\/a><\/li>\n<\/ul>\n<\/div>\n<\/li>\n<li><a href=\"\/dti\/#informativo\">Informativo<\/a>\n<div class='submenuSistematico'>\n<ul>\n<li><a href=\"\/dti\/#ainformativo1\"><span class=\"titulo\">Genteware<\/span><br \/>    <\/a><\/li>\n<li><a href=\"\/dti\/#ainformativo2\"><span class=\"titulo\">ECONOMIA     DE ENERGIA<\/span><\/a><\/li>\n<li><a href=\"\/dti\/#ainformativo3\"><span class=\"titulo\">PARADA PARA     MANUTEN&Ccedil;&Atilde;O<\/span><\/a><\/li>\n<li><a href=\"\/dti\/#ainformativo4\"><span class=\"titulo\">GUIA DE SITES     INTERESSANTES<\/span><\/a><\/li>\n<li><a href=\"\/dti\/#ainformativo5\"><span class=\"titulo\">DEFINI&Ccedil;&Atilde;O     DE TERMOS DE INFORM&Aacute;TICA<\/span><\/a><\/li>\n<li><a href=\"\/dti\/#ainformativo6\"><span class=\"titulo\">PLANT&Atilde;O     INFO<\/span><\/a><\/li>\n<li><a href=\"\/dti\/#ainformativo7\"><span class=\"titulo\">MULTAS DE     TR&Acirc;NSITO NA INTERNET<\/span><\/a><\/li>\n<li><a href=\"\/dti\/#ainformativo8\"><img loading=\"lazy\" decoding=\"async\" src=\"https:\/\/www.ufmg.br\/dti\/wp-content\/uploads\/imgs\/tudo_pixel.gif\" width=\"1\" height=\"8\" alt=\"\" border=\"0\"><br \/>    <span class=\"titulo\">H\u00e1 20 anos&#8230;<\/span><\/a><\/li>\n<\/ul>\n<\/div>\n<\/li>\n<li><a href=\"\/dti\/#eventos\">Eventos<\/a>\n<div class='submenuSistematico'>\n<ul>\n<li><a href=\"\/dti\/#aeventos1\"><span class=\"titulo\">TREINAMENTO     NOTES<\/span><\/a><\/li>\n<li><a href=\"\/dti\/#aeventos2\"><span class=\"titulo\">TREINAMENTO     SMARTSUITE<\/span><\/a><\/li>\n<li><a href=\"\/dti\/#aeventos3\"><span class=\"titulo\">CURSO ATUALIZA&Ccedil;&Atilde;O     PARA SECRET&Aacute;RIAS<\/span><\/a><\/li>\n<li><a href=\"\/dti\/#aeventos4\"><span class=\"titulo\">FESTA JUNINA     DO CECOM<\/span><\/a><\/li>\n<li><a href=\"\/dti\/#aeventos5\"><span class=\"titulo\">SOCIAIS<\/span><\/a><\/li>\n<\/ul>\n<\/div>\n<\/li>\n<\/ul>\n<p> <a name='noticias'><\/a><\/p>\n<h4>Not\u00edcias<\/h4>\n<div class=\"centro-sistematico\">  <!-- noticias --> <\/p>\n<table border=\"0\" cellspacing=\"0\" cellpadding=\"0\">\n<tr>\n<td><\/td>\n<td><\/td>\n<\/tr>\n<p>  <!-- #BeginEditable \"materias\" -->   <\/p>\n<tr>\n<td align=\"LEFT\" valign=\"TOP\"><\/td>\n<td align=\"LEFT\" valign=\"TOP\"> <a name=\"anoticias1\"><span class=\"titulo\">UNIFICA&Ccedil;&Atilde;O     DA GER&Ecirc;NCIA DE LPCDs<\/span><\/a> <span class=\"texto\">     <\/p>\n<p>Por decis&atilde;o da ATI e da Proplan, o CECOM passar&aacute; a gerenciar      integralmente as atividades relacionadas com a contrata&ccedil;&atilde;o      e pagamento das LPCDs (Linhas Privativas para Comunica&ccedil;&atilde;o      de Dados), providas pela Telemar para conex&atilde;o das unidades, externas      ao Campus da Pampulha, &agrave; Rede UFMG.<\/p>\n<p>A partir do in&iacute;cio do m&ecirc;s de junho\/2001, o pagamento das      linhas passar&aacute; a ser realizado pela DAA, conforme j&aacute; &eacute;      feito para as linhas telef&ocirc;nica do Campus da Pampulha.<\/p>\n<p>Ap&oacute;s a unifica&ccedil;&atilde;o desta ger&ecirc;ncia, o CECOM,      nos mesmos moldes em que far&aacute; no dia 22 de maio o Preg&atilde;o      relacionado aos servi&ccedil;os telef&ocirc;nicos de DDD e DDI, elaborar&aacute;      edital para contrata&ccedil;&atilde;o de novas alternativas de links      para as unidades remotas na inten&ccedil;&atilde;o de redu&ccedil;&atilde;o      de custos ou, dentro da previs&atilde;o or&ccedil;ament&aacute;ria atual,      eleva&ccedil;&atilde;o das velocidades.<\/p>\n<p>Atualmente, as unidades atendidas por LPCDs, ou linhas dedicadas, s&atilde;o:<br \/>     &#8211; Campus Sa&uacute;de &#8211; 512 Kbps<br \/>     &#8211; Engenharia &#8211; 256 Kbps<br \/>     &#8211; FACE &#8211; 256 Kbps<br \/>     &#8211; Arquitetura &#8211; 128 Kbps<br \/>     &#8211; Farm&aacute;cia &#8211; 64 Kbps<br \/>     &#8211; Direito &#8211; 64 Kbps<\/p>\n<p>Com a perspectiva da eleva&ccedil;&atilde;o do tr&acirc;nsito nestas      linhas, causada n&atilde;o s&oacute; pelo crescimento natural de uso      como tamb&eacute;m pelos novos sistemas Cliente\/Servidor desenvolvidos      pelo CECOM e pela implanta&ccedil;&atilde;o do Projeto GRUDE, o objetivo      principal do CECOM ser&aacute; aumentar a velocidade de acesso atual.      Al&eacute;m destas linhas ativas, encontra-se em fase de instala&ccedil;&atilde;o      a linha de 64 Kbps para o NCA, em Montes Claros.<\/p>\n<p><img loading=\"lazy\" decoding=\"async\" src=\"https:\/\/www.ufmg.br\/dti\/wp-content\/uploads\/fotos\/remotascor.jpg\" width=\"600\" height=\"450\"><\/p>\n<p>    <\/span> <\/td>\n<\/tr>\n<tr>\n<td align=\"LEFT\" valign=\"TOP\"><\/td>\n<td align=\"LEFT\" valign=\"TOP\"> <a name=\"anoticias2\"><span class=\"titulo\">III WORKSHOP     RNP2<\/span><\/a> <span class=\"texto\">     <\/p>\n<p>Ser&aacute; realizado, nos dias 21 e 22 de maio, na Universidade Federal      de Santa Catarina, em Florian&oacute;polis, SC, o III Workshop RNP2,      em paralelo ao 19o. Simp&oacute;sio Brasileiro de Redes de Computadores      (SBRC).<\/p>\n<p>O WRNP2 &eacute; um evento anual, organizado pela Rede Nacional de      Pesquisa (RNP), dedicado a aplica&ccedil;&otilde;es de Internet2 e redes      acad&ecirc;micas de alto desempenho.<\/p>\n<p>No dia 21, o Assessor de Tecnologia da Informa&ccedil;&atilde;o da      UFMG, prof. M&aacute;rcio Luiz Bunte de Carvalho, estar&aacute; presente      apresentando a palestra <i>&#8220;Implementando o Projeto Brasileiro      de Redes Avan&ccedil;adas&#8221;<\/i>.<\/p>\n<p>    <\/span>     <\/td>\n<\/tr>\n<tr>\n<td align=\"LEFT\" valign=\"TOP\"><\/td>\n<td align=\"LEFT\" valign=\"TOP\"> <a name=\"anoticias3\"><span class=\"titulo\">REUNI&Atilde;O     T&Eacute;CNICA NO LCC<\/span><\/a> <span class=\"texto\">     <\/p>\n<p>Na ter&ccedil;a-feira, dia 15, estiveram em reuni&atilde;o no LCC as      equipes t&eacute;cnicas do CECOM e do Laborat&oacute;rio para decis&atilde;o      de temas comuns. Participaram das atividades: Carlos Alfeu Furtado da      Fonseca, Gilmar Lima Guimar&atilde;es, Aleixina Maria Lopes Andal&eacute;cio      e Jo&atilde;o Carlos Lages, do CECOM; Osvaldo S&eacute;rgio Farhat de      Carvalho, Wilton Speziali Caldas, Jeroen Antonius Maria vam de Graaf      e Fabiana Costa Pereira Peixoto, do LCC.<\/p>\n<p>Dentre os temas tratados, foram discutidos:<br \/>     &#8211; avalia&ccedil;&atilde;o de estrutura compartilhada para seguran&ccedil;a      e backup das bases Oracle;<br \/>     &#8211; desenvolvimento conjunto de aplica&ccedil;&otilde;es em Lotus Domino      Designer para os projetos da avalia&ccedil;&atilde;o da gradua&ccedil;&atilde;o      e banco de compet&ecirc;ncia de ex-alunos;<br \/>     &#8211; an&aacute;lise de alternativas para sele&ccedil;&atilde;o conjunta      de softwares para servidores de aplica&ccedil;&atilde;o e ferramentas      de desenvolvimento para ambiente Web.<\/p>\n<p>Atividades t&eacute;cnicas ser&atilde;o ativadas pelas equipes como      desdobramento das decis&otilde;es tomadas. <\/p>\n<p>    <\/p>\n<p>    <\/span><\/td>\n<\/tr>\n<tr>\n<td align=\"LEFT\" valign=\"TOP\"><\/td>\n<td align=\"LEFT\" valign=\"TOP\"> <a name=\"anoticias4\"><span class=\"titulo\">SICCA: DIVULGADAS     ATIVIDADES PARA IMPLANTA&Ccedil;&Atilde;O<\/span><\/a> <span class=\"texto\">     <\/p>\n<p>O Departamento de Servi&ccedil;os Gerais (DSG) promoveu no &uacute;ltimo      dia 16, reuni&atilde;o com todo o pessoal envolvido diretamente com      o Sistema de Almoxarifado de cada unidade gestora da Universidade. A      reuni&atilde;o foi coordenada por Jos&eacute; Reinaldo Maia, gerente      do Projeto SICCA, e contou tamb&eacute;m com a presen&ccedil;a de Gilmar      Lima Guimar&atilde;es, vice-diretor do CECOM. O objetivo principal foi      repassar informa&ccedil;&otilde;es referentes &agrave; implanta&ccedil;&atilde;o,      j&aacute; no in&iacute;cio de junho pr&oacute;ximo, do M&oacute;dulo      Almoxarifado do SICCA &#8211; Sistema Integrado de Contabilidade, Compras      e Almoxarifado. A expectativa demonstrada pelos participantes foi muito      grande, principalmente frente ao fato do antigo Sistema de Controle      de Almoxarifado n&atilde;o mais estar ativo. Foi repassado o cronograma      de atividades, com enfoque ao preenchimento de planilhas referentes      ao estoque de cada almoxarifado em 31\/12\/2000, e ao calend&aacute;rio      de treinamento, definido para o per&iacute;odo de 28\/05 a 08\/06. O DSG      j&aacute; iniciou levantamento dos principais envolvidos com almoxarifado      nas unidades, a fim de montar as turmas do treinamento. A partir de      01\/06, aquelas unidades que j&aacute; tiverem fechado sua planilha com      o DSG e tamb&eacute;m participado do treinamento, j&aacute; poder&atilde;o      iniciar a utiliza&ccedil;&atilde;o do M&oacute;dulo Almoxarifado do      SICCA.<\/p>\n<p>    <\/p>\n<p>    <\/span><\/td>\n<\/tr>\n<tr>\n<td align=\"LEFT\" valign=\"TOP\"><\/td>\n<td align=\"LEFT\" valign=\"TOP\"> <a name=\"anoticias5\"><span class=\"titulo\">AMPLIA&Ccedil;&Atilde;O     DE ACESSO AO INA<\/span><\/a> <span class=\"texto\">     <\/p>\n<p>Desde ontem, dia 16, os usu&aacute;rios do Sistema INA 2000 est&atilde;o      contando com acesso ampliado ao banco de dados que sedia as informa&ccedil;&otilde;es      do sistema. Desta forma, ser&atilde;o reduzidas, ou mesmo eliminadas,      as ocorr&ecirc;ncias de restri&ccedil;&otilde;es de acesso ao banco.      A capacidade de acesso foi elevada de 39 para 90 acessos simult&acirc;neos.     <\/p>\n<p>O CECOM comunica que encontra-se em andamento projeto para aquisi&ccedil;&atilde;o      de hardware e software para que seja poss&iacute;vel a eleva&ccedil;&atilde;o      desta capacidade para 225 acessos simult&acirc;neos at&eacute; o final      deste semestre.<\/p>\n<p>    <\/p>\n<p>    <\/span><\/td>\n<\/tr>\n<tr>\n<td align=\"LEFT\" valign=\"TOP\"><\/td>\n<td align=\"LEFT\" valign=\"TOP\"> <a name=\"anoticias6\"><span class=\"titulo\">APRESENTA&Ccedil;&Atilde;O     DO TIVOLI<\/span><\/a> <span class=\"texto\">     <\/p>\n<p>Ontem, dia 16, foi realizada no LCC apresenta&ccedil;&atilde;o de m&oacute;dulos      do produto TIVOLI, da IBM. Foram apresentados os m&oacute;dulos Netview,      Distribui&ccedil;&atilde;o de Software e Tivoli Decision Support. O      palestrante foi o analista Helder Garcia, da empresa Vanguard.<\/p>\n<p>Participaram da apresenta&ccedil;&atilde;o: Carlos Alfeu Furtado da      Fonseca, Aleixina Maria Lopes Andal&eacute;cio, Luiz Eug&ecirc;nio de      Almeida Oliveira, Eduardo Henrique Lima e Fernando Frota Machado de      Morais, do CECOM; Wilton Speziali Caldas, S&eacute;rgio Luiz Novaes      e Edilson Costa de Oliveira, do LCC.<\/p>\n<p>O objetivo foi conhecer estes produtos e avaliar a possibilidade de      ado&ccedil;&atilde;o dos mesmos no CECOM e no LCC.<\/p>\n<p>Na seq&uuml;&ecirc;ncia, outros m&oacute;dulos ser&atilde;o apresentados      em datas ainda a serem agendadas.<\/p>\n<p>    <\/p>\n<p>    <\/span><\/td>\n<\/tr>\n<tr>\n<td align=\"LEFT\" valign=\"TOP\"><\/td>\n<td align=\"LEFT\" valign=\"TOP\"> <a name=\"anoticias7\"><span class=\"titulo\">NOVO FUNCION&Aacute;RIO     DO CECOM<\/span><\/a> <span class=\"texto\">     <\/p>\n<p>Desde o dia 15, o CECOM est&aacute; contando com o funcion&aacute;rio      Ant&ocirc;nio Eust&aacute;quio Rodrigues, lotado na DAC &#8211; Divis&atilde;o      de Atendimento e Consultoria.<\/p>\n<p>Ant&ocirc;nio Eust&aacute;quio &eacute; funcion&aacute;rio da UFMG      desde 1980 e sempre trabalhou na Escola de Farm&aacute;cia, onde atuava      como Secret&aacute;rio Geral e era o respons&aacute;vel pela rede da      escola.<\/p>\n<p>Ele j&aacute; iniciou seus trabalhos na DAC.<\/p>\n<p>    <\/span>     <\/td>\n<\/tr>\n<p>  <!-- #EndEditable -->  <\/table>\n<p> <!-- fim noticias --><\/div>\n<p><a name='informativo'><\/a><\/p>\n<h4>Informativo<\/h4>\n<div class=\"centro-sistematico\">  <!-- noticias --> <\/p>\n<table border=\"0\" cellspacing=\"0\" cellpadding=\"0\">\n<tr>\n<td><\/td>\n<td><\/td>\n<\/tr>\n<p>  <!-- #BeginEditable \"materias\" -->   <\/p>\n<tr>\n<td align=\"LEFT\" valign=\"TOP\"><\/td>\n<td align=\"LEFT\" valign=\"TOP\"><a name=\"ainformativo1\"><span class=\"titulo\">Genteware<\/span><br \/>    <\/a> <img loading=\"lazy\" decoding=\"async\" src=\"https:\/\/www.ufmg.br\/dti\/wp-content\/uploads\/imgs\/tudo_pixel.gif\" width=\"1\" height=\"20\" alt=\"\" border=\"0\"><br \/>     <span class=\"texto\"> <img loading=\"lazy\" decoding=\"async\" src=\"https:\/\/www.ufmg.br\/dti\/wp-content\/uploads\/fotos\/eust.jpg\" width=\"184\" height=\"233\" alt=\"\" border=\"0\" hspace=\"0\" vspace=\"0\" align=\"left\"><img loading=\"lazy\" decoding=\"async\" src=\"https:\/\/www.ufmg.br\/dti\/wp-content\/uploads\/imgs\/tudo_pixel.gif\" width=\"20\" height=\"191\" alt=\"\" border=\"0\" hspace=\"0\" vspace=\"0\" align=\"left\">Ele     est&aacute; no CECOM h&aacute; tr&ecirc;s dias&#8230; E O Sistem&aacute;tico     aproveitou para saber quem ele &eacute; e contar para todos o que descobriu     sobre o novo funcion&aacute;rio. Trata-se de Ant&ocirc;nio Eust&aacute;quio     Rodrigues, Assistente em Administra&ccedil;&atilde;o, lotado na DAC &#8211;     Divis&atilde;o de Atendimento e Consultoria.     <\/p>\n<p>A hist&oacute;ria de Eust&aacute;quio na UFMG teve in&iacute;cio em      mar&ccedil;o de 1980, quando fez dois concursos para a UFMG: para Datil&oacute;grafo      e para Agente Administrativo. Passou nos dois concursos e, primeiramente,      foi contratado como datil&oacute;grafo, para a Escola de Farm&aacute;cia.      Come&ccedil;ou na Se&ccedil;&atilde;o de Pessoal e, passados tr&ecirc;s      meses, assumiu a chefia da se&ccedil;&atilde;o, com a sa&iacute;da do      antigo chefe. Um ano depois, mudou de cargo passando a ser Agente Administrativo.      Continuou na chefia da se&ccedil;&atilde;o at&eacute; novembro de 1991,      quando assumiu a Secretaria Geral da escola, permanecendo no cargo at&eacute;      janeiro de 2001. <\/p>\n<p>E como ele veio parar no CECOM? Eust&aacute;quio contou que estava      pensando em sair da escola e no final do ano de 2000 recebeu convite      para trabalhar no Depto. de Pessoal da UFMG. Como a inten&ccedil;&atilde;o      era trabalhar na &aacute;rea de inform&aacute;tica, procurou Carlos      Alfeu para ver se podia vir para o CECOM. O namoro com o CECOM &eacute;      antigo. Desde 1991, quando Carlos Alfeu resolveu fazer um prot&oacute;tipo      do que seria o projeto do Agente de Inform&aacute;tica, recebeu convite      para participar do programa. Seriam tr&ecirc;s funcion&aacute;rios da      UFMG participando de um treinamento, ficando meio expediente no CECOM      e meio expediente no local de trabalho. Por quest&otilde;es da &eacute;poca,      infelizmente a id&eacute;ia n&atilde;o foi implantada. Uns tr&ecirc;s      anos depois surgiu o Agente de Inform&aacute;tica. Como, na &eacute;poca,      j&aacute; era Secret&aacute;rio da escola, n&atilde;o conseguiu conciliar      as duas fun&ccedil;&otilde;es. Ent&atilde;o, uma outra pessoa assumiu      como Agente de Inform&aacute;tica e ele ficou sendo o &#8220;agente informal&#8221;.      Com o advento da rede, assumiu a rede na escola, ficando no primeiro      ano sozinho, cuidando de tudo. Em 1998 conseguiu que um bolsista fosse      trabalhar com ele. Tentava conciliar os dois trabalhos, deixando a parte      administrativa para mais tarde. Com isto, trabalhava mais e mais. Com      a mudan&ccedil;a da diretoria da escola, pediu para sair. Queria crescer      profissionalmente, pois apesar de estar ligado &agrave; &aacute;rea      de inform&aacute;tica, estar no CECOM facilitaria mais, iria mexer com      coisas diferentes, aprenderia muita coisa. O novo diretor da escola      aceitou a sua sa&iacute;da se fosse atrav&eacute;s de permuta e queria      que o funcion&aacute;rio que o substitu&iacute;sse tivesse o mesmo perfil      que o dele. Mesmo n&atilde;o conseguindo esse funcion&aacute;rio, o      diretor resolveu liber&aacute;-lo. Mas o compromisso &eacute; que Eust&aacute;quio      continue dando assist&ecirc;ncia &agrave; Secretaria da Escola de Farm&aacute;cia      at&eacute; que suas atribui&ccedil;&otilde;es l&aacute; sejam absorvidas      por outra pessoa.<\/p>\n<p>Depois de esperar tanto tempo, no &uacute;ltimo dia 15, Eust&aacute;quio      iniciou suas atividades no CECOM. Ele disse que, ao chegar ao 8&ordm;      andar, lembrou-se do primeiro dia em que chegou &agrave; Escola de Farm&aacute;cia      para trabalhar. O espanto foi o mesmo, era como se fosse um novo emprego,      ficou ansioso, com muitas expectativas. Saiu da rotina em que estava      h&aacute; 21 anos e disse que o desafio est&aacute; sendo salutar. Antes      de vir para o CECOM, j&aacute; tinha contato com o pessoal da DAC, conhecendo      a maioria dos funcion&aacute;rios. Nas demais divis&otilde;es, tinha      alguns contatos.<\/p>\n<p>Eust&aacute;quio est&aacute; compartilhando a mesma sala com Eug&ecirc;nio,      Clayton, Danilo e Esdras. Ainda n&atilde;o sabe se vai trabalhar no      atendimento a usu&aacute;rios e est&aacute; aguardando defini&ccedil;&atilde;o      da Xina.<\/p>\n<p>E o que ele espera desse novo trabalho? Disse que esperar, a pessoa      espera sempre o melhor, mas pelo tempo de experi&ecirc;ncia que tem,      sabe que as coisas nunca s&atilde;o como as pessoas acham. Vai batalhar      bastante.<\/p>\n<p>Nesses tr&ecirc;s dias de CECOM, deu para ver que Eust&aacute;quio      &eacute; risonho. Ele contou que &eacute; calmo, t&iacute;mido, gosta      de conversar e n&atilde;o &eacute; dif&iacute;cil de se entrosar com      as pessoas. Formou-se em 1989, em Engenharia El&eacute;trica pela Universidade      Cat&oacute;lica de MG e fez o curso de especializa&ccedil;&atilde;o      em An&aacute;lise de Sistemas na FAFI-BH, hoje UNI-BH. Teve que estudar      na Cat&oacute;lica, pois j&aacute; trabalhava na &eacute;poca. Nasceu      em Belo Horizonte, &eacute; solteiro, e mora com a fam&iacute;lia no      bairro Sagrada Fam&iacute;lia. Seus pais s&atilde;o Ant&ocirc;nio e      Maria Tereza e tem tr&ecirc;s irm&atilde;s: Maria Helena, Angela e S&ocirc;nia.      &Eacute; o ca&ccedil;ula da fam&iacute;lia.<\/p>\n<p>Eust&aacute;quio gosta de viajar, quando tem tempo e dinheiro, tomar      cerveja com os amigos, ir ao cinema para assistir filmes de a&ccedil;&atilde;o,      de teatro. Atualmente, est&aacute; muito caseiro, o que n&atilde;o era      antes.<\/p>\n<p>Tem sonhos como todo mundo. Segundo ele, os sonhos fazem com que as      pessoas estejam sempre se renovando. Um sonho seu &eacute; ter uma casa      no campo, um s&iacute;tio. Profissionalmente, com a vinda para o CECOM,      quer conhecer uma outra &aacute;rea, pois j&aacute; trabalhou com programa&ccedil;&atilde;o.      E gostaria de fazer uma especializa&ccedil;&atilde;o na UFMG.<\/p>\n<p>Depois desta entrevista, estaremos acompanhando Eust&aacute;quio no      CECOM, nesta nova fase profissional dele, esperando que consiga realmente      alcan&ccedil;ar seus objetivos.<\/p>\n<p>    <\/span> <\/td>\n<\/tr>\n<tr>\n<td align=\"LEFT\" valign=\"TOP\"><\/td>\n<td align=\"LEFT\" valign=\"TOP\"><a name=\"ainformativo2\"><span class=\"titulo\">ECONOMIA     DE ENERGIA<\/span><\/a> <span class=\"texto\">     <\/p>\n<p>J&aacute; pensando no processo de economia de energia el&eacute;trica      que est&aacute; sendo divulgado em todos os meios de comunica&ccedil;&atilde;o,      o CECOM sugeriu que todas as Divis&otilde;es procurem ativar o modo      de economia dos monitores de v&iacute;deo de cada microcomputador.<\/p>\n<p>Sabe-se que, quando um monitor de v&iacute;deo est&aacute; ligado,      o consumo de energia &eacute; de cerca de 100 W e, quando o monitor      est&aacute; desligado, este consumo reduz para 20 W.<\/p>\n<p>Assim, foi solicitado &agrave; DAC que divulgasse orienta&ccedil;&atilde;o      de configura&ccedil;&atilde;o de micros para o modo de economia, a qual      foi enviada para as listas de funcion&aacute;rios do CECOM, de Agentes      de Inform&aacute;tica e &oacute;rg&atilde;os da Reitoria:<\/p>\n<p>Para o <b>Windows 95\/98<\/b>: clicar com o bot&atilde;o direito do mouse      no Desktop (&aacute;rea de trabalho). Ser&aacute; aberto ent&atilde;o      um Menu; clicar com o bot&atilde;o esquerdo em Propriedades; clicar      na aba Prote&ccedil;&atilde;o de Tela; clicar em Configura&ccedil;&otilde;es;      ajustar o campo &#8220;Desligar Monitor&#8221;, escolhendo o intervalo      de tempo que melhor se adequar a cada um (sugest&atilde;o: 10 minutos).<\/p>\n<p>Para o <b>Windows 2000<\/b>: clicar com o bot&atilde;o direito do mouse      no Desktop; clicar com o bot&atilde;o esquerdo em Propriedades; clicar      na aba Prote&ccedil;&atilde;o de Tela; clicar em Energia; ajustar o      campo &#8220;Desligar Monitor&#8221;, escolhendo o intervalo de tempo      que melhor se adequar a cada um.<\/p>\n<p>H&aacute; ainda no Windows 2000 duas abas, que n&atilde;o existem no      Windows 98, que s&atilde;o a &#8220;Hibernar&#8221; e &#8220;APM&#8221;.      O usu&aacute;rio desse sistema deve consultar o Help para maiores esclarecimentos.<\/p>\n<p>Sugere-se tamb&eacute;m que este modo seja desativado quando se estiver      monitorando tarefas cr&iacute;ticas na tela do micro. <\/p>\n<p>    <\/span> <\/td>\n<\/tr>\n<tr>\n<td align=\"LEFT\" valign=\"TOP\"><\/td>\n<td align=\"LEFT\" valign=\"TOP\"><a name=\"ainformativo3\"><span class=\"titulo\">PARADA PARA     MANUTEN&Ccedil;&Atilde;O<\/span><\/a> <span class=\"texto\">     <\/p>\n<p>Em fun&ccedil;&atilde;o de manuten&ccedil;&otilde;es que ser&atilde;o      realizadas, pela equipe t&eacute;cnica da DAC, est&atilde;o previstas      para hoje, dia 17\/5, de 18:00 &agrave;s 19:00, indisponibilidades nos      servi&ccedil;os prestados pelo CECOM na rede local, e-mail e acesso      &agrave; Internet dos &oacute;rg&atilde;os da UA2 e UA3.<\/p>\n<p>Estar&aacute; sendo feita a substitui&ccedil;&atilde;o da placa de      rede que atende &agrave; UA2, que est&aacute; apresentando problemas,      por uma que est&aacute; fora de uso no servidor UA3.<\/p>\n<p>    <\/p>\n<p>    <\/span> <\/td>\n<\/tr>\n<tr>\n<td align=\"LEFT\" valign=\"TOP\"><\/td>\n<td align=\"LEFT\" valign=\"TOP\"><a name=\"ainformativo4\"><span class=\"titulo\">GUIA DE SITES     INTERESSANTES<\/span><\/a> <span class=\"texto\">     <\/p>\n<p>Adyrus, o ca&ccedil;ador de sites, enviou as seguintes dicas, esta      semana:<\/p>\n<p>&#8211; Um p&aacute;gina muito legal e divertida &eacute; a <b>http:\/\/www.globz.net\/globz\/<\/b>.      Toda desenvolvida em Flash, diferente de outras p&aacute;ginas, tem      jogos interativos e download. Vale a pena conferir! (Site em Ingl&ecirc;s)<\/p>\n<p>&#8211; Sabe aquele mapa que voc&ecirc; tanto procura? E aquele dado sobre      algum pa&iacute;s? Na p&aacute;gina <b>http:\/\/www.maps.com\/<\/b> voc&ecirc;      encontrar&aacute; estas e outras informa&ccedil;&otilde;es para o seu      dia a dia. Confira. (Site em Ingl&ecirc;s) <\/p>\n<p>&#8211; O site <b>http:\/\/www.browsertune.com\/bt2kfast\/<\/b> oferece um interessante      servi&ccedil;o online para os internautas que n&atilde;o est&atilde;o      satisfeitos com o desempenho do navegador (browser): por meio de uma      s&eacute;rie de testes online, ele verifica as condi&ccedil;&otilde;es      do programa e sugere consertos. Dica do http:\/\/www.uol.com. br. (Site      em Ingl&ecirc;s)<\/p>\n<p>&#8211; Voc&ecirc; conhece a ag&ecirc;ncia Crazy Raven, que &eacute; especializada      em marketing pela Web? Se n&atilde;o conhece e quer conhecer, digite      no seu browser <b>http:\/\/www.crazyraven.com\/index.cfm<\/b> e veja do      que a ag&ecirc;ncia &eacute; capaz. Com um visual muito bonito, tem      alguns tutoriais sobre Flash e Photoshop. Tem um filme de abertura que      &eacute; muito legal. (Site em Ingl&ecirc;s) <\/p>\n<p>&#8211; Fique por dentro do mundo musical navegando at&eacute; a p&aacute;gina      <b>http:\/\/www.cliquemusic.com.br<\/b>. Na p&aacute;gina voc&ecirc; encontr&aacute;      assuntos relacionados ao mundo da m&uacute;sica, compras de CDs e principalmente      para MP3. Leia a coluna cybernotas. Nesta coluna tem dicas sobre os      &uacute;ltimos lan&ccedil;amentos. <\/p>\n<p>&#8211; L&aacute; vem o cheiro de Papoula se espalhando pelo ar!!! E podem      se preparar: a partir de agora, os pr&oacute;ximos nove meses v&atilde;o      ser de pentelha&ccedil;&atilde;o em jornais, revistas, principalmente      as de fofoca e televis&atilde;o, principalmente o programa do Gugu.      Bomba na &uacute;ltima semana, com a not&iacute;cia de que Carla Perez      est&aacute; gr&aacute;vida. Imaginem como vai ser essa gravidez! No      m&iacute;nimo, dez capas de Caras, Tudo, Quem Acontece. Depois, Pais      e Filhos, Capricho e revistas do g&ecirc;nero. Esta e outras fofocas      est&atilde;o na p&aacute;gina <b>http:\/\/www.aponte.com.br\/<\/b>. Para      quem gosta do gen&ecirc;ro&#8230;<\/p>\n<p>&#8211; O Dgolpe est&aacute; derrubando barreiras internacionais para formar      uma comunidade de m&uacute;sica global, unindo artistas e f&atilde;s      de m&uacute;sica da gera&ccedil;&atilde;o digital. &Eacute; o primeiro      portal digital a oferecer ao p&uacute;blico um diret&oacute;rio abrangente,      com o melhor da Am&eacute;rica Latina e muito mais, em ingl&ecirc;s,      espanhol e portugu&ecirc;s. A inten&ccedil;&atilde;o &eacute; reunir      na Internet grandes apaixonados pela m&uacute;sica, assim como os melhores      artistas e bandas do momento. O endere&ccedil;o &eacute;: <b>http:\/\/www.dgolpe.com\/<\/b>.      Vale a pena conferir!<\/p>\n<p>    <\/span> <\/td>\n<\/tr>\n<tr>\n<td align=\"LEFT\" valign=\"TOP\"><\/td>\n<td align=\"LEFT\" valign=\"TOP\"><a name=\"ainformativo5\"><span class=\"titulo\">DEFINI&Ccedil;&Atilde;O     DE TERMOS DE INFORM&Aacute;TICA<\/span><\/a> <span class=\"texto\">     <\/p>\n<p>Esta semana, O Sistem&aacute;tico divulga os seguintes termos:<\/p>\n<p><b>Baud<\/b> &#8211; Este &eacute; mais um termo relacionado a modems, que      indica o n&uacute;mero de vezes que o tom muda numa liga&ccedil;&atilde;o      via modem. Os primeiros modems, de at&eacute; 1.200 bips, trabalhavam      com apenas duas tonalidades, um som mais alto representava um bit 1,      enquanto um som mais baixo representava um bit 0. Nestes modems, o n&uacute;mero      de bauds representava o n&uacute;mero de bits que era poss&iacute;vel      transmitir por segundo. Naquela &eacute;poca, dizer &#8220;modem de 1200      bips&#8221; ou &#8220;modem de 1200 bauds&#8221; era a mesma coisa. Atualmente,      os modems utilizam uma modula&ccedil;&atilde;o muito mais sofisticada,      transmitindo v&aacute;rios bits em cada baud. Os modems de 14.400 bips      por exemplo, transmitem a apenas 2.400 bauds.<\/p>\n<p><b>OEM<\/b> &#8211; Original Equipment Manufacturer, uma empresa que fabrica      componentes e os vende a outras empresas, que os usam para montar seus      produtos, ou os revendem para o consumidor final. Tamb&eacute;m se refere      aos produtos vendidos neste sistema. Um processador OEM &eacute; um      processador destinado &agrave; grandes companhias, geralmente vem com      um manual resumido, sem embalagem individual e com garantia mais curta,      mas em compensa&ccedil;&atilde;o mais barato. Este termo &eacute; algumas      vezes usado tamb&eacute;m em rela&ccedil;&atilde;o &agrave; softwares      que s&atilde;o vendidos em grande quantidade a integradores, que podem      ser vendidos apenas junto com um PC novo.<\/p>\n<p><b>On-Die<\/b> &#8211; &#8220;No n&uacute;cleo&#8221;. &Eacute; um termo usado      em rela&ccedil;&atilde;o ao cache encontrado nos processadores modernos,      indicando que ele encontra-se embutido dentro do pr&oacute;prio processador,      ao inv&eacute;s de ser externo como nos processadores antigos. Quando      se diz que o Pentium III Coopermine tem 256 KB de cache &#8220;on-die&#8221;      estamos reafirmando que o cache encontra-se na mesma pastilha de sil&iacute;cio      do restante do processador e que opera na mesma freq&uuml;&ecirc;ncia      que ele. <\/p>\n<p><b>Overclock<\/b> &#8211; acima do clock numa tradu&ccedil;&atilde;o livre,      significa alterar propositadamente o barramento da placa m&atilde;e,      de forma a obrigar o processador a trabalhar mais r&aacute;pido. Um      Celeron de 566 Mhz, por exemplo usa barramento de 66 MHz, alterando-o      para 100 MHz o processador passaria a operar a 850 MHz. Isto &eacute;      feito atrav&eacute;s do Setup, ou via jumpers, dependendo da placa m&atilde;e      usada. <\/p>\n<p><b>VBR<\/b> (Variable Bit Rate) &#8211; Este &eacute; um recurso suportado      por alguns formatos de compacta&ccedil;&atilde;o de &aacute;udio, entre      eles o MP3. Atrav&eacute;s do VBR, &eacute; poss&iacute;vel varias o      bit-rate de acordo com a complexidade do trecho que est&aacute; sendo      reproduzido. Se por exemplo uma m&uacute;sica tem trechos de sil&ecirc;ncio,      podem ser usados menos bits nestes trechos e mais bits nos trechos com      sons mais complexos. Com isto, o tamanho do arquivo continua o mesmo,      mas a qualidade melhora um pouco.<\/p>\n<p><b>Visual C++<\/b> &#8211; Esta &eacute; uma linguagem de programa&ccedil;&atilde;o      desenvolvida pela Microsoft, que oferece uma interface parecida com      a do Visual Basic, mas gera c&oacute;digo em C++. Em geral, os programas      escritos em Visual C++ s&atilde;o mais r&aacute;pidos que semelhantes      escritos em Visual Basic, por&eacute;m, ambos os c&oacute;digos s&oacute;      rodar&atilde;o sobre sistemas Windows. <\/p>\n<p><b>Voz sobre IP<\/b> (VoIP ou Voice over IP) &#8211; Este &eacute; um termo      bastante badalado atualmente, j&aacute; que &eacute; provavelmente o      futuro da telefonia. Basicamente, um sistema Voz sobre IP utiliza a      Internet para realizar as chamadas de voz ao inv&eacute;s do sistema      telef&ocirc;nico comutado. Com isso, as chamadas telef&ocirc;nicas sobretudo      os interurbanos e chamadas internacionais tornam-se muito mais baratos.<\/p>\n<p><b>X Windows<\/b> &#8211; Interface gr&aacute;fica usada geralmente em sistemas      Unix ou Linux (onde &eacute; aberta atrav&eacute;s do comando &#8220;startx&#8221;),      desenvolvida inicialmente em 1984, num projeto chamado Projeto Athena.      Atualmente, o X Windows &eacute; desenvolvido pela comunidade open-source,      a p&aacute;gina oficial &eacute; www.x.org. <\/p>\n<p><b>Xmodem<\/b> &#8211; Um protocolo de transfer&ecirc;ncia de arquivos via      modem, desenvolvido em 1977. Foi muito usado na &eacute;poca dos BBSs,      apesar de j&aacute; estar em desuso. Na vers&atilde;o original, eram      transmitidos 128 bytes em cada bloco de dados e era usado um algoritmo      simples de checagem para verificar a integridade de cada bloco.<\/p>\n<p><b>XML<\/b> (Extensible Markup Language) &#8211; O XML &eacute; uma linguagem      para p&aacute;ginas Web semelhante ao HTML at&eacute; certo ponto. A      principal diferen&ccedil;a, &eacute; que ao inv&eacute;s de simplesmente      usar as tags dispon&iacute;veis, como no HTML, &eacute; poss&iacute;vel      criar tags personalizadas, da&iacute; o &#8220;Extensible&#8221;. O XML      ainda &eacute; um padr&atilde;o relativamente novo, que vem ganhando      espa&ccedil;o. Atualmente, todos os principais browsers suportam o padr&atilde;o.    <\/p>\n<p>    <\/span> <\/td>\n<\/tr>\n<tr>\n<td align=\"LEFT\" valign=\"TOP\"><\/td>\n<td align=\"LEFT\" valign=\"TOP\"><a name=\"ainformativo6\"><span class=\"titulo\">PLANT&Atilde;O     INFO<\/span><\/a> <span class=\"texto\">     <\/p>\n<p>O <b>Plant&atilde;o Info<\/b> divulgou, nos &uacute;ltimos dias, as      seguintes not&iacute;cias:<\/p>\n<p><b>XML d&aacute; novo passo rumo &agrave; padroniza&ccedil;&atilde;o      na web<\/b> &#8211; O World Wide Web Consortium (W3C) aprovou um novo padr&atilde;o      para troca de informa&ccedil;&otilde;es na rede, o Schema. Ele ajudar&aacute;      a tecnologia XML a integrar os diferentes padr&otilde;es e sistemas      existentes na internet, principalmente em com&eacute;rcio eletr&ocirc;nico.      <br \/>     O XML &eacute; uma linguagem capaz de criar outras linguagens. Mas se      cada um pode criar a sua, &eacute; preciso uma esp&eacute;cie de gloss&aacute;rio      que organize tudo. A&iacute; est&aacute; a fun&ccedil;&atilde;o do Schema.      At&eacute; agora, seu equivalente era o DTD (Document Type Definition),      que n&atilde;o tinha tantos recursos. O Schema dever&aacute; fazer que      a informa&ccedil;&atilde;o de transa&ccedil;&otilde;es eletr&ocirc;nicas      seja melhor interpretada e descrita. Os programadores poder&atilde;o      usar &#8220;schemas&#8221; j&aacute; prontos para determinadas fun&ccedil;&otilde;es,      sem precisar desenvolver um vocabul&aacute;rio inteiramente novo a cada      vez. <br \/>     Segundo o comunicado do W3C, o Schema aumenta o poder do XML e sua utilidade      para quem desenvolve sistemas de com&eacute;rcio eletr&ocirc;nico. Ou      para qualquer um interessado em manipular grandes quantidades de dados      na web. <br \/>     O W3C &eacute; a entidade que estabelece os padr&otilde;es usados na      internet gr&aacute;fica. S&oacute; a partir de sua aprova&ccedil;&atilde;o      um padr&atilde;o passa a ser largamente usado na web. O W3C acredita      que o Schema deve acelerar o ado&ccedil;&atilde;o do XML para uso industrial.<\/p>\n<p><b>Windows j&aacute; pode trabalhar junto com kernel 2.4 do Linux<\/b>      &#8211; O VMware Workstation, programa que permite que uma m&aacute;quina      Linux rode simultaneamente o Windows (e vice-versa), foi atualizado      para trabalhar com o kernel 2.4 do Linux. <br \/>     O programa permite que v&aacute;rios sistemas operacionais compartilhem      o mesmo hardware. Para isso, cria diferentes m&aacute;quinas virtuais.      A vers&atilde;o para servidores, por exemplo, permite que um provedor      ofere&ccedil;a v&aacute;rias op&ccedil;&otilde;es de hospedagem do site      do cliente em diferentes sistemas, sem precisar de uma m&aacute;quina      espec&iacute;fica para cada um. Agora, quem usa distribui&ccedil;&otilde;es      Linux que j&aacute; adotaram o kernel 2.4, como a Red Hat, SuSE ou Mandrake,      poder&aacute; usar o VMware. <br \/>     A nova vers&atilde;o tamb&eacute;m inclui suporte para Pentium 4. A      atualiza&ccedil;&atilde;o pode ser baixada no site da VMware.<\/p>\n<p><b>Recife tamb&eacute;m adere ao software livre, e por lei<\/b> &#8211; Desde      o final de abril, a cidade de Recife (PE) &eacute; mais uma onde os      &oacute;rg&atilde;os p&uacute;blicos dever&atilde;o, por lei, optar      preferencialmente por programas que tenham c&oacute;digo aberto. <br \/>     A lei do Software Livre, do vereador Waldemar Borges, foi sancionada      pelo prefeito da cidade, Jo&atilde;o Paulo. Essa &eacute; a primeira      vez que uma lei nesse sentido &eacute; sancionada no pa&iacute;s, apesar      de Porto Alegre ter adotado o uso de software livre h&aacute; mais de      um ano e v&aacute;rias outras cidades do Brasil apresentarem projetos      semelhantes em c&acirc;maras municipais e assembl&eacute;ias legislativas.<\/p>\n<p><b>Microsoft prepara mudan&ccedil;a no licenciamento de software<\/b>      &#8211; A Microsoft dever&aacute; alterar sua estrat&eacute;gia de licenciamento      de software para aumentar seu faturamento e compensar a queda nas vendas      de computadores pessoais. A companhia ainda n&atilde;o anunciou detalhes      da mudan&ccedil;a. <br \/>     Segundo Don Young, analista da USB Warburg, a companhia dever&aacute;      continuar cobrando taxas de servi&ccedil;os das empresas que antes tinham      licen&ccedil;a permanente do produto. <br \/>     Anteriormente, quando uma empresa comprava um grande n&uacute;mero de      PCs, ela entrava num contrato de alguns anos de dura&ccedil;&atilde;o      com a Microsoft, pagando taxas anuais para poder usar os softwares da      empresa, como o Windows e o Office. <br \/>     Terminado o contrato, a empresa poderia continuar usando os programas,      inclusive fazendo atualiza&ccedil;&otilde;es, sem qualquer pagamento      extra para a Microsoft. <br \/>     Agora, isso pode mudar. Segundo analistas, a empresa que comprar PCs      com softwares da Microsoft ter&aacute; de continuar pagando taxas de      servi&ccedil;o para poder usar legalmente o produto e ter direito &agrave;s      atualiza&ccedil;&otilde;es. <br \/>     Steve Ballmer, vice-presidente executivo da Microsoft, confirmou que      a companhia mudar&aacute; as pr&aacute;ticas de licenciamento: &#8220;Os      usu&aacute;rios querem comprar um servi&ccedil;o, pois o servi&ccedil;o      &eacute; mais do que simplesmente comprar o produto&#8221;, afirmou Ballmer.      <br \/>     Dan Leach, porta-voz da Microsoft, disse: &#8220;Estamos certamente olhando      para os softwares como servi&ccedil;o, e, para isso, o modelo de licenciamento      ter&aacute; de mudar&#8221;.<\/p>\n<p><b>BRfree insiste no acesso gratuito e amplia estrutura<\/b> &#8211; Pelo      visto, o provedor mineiro BRfree n&atilde;o pretende abrir m&atilde;o      do acesso gratuito t&atilde;o cedo. A empresa est&aacute; investindo      um valor n&atilde;o divulgado na duplica&ccedil;&atilde;o do backbone,      das portas e das linhas de acesso. <br \/>     De acordo com o presidente da pontocom, Leonardo Leonel, n&atilde;o      dava para fugir do investimento. &#8220;Temos uma ades&atilde;o muito      grande, de 1,5 mil a 2 mil novos usu&aacute;rios todos os dias. Se n&atilde;o      apost&aacute;ssemos no servi&ccedil;o e fiz&eacute;ssemos essas amplia&ccedil;&otilde;es,      ser&iacute;amos med&iacute;ocres. E nosso compromisso &eacute; ser um      bom provedor&#8221;. <br \/>     Cerca de 10% a 15% da nova estrutura tamb&eacute;m ser&aacute; aproveitada      pelo servi&ccedil;o pago, o VIPBR, que hoje conta com 3,6 mil usu&aacute;rios.      Esses usu&aacute;rios ganham, por exemplo, linhas diferenciadas para      o acesso em S&atilde;o Paulo, Rio de Janeiro e Belo Horizonte, onde      o provedor atua. <br \/>     Segundo Leonel, o BRFree tem hoje 500 mil usu&aacute;rios cadastrados      nas tr&ecirc;s cidades. O executivo promete novidades &#8211; na amplia&ccedil;&atilde;o      do n&uacute;mero de cidades atendidas &#8211; para breve. <br \/>     Sobre o acordo com o BOL, que seria anunciado no in&iacute;cio de mar&ccedil;o      mas n&atilde;o se concretizou, Leonel afirmou que &#8220;desist&ecirc;ncias      s&atilde;o comuns no mercado. Mas ainda estamos abertos a negocia&ccedil;&otilde;es.      Sempre nos mantivemos com f&ocirc;lego pr&oacute;prio, sem aportes ou      outros acordos, uma empresa de nova economia com administra&ccedil;&atilde;o      de velha economia. Mas gostaria de encontrar um bom parceiro na &aacute;rea      de telecomunica&ccedil;&otilde;es, para nos ajudar nessa fase do crescimento      da infra-estrutura&#8221;. <\/p>\n<p><b>Windows XP sai em 25 de outubro<\/b> &#8211; A Microsoft anunciou oficialmente      no dia 09 de maio a data de lan&ccedil;amento do Windows XP. O produto      dever&aacute; estar nas lojas no dia 25 de outubro e sair&aacute; em      duas vers&otilde;es, chamadas Windows XP Home Edition e Windows XP Professional      Edition. <br \/>     A vers&atilde;o Home substitui a fam&iacute;lia de sistemas para o consumidor      iniciada com o Windows 95, enquanto a Professional sucede ao Windows      2000 Pro. Not&iacute;cias publicadas na imprensa americana informam      que a Microsoft tamb&eacute;m adotar&aacute; para o Windows XP a comercializa&ccedil;&atilde;o      por assinatura, nos mesmos moldes j&aacute; anunciados para o Office      XP. No entanto, no site da empresa ainda n&atilde;o h&aacute; uma manifesta&ccedil;&atilde;o      oficial da empresa sobre isso. <br \/>     Segundo a subsidi&aacute;ria brasileira, ainda n&atilde;o h&aacute;      uma defini&ccedil;&atilde;o da data ln&ccedil;amento do Windows XP no      Brasil. Mesmo assim, espera-se que seja feito na mesma data do in&iacute;cio      de comercializa&ccedil;&atilde;o mundial, como j&aacute; ocorreu nas      &uacute;ltimas edi&ccedil;&otilde;es do produto.<\/p>\n<p><b>IBM garante lugar do Linux no e-business<\/b> &#8211; A IBM continua em      lua-de-mel com o Linux, mas prefere falar no mercado de servidores e      aplica&ccedil;&otilde;es de e-business. Para ter o sistema operacional      do ping&uuml;im rodando no desktop dos &#8220;usu&aacute;rios comuns&#8221;,      ainda demora mais um pouco. <br \/>     &#8220;Temos pessoas trabalhando no desenvolvimento do Linux para desktop,      mas o grosso do dinheiro &eacute; para o desenvolvimento de servidores&#8221;,      diz Deepak Advani, vice-presidente de estrat&eacute;gias de Linux da      IBM, que participa da Linux Expo Brasil, em S&atilde;o Paulo. E quando      ele fala em verba para o desenvolvimento, n&atilde;o est&aacute; brincando.      A IBM pretende gastar 1 bilh&atilde;o de d&oacute;lares em pesquisa      e desenvolvimento do sistema. <br \/>     Advani mostra entusiasmo ao falar da adapta&ccedil;&atilde;o do Linux      ao sistemas embutidos, os chamados embedded systems, que pretendem levar      a internet aos aparelhos eletrodom&eacute;sticos, por exemplo. Entusiasmo      tamb&eacute;m n&atilde;o falta para falar dos Linux em handhelds que      est&atilde;o sendo lan&ccedil;ados por pequenas empresas de todo mundo.      <br \/>     Para Advani, o que impede a migra&ccedil;&atilde;o em massa do Linux      para o desktop n&atilde;o &eacute; a op&ccedil;&atilde;o pelo Windows,      mas o padr&atilde;o de documentos adotado com o Office. &#8220;&Eacute;      muito caro para uma empresa deixar de usar o Office. Nem todas as empresas      consideram softwares como o StarOffice, por exemplo, suficientemente      bons&#8221;. <br \/>     A Big Blue adotou uma campanha agressiva a favor do Linux e est&aacute;      adaptando toda sua linha de computadores para trabalhar com o sistema      de c&oacute;digo aberto. O foco est&aacute; nas aplica&ccedil;&otilde;es      para grandes companhias, com as novas linhas de servidores chamadas      Eserver.<\/p>\n<p>    <\/span> <\/td>\n<\/tr>\n<tr>\n<td align=\"LEFT\" valign=\"TOP\"><\/td>\n<td align=\"LEFT\" valign=\"TOP\"><a name=\"ainformativo7\"><span class=\"titulo\">MULTAS DE     TR&Acirc;NSITO NA INTERNET<\/span><\/a> <span class=\"texto\">     <\/p>\n<p>O <b>Globo On Line<\/b>, de 15\/05\/2001, divulgou not&iacute;cia sobre      a consulta a multas de tr&acirc;nsito na Internet, transcrita a seguir:<\/p>\n<p>&#8220; Os motoristas j&aacute; podem consultar no site do DNER as multas      aplicadas por radares m&oacute;veis nas rodovias federais. A informa&ccedil;&atilde;o      est&aacute; atualizada at&eacute; 24 de abril deste ano. O DNER vai      deixar dispon&iacute;vel para consulta na Internet a comprova&ccedil;&atilde;o      dos autos de infra&ccedil;&atilde;o ou notifica&ccedil;&otilde;es mesmo      depois das multas terem sido quitadas. O infrator que tiver pago multas      educativas ou canceladas dever&aacute; aguardar comunicado do DNER sobre      a forma de restitui&ccedil;&atilde;o dos valores. As consultas podem      ser feitas no endere&ccedil;o www.dner.gov.br .&#8221;     <\/p>\n<p>    <\/span> <\/td>\n<\/tr>\n<p>  <!-- #EndEditable -->  <\/table>\n<p> <!-- fim noticias --> <!-- tabela ha 20 anos --> <\/p>\n<table border=\"0\" cellspacing=\"0\" cellpadding=\"0\" class=\"cinza\">\n<tr>\n<td><img loading=\"lazy\" decoding=\"async\" src=\"https:\/\/www.ufmg.br\/dti\/wp-content\/uploads\/imgs\/tudo_pixel.gif\" width=\"1\" height=\"1\" alt=\"\" border=\"0\"><\/td>\n<td><img loading=\"lazy\" decoding=\"async\" src=\"https:\/\/www.ufmg.br\/dti\/wp-content\/uploads\/imgs\/tudo_pixel.gif\" width=\"19\" height=\"1\" alt=\"\" border=\"0\"><\/td>\n<td><img loading=\"lazy\" decoding=\"async\" src=\"https:\/\/www.ufmg.br\/dti\/wp-content\/uploads\/imgs\/tudo_pixel.gif\" width=\"510\" height=\"1\" alt=\"\" border=\"0\"><\/td>\n<td><img loading=\"lazy\" decoding=\"async\" src=\"https:\/\/www.ufmg.br\/dti\/wp-content\/uploads\/imgs\/tudo_pixel.gif\" width=\"19\" height=\"1\" alt=\"\" border=\"0\"><\/td>\n<td><img loading=\"lazy\" decoding=\"async\" src=\"https:\/\/www.ufmg.br\/dti\/wp-content\/uploads\/imgs\/tudo_pixel.gif\" width=\"1\" height=\"1\" alt=\"\" border=\"0\"><\/td>\n<\/tr>\n<tr>\n<td class=\"vermelho\" colspan=\"5\"><img loading=\"lazy\" decoding=\"async\" src=\"https:\/\/www.ufmg.br\/dti\/wp-content\/uploads\/imgs\/tudo_pixel.gif\" width=\"1\" height=\"1\" alt=\"\" border=\"0\"><\/td>\n<\/tr>\n<tr>\n<td class=\"vermelho\"><img loading=\"lazy\" decoding=\"async\" src=\"https:\/\/www.ufmg.br\/dti\/wp-content\/uploads\/imgs\/tudo_pixel.gif\" width=\"1\" height=\"1\" alt=\"\" border=\"0\"><\/td>\n<td><img loading=\"lazy\" decoding=\"async\" src=\"https:\/\/www.ufmg.br\/dti\/wp-content\/uploads\/imgs\/tudo_pixel.gif\" width=\"1\" height=\"1\" alt=\"\" border=\"0\"><\/td>\n<td align=\"LEFT\" valign=\"TOP\"><!-- #BeginEditable \"ha 20 anos\" --><a name=\"ainformativo8\"><img loading=\"lazy\" decoding=\"async\" src=\"https:\/\/www.ufmg.br\/dti\/wp-content\/uploads\/imgs\/tudo_pixel.gif\" width=\"1\" height=\"8\" alt=\"\" border=\"0\"><br \/>    <span class=\"titulo\">H\u00e1 20 anos&#8230;<\/span><\/a> <span class=\"texto\">     <\/p>\n<p>O Sistem&aacute;tico Ano V, no. 17, de 14\/05\/1981, publicou not&iacute;cias      sobre libera&ccedil;&atilde;o de verba para o CECOM para aquisi&ccedil;&atilde;o      de equipamentos destinados ao ensino experimental, encerramento da segunda      etapa do Concurso P&uacute;blico da UFBa, funcionamento do Sistema Burroughs      6700, Semin&aacute;rio de Microfilmagem, entre outras. As not&iacute;cias      que se sobressa&iacute;ram foram:<\/p>\n<p><b>NOVOS TERMINAIS<\/b><br \/>     <font face=\"1\">A Divis&atilde;o de Produ&ccedil;&atilde;o do CECOM acaba      de instalar e tornar operacional dois novos pontos terminais do B6700      constitu&iacute;dos por equipamentos modelo TD-800.<br \/>     Um deles foi instalado no 8o. andar da Reitoria, no Setor de Manuten&ccedil;&atilde;o      do CECOM, visando atender al&eacute;m das pr&oacute;prias necessidades      da manuten&ccedil;&atilde;o, a todos os setores localizados naquele      andar.<br \/>     O outro terminal foi instalado no 2o. andar do pr&eacute;dio do ICEx,      na sala de terminais do Depto. de Ci&ecirc;ncia da Computa&ccedil;&atilde;o.      Este equipamento foi cedido pelo CECOM em modalidade de empr&eacute;stimo      por tempo determinado, e em princ&iacute;pio objetiva atender a todos      os professores do departamento.<\/font><\/p>\n<p>    <b>SELE&Ccedil;&Atilde;O DE BOLSISTAS<\/b><br \/>    <font face=\"1\">Encerrada a &uacute;ltima fase de preenchimento das vagas     do Quadro de Bolsistas do CECOM.<br \/>    Os tr&ecirc;s alunos aprovados para a Divis&atilde;o de Sistemas de Processamento     de Dados iniciaram, esta semana, as suas atividades como bolsistas do     CECOM. E a Divis&atilde;o de Usu&aacute;rios divulgou hoje pela manh&atilde;     o ser resultado. Ap&oacute;s a prova de programa&ccedil;&atilde;o e entrevista,     a DU selecionou, entre 30 candidatos, os seguintes alunos: Marli de Freitas     Gomes (Estat&iacute;stica), Cl&aacute;udia Galinkin, Ricardo Bueno, Mable     Lan Kwai Lai (Engenharia Civil) e R&ocirc;mulo Vieira de Faria (Engenharia     El&eacute;trica). Na segunda-feira, dia 18, eles j&aacute; estar&atilde;o     na Divis&atilde;o de Usu&aacute;rios.<\/font>     <\/p>\n<p>&nbsp;<\/p>\n<p>    <\/span><!-- #EndEditable --><br \/>     <img loading=\"lazy\" decoding=\"async\" src=\"https:\/\/www.ufmg.br\/dti\/wp-content\/uploads\/imgs\/tudo_pixel.gif\" width=\"1\" height=\"8\" alt=\"\" border=\"0\"><\/td>\n<td><img loading=\"lazy\" decoding=\"async\" src=\"https:\/\/www.ufmg.br\/dti\/wp-content\/uploads\/imgs\/tudo_pixel.gif\" width=\"1\" height=\"1\" alt=\"\" border=\"0\"><\/td>\n<td class=\"vermelho\"><img loading=\"lazy\" decoding=\"async\" src=\"https:\/\/www.ufmg.br\/dti\/wp-content\/uploads\/imgs\/tudo_pixel.gif\" width=\"1\" height=\"1\" alt=\"\" border=\"0\"><\/td>\n<\/tr>\n<tr>\n<td class=\"vermelho\" colspan=\"5\"><img loading=\"lazy\" decoding=\"async\" src=\"https:\/\/www.ufmg.br\/dti\/wp-content\/uploads\/imgs\/tudo_pixel.gif\" width=\"1\" height=\"1\" alt=\"\" border=\"0\"><\/td>\n<\/tr>\n<\/table>\n<p> <!-- fim tabela ha 20 anos --><\/div>\n<p><a name='eventos'><\/a><\/p>\n<h4>Eventos<\/h4>\n<div class=\"centro-sistematico\">  <!-- noticias --> <\/p>\n<table border=\"0\" cellspacing=\"0\" cellpadding=\"0\">\n<tr>\n<td><\/td>\n<td><\/td>\n<\/tr>\n<p>  <!-- #BeginEditable \"materias\" -->   <\/p>\n<tr>\n<td align=\"LEFT\" valign=\"TOP\"><\/td>\n<td align=\"LEFT\" valign=\"TOP\"> <a name=\"aeventos1\"><span class=\"titulo\">TREINAMENTO     NOTES<\/span><\/a> <span class=\"texto\">     <\/p>\n<p>Dando continuidade ao processo de implanta&ccedil;&atilde;o do Projeto      Grude na Reitoria, o CECOM estar&aacute; oferecendo mais uma turma de      treinamento enfocando o Lotus Notes para os usu&aacute;rios da Reitoria.     <\/p>\n<p>Esta turma, a 14a. a ser oferecida, tem 18 vagas e o treinamento ser&aacute;      realizado na quarta-feira da pr&oacute;xima semana, dia 23\/5, de 8:00      &agrave;s 12:00, na sala de aulas 2 do CECOM, no subsolo da Reitoria.<\/p>\n<p>As inscri&ccedil;&otilde;es devem ser feitas atrav&eacute;s de e-mail      para o endere&ccedil;o xina@cecom.ufmg. br, informando o nome completo      e o e-mail do indicado.<\/p>\n<p>    <\/span> <\/td>\n<\/tr>\n<tr>\n<td align=\"LEFT\" valign=\"TOP\"><\/td>\n<td align=\"LEFT\" valign=\"TOP\"><a name=\"aeventos2\"><span class=\"titulo\">TREINAMENTO     SMARTSUITE<\/span><\/a> <span class=\"texto\">     <\/p>\n<p>Na segunda-feira, dia 21, estar&aacute; sendo realizado mais um curso      de Migra&ccedil;&atilde;o MS Office para Lotus SmartSuite. O treinamento      est&aacute; marcado para o hor&aacute;rio de 8:00 &agrave;s 12:00, na      Sala de Aulas do CECOM, no subsolo, sendo instrutor Jader Santos.<\/p>\n<p>    <\/p>\n<p>    <\/span><\/td>\n<\/tr>\n<tr>\n<td align=\"LEFT\" valign=\"TOP\"><\/td>\n<td align=\"LEFT\" valign=\"TOP\"><a name=\"aeventos3\"><span class=\"titulo\">CURSO ATUALIZA&Ccedil;&Atilde;O     PARA SECRET&Aacute;RIAS<\/span><\/a> <span class=\"texto\">     <\/p>\n<p>Dentro do programa de capacita&ccedil;&atilde;o que o DRH est&aacute;      promovendo para funcion&aacute;rios da UFMG, est&aacute; sendo realizado,      desde o dia 14\/05, o curso Atualiza&ccedil;&atilde;o para Secret&aacute;rias.      O curso est&aacute; sendo realizado no hor&aacute;rio de 8:00 &agrave;s      12:00, no Setor de Treinamento do DRH e vai ser encerrado amanh&atilde;,      dia 18.<\/p>\n<p>Do Centro de Computa&ccedil;&atilde;o, est&atilde;o participando Eliz&acirc;ngela      de Souza Prado e Mar&iacute;lia Pereira Martins.<\/p>\n<p>    <\/span>    <\/td>\n<\/tr>\n<tr>\n<td align=\"LEFT\" valign=\"TOP\"><\/td>\n<td align=\"LEFT\" valign=\"TOP\"><a name=\"aeventos4\"><span class=\"titulo\">FESTA JUNINA     DO CECOM<\/span><\/a> <span class=\"texto\">     <\/p>\n<p>Os preparativos para a Festa Junina do CECOM continuam. A lista de      ades&atilde;o ainda n&atilde;o foi passada, mas as rifas v&atilde;o      ter in&iacute;cio na pr&oacute;xima semana, conforme e-mail repassado      a todos do CECOM.<\/p>\n<p>O primeiro objeto a ser rifado vai ser uma Cesta Junina, com v&aacute;rios      itens doados pelos funcion&aacute;rios do CECOM, tais como: enlatados      (sardinha, creme de leite, leite condensado, ervilhas, milho etc.),      biscoitos, ch&aacute;s, vidros de sucos, vinhos, balas, caixa de bombons,      doces diversos e outras coisas. At&eacute; o momento somente Beth, Lel&eacute;,      Bia, Edir, Rubinho e M&aacute;rcia Fran&ccedil;a colaboraram. A cesta      tem que estar pronta at&eacute; a segunda-feira, quando vai ter in&iacute;cio      a venda das rifas. Ent&atilde;o, os itens ser&atilde;o recebidos at&eacute;      amanh&atilde;, sexta-feira. O sorteio est&aacute; marcado para a quinta-feira,      dia 24\/05, &agrave;s 16:00, no refeit&oacute;rio do 8o. andar, com a      presen&ccedil;a de todos os interessados.<\/p>\n<p>A caixa de prendas para a Pescaria e o jogo de argolas se encontra      no meio do corredor do 8o. andar, para que ningu&eacute;m se esque&ccedil;a      de contribuir com algum brinde.<\/p>\n<p>A data e o local da festa ainda v&atilde;o ser definidos, sendo divulgados      no Sistem&aacute;tico. <\/p>\n<p>    <\/span>    <\/td>\n<\/tr>\n<tr>\n<td align=\"LEFT\" valign=\"TOP\"><\/td>\n<td align=\"LEFT\" valign=\"TOP\"><a name=\"aeventos5\"><span class=\"titulo\">SOCIAIS<\/span><\/a>     <span class=\"texto\">     <\/p>\n<p><b>ANIVERS&Aacute;RIOS:<\/b> <i>&#8220;O Sistem&aacute;tico&#8221; envia      os parab&eacute;ns para os ex-ceconianos, aniversariantes da semana:      prof. Roberto da Silva Bigonha (DCC) e Eduardo Costa e Silva, no dia      19; Wang Kui Ying, no dia 22; Jonas Fernandes Campos, no dia 23 e prof.      Helv&eacute;cio Botelho Pereira, no dia 24.<\/i><\/p>\n<p><b>E-MAIL DO CANAD&Aacute;:<\/b><i> Ap&oacute;s longo sil&ecirc;ncio,      Dilma Sandrin enviou e-mail para a Reda&ccedil;&atilde;o, contando da      saudade que sente do Brasil. Entre tantas coisas contadas, vale registrar      o seguinte trecho:<br \/>     &#8220;Oi Lel&eacute;! Parece incr&iacute;vel, mas sou eu mesma! Depois      de um &#8220;longo e tenebroso inverno&#8221;, como diziamos a&iacute;      sem saber ao certo o que isso significava (agora eu sei direitinho o      que significa isso).<br \/>     Tudo bem com voc&ecirc;? Hoje bateu saudade, e resolvi dar uma olhada      no Sistem&aacute;tico (confesso que fiquei um tempinho sem ler as noticias      da &#8220;terrinha&#8221; por falta total de tempo por aqui). Fiquei feliz      de ler as not&iacute;cias e fiquei emocionada de ver meu nome nas duas      &uacute;ltimas edi&ccedil;&otilde;es.<br \/>     Fiquei feliz em lembrar daquele tempo bom da DU e senti saudades de      todos que est&atilde;o ainda por a&iacute; e de outros que tamb&eacute;m      j&aacute; sa&iacute;ram como o Romildo, a Nilza e a Laura que ajudaram      a escrever a hist&oacute;ria do CECOM.<br \/>     Quero tamb&eacute;m aproveitar para te dizer que o Sistematico est&aacute;      lindo na Internet. Very professional, como diriam meus colegas de trabalho      no Children&#8217;s. Mas melhor que isso, continua descontra&iacute;do      e muito gostoso de ler!&#8221;&#8230;<\/i><\/p>\n<p>    <\/span>    <\/td>\n<\/tr>\n<p>  <!-- #EndEditable -->  <\/table>\n<p> <!-- fim noticias --><\/div>\n","protected":false},"excerpt":{"rendered":"<p>Not\u00edcias UNIFICA&Ccedil;&Atilde;O DA GER&Ecirc;NCIA DE LPCDs III WORKSHOP RNP2 REUNI&Atilde;O T&Eacute;CNICA NO LCC SICCA: DIVULGADAS ATIVIDADES PARA IMPLANTA&Ccedil;&Atilde;O AMPLIA&Ccedil;&Atilde;O DE ACESSO AO INA APRESENTA&Ccedil;&Atilde;O DO TIVOLI NOVO FUNCION&Aacute;RIO DO CECOM Informativo Genteware ECONOMIA DE ENERGIA PARADA PARA MANUTEN&Ccedil;&Atilde;O GUIA DE SITES INTERESSANTES DEFINI&Ccedil;&Atilde;O DE TERMOS DE INFORM&Aacute;TICA PLANT&Atilde;O INFO MULTAS DE TR&Acirc;NSITO NA INTERNET H\u00e1 &#8230; <a title=\"Sistem\u00e1tico: Edi\u00e7\u00e3o 1074 &#8211; 17\/05\/2001\" class=\"read-more\" href=\"https:\/\/www.ufmg.br\/dti\/2001\/05\/17\/sistematico-edicao-1074-17052001\/\" aria-label=\"Read more about Sistem\u00e1tico: Edi\u00e7\u00e3o 1074 &#8211; 17\/05\/2001\">Ler mais<\/a><\/p>\n","protected":false},"author":3,"featured_media":0,"comment_status":"open","ping_status":"open","sticky":false,"template":"","format":"standard","meta":{"inline_featured_image":false,"footnotes":""},"categories":[13],"tags":[],"coauthors":[79],"class_list":["post-3269","post","type-post","status-publish","format-standard","hentry","category-sistematico"],"_links":{"self":[{"href":"https:\/\/www.ufmg.br\/dti\/wp-json\/wp\/v2\/posts\/3269","targetHints":{"allow":["GET"]}}],"collection":[{"href":"https:\/\/www.ufmg.br\/dti\/wp-json\/wp\/v2\/posts"}],"about":[{"href":"https:\/\/www.ufmg.br\/dti\/wp-json\/wp\/v2\/types\/post"}],"author":[{"embeddable":true,"href":"https:\/\/www.ufmg.br\/dti\/wp-json\/wp\/v2\/users\/3"}],"replies":[{"embeddable":true,"href":"https:\/\/www.ufmg.br\/dti\/wp-json\/wp\/v2\/comments?post=3269"}],"version-history":[{"count":0,"href":"https:\/\/www.ufmg.br\/dti\/wp-json\/wp\/v2\/posts\/3269\/revisions"}],"wp:attachment":[{"href":"https:\/\/www.ufmg.br\/dti\/wp-json\/wp\/v2\/media?parent=3269"}],"wp:term":[{"taxonomy":"category","embeddable":true,"href":"https:\/\/www.ufmg.br\/dti\/wp-json\/wp\/v2\/categories?post=3269"},{"taxonomy":"post_tag","embeddable":true,"href":"https:\/\/www.ufmg.br\/dti\/wp-json\/wp\/v2\/tags?post=3269"},{"taxonomy":"author","embeddable":true,"href":"https:\/\/www.ufmg.br\/dti\/wp-json\/wp\/v2\/coauthors?post=3269"}],"curies":[{"name":"wp","href":"https:\/\/api.w.org\/{rel}","templated":true}]}}