{"id":3272,"date":"2001-04-26T08:00:00","date_gmt":"2001-04-26T08:00:00","guid":{"rendered":"https:\/\/www.ufmg.br\/dti\/cecom\/?p=1556"},"modified":"2001-04-26T08:00:00","modified_gmt":"2001-04-26T08:00:00","slug":"sistematico-edicao-1071-26042001","status":"publish","type":"post","link":"https:\/\/www.ufmg.br\/dti\/2001\/04\/26\/sistematico-edicao-1071-26042001\/","title":{"rendered":"Sistem\u00e1tico: Edi\u00e7\u00e3o 1071 &#8211; 26\/04\/2001"},"content":{"rendered":"<ul>\n<li><a href=\"\/dti\/#noticias\">Not\u00edcias<\/a>\n<div class='submenuSistematico'>\n<ul>\n<li><a href=\"\/dti\/#anoticias1\"><span class=\"titulo\">SERVIDORES     NETWARE<\/span><\/a><\/li>\n<li><a href=\"\/dti\/#anoticias2\"><span class=\"titulo\">VISITA AO     CECOM<\/span><\/a><\/li>\n<li><a href=\"\/dti\/#anoticias3\"><span class=\"titulo\">LEVANTAMENTO     DE SOFTWARE INSTALADO<\/span><\/a><\/li>\n<li><a href=\"\/dti\/#anoticias4\"><span class=\"titulo\">IMPRESSORAS     NO METAFRAME<\/span><\/a><\/li>\n<li><a href=\"\/dti\/#anoticias5\"><span class=\"titulo\">APOSENTADORIA<\/span><\/a><\/li>\n<\/ul>\n<\/div>\n<\/li>\n<li><a href=\"\/dti\/#informativo\">Informativo<\/a>\n<div class='submenuSistematico'>\n<ul>\n<li><a href=\"\/dti\/#ainformativo1\"><span class=\"titulo\">Genteware<\/span><br \/>    <\/a><\/li>\n<li><a href=\"\/dti\/#ainformativo2\"><span class=\"titulo\">ERRATA<\/span><\/a><\/li>\n<li><a href=\"\/dti\/#ainformativo3\"><span class=\"titulo\">GUIA DE SITES     INTERESSANTES<\/span><\/a><\/li>\n<li><a href=\"\/dti\/#ainformativo4\"><span class=\"titulo\">PLANT&Atilde;O     INFO<\/span><\/a><\/li>\n<li><a href=\"\/dti\/#ainformativo5\"><span class=\"titulo\">DEFINI&Ccedil;&Atilde;O     DE TERMOS DE INFORM&Aacute;TICA<\/span><\/a><\/li>\n<li><a href=\"\/dti\/#ainformativo6\"><span class=\"titulo\">FERIADO<\/span><\/a><\/li>\n<li><a href=\"\/dti\/#ainformativo7\"><img loading=\"lazy\" decoding=\"async\" src=\"https:\/\/www.ufmg.br\/dti\/wp-content\/uploads\/imgs\/tudo_pixel.gif\" width=\"1\" height=\"8\" alt=\"\" border=\"0\"><br \/>    <span class=\"titulo\">H\u00e1 20 anos&#8230;<\/span><\/a><\/li>\n<\/ul>\n<\/div>\n<\/li>\n<li><a href=\"\/dti\/#eventos\">Eventos<\/a>\n<div class='submenuSistematico'>\n<ul>\n<li><a href=\"\/dti\/#aeventos1\"><span class=\"titulo\">TREINAMENTO     NOTES<\/span><\/a><\/li>\n<li><a href=\"\/dti\/#aeventos2\"><span class=\"titulo\">SOCIAIS<\/span><\/a><\/li>\n<\/ul>\n<\/div>\n<\/li>\n<\/ul>\n<p> <a name='noticias'><\/a><\/p>\n<h4>Not\u00edcias<\/h4>\n<div class=\"centro-sistematico\">  <!-- noticias --> <\/p>\n<table border=\"0\" cellspacing=\"0\" cellpadding=\"0\">\n<tr>\n<td><\/td>\n<td><\/td>\n<\/tr>\n<p>  <!-- #BeginEditable \"materias\" -->   <\/p>\n<tr>\n<td align=\"LEFT\" valign=\"TOP\"><\/td>\n<td align=\"LEFT\" valign=\"TOP\"> <a name=\"anoticias1\"><span class=\"titulo\">SERVIDORES     NETWARE<\/span><\/a> <span class=\"texto\">     <\/p>\n<p>Foi realizada, na semana passada, a instala&ccedil;&atilde;o e configura&ccedil;&atilde;o      do sistema operacional Novell Netware em tr&ecirc;s servidores IBM Netfinity,      modelo 3500, que ir&atilde;o substituir os atuais equipamentos que atendem      aos pr&eacute;dios da Reitoria, Biblioteca Central (Editora e Biblioteca      Universit&aacute;ria) e UA II (DPFO e SAST).<\/p>\n<p>A instala&ccedil;&atilde;o est&aacute; sendo feita pela empresa Informa      Tecnologia e acompanhada por t&eacute;cnicos da DAC.<\/p>\n<p>Est&aacute; prevista para este s&aacute;bado, dia 28, a migra&ccedil;&atilde;o      dos arquivos e usu&aacute;rios da Reitoria para o novo servidor.<\/p>\n<p>O respons&aacute;vel por este trabalho pelo CECOM &eacute; M&aacute;rcio      da Costa Viana e pela Informa, Judson Senra do Nascimento.<\/p>\n<p>    <\/span> <\/td>\n<\/tr>\n<tr>\n<td align=\"LEFT\" valign=\"TOP\"><\/td>\n<td align=\"LEFT\" valign=\"TOP\"> <a name=\"anoticias2\"><span class=\"titulo\">VISITA AO     CECOM<\/span><\/a> <span class=\"texto\">     <\/p>\n<p>Estiveram em visita ao CECOM, no dia 24\/04, para conhecer a infra-estrutura      de redes de comunica&ccedil;&atilde;o da UFMG, tanto voz quanto dados,      representantes da Universidade Federal e da Universidade Estadual do      Mato Grosso do Sul. Eles vieram acompanhados de profissionais da empresa      Ericsson, que &eacute; o fornecedor das centrais telef&ocirc;nicas utilizadas      em toda a UFMG.<\/p>\n<p>Os visitantes foram recebidos por M&aacute;rcio Luiz Bunte de Carvalho      e Carlos Alfeu Furtado da Fonseca e, acompanhados por Fernando Frota      Machado de Morais e Ant&ocirc;nio Carlos Soares, conheceram as instala&ccedil;&otilde;es      f&iacute;sicas e os equipamentos existentes no subsolo do pr&eacute;dio      da Reitoria, onde fica instalada a Central Telef&ocirc;nica principal      do Campus da Pampulha.<\/p>\n<p>Estiveram participando da visita: prof. Luiz Ant&ocirc;nio A. Gon&ccedil;alves      (Vice Reitor da UE), Andrei Ramos Belo (UE), Rudel Trindade (UF), Jos&eacute;      Delfino Dias (UF), Joelson Brito (UF), Edilson Ferreira da Silva (Ericsson),      Jos&eacute; Ant&ocirc;nio Braga e Emerson Oliveira (Distribuidores Erik      Data).<\/p>\n<p>    <\/p>\n<p>    <\/span><\/td>\n<\/tr>\n<tr>\n<td align=\"LEFT\" valign=\"TOP\"><\/td>\n<td align=\"LEFT\" valign=\"TOP\"> <a name=\"anoticias3\"><span class=\"titulo\">LEVANTAMENTO     DE SOFTWARE INSTALADO<\/span><\/a> <span class=\"texto\">     <\/p>\n<p>O CECOM, atrav&eacute;s da Divis&atilde;o de Atendimento e Consultoria,      est&aacute; fazendo a verifica&ccedil;&atilde;o, nas esta&ccedil;&otilde;es      de trabalho da Rede Reitoria, de exist&ecirc;ncia de programas instalados      sem o devido licenciamento. Ap&oacute;s o levantamento, realizado pela      equipe de estagi&aacute;rios da divis&atilde;o, a chefia da DAC est&aacute;      se reunindo com a administra&ccedil;&atilde;o do &oacute;rg&atilde;o,      de modo a comprovar o licenciamento de programas que n&atilde;o fa&ccedil;am      parte do ambiente padr&atilde;o instalado no CECOM. J&aacute; foram      realizadas reuni&otilde;es com a PRPq, CT&amp;IT, IEAT, SODS, PROGRAD,      PRA, PRPG e PROPLAN\/DCF. O levantamento foi feito, tamb&eacute;m, na      PROEX, COPI e ACI. <\/p>\n<p>    <\/p>\n<p>    <\/span><\/td>\n<\/tr>\n<tr>\n<td align=\"LEFT\" valign=\"TOP\"><\/td>\n<td align=\"LEFT\" valign=\"TOP\"> <a name=\"anoticias4\"><span class=\"titulo\">IMPRESSORAS     NO METAFRAME<\/span><\/a> <span class=\"texto\">     <\/p>\n<p>Ap&oacute;s a implanta&ccedil;&atilde;o do m&oacute;dulo de Relat&oacute;rio      Individual do Sistema INA 2000, o CECOM recebeu diversas consultas relativas      ao funcionamento inadequado de algumas impressoras com o sistema.<\/p>\n<p>A DAC encontrou solu&ccedil;&atilde;o t&eacute;cnica para permitir      o uso de quase todas as impressoras que apresentaram esta disfun&ccedil;&atilde;o.      Restam ainda em testes algumas impressoras, como a HP 820, que n&atilde;o      funcionou em todos os locais.<\/p>\n<p>Cada tipo de impressora possui um &#8220;trecho&#8221; de software, denominado      driver, instalado no microcomputador, que faz com que ela possa adequadamente      imprimir os relat&oacute;rios, enviados pelo sistema operacional. Infelizmente,      pela velocidade do mercado de Tecnologia da Informa&ccedil;&atilde;o      (tanto de impressoras, quanto de sistemas operacionais) e a n&atilde;o      padroniza&ccedil;&atilde;o de procedimentos de trabalho de alguns destes      fornecedores, chegou-se a ter mais de uma vers&atilde;o de driver para      a mesma impressora\/sistema operacional. Especificamente no caso da HP,      tem-se &agrave;s vezes um driver no site da empresa na Web, outro no      CD do Windows e um terceiro vindo junto da impressora. Assim, pode ocorrer      de uma impressora estar funcionando normalmente no local onde est&aacute;      instalada e apresentar problemas de funcionamento quando usando a infra-estrutura      provida pelo CECOM, que utiliza Windows NT Terminal Server, combinado      com Metaframe. J&aacute; do lado do usu&aacute;rio, pela diversidade      atual, podem existir Windows 95, 98, Me, 2000 e NT WorkStation, isto      para falar somente do ambiente Windows.<\/p>\n<p>Ap&oacute;s muitos testes, a equipe da DAC compatibilizou a opera&ccedil;&atilde;o      dos seguintes drivers, seja por solu&ccedil;&atilde;o direta (uso de      driver pr&oacute;prio) ou alternativa (uso de driver de outra impressora      com funcionamento similar (*)):<\/p>\n<p>    <\/span> <\/p>\n<table width=\"75%\" border=\"2\" cellpadding=\"20\" align=\"center\" bgcolor=\"#99FFFF\">\n<tr>\n<td height=\"525\" width=\"49%\">\n<div align=\"left\"><font face=\"1\">AGFA-AccuSet         1000<br \/>        Apple LaserWriter Select 360<br \/>        Brother M-1909<br \/>        *Canon BJC-240L<br \/>        *Canon BJC-250 Series<br \/>        Canon BJC-5000 Series<br \/>        Canon Bubble-Jet BJ-200<br \/>        Canon Bubble-Jet BJ-200e<br \/>        Canon Bubble-Jet BJ-200ex<br \/>        Epson DFX-8000<br \/>        Epson FX-100<br \/>        Epson FX-100+<br \/>        Epson FX-80<br \/>        Epson LQ-1070+ ESC\/P 2<br \/>        *Epson FX-1170<br \/>        Epson LQ-570 ESC\/P 2<br \/>        Epson LQ-570+ ESC\/P 2<br \/>        Epson LX-300<br \/>        Epson LX-400<br \/>        Epson Stylus COLOR 200 -Z-<br \/>        HP DeskJet<br \/>        HP DeskJet 520<br \/>        *HP DeskJet 520C<br \/>        HP DeskJet 560C<br \/>        HP DeskJet 600<br \/>        HP DeskJet 600 (Monochrome)<br \/>        *HP DeskJet 610C<br \/>        HP DeskJet 610C Series<br \/>        *HP DeskJet 640C<br \/>        HP DeskJet 640C Series<br \/>        HP DeskJet 660C<br \/>        *HP DeskJet 670C<br \/>        *HP DeskJet 680C<br \/>        HP DeskJet 680C Series v11.0<br \/>        hp deskjet 690C series v11.0<br \/>        HP deskJet 690C Series v11.0<br \/>        *HP DeskJet 692C<br \/>        *HP DeskJet 693C<br \/>        *HP DeskJet 695C<br \/>        HP DeskJet 710C Series<\/font><\/div>\n<\/td>\n<td height=\"525\" width=\"51%\">\n<div align=\"left\"><font face=\"1\">HP         DeskJet 720C Series v10.3<br \/>        *HP DeskJet 810C<br \/>        *HP DeskJet 840C<br \/>        HP DeskJet 840C Series<br \/>        HP DeskJet 820C Series v8.5<br \/>        HP DeskJet 850C<br \/>        HP DeskJet 855C<br \/>        *HP DeskJet 890C<br \/>        *HP DeskJet 930C<br \/>        *hp deskjet 930c series<br \/>        hp deskjet 930c series<br \/>        HP LaseJet 1100<br \/>        HP LaseJet 2100 Series PCL 6<br \/>        HP LaseJet 4<br \/>        HP LaseJet 4 Plus<br \/>        HP LaseJet 4050 Series PCL 5e<br \/>        HP LaseJet 4L<br \/>        HP LaseJet 4M Plus<br \/>        HP LaseJet 4P<br \/>        HP LaseJet 4Si<br \/>        HP LaseJet 4Si\/4Si MX PS<br \/>        HP LaseJet 5<br \/>        HP LaseJet 5\/5M PostScript<br \/>        HP LaseJet 5P<br \/>        HP LaseJet 5P\/MP PostScript<br \/>        HP LaseJet 5Si<br \/>        HP LaseJet 5Si\/5Si MX PS<br \/>        HP LaseJet III<br \/>        HP LaseJet IIP<br \/>        IBM Proprinter III<br \/>        IBM Proprinter XL III<br \/>        Lexmark Optra R Series PS<br \/>        Olivetti DM 109<br \/>        *Olivetti DM 209L<br \/>        Panasonic KX-P2624<br \/>        Xerox 4520<br \/>        Xerox DocuPrint N24\/N32\/N40 PS<br \/>        *Xerox DocuPrint N24\/N32\/N40 PS3<br \/>        *Xerox DocuPrint N24<\/font><\/div>\n<\/td>\n<\/tr>\n<\/table>\n<p>    <span class=\"texto\">     <\/p>\n<p>&nbsp;<\/p>\n<p>O CECOM informa que restam apenas ocorr&ecirc;ncias espor&aacute;dicas      de problemas relacionados com &#8220;sobre-impress&atilde;o&#8221;, talvez      em fun&ccedil;&atilde;o do uso de drivers alternativos.<\/p>\n<p>Estas situa&ccedil;&otilde;es ocorrem em fun&ccedil;&atilde;o do estilo      do ambiente universit&aacute;rio, no qual n&atilde;o h&aacute; padroniza&ccedil;&atilde;o      na compra destes equipamentos, sendo a maioria feita por menor pre&ccedil;o      ou opini&atilde;o pessoal do comprador\/solicitante.<\/p>\n<p>    <\/p>\n<p>    <\/span><\/td>\n<\/tr>\n<tr>\n<td align=\"LEFT\" valign=\"TOP\"><\/td>\n<td align=\"LEFT\" valign=\"TOP\"> <a name=\"anoticias5\"><span class=\"titulo\">APOSENTADORIA<\/span><\/a>     <span class=\"texto\">     <\/p>\n<p>Atrav&eacute;s da Portaria no. 807, de 11 de abril de 2001, foi publicada      no Di&aacute;rio Oficial da Uni&atilde;o, a aposentadoria do operador      do CECOM, Jorman Bernardino Soares. <\/p>\n<p>Jorman entrou para o CECOM em 7\/10\/1976, como Perfurador, lotado na      Se&ccedil;&atilde;o de Digita&ccedil;&atilde;o. No in&iacute;cio de      1981, passou a ocupar o cargo de Operador, permanecendo na equipe de      Opera&ccedil;&atilde;o at&eacute; a sua sa&iacute;da. A aposentadoria      de Jorman ocorreu ap&oacute;s licen&ccedil;a m&eacute;dica a partir      de julho de 1998.<\/p>\n<p>    <\/span>     <\/td>\n<\/tr>\n<p>  <!-- #EndEditable -->  <\/table>\n<p> <!-- fim noticias --><\/div>\n<p><a name='informativo'><\/a><\/p>\n<h4>Informativo<\/h4>\n<div class=\"centro-sistematico\">  <!-- noticias --> <\/p>\n<table border=\"0\" cellspacing=\"0\" cellpadding=\"0\">\n<tr>\n<td><\/td>\n<td><\/td>\n<\/tr>\n<p>  <!-- #BeginEditable \"materias\" -->   <\/p>\n<tr>\n<td align=\"LEFT\" valign=\"TOP\"><\/td>\n<td align=\"LEFT\" valign=\"TOP\"><a name=\"ainformativo1\"><span class=\"titulo\">Genteware<\/span><br \/>    <\/a> <img loading=\"lazy\" decoding=\"async\" src=\"https:\/\/www.ufmg.br\/dti\/wp-content\/uploads\/imgs\/tudo_pixel.gif\" width=\"1\" height=\"20\" alt=\"\" border=\"0\"><br \/>     <span class=\"texto\"> <img loading=\"lazy\" decoding=\"async\" src=\"https:\/\/www.ufmg.br\/dti\/wp-content\/uploads\/fotos\/acsoares.jpg\" width=\"179\" height=\"174\" alt=\"\" border=\"0\" hspace=\"0\" vspace=\"0\" align=\"left\"><img loading=\"lazy\" decoding=\"async\" src=\"https:\/\/www.ufmg.br\/dti\/wp-content\/uploads\/imgs\/tudo_pixel.gif\" width=\"20\" height=\"191\" alt=\"\" border=\"0\" hspace=\"0\" vspace=\"0\" align=\"left\">Como     foi dif&iacute;cil esta entrevista. O dia se inicia com ele passando instru&ccedil;&otilde;es     para a equipe da telefonia e o telefone n&atilde;o p&aacute;ra de tocar,     numa seq&uuml;&ecirc;ncia de d&uacute;vidas que ele tenta resolver. Mas     valeu a pena esperar para escutar a hist&oacute;ria mais longa de todos     os ceconianos, apesar dele ter se tornado um ceconiano no ano 2000. Ele     &eacute; Ant&ocirc;nio Carlos Soares, respons&aacute;vel pela equipe da     telefonia, lotado na DRC &#8211; Divis&atilde;o de Redes de Comunica&ccedil;&atilde;o.     <\/p>\n<p>O primeiro contato que Ant&ocirc;nio Carlos teve com o Campus da UFMG,      fato que, rindo, gosta de contar, foi em 1965, ap&oacute;s um jogo no      Mineir&atilde;o, rec&eacute;m inaugurado. Naquela &eacute;poca, ainda      n&atilde;o havia estrutura de &ocirc;nibus para o est&aacute;dio e,      para ir embora, a p&eacute;, para o centro da cidade, o jeito foi cortar      caminho passando por dentro do campus. Assim, ele pisou pela primeira      vez na UFMG. E em 1966, ap&oacute;s Concurso P&uacute;blico para Agente      Administrativo, foi trabalhar na Secretaria Administrativa da Escola      de Biblioteconomia, que funcionava no 6&ordm; andar do pr&eacute;dio      da Reitoria, onde ficou durante tr&ecirc;s anos. Era uma beleza, segundo      ele, com 40 alunas e 3 homens. Tinha um relacionamento t&atilde;o bom      na escola, que foi l&aacute; que conheceu a sua esposa, aluna do curso      na &eacute;poca. Em 1967, prestou vestibular para Engenharia El&eacute;trica      no antigo IPUC &#8211; Instituto Polit&eacute;cnico da Universidade Cat&oacute;lica,      hoje PUC\/MG, passou e fez o curso &agrave; noite. No in&iacute;cio de      1970, pediu exonera&ccedil;&atilde;o da Escola de Biblioteconomia e      foi contratado pela antiga Prefeitura da UFMG, para trabalhar na &aacute;rea      de instala&ccedil;&otilde;es el&eacute;tricas das obras que estavam      surgindo, como ICB, F&iacute;sica, ICEx etc. Quando se formou, fez concurso      interno para engenheiro e foi contratado pela UFMG em 1972, como respons&aacute;vel      pelo setor de instala&ccedil;&otilde;es el&eacute;tricas, permanecendo      na &aacute;rea at&eacute; 1990. Ant&ocirc;nio Carlos contou que, desde      que assumiu o setor, a &aacute;rea de telefonia j&aacute; estava encostando      na &aacute;rea de el&eacute;trica, ficando cada vez mais perto. E foi      assim que come&ccedil;ou com a telefonia, no in&iacute;cio de forma      bem t&iacute;mida e crescendo aos poucos. Em 1990, quando assumiu o      cargo de diretor do Depto de Manuten&ccedil;&atilde;o, deixou a parte      de instala&ccedil;&atilde;o el&eacute;trica, dedicando-se somente &agrave;      telefonia, at&eacute; novembro de 1993, quando se aposentou.<\/p>\n<p>Ao se aposentar, a administra&ccedil;&atilde;o central pediu para que      permanecesse no cargo at&eacute; terminar a gest&atilde;o da profa.      Vanessa, atrav&eacute;s de contrato feito pelo DPFO. Logo veio o mandato      do prof. Tomaz e a nova administra&ccedil;&atilde;o manteve o contrato,      que depois foi transferida para a Fundep. Ant&ocirc;nio Carlos se lembrou      de que, no mandato da profa. Vanessa, aconteceu a grande arrancada da      telefonia, com a instala&ccedil;&atilde;o das centrais telef&ocirc;nicas      da Fafich e ICEx. Na administra&ccedil;&atilde;o seguinte (prof. Tomaz),      o ritmo de implanta&ccedil;&atilde;o dos novos equipamentos acelerou      ainda mais e foram instaladas as demais centrais do Campus (Reitoria,      ICB, Veterin&aacute;ria). Paralelamente, foram implantados novos equipamentos      no Campus Sa&uacute;de, Arquitetura, Farm&aacute;cia, FACE, Direito      e, posteriormente, no Conservat&oacute;rio. Hoje o trabalho se concentra      em amplia&ccedil;&otilde;es\/atualiza&ccedil;&otilde;es das centrais.<\/p>\n<p>O trabalho de Ant&ocirc;nio Carlos na telefonia &eacute; de coordena&ccedil;&atilde;o      e planejamento. Tudo que existe hoje &eacute; produto de estudos de      longo prazo. Para se ter uma id&eacute;ia, o equipamento anterior s&oacute;      atendia a Reitoria, com 360 ramais. Hoje existem 3100 ramais, distribu&iacute;dos      em cinco centrais que est&atilde;o interligadas com fibra &oacute;tica.<\/p>\n<p>Como &eacute; chefiar a turma da telefonia? Ant&ocirc;nio Carlos contou      que, no in&iacute;cio, tinha um encarregado, o Waldir, que o ajudou      muito no recrutamento e forma&ccedil;&atilde;o dos atuais t&eacute;cnicos,      que hoje trabalham diretamente sob sua supervis&atilde;o. Ao contr&aacute;rio      do restante da equipe, que trabalhou em diversos locais, Ant&ocirc;nio      Carlos sempre esteve no Unidade Administrativa II. Quando da implanta&ccedil;&atilde;o      do novo equipamento na Reitoria, em 1995, toda a equipe de telefonia      foi transferida para o subsolo da Reitoria. Foi um passo importante      para a integra&ccedil;&atilde;o do pessoal, com todos trabalhando no      mesmo ambiente e pr&oacute;ximo aos equipamentos.<\/p>\n<p>J&aacute; nesta &eacute;poca estava sendo lan&ccedil;ada a semente      para a fus&atilde;o com o CECOM, exatamente no momento em que empresas      como Telemig come&ccedil;avam a tratar voz e dados de forma unificada.      A vinda para o CECOM em 2000 foi uma situa&ccedil;&atilde;o nova, um      desafio que ainda continua.Segundo Antonio Carlos, trabalhar com o Frota      e o Eduardo est&aacute; sendo muito bom, pois s&atilde;o pessoas de      muito conhecimento t&eacute;cnico e por isto est&aacute; sempre procurando      pegar uma carona com eles . <\/p>\n<p>Ant&ocirc;nio Carlos contou que a fus&atilde;o ainda est&aacute; acontecendo.      Para ele, pessoalmente, houve um ganho consider&aacute;vel, pois al&eacute;m      de ser respons&aacute;vel t&eacute;cnico pela telefonia, antes de vir      para o CECOM, era respons&aacute;vel tamb&eacute;m pela parte administrativa.      Era tanta coisa que, a certo momento, buscou Edir, uma das telefonistas,      para ajud&aacute;-lo na elabora&ccedil;&atilde;o das planilhas de rateio      das contas telef&ocirc;nicas, controle de f&eacute;rias, abonos e outros      servi&ccedil;os. Para ele, ela foi uma pessoa sensacional, competente,      que o ajudou muito a ter tempo para se dedicar aos projetos da telefonia.      Com a transfer&ecirc;ncia para o CECOM, todos os servi&ccedil;os administrativos      foram para a DAA, e agora n&atilde;o tem mais aquelas responsabilidades.      Foi um grande al&iacute;vio e a mudan&ccedil;a melhorou a qualidade      dos servi&ccedil;os. Um exemplo &eacute; a elabora&ccedil;&atilde;o      da planilha de rateio, que foi melhorada, atualizada e evoluiu muito      pela transpar&ecirc;ncia com que os servi&ccedil;os s&atilde;o feitos      e informados aos usu&aacute;rios.<\/p>\n<p>Com todas essas mudan&ccedil;as, quem mais ganhou foi a institui&ccedil;&atilde;o,      dando um passo estrat&eacute;gico. Ant&ocirc;nio Carlos disse que &eacute;      gratificante ver tudo isso que aconteceu, e acha que fizeram a coisa      certa. <\/p>\n<p>Ele disse que est&aacute; gostando do CECOM, a equipe &eacute; competente      e dedicada, mas ainda n&atilde;o conhece bem a todos. J&aacute; participou      de duas festas, a Junina e a de Natal do ano passado, e acredita que      com mais umas duas festas estar&aacute; totalmente integrado. Comentou      que no CECOM a informa&ccedil;&atilde;o rola mais, existe uma facilidade      de acesso as estas informa&ccedil;&otilde;es. Isto tudo torna as coisas      transparentes e, consequentemente mais f&aacute;ceis de serem assimiladas.<\/p>\n<p>Perguntado se sabia de algum caso engra&ccedil;ado, Ant&ocirc;nio Carlos      contou que levou um certo tempo para se acostumar com o Frota utilizando      aquele telefone sem fio. &Agrave;s vezes, perguntava alguma coisa para      ele e ele respondia outra. A&iacute; &eacute; que percebia que o Frota      estava ao telefone. O engra&ccedil;ado era quando o encontrava no meio      do corredor do subsolo, parecendo que estava conversando sozinho, gesticulando      sem parar. E descobria, mais uma vez, que ele estava ao telefone&#8230;      Agora, j&aacute; se acostumou.<\/p>\n<p>Ant&ocirc;nio Carlos &eacute; casado h&aacute; 27 anos com Vera, que      j&aacute; foi vice-diretora da Biblioteca Universit&aacute;ria, e tem      tr&ecirc;s filhas, Carolina, Isabella e B&aacute;rbara. As duas primeiras      cursam Medicina e a &uacute;ltima faz Fisioterapia. E ele brinca dizendo      que vai ter que comprar pe&ccedil;as e mais pe&ccedil;as de linho branco      para as roupas que elas v&atilde;o passar a usar! Nasceu na cidade de      S&atilde;o Roque de Minas, terra tamb&eacute;m da Alda, que, ali&aacute;s,      &eacute; sua prima. Sua fam&iacute;lia se completa com o pai, Jo&atilde;o      (j&aacute; falecido), a m&atilde;e, Bertilha e mais oito irm&atilde;os:      Alberto, J&uacute;lia, Carlos, N&iacute;vea, Jo&atilde;o, Marcos, Marluce      e Roberto. Ele &eacute; o quarto filho. Falando em S&atilde;o Roque,      ele pediu para fazer uma pequena propaganda da sua cidade, dizendo que      &eacute; um dos pontos mais requisitados de turismo ecol&oacute;gico      no pa&iacute;s. &Eacute; o lugar ideal para quem gosta da natureza,      estando localizada perto da nascente do rio S&atilde;o Francisco, na      Serra da Canastra. Apesar de ser uma cidade pequena, existe uma infra-estrutura      completa para receber os turistas. Saiu de S&atilde;o Roque bem novo,      para estudar em Passos e, em 1959, veio para Belo Horizonte estudar      no Col&eacute;gio Municipal, onde terminou o curso cient&iacute;fico.      Em 1962, com 15 anos de idade, come&ccedil;ou a trabalhar no antigo      Banco da Lavoura. Nesta &eacute;poca, entendeu que faria faculdade &agrave;      noite, para poder trabalhar, e por isto, foi para o IPUC. Em 1972, se      formou em Engenharia El&eacute;trica e depois fez o curso de Administra&ccedil;&atilde;o      de Empresas na UNA.<\/p>\n<p>E as coisas que Ant&ocirc;nio Carlos gosta? Ele disse que &eacute;      muito fam&iacute;lia, gosta muito de viajar, gosta de praia e gosta      de conversar. Sonha em morar na praia. Detesta solid&atilde;o e n&atilde;o      gosta de televis&atilde;o. Foi petequeiro e diziam que jogava bem. Gosta      de fazer caminhadas e est&aacute; se iniciando, juntamente com a filha      mais nova, no trecking. Gosta tamb&eacute;m de v&ocirc;lei, como espectador,      e do Guga. &Eacute; muito ligado &agrave; terra e j&aacute; teve alguns      projetos agr&iacute;colas.<\/p>\n<p>Contou que n&atilde;o se sente velho e deve isto ao conv&iacute;vio      com as filhas. Ant&ocirc;nio Carlos se considera uma cria da UFMG e      n&atilde;o tem nenhum arrependimento por isto. Gosta de trabalhar, n&atilde;o      tendo avers&atilde;o pela segunda-feira. E tem uma caracter&iacute;stica      que n&atilde;o perdeu desde que come&ccedil;ou a trabalhar em obras:      o de sempre chegar bem cedo ao trabalho. Est&aacute; todos os dias no      CECOM antes das 7:30 e gosta de ir para casa cedo. Ainda quer trabalhar      muito e a vinda para o CECOM o est&aacute; fazendo trabalhar e aprender      bastante. Gostaria de morar &agrave; beira-mar e disse que quem nasce      longe do mar deve estar pagando alguma coisa. Seu sonho de pai, &eacute;      ver as filhas realizando seus sonhos e vibra muito com elas. Acompanha      tudo e acha que &eacute; um Pai Nota 10. Acredita que as pessoas t&ecirc;m      v&aacute;rios pilares de sustenta&ccedil;&atilde;o na vida, e no seu      caso, a fam&iacute;lia &eacute; o principal deles.<\/p>\n<p>Este &eacute; o Ant&ocirc;nio Carlos, que hoje ficamos conhecendo mais.      Todo sorridente, vimos como ele gosta de conversar, de relembrar de      todo o trabalho j&aacute; realizado na UFMG e de comentar sobre os novos      desafios. Se algu&eacute;m acreditar, durante a entrevista o telefone      n&atilde;o tocou hora nenhuma, voltando a tocar somente ao t&eacute;rmino      da conversa. Algu&eacute;m ajudou&#8230;<\/p>\n<p>    <\/span> <\/td>\n<\/tr>\n<tr>\n<td align=\"LEFT\" valign=\"TOP\"><\/td>\n<td align=\"LEFT\" valign=\"TOP\"><a name=\"ainformativo2\"><span class=\"titulo\">ERRATA<\/span><\/a>     <span class=\"texto\">     <\/p>\n<p>Retificando informa&ccedil;&atilde;o publicada no Sistem&aacute;tico      no 13, de 19\/04\/2001, na mat&eacute;ria sobre <i>Amplia&ccedil;&atilde;o      de Infra-estrutura Central<\/i>,cabe esclarecer que o n&uacute;mero de      licen&ccedil;as adquiridas do Oracle 8i foi ilimitado e n&atilde;o limitado      como apareceu publicado.<\/p>\n<p>Quanto ao n&uacute;mero de acessos simult&acirc;neos ao cluster de      servidoras, ele passar&aacute; de 90 para 225 e n&atilde;o de 0 para      225, como foi informado.<\/p>\n<p>    <\/span> <\/td>\n<\/tr>\n<tr>\n<td align=\"LEFT\" valign=\"TOP\"><\/td>\n<td align=\"LEFT\" valign=\"TOP\"><a name=\"ainformativo3\"><span class=\"titulo\">GUIA DE SITES     INTERESSANTES<\/span><\/a> <span class=\"texto\">     <\/p>\n<p>Adyrus, o ca&ccedil;ador de sites, enviou, esta semana, as seguintes      dicas interessantes:<\/p>\n<p>&#8211; Um site para os aficcionados pela arte do holand&ecirc;s Vincent      Van Gogh (1853-1890) est&aacute; no endere&ccedil;o <b>http:\/\/www.vangoghgallery.com\/<\/b>.      A galeria virtual cont&eacute;m todas as cartas, pinturas e todos os      rascunhos do pintor. (Site em ingl&ecirc;s, Espanhol e Russo)<\/p>\n<p>&#8211; Uma p&aacute;gina super saud&aacute;vel &eacute; <b>http:\/\/www.bebaleite.com.br\/<\/b>.      Voc&ecirc; sabe que uma pesquisa, realizada pela Universidade Federal      de S&atilde;o Paulo, mostrou que 60% dos jovens paulistanos de classe      m&eacute;dia t&ecirc;m defici&ecirc;ncia de c&aacute;lcio? Voc&ecirc;      sabe que, como resultado de um baixo consumo de leite, normalmente substitu&iacute;do      pelos refrigerantes, isto poder&aacute; resultar em ossos fracos na      velhice? A p&aacute;gina tem ainda informa&ccedil;&otilde;es nutricionais,      receitas etc. Doe leite a crian&ccedil;as carentes &#8211; 50 ml por um &uacute;nico      clique.<\/p>\n<p>&#8211; Se voc&ecirc; gosta de preparar refei&ccedil;&otilde;es variadas,      v&aacute; at&eacute; a p&aacute;gina Batuque na Cozinha (<b>http:\/\/www.batuquenacozinha.com.br\/<\/b>).      Voc&ecirc; pode procurar receitas de acordo com o que voc&ecirc; quer      fazer. Para quem gosta de preparar pratos requintados, a p&aacute;gina      oferece receitas light, pr&aacute;ticas, kasher, e tamb&eacute;m as      espec&iacute;ficas para crian&ccedil;as, vegetarianos e diab&eacute;ticos.      Se voc&ecirc; gosta de uma bebida para acompanhar, a p&aacute;gina o      ajuda a conhecer os bons vinhos, os destilados, e mostra como fazer      os drinks e sucos mais apropriados a cada ocasi&atilde;o. Vale a pena      conferir.<\/p>\n<p>&#8211; Uma p&aacute;gina que se preocupa com o dependente de droga de forma      construtiva e interativa &eacute; o <b>http:\/\/www.toloco.com.br<\/b>.      Visite a p&aacute;gina e obtenha informa&ccedil;&otilde;es sobre narc&oacute;ticos      e depoimentos reais que mostram aos internautas a verdade sobre as drogas.      Converse com uma psic&oacute;loga on line gratuita que indica a solu&ccedil;&atilde;o      mais adequada para os diferentes casos de droga.<\/p>\n<p>&#8211; Visite a p&aacute;gina <b>http:\/\/www.datelineterra.com\/itc\/tarifas.htm<\/b>      e veja a tabela que mostra o valor da tarifa de cada Estado (valor que      &eacute; cobrado por cada impulso numa determinada regi&atilde;o). Vale      a pena conferir.<\/p>\n<p>&#8211; Se voc&ecirc; n&atilde;o sabe como presentear ou se fica andando      pra l&aacute; e pra c&aacute; a procura de um presente, ent&atilde;o      visite a p&aacute;gina <b>http:\/\/www.centraldedesejos.com<\/b> e tenha      uma id&eacute;ia do que comprar. S&atilde;o v&aacute;rias dicas de presentes      e voc&ecirc; pode escolher a ocasi&atilde;o, por sexo, idade e pre&ccedil;os.      Vale a pena conferir.<\/p>\n<p>&#8211; Uma p&aacute;gina que usa a tecnologia flash e usa e abusa de movimentos      da arte marcial &eacute; o <b>http:\/\/games.sohu.com\/fightgame\/fight3.swf<\/b>.      A p&aacute;gina simula uma luta de bonequinhos de palito, cheio de golpes      de artes marciais, com direito at&eacute; a uma cena clonada de Matrix.      Para os momentos em que n&atilde;o h&aacute; nada para fazer. &Eacute;      super legal. Vale a pena conferir.<\/p>\n<p>    <\/span> <\/td>\n<\/tr>\n<tr>\n<td align=\"LEFT\" valign=\"TOP\"><\/td>\n<td align=\"LEFT\" valign=\"TOP\"><a name=\"ainformativo4\"><span class=\"titulo\">PLANT&Atilde;O     INFO<\/span><\/a> <span class=\"texto\">     <\/p>\n<p>O <b>Plant&atilde;o Info<\/b> divulgou, nos &uacute;ltimos dias, as      seguintes not&iacute;cias:<\/p>\n<p><b>Anatel pode vender licen&ccedil;as de 3.&ordf; gera&ccedil;&atilde;o      em 2002<\/b> &#8211; A Ag&ecirc;ncia Nacional de Telecomunica&ccedil;&otilde;es      (Anatel) poder&aacute; vender licen&ccedil;as para servi&ccedil;os de      terceira gera&ccedil;&atilde;o de telefonia celular j&aacute; no pr&oacute;ximo      ano, disse o presidente da ag&ecirc;ncia, Renato Guerreiro, no dia 10\/04.      <br \/>     &#8220;Se os equipamentos estiverem dispon&iacute;veis, j&aacute; estaremos      vendendo as licen&ccedil;as no ano que vem&#8221;, disse ele a rep&oacute;rteres      depois de participar de uma confer&ecirc;ncia internacional sobre terceira      gera&ccedil;&atilde;o de telefonia no Rio. <br \/>     Guereiro acredita que essas licen&ccedil;as devem ser disputadas pelas      operadoras de telefonia m&oacute;vel j&aacute; existentes uma vez que      o Brasil s&oacute; tem dispon&iacute;vel para terceira gera&ccedil;&atilde;o      uma faixa de 30 megahertz. Ele estima que para uma nova operadora entrar      no mercado ela precisaria de uma faixa de 15 a 20 megahertz. <br \/>     Guerreiro disse que provavelmente haver&aacute; espa&ccedil;o para tr&ecirc;s      operadoras com 10 megahertz cada. <br \/>     O presidente da Anatel lembrou que o servi&ccedil;o de terceira gera&ccedil;&atilde;o      &eacute; um complemento ao oferecido pelas atuais operadoras de telefonia      celular. &#8220;Servi&ccedil;o de 3G visa atender nichos espec&iacute;ficos      de mercado&acute;&acute;, disse. Afirmou ainda que espera que o custo      das licen&ccedil;as n&atilde;o seja muito elevado. <\/p>\n<p><b>Sistema para compras virtuais do governo j&aacute; est&aacute; no      ar<\/b> &#8211; O Comprasnet, sistema pelo qual o governo federal far&aacute;      suas compras atrav&eacute;s da internet, foi apresentado ontem durante      o III Encontro E-Gov. <br \/>     O site foi criado para facilitar o acesso de toda a popula&ccedil;&atilde;o      &agrave;s informa&ccedil;&otilde;es sobre as licita&ccedil;&otilde;es      governamentais e todas as negocia&ccedil;&otilde;es realizadas pela      Administra&ccedil;&atilde;o P&uacute;blica Federal direta, aut&aacute;rquica      e fundacional. Al&eacute;m disso, traz a legisla&ccedil;&atilde;o vigente,      publica&ccedil;&otilde;es e informa&ccedil;&otilde;es para o cadastramento      de fornecedores. Uma &aacute;rea, de acesso livre, tamb&eacute;m libera      a consulta ao andamento de cada licita&ccedil;&atilde;o, aos resultados      finais dos processos de compra e aos preg&otilde;es eletr&ocirc;nicos      &#8211; esp&eacute;cie de leil&otilde;es reversos promovidos pelo governo.<\/p>\n<p><b>Crise grave leva V&iacute;rtua a suspender cobran&ccedil;a em maio<\/b>      &#8211; Os assinantes do servi&ccedil;o de acesso r&aacute;pido &agrave; internet      V&iacute;rtua, da Net, est&atilde;o recebendo uma carta da empresa comunicando      que ter&atilde;o um abono de 30 dias nas mensalidades. <br \/>     O aviso ocorre em meio a uma s&eacute;ria crise nos servi&ccedil;os      de acesso por cable-modem prestados pela empresa. N&atilde;o se viam      problemas t&atilde;o graves com um provedor desde que o finado SOL foi      lan&ccedil;ado pelo SBT v&aacute;rios anos atr&aacute;s. <br \/>     Os assinantes do V&iacute;rtua est&atilde;o penando com interrup&ccedil;&atilde;o      no acesso, pois os cable-modems perdem a sincronia, e com lentid&atilde;o      nas conex&otilde;es nas horas em que o servi&ccedil;o funciona. <br \/>     Outro problema adicional &eacute; que v&aacute;rias p&aacute;ginas n&atilde;o      carregam no acesso do V&iacute;rtua. Em muitos casos &eacute; preciso      dar reload ou refresh, e alguns endere&ccedil;os simplesmente n&atilde;o      carregam nunca. <br \/>     As queixas sobre os problemas t&ecirc;m causado enormes congestionamentos      nas centrais de atendimento do V&iacute;rtua, deixando assinantes &agrave;      espera &agrave;s vezes por uma hora. O descontentamento dos assinantes      pode ser constatado em listas como Eu Odeio o V&iacute;rtua, do Yahoo!      Brasil. <br \/>     Os t&eacute;cnicos da empresa t&ecirc;m trabalhado na rede a cabo da      empresa e nas casas dos assinantes em tr&ecirc;s turnos, sete dias por      semana, mas parecem impotentes, por enquanto, diante da profundidade      dos problemas enfrentados. <br \/>     No comunicado aos assinantes, a V&iacute;rtua reconhece que os seus      usu&aacute;rios est&atilde;o insatisfeitos e diz que os problemas atuais      s&atilde;o inaceit&aacute;veis. Diz tamb&eacute;m que sabe que o abono      &#8220;n&atilde;o compensa o desconforto causado&#8221;. <br \/>     Entre as provid&ecirc;ncias citadas, o V&iacute;rtua inclui o aumento      da capacidade de sua central de atendimento, que ser&aacute; triplicada.      <br \/>     Num acesso (com o perd&atilde;o do trocadilho) de humildade, o V&iacute;rtua      chega a lembrar que sabe que seus assinantes podem optar pelos servi&ccedil;os      de outras empresas, e que est&aacute; se empenhando para manter a prefer&ecirc;ncia      dos internautas. <br \/>     &Eacute; uma atitude mais diplom&aacute;tica do que a de uma semana      atr&aacute;s, quando um dos executivos da empresa, ao comentar a demora      do atendimento, reclamou ao caderno de Inform&aacute;tica do Estad&atilde;o      que v&aacute;rios usu&aacute;rios ficam muito tempo no telefone tirando      d&uacute;vidas que nada t&ecirc;m a ver com o V&iacute;rtua, como por      exemplo configura&ccedil;&atilde;o de computador. D&aacute; para imaginar      a repercuss&atilde;o de uma declara&ccedil;&atilde;o dessas junto a      consumidores j&aacute; irritados. <br \/>     Quando o V&iacute;rtua estreou, pouco mais de um ano atr&aacute;s, nada      indicava que algo assim poderia acontecer. A empresa testou o acesso      por cable modem por dois anos, em Sorocaba, e teve um per&iacute;odo      tranquilo de teste piloto em S&atilde;o Paulo. <br \/>     Testado por INFO, o servi&ccedil;o cravou cinco estrelas, a pontua&ccedil;&atilde;o      mais alta poss&iacute;vel. De l&aacute; para c&aacute;, alguma coisa      s&eacute;ria degringolou.<\/p>\n<p><b>Intel pode provocar guerra de pre&ccedil;os de chips<\/b> &#8211; A grande      probabilidade da Intel baixar entre 50% e 60% o pre&ccedil;o de seus      chips pode gerar uma grande guerra de pre&ccedil;os nesse mercado. Pelo      menos &eacute; no que acredita o di&aacute;rio americano sobre o mercado      financeiro The Wall Street Journal. <br \/>     Na semana passada, a Intel havia anunciado no Jap&atilde;o que baixaria      o pre&ccedil;o do Pentium 4, numa tentativa de alavancar suas vendas.      Mas o mercado esperava uma redu&ccedil;&atilde;o de cerca de 20%, e      n&atilde;o um corte pela metade no pre&ccedil;o dos chips. <br \/>     N&atilde;o &eacute; apenas a Intel que est&aacute; correndo atr&aacute;s      do preju&iacute;zo. Segundo o Wall Street de ontem (dia 17), a AMD,      que j&aacute; pratica pre&ccedil;os inferiores aos da Intel, tamb&eacute;m      anunciou que ir&aacute; vender mais barato seus produtos. Ambos os fabricantes      possuem maior capacidade de produ&ccedil;&atilde;o do que a demanda.      <br \/>     A mat&eacute;ria afirma que analistas de mercado acreditam que, a partir      de agora, os consumidores americanos poder&atilde;o comprar computadores      de &uacute;ltima gera&ccedil;&atilde;o por menos de dois mil d&oacute;lares      &#8211; valor que era pago, h&aacute; menos de seis meses, por m&aacute;quinas      com a metade da capacidade de processamento.<\/p>\n<p><b>Nextel cria primeira rede de celular full-time na web<\/b> &#8211; A Nextel      criou o servi&ccedil;o de transmiss&atilde;o de dados Nextel Online,      inaugurando a primeira rede de comuta&ccedil;&atilde;o de pacotes do      pa&iacute;s, que far&aacute; o usu&aacute;rio de iDEN ficar conectado      &agrave; internet em tempo integral a 22 Kbps. <br \/>     As redes de comuta&ccedil;&atilde;o por pacote trazem duas vantagens      inatas para o usu&aacute;rio: permitem conex&atilde;o permanente &agrave;      internet e pre&ccedil;os mais baixos do que a cobran&ccedil;a por tempo      de uso, que as operadoras praticam no Brasil. A nova rede Nextel Online      deve entrar em opera&ccedil;&atilde;o em junho deste ano. <br \/>     Al&eacute;m da nova infra-estrutura, a Nextel Online tamb&eacute;m contempla      um conjunto de servi&ccedil;os baseados na tecnologia K-Java. &#8220;Temos      um ambiente de desenvolvimento aberto para a cria&ccedil;&atilde;o de      aplica&ccedil;&otilde;es espec&iacute;ficas para a necessidade de cada      empresa&#8221;, diz Milton Longobardi, diretor da Nextel Brasil. Entre      as aplica&ccedil;&otilde;es j&aacute; oferecidas pelo Nextel Online      est&atilde;o o browser WAP, o aplicativo de recebimento e envio de mensagens      Two Way, que suportam at&eacute; 1100 caracteres por mensagem, e um      conjunto de aplica&ccedil;&otilde;es para m-commerce com chave de criptografia      de 180 bits. <br \/>     O modelo de cobran&ccedil;a adotado pela Nextel ser&aacute; baseado      no perfil de servi&ccedil;o contratado pela empresa. Aplica&ccedil;&otilde;es      que exijam alto n&iacute;vel de seguran&ccedil;a devem ter pre&ccedil;os      mais altos. <br \/>     A Nextel &eacute; operadora do sistema de comunica&ccedil;&atilde;o      iDEN, que re&uacute;ne telefonia celular, r&aacute;dio digital bidirecional      e transmiss&atilde;o de dados. A operadora cobre as cidades de S&atilde;o      Paulo, Campinas, Santos, S&atilde;o Jos&eacute; dos Campos e Rio de      Janeiro e possui hoje 400 mil usu&aacute;rios. At&eacute; o segundo      semestre, a empresa deve inaugurar opera&ccedil;&otilde;es em Belo Horizonte,      Bras&iacute;lia, Ribeir&atilde;o Preto e Curitiba.<\/p>\n<p>    <\/span> <\/td>\n<\/tr>\n<tr>\n<td align=\"LEFT\" valign=\"TOP\"><\/td>\n<td align=\"LEFT\" valign=\"TOP\"><a name=\"ainformativo5\"><span class=\"titulo\">DEFINI&Ccedil;&Atilde;O     DE TERMOS DE INFORM&Aacute;TICA<\/span><\/a> <span class=\"texto\">     <\/p>\n<p>Esta semana, O Sistem&aacute;tico divulga os seguintes termos de inform&aacute;tica:<\/p>\n<p><b>Boot Drive<\/b> &#8211; Drive de boot, a unidade de disco usada para dar      boot no micro. Normalmente &eacute; o disco r&iacute;gido, mas pode      ser um disquete, CD-ROm, Zip, ou qualquer outra unidade de armazenamento      de dados.<\/p>\n<p><b>Buffer<\/b> &#8211; Uma pequena &aacute;rea de mem&oacute;ria ultra-r&aacute;pida      usada para melhorar a velocidade de acesso a um determinado dispositivo.      &Eacute; encontrado em HDs, gravadores de CD, modems, e muitos outros.      Apesar de serem sin&ocirc;nimos, o termo &#8220;buffer&#8221; &eacute;      mais usado em rela&ccedil;&atilde;o aos dispositivos anteriormente citados      enquanto o termo &#8220;cache&#8221; &eacute; mais usado com rela&ccedil;&atilde;o      aos processadores e mem&oacute;ria RAM. <\/p>\n<p><b>Bus<\/b> &#8211; Barramento, meio de transmiss&atilde;o de dados entre      dois ou mais componentes. Exemplos s&atilde;o os barramentos PCI, AGP      e ISA da placa m&atilde;e, que ligam os perif&eacute;ricos ao chipset      e consequentemente ao processador. <\/p>\n<p><b>Crosstalk<\/b> &#8211; Interfer&ecirc;ncia causada pela proximidade entre      dois circuitos ou cabos.<\/p>\n<p><b>Cluster<\/b> &#8211; Um conjunto de setores do HD que s&atilde;o endere&ccedil;ados      pelo sistema operacional como uma &uacute;nica unidade l&oacute;gica.      Em outras palavras, um cluster &eacute; a menor parcela do HD que pode      ser acessada pelo sistema operacional. Cada cluster tem um endere&ccedil;o      &uacute;nico, um arquivo grande &eacute; dividido em v&aacute;rios clusters,      mas um cluster n&atilde;o pode conter mais de um arquivo, por menor      que seja. O tamanho de cada cluster varia de acordo com o sistema de      arquivos escolhido na formata&ccedil;&atilde;o do HD. Usando FAT 16      cada cluster tem at&eacute; 32 KB, usando FAT 32 cada cluster possui      apenas 4 KB. Usando NTFS (o sistema de arquivos utilizado pelo Windows      NT e 2000) cada cluster possui entre 512 bytes e 4 KB, dependendo do      tamanho da parti&ccedil;&atilde;o. Quanto menores forem os clusters,      menor ser&aacute; a quantidade de espa&ccedil;o desperdi&ccedil;ada      no HD, sobretudo ao gravar v&aacute;rios arquivos pequenos, j&aacute;      que mesmo com apenas 1 byte de tamanho, qualquer arquivo ocupar&aacute;      um cluster inteiro.<\/p>\n<p><b>Ferrite<\/b> &#8211; Material composto basicamente de &oacute;xido de ferro,      usado na camada magn&eacute;tica de fitas K-7, fitas de v&iacute;deo,      disquetes e HD muito antigos.<\/p>\n<p><b>Hard Error<\/b> &#8211; Usado em rela&ccedil;&atilde;o a discos r&iacute;gidos.      Um Hard Error ocorre sempre que n&atilde;o &eacute; poss&iacute;vel      ler dados armazenados num setor qualquer do HD, mesmo depois de v&aacute;rias      re-leituras. O setor &eacute; marcado como defeituoso (bad cluster)      por programas como o scandisk para que n&atilde;o seja mais usado. Mas      de qualquer forma n&atilde;o &eacute; poss&iacute;vel recuperar os dados      anteriormente gravados. Este tipo de erro &eacute; causado por danos      na superf&iacute;cie magn&eacute;tica do HD, n&atilde;o tem conserto.<\/p>\n<p>    <\/span> <\/td>\n<\/tr>\n<tr>\n<td align=\"LEFT\" valign=\"TOP\"><\/td>\n<td align=\"LEFT\" valign=\"TOP\"><a name=\"ainformativo6\"><span class=\"titulo\">FERIADO<\/span><\/a>     <span class=\"texto\">     <\/p>\n<p>NA TER&Ccedil;A-FEIRA, DIA 1o. DE MAIO, &eacute; DIA DO TRABALHO.<br \/>     UM BOM DESCANSO PARA TODOS.<\/p>\n<p>    <\/p>\n<p>    <\/span> <\/td>\n<\/tr>\n<p>  <!-- #EndEditable -->  <\/table>\n<p> <!-- fim noticias --> <!-- tabela ha 20 anos --> <\/p>\n<table border=\"0\" cellspacing=\"0\" cellpadding=\"0\" class=\"cinza\">\n<tr>\n<td><img loading=\"lazy\" decoding=\"async\" src=\"https:\/\/www.ufmg.br\/dti\/wp-content\/uploads\/imgs\/tudo_pixel.gif\" width=\"1\" height=\"1\" alt=\"\" border=\"0\"><\/td>\n<td><img loading=\"lazy\" decoding=\"async\" src=\"https:\/\/www.ufmg.br\/dti\/wp-content\/uploads\/imgs\/tudo_pixel.gif\" width=\"19\" height=\"1\" alt=\"\" border=\"0\"><\/td>\n<td><img loading=\"lazy\" decoding=\"async\" src=\"https:\/\/www.ufmg.br\/dti\/wp-content\/uploads\/imgs\/tudo_pixel.gif\" width=\"510\" height=\"1\" alt=\"\" border=\"0\"><\/td>\n<td><img loading=\"lazy\" decoding=\"async\" src=\"https:\/\/www.ufmg.br\/dti\/wp-content\/uploads\/imgs\/tudo_pixel.gif\" width=\"19\" height=\"1\" alt=\"\" border=\"0\"><\/td>\n<td><img loading=\"lazy\" decoding=\"async\" src=\"https:\/\/www.ufmg.br\/dti\/wp-content\/uploads\/imgs\/tudo_pixel.gif\" width=\"1\" height=\"1\" alt=\"\" border=\"0\"><\/td>\n<\/tr>\n<tr>\n<td class=\"vermelho\" colspan=\"5\"><img loading=\"lazy\" decoding=\"async\" src=\"https:\/\/www.ufmg.br\/dti\/wp-content\/uploads\/imgs\/tudo_pixel.gif\" width=\"1\" height=\"1\" alt=\"\" border=\"0\"><\/td>\n<\/tr>\n<tr>\n<td class=\"vermelho\"><img loading=\"lazy\" decoding=\"async\" src=\"https:\/\/www.ufmg.br\/dti\/wp-content\/uploads\/imgs\/tudo_pixel.gif\" width=\"1\" height=\"1\" alt=\"\" border=\"0\"><\/td>\n<td><img loading=\"lazy\" decoding=\"async\" src=\"https:\/\/www.ufmg.br\/dti\/wp-content\/uploads\/imgs\/tudo_pixel.gif\" width=\"1\" height=\"1\" alt=\"\" border=\"0\"><\/td>\n<td align=\"LEFT\" valign=\"TOP\"><!-- #BeginEditable \"ha 20 anos\" --><a name=\"ainformativo7\"><img loading=\"lazy\" decoding=\"async\" src=\"https:\/\/www.ufmg.br\/dti\/wp-content\/uploads\/imgs\/tudo_pixel.gif\" width=\"1\" height=\"8\" alt=\"\" border=\"0\"><br \/>    <span class=\"titulo\">H\u00e1 20 anos&#8230;<\/span><\/a> <span class=\"texto\">     <\/p>\n<p>O Sistem&aacute;tico Ano V, no. 14, de 24\/04\/1981, divulgou not&iacute;cias      sobre a reuni&atilde;o da SEI em Cuiab&aacute;, cursos do Depto. de      Ci&ecirc;ncia da Computa&ccedil;&atilde;o, Concurso P&uacute;blico na      UFMG, Projeto Conrac, entre outras. A not&iacute;cia que se destacou      foi:<\/p>\n<p><b>REUNI&Atilde;O EM SALVADOR<\/b><br \/>     <font face=\"1\">A Diretora Geral do CECOM, Maria Miriam Arruda Salvador,      estar&aacute; nos dias 29 e 30 de abril, em Salvador, em reuni&atilde;o      no CPD da Universidade Federal da Bahia. Nessa reuni&atilde;o, ser&aacute;      discutida a possibilidade de ser processado na UFMG o Vestibular de      1982 na UFBa.<br \/>     No per&iacute;odo, Romildo Monte estar&aacute; respondendo pela Diretoria      Geral do CECOM.<\/font><\/p>\n<p>&nbsp;<\/p>\n<p>    <\/span><!-- #EndEditable --><br \/>     <img loading=\"lazy\" decoding=\"async\" src=\"https:\/\/www.ufmg.br\/dti\/wp-content\/uploads\/imgs\/tudo_pixel.gif\" width=\"1\" height=\"8\" alt=\"\" border=\"0\"><\/td>\n<td><img loading=\"lazy\" decoding=\"async\" src=\"https:\/\/www.ufmg.br\/dti\/wp-content\/uploads\/imgs\/tudo_pixel.gif\" width=\"1\" height=\"1\" alt=\"\" border=\"0\"><\/td>\n<td class=\"vermelho\"><img loading=\"lazy\" decoding=\"async\" src=\"https:\/\/www.ufmg.br\/dti\/wp-content\/uploads\/imgs\/tudo_pixel.gif\" width=\"1\" height=\"1\" alt=\"\" border=\"0\"><\/td>\n<\/tr>\n<tr>\n<td class=\"vermelho\" colspan=\"5\"><img loading=\"lazy\" decoding=\"async\" src=\"https:\/\/www.ufmg.br\/dti\/wp-content\/uploads\/imgs\/tudo_pixel.gif\" width=\"1\" height=\"1\" alt=\"\" border=\"0\"><\/td>\n<\/tr>\n<\/table>\n<p> <!-- fim tabela ha 20 anos --><\/div>\n<p><a name='eventos'><\/a><\/p>\n<h4>Eventos<\/h4>\n<div class=\"centro-sistematico\">  <!-- noticias --> <\/p>\n<table border=\"0\" cellspacing=\"0\" cellpadding=\"0\">\n<tr>\n<td><\/td>\n<td><\/td>\n<\/tr>\n<p>  <!-- #BeginEditable \"materias\" -->   <\/p>\n<tr>\n<td align=\"LEFT\" valign=\"TOP\"><\/td>\n<td align=\"LEFT\" valign=\"TOP\"> <a name=\"aeventos1\"><span class=\"titulo\">TREINAMENTO     NOTES<\/span><\/a> <span class=\"texto\">     <\/p>\n<p>Dando continuidade ao treinamento de Lotus Notes, foi realizado um      curso no dia 24\/04 para os seguintes funcion&aacute;rios de &oacute;rg&atilde;os      do pr&eacute;dio da Reitoria: Ana Maria Jer&ocirc;nyma de Lima (PROEX),      Ana Paula Favarini Aires de Lima (PRPG), Bruno Sales Pereira (PROPLAN),      Eduardo Luiz Silva Rocha (DRCA), Eliane Cristina de Sousa (PRPQ), Gabriela      Cristina Santiago de Paulo (PROPLAN), Heloisa Aurora B. Pires da Costa      (PRPG), Maria Bernadete de Assis Moreira (PROGRAD), Maria Donizete do      Carmo (DRCA), Maria Aparecida Pieri Pereira (PRPG), Marilene Guimar&atilde;es      Le&atilde;o (PROEX), Sebasti&atilde;o de Carvalho Duarte (PROGRAD) e      Z&eacute;lia Pires da Silveira (PRPG). <b>Instrutor:<\/b> Adyr Rodrigues      Nascimento. <b>Monitor:<\/b> Danilo Pinheiro Soares Guimar&atilde;es.<\/p>\n<p>E hoje, dia 26, est&aacute; sendo realizado mais um curso, no hor&aacute;rio      de 13:30 &agrave;s 17:30, na Sala de Aulas 1 do CECOM, para os seguintes      participantes: Ana Maria Medeiros (PRPG), Eduardo &Acirc;ngelo Costa      (PROPLAN), Evandro Jos&eacute; Perez Godinho (DRCA), F&aacute;bio Roberto      F. Bram (IEAT), Jo&atilde;o Cloves Coelho (CECOM), Jo&atilde;o Batista      Guglielmelli (PRPG), Maria Emerenciana Vicente Araujo (PRA), Maria Salete      Barroso (DRCA), Maria Dolores Diniz (PRPG), Nazareth Cristiane A. Martins      Nunis (Gabinete), Ricardo Viana Velloso (PROGRAD), Veraci Silveira Teixeira      (CPPD), Wallace Santana Abreu (PROGRAD) e Zenalva Alves Sena (PRPG).      <b>Instrutor:<\/b> Eug&ecirc;nio Pacelli Pereira de Souza. <b>Monitor:<\/b>      Esdras Viggiano de Souza.<\/p>\n<p>    <\/span> <\/td>\n<\/tr>\n<tr>\n<td align=\"LEFT\" valign=\"TOP\"><\/td>\n<td align=\"LEFT\" valign=\"TOP\"><a name=\"aeventos2\"><span class=\"titulo\">SOCIAIS<\/span><\/a>     <span class=\"texto\">     <\/p>\n<p><b>ANIVERS&Aacute;RIOS:<\/b> <i>&#8220;O Sistem&aacute;tico&#8221; envia      os parab&eacute;ns para os ex-ceconianos: Cleto Boechat V&eacute;o,      hoje, dia 26; Wilca Maria Luzilene Souza e Silva, Filipe Jos&eacute;      Le&atilde;o Corr&ecirc;a e Maria Miriam Arruda, no dia 28; e Jos&eacute;      Tu&eacute;des de Resende, no dia 29.<\/i><\/p>\n<p>    <\/span>    <\/td>\n<\/tr>\n<p>  <!-- #EndEditable -->  <\/table>\n<p> <!-- fim noticias --><\/div>\n","protected":false},"excerpt":{"rendered":"<p>Not\u00edcias SERVIDORES NETWARE VISITA AO CECOM LEVANTAMENTO DE SOFTWARE INSTALADO IMPRESSORAS NO METAFRAME APOSENTADORIA Informativo Genteware ERRATA GUIA DE SITES INTERESSANTES PLANT&Atilde;O INFO DEFINI&Ccedil;&Atilde;O DE TERMOS DE INFORM&Aacute;TICA FERIADO H\u00e1 20 anos&#8230; Eventos TREINAMENTO NOTES SOCIAIS Not\u00edcias SERVIDORES NETWARE Foi realizada, na semana passada, a instala&ccedil;&atilde;o e configura&ccedil;&atilde;o do sistema operacional Novell Netware em tr&ecirc;s &#8230; <a title=\"Sistem\u00e1tico: Edi\u00e7\u00e3o 1071 &#8211; 26\/04\/2001\" class=\"read-more\" href=\"https:\/\/www.ufmg.br\/dti\/2001\/04\/26\/sistematico-edicao-1071-26042001\/\" aria-label=\"Read more about Sistem\u00e1tico: Edi\u00e7\u00e3o 1071 &#8211; 26\/04\/2001\">Ler mais<\/a><\/p>\n","protected":false},"author":3,"featured_media":0,"comment_status":"open","ping_status":"open","sticky":false,"template":"","format":"standard","meta":{"inline_featured_image":false,"footnotes":""},"categories":[13],"tags":[],"coauthors":[79],"class_list":["post-3272","post","type-post","status-publish","format-standard","hentry","category-sistematico"],"_links":{"self":[{"href":"https:\/\/www.ufmg.br\/dti\/wp-json\/wp\/v2\/posts\/3272","targetHints":{"allow":["GET"]}}],"collection":[{"href":"https:\/\/www.ufmg.br\/dti\/wp-json\/wp\/v2\/posts"}],"about":[{"href":"https:\/\/www.ufmg.br\/dti\/wp-json\/wp\/v2\/types\/post"}],"author":[{"embeddable":true,"href":"https:\/\/www.ufmg.br\/dti\/wp-json\/wp\/v2\/users\/3"}],"replies":[{"embeddable":true,"href":"https:\/\/www.ufmg.br\/dti\/wp-json\/wp\/v2\/comments?post=3272"}],"version-history":[{"count":0,"href":"https:\/\/www.ufmg.br\/dti\/wp-json\/wp\/v2\/posts\/3272\/revisions"}],"wp:attachment":[{"href":"https:\/\/www.ufmg.br\/dti\/wp-json\/wp\/v2\/media?parent=3272"}],"wp:term":[{"taxonomy":"category","embeddable":true,"href":"https:\/\/www.ufmg.br\/dti\/wp-json\/wp\/v2\/categories?post=3272"},{"taxonomy":"post_tag","embeddable":true,"href":"https:\/\/www.ufmg.br\/dti\/wp-json\/wp\/v2\/tags?post=3272"},{"taxonomy":"author","embeddable":true,"href":"https:\/\/www.ufmg.br\/dti\/wp-json\/wp\/v2\/coauthors?post=3272"}],"curies":[{"name":"wp","href":"https:\/\/api.w.org\/{rel}","templated":true}]}}