{"id":3273,"date":"2001-04-19T08:00:00","date_gmt":"2001-04-19T08:00:00","guid":{"rendered":"https:\/\/www.ufmg.br\/dti\/cecom\/?p=1557"},"modified":"2001-04-19T08:00:00","modified_gmt":"2001-04-19T08:00:00","slug":"sistematico-edicao-1070-19042001","status":"publish","type":"post","link":"https:\/\/www.ufmg.br\/dti\/2001\/04\/19\/sistematico-edicao-1070-19042001\/","title":{"rendered":"Sistem\u00e1tico: Edi\u00e7\u00e3o 1070 &#8211; 19\/04\/2001"},"content":{"rendered":"<ul>\n<li><a href=\"\/dti\/#noticias\">Not\u00edcias<\/a>\n<div class='submenuSistematico'>\n<ul>\n<li><a href=\"\/dti\/#anoticias1\"><span class=\"titulo\">REDE      UFMG &#8211; FASE 3<\/span><\/a><\/li>\n<li><a href=\"\/dti\/#anoticias2\"><span class=\"titulo\">AMPLIA&Ccedil;&Atilde;O     DE INFRA-ESTRUTURA CENTRAL<\/span><\/a><\/li>\n<li><a href=\"\/dti\/#anoticias3\"><span class=\"titulo\">PLANO DIRETOR<\/span><\/a><\/li>\n<li><a href=\"\/dti\/#anoticias4\"><span class=\"titulo\">AQUISI&Ccedil;&Atilde;O     DO ORACLE<\/span><\/a><\/li>\n<li><a href=\"\/dti\/#anoticias5\"><span class=\"titulo\">REDE DO     CEU<\/span><\/a><\/li>\n<\/ul>\n<\/div>\n<\/li>\n<li><a href=\"\/dti\/#informativo\">Informativo<\/a>\n<div class='submenuSistematico'>\n<ul>\n<li><a href=\"\/dti\/#ainformativo1\"><span class=\"titulo\">Genteware<\/span><br \/>    <\/a><\/li>\n<li><a href=\"\/dti\/#ainformativo2\"><span class=\"titulo\">GUIA DE SITES     INTERESSANTES<\/span><\/a><\/li>\n<li><a href=\"\/dti\/#ainformativo3\"><span class=\"titulo\">DEFINI&Ccedil;&Atilde;O     DE TERMOS DE INFORM&Aacute;TICA<\/span><\/a><\/li>\n<li><a href=\"\/dti\/#ainformativo4\"><span class=\"titulo\">PLANT&Atilde;O     INFO<\/span><\/a><\/li>\n<li><a href=\"\/dti\/#ainformativo5\"><img loading=\"lazy\" decoding=\"async\" src=\"https:\/\/www.ufmg.br\/dti\/wp-content\/uploads\/imgs\/tudo_pixel.gif\" width=\"1\" height=\"8\" alt=\"\" border=\"0\"><br \/>    <span class=\"titulo\">H\u00e1 20 anos&#8230;<\/span><\/a><\/li>\n<\/ul>\n<\/div>\n<\/li>\n<li><a href=\"\/dti\/#eventos\">Eventos<\/a>\n<div class='submenuSistematico'>\n<ul>\n<li><a href=\"\/dti\/#aeventos1\"><span class=\"titulo\">APRESENTA&Ccedil;&Atilde;O     DO TIVOLI<\/span><\/a><\/li>\n<li><a href=\"\/dti\/#aeventos2\"><span class=\"titulo\">TREINAMENTO     NOTES I<\/span><\/a><\/li>\n<li><a href=\"\/dti\/#aeventos3\"><span class=\"titulo\">TREINAMENTO     NOTES II<\/span><\/a><\/li>\n<li><a href=\"\/dti\/#aeventos4\"><span class=\"titulo\">CURSO FORMA&Ccedil;&Atilde;O     DE PREGOEIRO<\/span><\/a><\/li>\n<li><a href=\"\/dti\/#aeventos5\"><span class=\"titulo\">CURSO DE     ACCESS<\/span><\/a><\/li>\n<li><a href=\"\/dti\/#aeventos6\"><span class=\"titulo\">CURSO DE     EXCEL<\/span><\/a><\/li>\n<li><a href=\"\/dti\/#aeventos7\"><span class=\"titulo\">SOCIAIS<\/span><\/a><\/li>\n<\/ul>\n<\/div>\n<\/li>\n<\/ul>\n<p> <a name='noticias'><\/a><\/p>\n<h4>Not\u00edcias<\/h4>\n<div class=\"centro-sistematico\">  <!-- noticias --> <\/p>\n<table border=\"0\" cellspacing=\"0\" cellpadding=\"0\">\n<tr>\n<td><\/td>\n<td><\/td>\n<\/tr>\n<p>  <!-- #BeginEditable \"materias\" -->   <\/p>\n<tr>\n<td align=\"LEFT\" valign=\"TOP\"><\/td>\n<td align=\"LEFT\" valign=\"TOP\">\n<p><a name=\"anoticias1\"><span class=\"titulo\">REDE      UFMG &#8211; FASE 3<\/span><\/a><br \/>     <span class=\"texto\"> J&aacute; est&atilde;o instalados em seus locais      definitivos os novos switches que ir&atilde;o compor o backbone principal      da nova rede do Campus Pampulha. <\/span><\/p>\n<p>Estes equipamentos, que permitir&atilde;o tr&aacute;fego de dados,      voz e imagem de forma integrada na mesma rede, estar&atilde;o instalados      conforme o diagrama abaixo.<\/p>\n<p> Os equipamentos, apesar de fisicamente instalados, ainda est&atilde;o      sendo configurados e testados pela equipe da DRC. Um deles, o SSR 2000,      destinado ao ICB, encontra-se em fase adiantada de testes. Para viabilizar      que a estrutura esteja confi&aacute;vel e pronta para futura migra&ccedil;&atilde;o      da rede atual, os testes est&atilde;o sendo feitos utilizando-se cabeamento      de fibra &oacute;tica j&aacute; existente, e que estava ocioso, da telefonia      convencional.<\/p>\n<p>O projeto original est&aacute; sendo revisto, buscando a adequa&ccedil;&atilde;o      de sua estrutura, compatibilizando-a com o projeto Campus 2000. Al&eacute;m      disso, est&atilde;o sendo consideradas as disponibilidades or&ccedil;ament&aacute;rias      para a aquisi&ccedil;&atilde;o dos switches complementares, que ser&atilde;o      distribu&iacute;dos nas diversas unidades e &oacute;rg&atilde;os que      se interligar&atilde;o ao backbone da nova rede.<\/p>\n<p>S&atilde;o respons&aacute;veis pelo projeto os analistas Fernando Frota      Machado de Morais e Eduardo Henrique Lima.<\/p>\n<p><img loading=\"lazy\" decoding=\"async\" src=\"https:\/\/www.ufmg.br\/dti\/wp-content\/uploads\/fotos\/topologia.jpg\" width=\"593\" height=\"399\">    <\/p>\n<p>&nbsp; <\/p>\n<\/td>\n<\/tr>\n<tr>\n<td align=\"LEFT\" valign=\"TOP\"><\/td>\n<td align=\"LEFT\" valign=\"TOP\"> <a name=\"anoticias2\"><span class=\"titulo\">AMPLIA&Ccedil;&Atilde;O     DE INFRA-ESTRUTURA CENTRAL<\/span><\/a> <span class=\"texto\">     <\/p>\n<p>Com a defini&ccedil;&atilde;o dos recursos or&ccedil;ament&aacute;rios      dispon&iacute;veis para 2001, a Diretoria do CECOM iniciou atividades      de planejamento de amplia&ccedil;&atilde;o da infra-estrutura central,      baseada na arquitetura Cliente\/Servidor, que prov&ecirc; servi&ccedil;os      e sistemas via Web &agrave; comunidade da UFMG.<\/p>\n<p>Al&eacute;m do processo em andamento de aquisi&ccedil;&atilde;o de      licen&ccedil;as ilimitadas do Sistema Gerenciador de Banco de Dados      Oracle 8i, o CECOM pretende ampliar o n&uacute;mero de licen&ccedil;as      dispon&iacute;veis do software Metaframe, bem como consolidar a estrutura      de servidoras em cluster utilizadas para sustentar os acessos via rede.<\/p>\n<p> O planejamento inicial prev&ecirc;:<br \/>     &#8211; substitui&ccedil;&atilde;o da servidora Oracle atual por duas novas      servidoras de maior capacidade de mem&oacute;ria e processamento, sendo      uma backup da outra;<br \/>     &#8211; amplia&ccedil;&atilde;o da capacidade de mem&oacute;ria das servidoras      Windows NT\/Metaframe de 512 Mb para 1 Gb;<br \/>     &#8211; amplia&ccedil;&atilde;o do n&uacute;mero de servidoras Windows NT\/Metaframe      de tr&ecirc;s para cinco;<br \/>     &#8211; eleva&ccedil;&atilde;o do n&uacute;mero de acessos simult&acirc;neos      ao cluster de servidoras de 90 para 225 acessos simult&acirc;neos;<br \/>     &#8211; atualiza&ccedil;&atilde;o de vers&otilde;es dos softwares utilizados,      no caso: NT, Metaframe e Oracle.    <\/p>\n<p>Todas estas atividades, ainda em fase de planejamento, ser&atilde;o      conduzidas pela DAC e dever&atilde;o ser conclu&iacute;das durante o      segundo semestre deste ano.<\/p>\n<p>    <\/p>\n<p>    <\/span><\/td>\n<\/tr>\n<tr>\n<td align=\"LEFT\" valign=\"TOP\"><\/td>\n<td align=\"LEFT\" valign=\"TOP\"> <a name=\"anoticias3\"><span class=\"titulo\">PLANO DIRETOR<\/span><\/a>     <span class=\"texto\">     <\/p>\n<p>Com a aprova&ccedil;&atilde;o do or&ccedil;amento 2001 da UFMG, feita      pelo Conselho de Diretores na primeira semana de abril, e a respectiva      adequa&ccedil;&atilde;o dos or&ccedil;amentos da ATI e do CECOM aos      limites or&ccedil;ament&aacute;rios estabelecidos, a Diretoria do CECOM      liberou o texto relativo ao Plano Diretor para o ano em curso.<\/p>\n<p>C&oacute;pia do Plano Diretor, que foi fechado em reuni&atilde;o de      diretoria realizada em 09\/04, foi entregue a cada diretor de divis&atilde;o      e a ATI e dever&aacute;, tamb&eacute;m, estar dispon&iacute;vel, nos      pr&oacute;ximos dias, na Intranet do CECOM.    <\/p>\n<p>Todos os diretores de divis&atilde;o receberam tamb&eacute;m c&oacute;pia      da planilha que detalha os recursos or&ccedil;ament&aacute;rios e os      respectivos planos internos (que s&atilde;o os itens or&ccedil;ament&aacute;rios      que agrupam investimentos dos diversos projetos) previstos para 2001.<\/p>\n<p>    <\/p>\n<p>    <\/span><\/td>\n<\/tr>\n<tr>\n<td align=\"LEFT\" valign=\"TOP\"><\/td>\n<td align=\"LEFT\" valign=\"TOP\"> <a name=\"anoticias4\"><span class=\"titulo\">AQUISI&Ccedil;&Atilde;O     DO ORACLE<\/span><\/a> <span class=\"texto\">     <\/p>\n<p>A empresa Casa do Software venceu o processo licitat&oacute;rio para      aquisi&ccedil;&atilde;o do SGBD Oracle 8i, com n&uacute;mero ilimitado      de acessos<\/p>\n<p>Desde a &uacute;ltima ter&ccedil;a-feira, dia 17, j&aacute; se desenrola      o prazo previsto para entrega das m&iacute;dias do software e de sua      respectiva documenta&ccedil;&atilde;o.    <\/p>\n<p>A DAC j&aacute; est&aacute; se preparando para viabilizar a implanta&ccedil;&atilde;o      do software. A expectativa &eacute; de que isto seja feito at&eacute;      o final deste m&ecirc;s.<\/p>\n<p>    <\/p>\n<p>    <\/span><\/td>\n<\/tr>\n<tr>\n<td align=\"LEFT\" valign=\"TOP\"><\/td>\n<td align=\"LEFT\" valign=\"TOP\"> <a name=\"anoticias5\"><span class=\"titulo\">REDE DO     CEU<\/span><\/a> <span class=\"texto\">     <\/p>\n<p>Com o apoio t&eacute;cnico do CECOM, o Centro Esportivo Universit&aacute;rio      adquiriu equipamentos e servi&ccedil;os de cabeamento de fibra &oacute;tica      para a infra-estrutura de sua rede interna.<\/p>\n<p>A fase de cabeamento foi encerrada e, a partir de agora, a DAC far&aacute;      o processo de configura&ccedil;&atilde;o das esta&ccedil;&otilde;es      de trabalho e instala&ccedil;&atilde;o dos equipamentos de rede para      que o CEU seja interligado &agrave; Rede UFMG.<\/p>\n<p>Al&eacute;m disso, o CEU passar&aacute; a ser o primeiro &oacute;rg&atilde;o      a utilizar plenamente os recursos do Projeto Grude, seja com rela&ccedil;&atilde;o      aos recursos de correio eletr&ocirc;nico e agenda, seja com rela&ccedil;&atilde;o      &agrave; manuten&ccedil;&atilde;o de home page pr&oacute;pria.<\/p>\n<p>Isto ocorrer&aacute; porque o CEU n&atilde;o contava com estes servi&ccedil;os      em outra plataforma, n&atilde;o sendo ent&atilde;o, necess&aacute;ria      qualquer migra&ccedil;&atilde;o.<\/p>\n<p>A DAC j&aacute; solicitou ao LCC provid&ecirc;ncias para cadastramento      do CEU e de seus funcion&aacute;rios no Grude.<\/p>\n<p>    <\/span>     <\/td>\n<\/tr>\n<p>  <!-- #EndEditable -->  <\/table>\n<p> <!-- fim noticias --><\/div>\n<p><a name='informativo'><\/a><\/p>\n<h4>Informativo<\/h4>\n<div class=\"centro-sistematico\">  <!-- noticias --> <\/p>\n<table border=\"0\" cellspacing=\"0\" cellpadding=\"0\">\n<tr>\n<td><\/td>\n<td><\/td>\n<\/tr>\n<p>  <!-- #BeginEditable \"materias\" -->   <\/p>\n<tr>\n<td align=\"LEFT\" valign=\"TOP\"><\/td>\n<td align=\"LEFT\" valign=\"TOP\"><a name=\"ainformativo1\"><span class=\"titulo\">Genteware<\/span><br \/>    <\/a> <img loading=\"lazy\" decoding=\"async\" src=\"https:\/\/www.ufmg.br\/dti\/wp-content\/uploads\/imgs\/tudo_pixel.gif\" width=\"1\" height=\"20\" alt=\"\" border=\"0\"><br \/>     <span class=\"texto\"> <img loading=\"lazy\" decoding=\"async\" src=\"https:\/\/www.ufmg.br\/dti\/wp-content\/uploads\/fotos\/danilo1.jpg\" width=\"297\" height=\"280\" alt=\"\" border=\"0\" hspace=\"0\" vspace=\"0\" align=\"left\"><img loading=\"lazy\" decoding=\"async\" src=\"https:\/\/www.ufmg.br\/dti\/wp-content\/uploads\/imgs\/tudo_pixel.gif\" width=\"20\" height=\"287\" alt=\"\" border=\"0\" hspace=\"0\" vspace=\"0\" align=\"left\">Ele     ainda est&aacute; tomando conhecimento de como &eacute; ser um ceconiano.     E neste in&iacute;cio do caminho est&aacute; muito feliz por estar aqui.     Trata-se de Danilo Pinheiro Soares Guimar&atilde;es, bolsista da FUMP,     lotado na DAC &#8211; Divis&atilde;o de Atendimento e Consultoria.     <\/p>\n<p>A pequena hist&oacute;ria de Danilo no CECOM teve in&iacute;cio quando      a Wilca, estagi&aacute;ria da DAC, saiu do CECOM. Surgiu a vaga e Rafael,      seu grande amigo e colega de curso, indicou-o para vir fazer a entrevista      com a Xina. Quando entrou nas depend&ecirc;ncias do CECOM ficou impressionado      com a quantidade de computadores, com tantas m&aacute;quinas nas salas.      Para ele, que tem um micro 486 antigo em casa e que aprendeu tudo sozinho,      sem fazer curso ou ter ajuda de algu&eacute;m, tudo aquilo era uma maravilha,      tanta tecnologia &agrave; sua volta. Ele contou que sempre gostou de      computador, pegou um amor t&atilde;o grande que, quando seu micro apresentava      algum defeito, tentava consert&aacute;-lo. E veio a paix&atilde;o por      consertar computador     <\/p>\n<p>Ap&oacute;s a entrevista, a Xina o levou &agrave; DAA para apresent&aacute;-lo      e ele se recorda da alegria de ouvi-la dizendo que ele era o novo estagi&aacute;rio      do CECOM.<\/p>\n<p>No primeiro dia de est&aacute;gio, dia 1&ordm; de mar&ccedil;o deste      ano, Eug&ecirc;nio levou-o para conhecer as instala&ccedil;&otilde;es      do CECOM no 8&ordm; andar e subsolo, ficando impressionado com a sala      das servidoras. Era um mundo novo para ele. A partir do segundo dia,      Danilo ficou com Rafael, aprendendo o servi&ccedil;o que teria que executar      e um dos primeiros foi a instala&ccedil;&atilde;o do Notes. Foi aprendendo      tudo com Rafael, tendo ajuda do Eug&ecirc;nio e do Bessa. Com a sa&iacute;da      do Rafael, Danilo ficou sozinho na parte da tarde, mas continuou contando      com a ajuda do colega que, em sala de aula explicava as suas d&uacute;vidas.      Agora, est&aacute; tendo outras tarefas na DAC e est&aacute; gostando      muito do trabalho. Ele disse que tem muita coisa para aprender e muita      gente para ensinar. Todos t&ecirc;m boa vontade e isto &eacute; muito      bom. J&aacute; fez curso de HTML, com a Elza, e est&aacute; feliz tentando      montar sua home page, como treinamento. Fez o curso de Lotus Notes com      Eug&ecirc;nio e no pr&oacute;ximo curso de Notes estar&aacute; atuando      como monitor.<\/p>\n<p>Perguntado sobre o que espera do est&aacute;gio no CECOM, Danilo respondeu      que espera que continue assim, aprendendo mais e mais. &Eacute; um trabalho      em que est&aacute; tendo oportunidade de uma boa aprendizagem, com muita      informa&ccedil;&atilde;o e o que est&aacute; recebendo est&aacute; sendo      muito construtivo. Se sentiu importante tendo uma mesa e um computador      s&oacute; para ele. N&atilde;o esperava ter isso e pensou: -&#8220;J&aacute;      que est&atilde;o me dando esta oportunidade, quero mostrar servi&ccedil;o.&#8221;      &Eacute; um trabalho que ele est&aacute; adorando e est&aacute; andando      sorridente todos os dias. O entusiasmo &eacute; tanto que mal v&ecirc;      a hora de vir para trabalhar.<\/p>\n<p>Danilo trabalha na parte da tarde, chegando ao CECOM &agrave;s 13:00.      Na parte da manh&atilde;, fica em casa estudando. Prestou vestibular      no ano 2000 para o curso de F&iacute;sica noturno, ap&oacute;s cursar      o Pr&eacute; UFMG. Passou e j&aacute; est&aacute; no 3&ordm; per&iacute;odo.      As aulas do curso de F&iacute;sica t&ecirc;m in&iacute;cio &agrave;s      19:00 e terminam &agrave;s 22:30. Somente chega em casa &agrave;s 23:30.      Adora F&iacute;sica e pretende, ao se formar, dar aula.<\/p>\n<p>As coisas est&atilde;o acontecendo rapidamente com Danilo. Com 1 m&ecirc;s      e pouco de est&aacute;gio no CECOM, recebeu a incumb&ecirc;ncia de ser      o instrutor do Esdras, o &uacute;ltimo estagi&aacute;rio a entrar para      a DAC. Levou aquele susto quando a Xina lhe disse que havia sido promovido      a instrutor do novo estagi&aacute;rio. E j&aacute; est&atilde;o trabalhando      juntos, percorrendo a Reitoria e realizando os servi&ccedil;os que t&ecirc;m      que ser feitos.<\/p>\n<p>Danilo contou que est&aacute; tendo uma boa receptividade por parte      do pessoal dos diversos &oacute;rg&atilde;os da Reitoria. Disse que      est&aacute; seguindo o exemplo do Rafael, que sempre lhe falava para      ser muito educado com todos.<\/p>\n<p>Ainda n&atilde;o se entrosou com todos os funcion&aacute;rios do CECOM.      Conhece todos da DAC, boa parte da DAA, mas n&atilde;o conhece o pessoal      da DAS. Na DCP, conhece a Elza.<\/p>\n<p>Danilo tem 20 anos, nasceu em Belo Horizonte e mora no bairro Prado      com a fam&iacute;lia, composta pelo pai, Lourival, a m&atilde;e Elizabeth,      e os irm&atilde;os Fernando, Juliana, Andr&eacute; e Let&iacute;cia.      Danilo &eacute; o segundo filho.<\/p>\n<p>Quando n&atilde;o est&aacute; estudando, gosta de ler tudo sobre Ci&ecirc;ncias      e revistas como a Isto &Eacute;. Nos fins-de-semana gosta de passear      na Pra&ccedil;a da Liberdade e ir ao Cine Belas Artes ver filmes de      a&ccedil;&atilde;o. Gosta de praticar esporte, mas agora n&atilde;o      est&aacute; tendo tempo. E gosta de assistir jornal nas TVs.<\/p>\n<p>Ainda n&atilde;o conhecemos muito o Danilo. S&oacute; sabemos que &eacute;      educado, passa pelo corredor do 8&ordm; andar e cumprimenta todos muito      sorridente. Ele disse que &eacute; muito brincalh&atilde;o, mas quando      conhece as pessoas &eacute; t&iacute;mido e calado, para n&atilde;o      faltar com o respeito com elas. Gosta de fazer as pessoas sorrirem.      Em casa brinca demais com os irm&atilde;os menores e s&oacute; &eacute;      s&eacute;rio nos estudos.<\/p>\n<p>E os planos deste aprendiz de ceconiano? O primeiro &eacute; se formar      e est&aacute; batalhando para isto. Gostaria de ter um trabalho em que      n&atilde;o o preocupasse o quanto estaria ganhando e sim o que estivesse      fazendo. E poder chegar em casa todos os dias e tomar o suco que a m&atilde;e      faz, que &eacute; uma beleza.<\/p>\n<p>Quanto aos sonhos, Danilo disse que s&atilde;o muitos os caminhos,      mas gostaria de morar no interior para ter uma vida mais tranq&uuml;ila.      E isto s&oacute; depois que se formar.<\/p>\n<p>Terminada a entrevista, l&aacute; foi o Danilo atr&aacute;s do Eug&ecirc;nio,      para prepararem os micros da sala de aulas no subsolo, para a sua estr&eacute;ia      como monitor de Notes. Depois dessa tarefa, o Esdras j&aacute; dever&aacute;      estar aguardando-o para novos trabalhos. <\/p>\n<p>A felicidade do Danilo por estar no CECOM &eacute; vis&iacute;vel e      esperamos que, com essa alegria toda, ele consiga aprender bastante      e ser um bom profissional, como &eacute; o seu sonho.<\/p>\n<p>    <\/span> <\/td>\n<\/tr>\n<tr>\n<td align=\"LEFT\" valign=\"TOP\"><\/td>\n<td align=\"LEFT\" valign=\"TOP\"><a name=\"ainformativo2\"><span class=\"titulo\">GUIA DE SITES     INTERESSANTES<\/span><\/a> <span class=\"texto\">     <\/p>\n<p>Adyrus, o ca&ccedil;ador de sites, enviou esta semana, as seguintes      dicas:<\/p>\n<p>&#8211; Quer ficar por dentro dos &uacute;ltimos filmes lan&ccedil;ados e      ler sobre eles? Se voc&ecirc; &eacute; daqueles que gosta de cinema,      n&atilde;o perca a oportunidade de visitar a p&aacute;gina <b>http:\/\/movieweb.com\/<\/b>.      Rica em detalhes, voc&ecirc; ficar&aacute; por dentro das principais      produ&ccedil;&otilde;es americanas, inclusive as que ainda n&atilde;o      foram exibidas, classificadas por data de lan&ccedil;amento. O site      traz imagens e informa&ccedil;&otilde;es sobre o elenco e, como curiosidade,      uma lista dos 50 filmes de maior arrecada&ccedil;&atilde;o nos Estados      Unidos. (Site em Ingl&ecirc;s)<\/p>\n<p>&#8211; J&aacute; que falamos em tela, voc&ecirc; j&aacute; conhece a TVUOL?      A transmiss&atilde;o &eacute; no formato Real Audio e Windows Media.      Este site oferece uma grande variedade de trailers, document&aacute;rios,      anima&ccedil;&otilde;es, programas exclusivos, shows, clipes e entrevistas      sobre diversos temas, como pol&iacute;tica, literatura, cinema, Internet,      m&uacute;sica e muito mais. V&aacute; l&aacute; e assista ao curta-metragem      brasileiro que concorreu ao Oscar: Uma Hist&oacute;ria de Futebol. O      endere&ccedil;o &eacute;: <b>http:\/\/www2.uol.com.br\/tvuol\/<\/b>.<\/p>\n<p>&#8211; A maioria das pessoas que conhe&ccedil;o j&aacute; teve um Fusca,      inclusive eu. Mas agora voc&ecirc; poder&aacute; ver o novo modelo do      Fusca que, por d&eacute;cadas, foi o autom&oacute;vel mais vendido no      Brasil. Com um novo nome e vers&atilde;o, New Beetle, a Volkswagen,      al&eacute;m de se preocupar com o visual moderno, a seguran&ccedil;a      e a tecnologia do ve&iacute;culo, tamb&eacute;m caprichou no site de      seu lan&ccedil;amento. Saiba sobre a suspens&atilde;o traseira, dianteira,      aerodin&acirc;mica, motor etc neste site, que &eacute; um verdadeiro      show. Confira. O endere&ccedil;o &eacute;: <b>http:\/\/www.newbeetle.com.br\/<\/b>.<\/p>\n<p>&#8211; Uma &oacute;tima p&aacute;gina para todas as crian&ccedil;as e marmajos      &eacute; o Vacamarela. Desenvolvido em Flash, e usando recursos multim&iacute;dia      e recursos gr&aacute;ficos, a p&aacute;gina &eacute; uma verdadeira      alegria. Voc&ecirc; encontrar&aacute; passatempos e um jogo da forca      onde voc&ecirc; precisa acertar as palavras, n&atilde;o para salvar      seu pesco&ccedil;o, mas para que um peixinho escape de um tubar&atilde;o.      &Eacute; super legal, interessante e de muito bom gosto. Ainda bem que      n&atilde;o &eacute; a vacalouca na web. Vale a pena conferir! O endere&ccedil;o      &eacute;: <b>http:\/\/www.vacamarela.com.br<\/b>\/. <\/p>\n<p>&#8211; Com os pre&ccedil;os dos rem&eacute;dios nas alturas, nada melhor      do que saber qual o gen&eacute;rico que pode substituir aquele medicamento      que voc&ecirc; usa. A p&aacute;gina <b>http:\/\/www.genericos.com.br\/<\/b>      tem todas as informa&ccedil;&otilde;es sobre os gen&eacute;ricos e &eacute;      apoiada pelo conselho Federal de Farm&aacute;cia. Visite a p&aacute;gina      e saiba tudo sobre eles, inclusive os pre&ccedil;os praticados no mercado.      A p&aacute;gina &eacute; rica em informa&ccedil;&otilde;es e vale a      pena conferir.<\/p>\n<p>&#8211; Se voc&ecirc; nunca foi ao shopping Diamond Mall, v&aacute; at&eacute;      o endere&ccedil;o <b>http:\/\/www.diamondmall.com.br\/<\/b>. N&atilde;o      perca esta oportunidade e fique por dentro de tudo que rola neste shopping:      moda, shows, comidas, promo&ccedil;&otilde;es e dicas de filmes. Se      voc&ecirc; &eacute; m&uacute;sico, visite a p&aacute;gina e envie um      email para fazer seu contato.<\/p>\n<p>&#8211; A p&aacute;gina <b>http:\/\/www.final.com.br\/<\/b> &eacute; s&oacute;      esporte. Do futebol ao v&ocirc;lei, voc&ecirc; tem todas as informa&ccedil;&otilde;es,      curiosidades e bate-bola. Vale a pena conferir.<\/p>\n<p>&#8211; Psiiiu! Voc&ecirc; gosta de m&uacute;sica? Quer aprender baixo, gaita,      guitarra e outros instrumentos? Quer aprender a cantar? Ent&atilde;o,      visite a p&aacute;gina <b>http:\/\/www.psiu.mus.br\/<\/b> e pegue todas      as dicas. Pegue tamb&eacute;m o dicion&aacute;rio de acorde.<\/p>\n<p>&#8211; Dica do Agente de Inform&aacute;tica Marcelo, da EEF, para busca      de drivers para diversos perif&eacute;ricos. O endere&ccedil;o &eacute;:      <b>http:\/\/www.drivers.com.br<\/b>\/. (Site em Portugu&ecirc;s)<\/p>\n<p>    <\/span> <\/td>\n<\/tr>\n<tr>\n<td align=\"LEFT\" valign=\"TOP\"><\/td>\n<td align=\"LEFT\" valign=\"TOP\"><a name=\"ainformativo3\"><span class=\"titulo\">DEFINI&Ccedil;&Atilde;O     DE TERMOS DE INFORM&Aacute;TICA<\/span><\/a> <span class=\"texto\">     <\/p>\n<p>Esta semana, O Sistem&aacute;tico divulga os seguintes termos de inform&aacute;tica:<\/p>\n<p><b>Developer <\/b>&#8211; Desenvolvedor. Usado em rela&ccedil;&atilde;o a      pessoas ou empresas que desenvolvem aplicativos, drivers ou mesmo componentes      como processadores, placas m&atilde;e, etc.<\/p>\n<p><b>Dial-Up<\/b> &#8211; Acesso discado (usando um modem e uma linha telef&ocirc;nica)      a uma rede qualquer ou &agrave; Internet. <\/p>\n<p><b>Domain<\/b> &#8211; Dom&iacute;nio, s&atilde;o os endere&ccedil;os de sites      na Internet, obedece a uma hierarquia. Em guiadohardware.net, o .net      &eacute; o dom&iacute;nio prim&aacute;rio, enquanto o guiadohardware      &eacute; o dom&iacute;nio secund&aacute;rio, que est&aacute; dentro      do primeiro. Os endere&ccedil;os s&atilde;o lidos a partir do final.      O browser primeiro procurar&aacute; pelo dom&iacute;nio .net para depois      procurar o dom&iacute;nio guiadohardware que est&aacute; subordinado      a ele. <\/p>\n<p><b>Freeware<\/b> &#8211; Programa que pode ser usado gratuitamente. N&atilde;o      &eacute; a mesma coisa que de dom&iacute;nio p&uacute;blico. O programa      continua pertencendo ao seu criador.    <\/p>\n<p><b>GDI<\/b> &#8211; Graphical Device Interface, &eacute; a linguagem de gr&aacute;ficos      nativa do Windows. Algumas impressoras como as Winprinters da HP possuem      drivers que obt&eacute;m as imagens a serem impressas atrav&eacute;s      de comandos GDI do Windows. Com isto a impressora funciona apenas dentro      do Windows, por&eacute;m fica um pouco mais barata, pois n&atilde;o      s&atilde;o necess&aacute;rios parte dos circuitos de processamento de      gr&aacute;ficos.<\/p>\n<p><b>NIC<\/b> &#8211; Network Interface Card, o mesmo que placa de rede.<\/p>\n<p><b>Open Source<\/b> &#8211; Programas que tem seu c&oacute;digo aberto. Qualquer      um pode baixar o c&oacute;digo fonte do programa, estud&aacute;-lo ou      mesmo aperfei&ccedil;o&aacute;-lo. Open Source n&atilde;o &eacute; a      mesma coisa que de dom&iacute;nio p&uacute;blico. Um programa Open Source      continua pertencendo ao seu criador e a quem ajudou no seu desenvolvimento.<\/p>\n<p><b>PostScript<\/b> &#8211; Um formato de descri&ccedil;&atilde;o de p&aacute;gina,      desenvolvido pela Adobe. &Eacute; suportado pela maioria das impressoras      a laser, mas infelizmente por poucas impressoras jato de tinta. &Eacute;      um dos formatos de impress&atilde;o mais usados em gr&aacute;ficas atualmente,      pela grande precis&atilde;o. Os documentos PostScript podem ser gerados      apartir de v&aacute;rios programas.<\/p>\n<p><b>Scanner<\/b> &#8211; Dispositivo usado para digitalizar imagens. existem      v&aacute;rios tipos de scanners: scanners de m&atilde;o, de mesa, de      p&aacute;gina, etc. Os scanners tamb&eacute;m diferenciam-se pela resolu&ccedil;&atilde;o,      medida em DPI. Alguns modelos escaneiam a 300 DPI, outros a 600, alguns      scanners topo de linha atingem 1200 ou at&eacute; 2400 DPI. Al&eacute;m      da resolu&ccedil;&atilde;o &#8220;real&#8221; existe tamb&eacute;m a resolu&ccedil;&atilde;o      interpolada, que pode ser de 4800 DPI, 9600 ou at&eacute; 19600 DPI.<\/p>\n<p><b>True Black<\/b> &#8211; &#8220;Preto verdadeiro&#8221;, quando uma impressora      possui um cartucho separado com tinta preta. O oposto &eacute; o &#8220;Composite      Black&#8221;, onde a impressora, por n&atilde;o possuir tinta preta,      combina as tr&ecirc;s (ou quatro) cores para form&aacute;-lo.<\/p>\n<p>D&uacute;vidas sobre outros termos de inform&aacute;tica? Consulte:      <b>http:\/\/www.guiadohardware.net\/dicionario\/index.asp<\/b>.<\/p>\n<p>    <\/span> <\/td>\n<\/tr>\n<tr>\n<td align=\"LEFT\" valign=\"TOP\"><\/td>\n<td align=\"LEFT\" valign=\"TOP\"><a name=\"ainformativo4\"><span class=\"titulo\">PLANT&Atilde;O     INFO<\/span><\/a> <span class=\"texto\">     <\/p>\n<p>O <b>Plant&atilde;o Info<\/b> divulgou nas &uacute;ltimas semanas, as      seguintes not&iacute;cias:<\/p>\n<p><b>Browser em portugu&ecirc;s para cegos da IBM chega em junho<\/b>      &#8211; A vers&atilde;o em portugu&ecirc;s do HomePageReader, software da      Big Blue para a navega&ccedil;&atilde;o na web por deficientes visuais,      chega ao mercado brasileiro no m&ecirc;s de junho. <br \/>     O programa faz parte da linha de softwares que operam por comando de      voz da IBM (que inclui o ViaVoice e o Speech Viewer) e permite a realiza&ccedil;&atilde;o      de opera&ccedil;&otilde;es como compra, venda, troca de produtos e cursos      online, al&eacute;m da navega&ccedil;&atilde;o propriamente dita e de      uma ferramenta especial de correio eletr&ocirc;nico. <br \/>     O HomePageReader &#8220;l&ecirc;&#8221; em voz alta todas as informa&ccedil;&otilde;es      contidas em uma p&aacute;gina web, incluindo os links, tabelas, descri&ccedil;&otilde;es      gr&aacute;ficas, colunas, formul&aacute;rios e imagens de mapas. E agora      pode operar com nove idiomas &#8211; al&eacute;m do portugu&ecirc;s do Brasil,      com ingl&ecirc;s americano, franc&ecirc;s, italiano, alem&atilde;o,      espanhol, japon&ecirc;s, chin&ecirc;s tradicional e chin&ecirc;s simplificado.      A instala&ccedil;&atilde;o pode ser feita pelo pr&oacute;prio usu&aacute;rio,      atrav&eacute;s de um manual em braile ou de instru&ccedil;&otilde;es      via comando de voz. <br \/>     O produto poder&aacute; ser encontrado nas lojas de inform&aacute;tica      ou na loja virtual da IBM, ShopIBM, a partir de junho, por um pre&ccedil;o      sugerido de 350 reais.<\/p>\n<p><b>UOL fatura R$ 213,2 milh&otilde;es em 2000, mas perde 110,7<\/b>      &#8211; O Universo Online (UOL), maior portal brasileiro segundo os rankings      do IVC, Media Metrix e Ibope, obteve um faturamento l&iacute;quido de      213,2 milh&otilde;es de reais no ano passado, de acordo com relat&oacute;rio      enviado &agrave; Bolsa de Valores de S&atilde;o Paulo (Bovespa). No      per&iacute;odo, o UOL registrou um preju&iacute;zo l&iacute;quido consolidado      de 110,7 milh&otilde;es de reais. <br \/>     Segundo o relat&oacute;rio de administra&ccedil;&atilde;o da UOL Inc.      S\/A, 70,8% das receitas obtidas pelo portal em 2000 foram provenientes      de assinaturas. Publicidade e com&eacute;rcio eletr&ocirc;nico foram      respons&aacute;veis por 29,2% do faturamento do UOL. <br \/>     A venda do provedor AcessoNet &agrave; Embratel, em novembro, contribuiu      para que o resultado operacional do UOL no segundo semestre de 2000      fosse positivo. O lucro consolidado no per&iacute;odo foi de 53,2 milh&otilde;es      de reais, o que amortizou o preju&iacute;zo de 163,9 milh&otilde;es      obtido no primeiro semestre do ano. <br \/>     De acordo com o balan&ccedil;o financeiro divulgado, o UOL possu&iacute;a      em 31 de dezembro de 2000 ativos de 297,3 milh&otilde;es de reais e      um patrim&ocirc;nio l&iacute;quido de 32,1 milh&otilde;es de reais.<\/p>\n<p><b>Telemig Celular fatura R$700 milh&otilde;es em 2000<\/b> &#8211; A Telemig      Celular anunciou lucro l&iacute;quido de 39,1 milh&otilde;es de reais      em 2000, para uma receita l&iacute;quida de 700 milh&otilde;es. O resultado      foi 160% maior do que os 15 milh&otilde;es de reais alcan&ccedil;ados      em 1999. <br \/>     A receita l&iacute;quida da operadora, que atua em Minas Gerais, aumentou      35% em rela&ccedil;&atilde;o a 1999. <br \/>     Em n&uacute;mero de assinantes, a Telemig Celular registrou um crescimento      de 60% em rela&ccedil;&atilde;o ao ano de 1999. Em 2000, a operadora      alcan&ccedil;ou a marca de 1,2 milh&atilde;o de usu&aacute;rios, sendo      a maior parte deles do sistema p&oacute;s-pago, com 718 mil assinantes.      No modelo pr&eacute;-pago, a Telemig encerrou o ano passado com 521      mil usu&aacute;rios. <\/p>\n<p><b>Telefonia celular deve alcan&ccedil;ar a fixa no Brasil em 2005<\/b>      &#8211; A Ag&ecirc;ncia Nacional de Telecomunica&ccedil;&otilde;es prev&ecirc;      que, em 2005, as linhas telef&ocirc;nicas fixas e celulares devem atingir      o mesmo n&uacute;mero: 58 milh&otilde;es de licen&ccedil;as cada. <br \/>     Segundo a Anatel, essas s&atilde;o expectativas m&iacute;nimas. Para      2000, a ag&ecirc;ncia previa o alcance de 21,5 milh&otilde;es de linhas      celulares. O n&uacute;mero real atingido no ano foi de 23,2 milh&otilde;es.      Em telefonia fixa, a realidade tamb&eacute;m superou as metas do ano      2000. A expectativa era de 35 milh&otilde;es de linhas. Foram instalados      38,3 milh&otilde;es de telefones fixos. Nos dois casos, as metas foram      superadas em quase 10%. <br \/>     Esses n&uacute;meros foram divulgados no balan&ccedil;o oficial que      a ag&ecirc;ncia fez das telecomunica&ccedil;&otilde;es no pa&iacute;s      at&eacute; o fim do ano 2000, cujo levantamento parcial j&aacute; havia      sido liberado em janeiro deste ano. <\/p>\n<p><b>250 mil DVD players devem ser vendidos este ano no Brasil<\/b> &#8211;      O mercado de DVD players vem crescendo muito no Brasil, segundo os dados      de vendas da ELETROs (Associa&ccedil;&atilde;o Nacional de Fabricantes      de Produtos Eletr&ocirc;nicos). Para se ter uma id&eacute;ia, em 1999,      foram vendidos 23.308 aparelhos. No ano passado, j&aacute; foram 194.217,      o que significa um crescimento de 733% em rela&ccedil;&atilde;o ao ano      anterior. <br \/>     Em janeiro de 2001, j&aacute; houve um aumento de 33,95% nas vendas,      o que sugere que praticamente 33,8 mil unidades foram vendidas. At&eacute;      o final do ano, a previs&atilde;o da ELETROs &eacute; de um crescimento      de 287% nas vendas, com um total de mais ou menos 250.000 aparelhos      vendidos. <br \/>     O crescimento nacional em vendas de aparelhos DVD, que &eacute; um setor      relativamente novo, est&aacute; muito acima da m&eacute;dia global,      segundo dados do Gartner Dataquest para o mercado mundial. Em 1999,      foram vendidos 9,7 milh&otilde;es de unidades no mundo. J&aacute; em      2000, foram 20,2 milh&otilde;es &#8211; um crescimento anual de 108% &#8211; enquanto      o nacional foi de 733%. Para 2001, a previs&atilde;o &eacute; de um      aumento de 83% nas vendas e cerca de 37 milh&otilde;es de aparelhos      vendidos. Em 2003, ainda segundo o Gartner, quase 74,7 milh&otilde;es      de unidades devem ser vendidas.<\/p>\n<p><b>Lembra que a Cisco valia mais que a Microsoft? Esque&ccedil;a&#8230;<\/b>      &#8211; N&atilde;o s&atilde;o apenas as empresas pontocom que sofrem com os      abalos da Nasdaq. A Cisco Systems, gigante do mundo dos roteadores,      viu seu valor de mercado despencar mais de 80% nos &uacute;ltimos doze      meses na bolsa eletr&ocirc;nica de Nova York. <br \/>     Em 27 de mar&ccedil;o de 2000, a Cisco conseguiu a fa&ccedil;anha de      se tornar a companhia mais valiosa do mundo, superando a Microsoft por      mais de 10 bilh&otilde;es de d&oacute;lares. Na &eacute;poca, o valor      de mercado da Cisco ultrapassava os 555 bilh&otilde;es de d&oacute;lares,      contra 541,6 bilh&otilde;es da Microsoft. <br \/>     No preg&atilde;o do dia 05\/04, no entanto, o valor de mercado da Cisco      atingiu 107,3 bilh&otilde;es de d&oacute;lares, um dos menores patamares      registrados nas &uacute;ltimas semanas. Em bom portugu&ecirc;s, aproximadamente      437 bilh&otilde;es de d&oacute;lares simplesmente evaporaram em pouco      mais de um ano. O pre&ccedil;o do lote de mil a&ccedil;&otilde;es da      companhia, que chegou a valer US$ 75 h&aacute; um ano, hoje pela manh&atilde;      era cotado a pouco mais de US$ 14. <br \/>     Nesse per&iacute;odo, as a&ccedil;&otilde;es da Microsoft tamb&eacute;m      ca&iacute;ram. Em mar&ccedil;o do ano passado, os pap&eacute;is da empresa      de Bill Gates eram cotados a mais de US$ 89. Hoje, valem US$ 54,8. No      entanto, o valor de mercado da Microsoft ultrapassa 292 bilh&otilde;es      de d&oacute;lares, quase 185 bilh&otilde;es a mais que a Cisco. <\/p>\n<p><b>Beta do Apache 2.0 &eacute; liberado para download<\/b> &#8211; Ap&oacute;s      quinze vers&otilde;es alfa e meses de atraso, foi liberado o beta do      Apache 2.0, a nova vers&atilde;o do servidor de web mais usado no mundo.      O download do programa pode ser feito no site da Apache Software Foundation.      <br \/>     A maior mudan&ccedil;a em rela&ccedil;&atilde;o &agrave; vers&atilde;o      1.3 est&aacute; no suporte a m&uacute;ltiplas threads, o que permite      que um programa simples execute v&aacute;rias tarefas diferentes ao      mesmo tempo. Segundo artigo de Kevin Reichard, editor do site Apache      Today, isso significa que ele rodar&aacute; melhor com Windows e aumentar&aacute;      a escalabilidade do servidor httpd. <br \/>     Outras melhorias s&atilde;o o suporte &agrave;s aplica&ccedil;&otilde;es      WAP e ao IPv6, a pr&oacute;xima vers&atilde;o do Internet Protocol (IP),      atualmente em fase de teste. <br \/>     O Apache &eacute; um software de c&oacute;digo aberto, desenvolvido      por programadores de v&aacute;rios pa&iacute;ses. O trabalho &eacute;      coordenado pela ONG Apache Software Foundation. <br \/>     Segundo pesquisa da Netcraft, o Apache est&aacute; em 60% dos servidores      de web. O concorrente mais pr&oacute;ximo, o IIS, da Microsoft, tem      20%. <\/p>\n<p><b>Oracle embarca no e-learning para desenvolvedores<\/b> &#8211; A Oracle      apresentou, no dia 06\/04, o iDevelop2001, um servi&ccedil;o de treinamento      online gratuito para desenvolvedores de todo mundo. <br \/>     Os m&oacute;dulos de ensino, todos em ingl&ecirc;s, cobrir&atilde;o      o desenvolvimento de aplica&ccedil;&otilde;es wireless, servi&ccedil;os,      sites e integra&ccedil;&atilde;o de e-business usando as tecnologias      Java, XML e SQL para trabalhar em Oracle9i &#8211; nova vers&atilde;o do banco      de dados que dever&aacute; ser lan&ccedil;ada em maio. Os adeptos do      e-learning da Oracle poder&atilde;o obter certifica&ccedil;&atilde;o      oficial da empresa. <br \/>     O iDevelop2001 online complementa a s&eacute;rie de confer&ecirc;ncias      que ser&atilde;o realizadas no segundo semestre em oito cidades de quatro      continentes. Nesses eventos, a Oracle pretende alcan&ccedil;ar 12 000      desenvolvedores, administradores de bancos de dados e programadores.      S&atilde;o Paulo est&aacute; no roteiro com encontros marcados para      os dias 30 e 31 de outubro. <br \/>     Informa&ccedil;&otilde;es sobre as confer&ecirc;ncias est&atilde;o no      site da Oracle Technology Network (OTN), uma rede para desenvolvedores      que, segundo a empresa, alcan&ccedil;ou 1,5 milh&atilde;o de membros      e cresce ao ritmo de 68 000 novas inscri&ccedil;&otilde;es por m&ecirc;s.     <\/p>\n<p>    <\/span> <\/td>\n<\/tr>\n<p>  <!-- #EndEditable -->  <\/table>\n<p> <!-- fim noticias --> <!-- tabela ha 20 anos --> <\/p>\n<table border=\"0\" cellspacing=\"0\" cellpadding=\"0\" class=\"cinza\">\n<tr>\n<td><img loading=\"lazy\" decoding=\"async\" src=\"https:\/\/www.ufmg.br\/dti\/wp-content\/uploads\/imgs\/tudo_pixel.gif\" width=\"1\" height=\"1\" alt=\"\" border=\"0\"><\/td>\n<td><img loading=\"lazy\" decoding=\"async\" src=\"https:\/\/www.ufmg.br\/dti\/wp-content\/uploads\/imgs\/tudo_pixel.gif\" width=\"19\" height=\"1\" alt=\"\" border=\"0\"><\/td>\n<td><img loading=\"lazy\" decoding=\"async\" src=\"https:\/\/www.ufmg.br\/dti\/wp-content\/uploads\/imgs\/tudo_pixel.gif\" width=\"510\" height=\"1\" alt=\"\" border=\"0\"><\/td>\n<td><img loading=\"lazy\" decoding=\"async\" src=\"https:\/\/www.ufmg.br\/dti\/wp-content\/uploads\/imgs\/tudo_pixel.gif\" width=\"19\" height=\"1\" alt=\"\" border=\"0\"><\/td>\n<td><img loading=\"lazy\" decoding=\"async\" src=\"https:\/\/www.ufmg.br\/dti\/wp-content\/uploads\/imgs\/tudo_pixel.gif\" width=\"1\" height=\"1\" alt=\"\" border=\"0\"><\/td>\n<\/tr>\n<tr>\n<td class=\"vermelho\" colspan=\"5\"><img loading=\"lazy\" decoding=\"async\" src=\"https:\/\/www.ufmg.br\/dti\/wp-content\/uploads\/imgs\/tudo_pixel.gif\" width=\"1\" height=\"1\" alt=\"\" border=\"0\"><\/td>\n<\/tr>\n<tr>\n<td class=\"vermelho\"><img loading=\"lazy\" decoding=\"async\" src=\"https:\/\/www.ufmg.br\/dti\/wp-content\/uploads\/imgs\/tudo_pixel.gif\" width=\"1\" height=\"1\" alt=\"\" border=\"0\"><\/td>\n<td><img loading=\"lazy\" decoding=\"async\" src=\"https:\/\/www.ufmg.br\/dti\/wp-content\/uploads\/imgs\/tudo_pixel.gif\" width=\"1\" height=\"1\" alt=\"\" border=\"0\"><\/td>\n<td align=\"LEFT\" valign=\"TOP\"><!-- #BeginEditable \"ha 20 anos\" --><a name=\"ainformativo5\"><img loading=\"lazy\" decoding=\"async\" src=\"https:\/\/www.ufmg.br\/dti\/wp-content\/uploads\/imgs\/tudo_pixel.gif\" width=\"1\" height=\"8\" alt=\"\" border=\"0\"><br \/>    <span class=\"titulo\">H\u00e1 20 anos&#8230;<\/span><\/a> <span class=\"texto\">     <\/p>\n<p>Nas edi&ccedil;&otilde;es 12 e 13 de O Sistem&aacute;tico de 1981 foram      publicadas not&iacute;cias sobre desempenho do B6700, participa&ccedil;&atilde;o      do prof. Jo&atilde;o Carlos Pires Bauer em reuni&atilde;o da SEI em      Bras&iacute;lia, sele&ccedil;&atilde;o de bolsistas para o CECOM, distribui&ccedil;&atilde;o      da Comunica&ccedil;&atilde;o aos Usu&aacute;rios, entre outras. As not&iacute;cias      que se destacaram foram: <\/p>\n<p><b>SEMIN&Aacute;RIO DE LIBERA&Ccedil;&Atilde;O DA VERS&Atilde;O III.2      DA BURROUGHS<\/b><br \/>     <font face=\"1\">Romildo Monte e William Andal&eacute;cio est&atilde;o      hoje no Rio de Janeiro particuipando do Semin&aacute;rio que a Burroughs      est&aacute; promovendo para o lan&ccedil;amento da vers&atilde;o III.2.<br \/>     Amanh&atilde;, eles j&aacute; estar&atilde;o em Belo Horizonte.<br \/>     (Ano V, no 12 &#8211; 09\/04\/1981)<\/font><\/p>\n<p><b>CONCURSO P&Uacute;BLICO PARA A UFBa<\/b><br \/>     <font face=\"1\">A Universidade Federal da Bahia contou com a colabora&ccedil;&atilde;o      da UFMG, atrav&eacute;s do Centro de Computa&ccedil;&atilde;o, na realiza&ccedil;&atilde;o      do seu Concurso P&uacute;blico no dia 12\/04.<br \/>     A primeira parte do servi&ccedil;o foi encerrada na madrugada de ter&ccedil;a-feira,      dia 14, e consistiu na prepara&ccedil;&atilde;o de folhas de resposta      para leitora de marcas &oacute;ticas e transcri&ccedil;&atilde;o das      mesmas ap&oacute;s a realiza&ccedil;&atilde;o das provas.<br \/>     Nas pr&oacute;ximas semanas ser&atilde;o realizadas mais algumas provas,      as quais ser&atilde;o submetidas &agrave;s mesmas rotinas.<br \/>     Os respons&aacute;veis por esse trabalho foram Luiz Eug&ecirc;nio de      Almeida Oliveira e Mauro Siqueira Lopes. O analista C&eacute;lio de      Oliveira, do CPD, e Maria Helena Silva, da Coordenadoria de Sele&ccedil;&atilde;o      de Pessoal da UFBa, estiveram no CECOM acompanhando os trabalhos.<br \/>     (Ano V, no 13 &#8211; 15\/04\/1981)<\/font><\/p>\n<p>    <\/span><!-- #EndEditable --><br \/>     <img loading=\"lazy\" decoding=\"async\" src=\"https:\/\/www.ufmg.br\/dti\/wp-content\/uploads\/imgs\/tudo_pixel.gif\" width=\"1\" height=\"8\" alt=\"\" border=\"0\"><\/td>\n<td><img loading=\"lazy\" decoding=\"async\" src=\"https:\/\/www.ufmg.br\/dti\/wp-content\/uploads\/imgs\/tudo_pixel.gif\" width=\"1\" height=\"1\" alt=\"\" border=\"0\"><\/td>\n<td class=\"vermelho\"><img loading=\"lazy\" decoding=\"async\" src=\"https:\/\/www.ufmg.br\/dti\/wp-content\/uploads\/imgs\/tudo_pixel.gif\" width=\"1\" height=\"1\" alt=\"\" border=\"0\"><\/td>\n<\/tr>\n<tr>\n<td class=\"vermelho\" colspan=\"5\"><img loading=\"lazy\" decoding=\"async\" src=\"https:\/\/www.ufmg.br\/dti\/wp-content\/uploads\/imgs\/tudo_pixel.gif\" width=\"1\" height=\"1\" alt=\"\" border=\"0\"><\/td>\n<\/tr>\n<\/table>\n<p> <!-- fim tabela ha 20 anos --><\/div>\n<p><a name='eventos'><\/a><\/p>\n<h4>Eventos<\/h4>\n<div class=\"centro-sistematico\">  <!-- noticias --> <\/p>\n<table border=\"0\" cellspacing=\"0\" cellpadding=\"0\">\n<tr>\n<td><\/td>\n<td><\/td>\n<\/tr>\n<p>  <!-- #BeginEditable \"materias\" -->   <\/p>\n<tr>\n<td align=\"LEFT\" valign=\"TOP\"><\/td>\n<td align=\"LEFT\" valign=\"TOP\"> <a name=\"aeventos1\"><span class=\"titulo\">APRESENTA&Ccedil;&Atilde;O     DO TIVOLI<\/span><\/a> <span class=\"texto\">     <\/p>\n<p>Na quinta-feira, dia 11\/04, t&eacute;cnicos da IBM estiveram no LCC      para uma apresenta&ccedil;&atilde;o t&eacute;cnica do software Tivoli.      Estiveram presentes &agrave; apresenta&ccedil;&atilde;o: Carlos Alfeu      Furtado da Fonseca, Aleixina Maria Lopes Andal&eacute;cio e Luiz Eug&ecirc;nio      de Almeida Oliveira, pelo CECOM; Fabiano Cruz Peixoto, S&eacute;rgio      Lu&iacute;s Novaes e Edilson Costa de Oliveira, pelo LCC.<\/p>\n<p>A apresenta&ccedil;&atilde;o, que foi feita por Cristiane Mirna Machado,      da empresa Vanguard, junto com Vinicius de M. Franklin, da IBM, mostrou      os diversos m&oacute;dulos que comp&otilde;em o produto Tivoli, sendo      que os que mais interessaram aos participantes da apresenta&ccedil;&atilde;o      foram os relacionados com ger&ecirc;ncia de rede, invent&aacute;rio      de software e hardware, ger&ecirc;ncia de armazenamento e backup e distribui&ccedil;&atilde;o      de software de rede.<\/p>\n<p>Dever&aacute; ser agendada, a pedido do CECOM e do LCC, uma nova apresenta&ccedil;&atilde;o,      enfocando especificamente o m&oacute;dulo ger&ecirc;ncia de rede.<\/p>\n<p>    <\/span> <\/td>\n<\/tr>\n<tr>\n<td align=\"LEFT\" valign=\"TOP\"><\/td>\n<td align=\"LEFT\" valign=\"TOP\"><a name=\"aeventos2\"><span class=\"titulo\">TREINAMENTO     NOTES I<\/span><\/a> <span class=\"texto\">     <\/p>\n<p>Dentro do processo de implanta&ccedil;&atilde;o do Projeto Grude na      Reitoria, em que a ferramenta de correio e agenda passa a ser o Lotus      Notes, o CECOM estar&aacute; oferecendo mais duas turma de treinamento      enfocando este programa para os usu&aacute;rios da Reitoria. Estas turmas,      com 16 vagas cada uma, ser&atilde;o realizadas na pr&oacute;xima semana,      na sala de aulas 1 do CECOM, no subsolo da Reitoria, nos dias 24\/4,      de 8:00 &agrave;s 12:00 (inscri&ccedil;&otilde;es at&eacute; 20\/4) e      26\/4, de 13:30 &agrave;s 17:30 (inscri&ccedil;&otilde;es at&eacute;      24\/4). As inscri&ccedil;&otilde;es devem ser feitas atrav&eacute;s de      e-mail para o endere&ccedil;o <b>xina@cecom. ufmg.br<\/b>, informando      o nome completo e o e-mail do indicado.<\/p>\n<p>&nbsp;<\/p>\n<p>    <\/span>    <\/td>\n<\/tr>\n<tr>\n<td align=\"LEFT\" valign=\"TOP\"><\/td>\n<td align=\"LEFT\" valign=\"TOP\"><a name=\"aeventos3\"><span class=\"titulo\">TREINAMENTO     NOTES II<\/span><\/a> <span class=\"texto\">     <\/p>\n<p>Dando continuidade ao treinamento de Lotus Notes, no dia 11\/04 foi      oferecido um treinamento para os seguintes funcion&aacute;rios: Ana      Raquel Carvalho da Silva Martins (CTIT), Andr&eacute; Gomes Moura (CAC),      Benjamim Rodrigues de Menezes (CTIT), C&eacute;lia Antonieta da Silva      (DRCA), Danilo Leandro dos Reis (PJ), Isabella Maria Corr&ecirc;a Viana      (PROGRAD), Luiz Ant&ocirc;nio Almeida de Oliveira (DRCA), Maria C&eacute;lia      Nogueira Lima (CAC), Maria Jos&eacute; Gomes Silva (CEDECOM), Maria      de Fatima Gouveia (PJ), Paulo Fernando da Silva (Auditoria), Romero      Hallen (CEDECOM), Rosangela Ferreira Santos (DRCA), Rosemeire Rocha      Fernandes (DRCA), Rosilene Martins (CEDECOM), S&ocirc;nia Maria Machado      (PROGRAD) e Vanete Marques Rodrigues (PRORH). <\/p>\n<p>O treinamento teve como instrutor Adyr Rodrigues Nascimento e monitor      Clayton Ricardo Santos.<\/p>\n<p>Hoje, dia 19, estar&aacute; sendo oferecido mais um curso, no hor&aacute;rio      de 13:30 &agrave;s 17:30, na sala de aulas 1 do CECOM, no subsolo da      Reitoria, para os seguintes funcion&aacute;rios: Cl&aacute;udia M&aacute;rcia      da Silva Ferreira (PRA), Daniele Monteiro Moreira (Gabinete), Esdras      Viggiano de Souza (CECOM), F&aacute;bio Pereira de Menezes (PJ), Iara      E. M. Santa B&aacute;rbara (PRORH), Jos&eacute; Carlos Tadeu (DRCA),      Leusl&eacute;ia Ferreira Dias (DRCA), Luciene Paula Barbosa Delogo (PRPG),      Maria Helena Braga Mendes (SODS), M&ocirc;nica Gon&ccedil;alves Azeredo      Torres (PROPLAN), Paulo Roberto Parreira Guimar&atilde;es (DRCA), Roberto      de Siqueira (DRCA), Rosimairy Gomes Vieira (PRPG), Selma Maria da Silva      Coura (PRPG), V&acirc;nia Cardoso Soares do Couto (PROPLAN) e Willer      Alves Teixeira (PRA). O instrutor ser&aacute; Eug&ecirc;nio Pacelli      Pereira de Souza e o monitor Danilo Pinheiro Soares Guimar&atilde;es.    <\/p>\n<p>    <\/span>    <\/td>\n<\/tr>\n<tr>\n<td align=\"LEFT\" valign=\"TOP\"><\/td>\n<td align=\"LEFT\" valign=\"TOP\"><a name=\"aeventos4\"><span class=\"titulo\">CURSO FORMA&Ccedil;&Atilde;O     DE PREGOEIRO<\/span><\/a> <span class=\"texto\">     <\/p>\n<p>A Escola de Administra&ccedil;&atilde;o Fazend&aacute;ria &#8211; ESAF &#8211;      est&aacute; promovendo nos dias 19 e 20\/04, um curso de Forma&ccedil;&atilde;o      de Pregoeiro com o objetivo de proporcionar aos participantes as condi&ccedil;&otilde;es      necess&aacute;rias e indispens&aacute;veis para desempenhar as fun&ccedil;&otilde;es      de pregoeiro, oferecendo elementos t&eacute;cnicos para aprimorar seus      conhecimentos, propiciando-lhes meios para efetuarem contrata&ccedil;&otilde;es      com maior economia, seguran&ccedil;a e efici&ecirc;ncia.<\/p>\n<p>Com carga hor&aacute;ria de 16 horas\/aula, o curso est&aacute; sendo      realizado no Centro de Treinamento da ESAF, no Belvedere.<\/p>\n<p>Do Centro de Computa&ccedil;&atilde;o est&atilde;o participando do      curso as funcion&aacute;rias Alda Batista e M&aacute;rcia Regina Lemos,      da DAA.    <\/p>\n<p>    <\/span>    <\/td>\n<\/tr>\n<tr>\n<td align=\"LEFT\" valign=\"TOP\"><\/td>\n<td align=\"LEFT\" valign=\"TOP\"><a name=\"aeventos5\"><span class=\"titulo\">CURSO DE     ACCESS<\/span><\/a> <span class=\"texto\">     <\/p>\n<p>O CECOM, juntamente com a PRORH, est&aacute; oferecendo, desde o dia      16\/04, um curso de Access para funcion&aacute;rios da UFMG. Este curso,      com carga hor&aacute;ria de 30 h\/a, ser&aacute; encerrado no dia 27      de abril e tem como instrutor Gilmar Lima Guimar&atilde;es.<\/p>\n<p>Est&atilde;o participando do treinamento, os seguintes funcion&aacute;rios:      Bruno Sales Ferreira (PROPLAN), Eliezer de Matos Miranda (ECI), Gino      Ottoni Durante (CECOM), Guilherme Queiroz de Macedo (DMP), Marcos Evangelista      Alves (FAE), Maria Augusta Ferreira da Silva Leite (COLTEC), Rachel      Alves Fonseca (CEP), Renato Luiz Ribeiro (Belas Artes) e Walter Guerra      (LCC).    <\/p>\n<p>    <\/span>    <\/td>\n<\/tr>\n<tr>\n<td align=\"LEFT\" valign=\"TOP\"><\/td>\n<td align=\"LEFT\" valign=\"TOP\"><a name=\"aeventos6\"><span class=\"titulo\">CURSO DE     EXCEL<\/span><\/a> <span class=\"texto\">     <\/p>\n<p>O CECOM e a PRORH estar&atilde;o oferecendo, no per&iacute;odo de 23      a 27 de abril, um curso de Excel, no hor&aacute;rio de 8:30 &agrave;s      11:30, na Sala de Aulas 2 do CECOM, no subsolo da Reitoria. Estar&atilde;o      participando do treinamento os seguintes funcion&aacute;rios: Carlos      Vinicius de Souza Coelho (Face), Cristina de Paula Pacheco (Odontologia),      Edirlaine Aparecida Marques (IGC), Eliane Maria Fernandes Lopes (ECI),      Geraldo Bonfim Fernandes Teixeira (CPPD), Helena Maria de Deus Castro      (Proplan), Mari&acirc;ngela Borges (ICB), Maura Virg&iacute;nia Xavier      (Belas Artes) e Paula de Almeida (DSG).<\/p>\n<p>A instrutora do curso vai ser M&aacute;rcia Regina Lemos e o monitor      Helv&eacute;cio Cossenzo Pinto.    <\/p>\n<p>    <\/span>    <\/td>\n<\/tr>\n<tr>\n<td align=\"LEFT\" valign=\"TOP\"><\/td>\n<td align=\"LEFT\" valign=\"TOP\"><a name=\"aeventos7\"><span class=\"titulo\">SOCIAIS<\/span><\/a>     <span class=\"texto\">     <\/p>\n<p><b>ANIVERS&Aacute;RIOS:<\/b> <i>Esta semana, O Sistem&aacute;tico envia      os parab&eacute;ns para os ex-ceconianos Alberto Henrique Frade Laender      (DCC), amanh&atilde;, dia 20; Christiano Gon&ccedil;alves Becker (DCC),      no dia 2; Beatriz Josephina Perrela e Paulo C&eacute;sar Cortez J&uacute;nior,      no dia 25; Cleto Boechat V&eacute;o (LCC) e T&acirc;nia Cristina Teixeira,      no dia 26.<\/i><\/p>\n<p><b>NEN&Eacute;M PARA BREVE:<\/b> <i>Todos j&aacute; sabem, mas vale      registrar. Renata e Iremar Nunes de Lima est&atilde;o &agrave; espera      do primeiro filho. O Sistem&aacute;tico envia um abra&ccedil;&atilde;o.<\/i><\/p>\n<p><b>CASAMENTO:<\/b> <i>Carolina, filha de Maria Laura e Jos&eacute; Tarc&iacute;sio      Rodrigues vai se casar com Michael Molinari &agrave;s 18:00 do dia 28      de abril, na Igreja S&atilde;o Francisco de Assis da Pampulha.<\/i>    <\/p>\n<p>    <\/span>    <\/td>\n<\/tr>\n<p>  <!-- #EndEditable -->  <\/table>\n<p> <!-- fim noticias --><\/div>\n","protected":false},"excerpt":{"rendered":"<p>Not\u00edcias REDE UFMG &#8211; FASE 3 AMPLIA&Ccedil;&Atilde;O DE INFRA-ESTRUTURA CENTRAL PLANO DIRETOR AQUISI&Ccedil;&Atilde;O DO ORACLE REDE DO CEU Informativo Genteware GUIA DE SITES INTERESSANTES DEFINI&Ccedil;&Atilde;O DE TERMOS DE INFORM&Aacute;TICA PLANT&Atilde;O INFO H\u00e1 20 anos&#8230; Eventos APRESENTA&Ccedil;&Atilde;O DO TIVOLI TREINAMENTO NOTES I TREINAMENTO NOTES II CURSO FORMA&Ccedil;&Atilde;O DE PREGOEIRO CURSO DE ACCESS CURSO DE EXCEL SOCIAIS &#8230; <a title=\"Sistem\u00e1tico: Edi\u00e7\u00e3o 1070 &#8211; 19\/04\/2001\" class=\"read-more\" href=\"https:\/\/www.ufmg.br\/dti\/2001\/04\/19\/sistematico-edicao-1070-19042001\/\" aria-label=\"Read more about Sistem\u00e1tico: Edi\u00e7\u00e3o 1070 &#8211; 19\/04\/2001\">Ler mais<\/a><\/p>\n","protected":false},"author":3,"featured_media":0,"comment_status":"open","ping_status":"open","sticky":false,"template":"","format":"standard","meta":{"inline_featured_image":false,"footnotes":""},"categories":[13],"tags":[],"coauthors":[79],"class_list":["post-3273","post","type-post","status-publish","format-standard","hentry","category-sistematico"],"_links":{"self":[{"href":"https:\/\/www.ufmg.br\/dti\/wp-json\/wp\/v2\/posts\/3273","targetHints":{"allow":["GET"]}}],"collection":[{"href":"https:\/\/www.ufmg.br\/dti\/wp-json\/wp\/v2\/posts"}],"about":[{"href":"https:\/\/www.ufmg.br\/dti\/wp-json\/wp\/v2\/types\/post"}],"author":[{"embeddable":true,"href":"https:\/\/www.ufmg.br\/dti\/wp-json\/wp\/v2\/users\/3"}],"replies":[{"embeddable":true,"href":"https:\/\/www.ufmg.br\/dti\/wp-json\/wp\/v2\/comments?post=3273"}],"version-history":[{"count":0,"href":"https:\/\/www.ufmg.br\/dti\/wp-json\/wp\/v2\/posts\/3273\/revisions"}],"wp:attachment":[{"href":"https:\/\/www.ufmg.br\/dti\/wp-json\/wp\/v2\/media?parent=3273"}],"wp:term":[{"taxonomy":"category","embeddable":true,"href":"https:\/\/www.ufmg.br\/dti\/wp-json\/wp\/v2\/categories?post=3273"},{"taxonomy":"post_tag","embeddable":true,"href":"https:\/\/www.ufmg.br\/dti\/wp-json\/wp\/v2\/tags?post=3273"},{"taxonomy":"author","embeddable":true,"href":"https:\/\/www.ufmg.br\/dti\/wp-json\/wp\/v2\/coauthors?post=3273"}],"curies":[{"name":"wp","href":"https:\/\/api.w.org\/{rel}","templated":true}]}}