{"id":3281,"date":"2001-01-18T08:00:00","date_gmt":"2001-01-18T08:00:00","guid":{"rendered":"https:\/\/www.ufmg.br\/dti\/cecom\/?p=1568"},"modified":"2001-01-18T08:00:00","modified_gmt":"2001-01-18T08:00:00","slug":"sistematico-edicao-1059-18012001","status":"publish","type":"post","link":"https:\/\/www.ufmg.br\/dti\/2001\/01\/18\/sistematico-edicao-1059-18012001\/","title":{"rendered":"Sistem\u00e1tico: Edi\u00e7\u00e3o 1059 &#8211; 18\/01\/2001"},"content":{"rendered":"<ul>\n<li><a href=\"\/dti\/#noticias\">Not\u00edcias<\/a>\n<div class='submenuSistematico'>\n<ul>\n<li><a href=\"\/dti\/#anoticias1\"><span class=\"titulo\">Projeto Notes<\/span><\/a><\/li>\n<li><a href=\"\/dti\/#anoticias2\"><span class=\"titulo\">Nova Metaframe<\/span><\/a><\/li>\n<li><a href=\"\/dti\/#anoticias3\"><span class=\"titulo\">Vestibular     2001<\/span><\/a><\/li>\n<li><a href=\"\/dti\/#anoticias4\"><span class=\"titulo\">Anti-v\u00edrus     de e-mail<\/span><\/a><\/li>\n<li><a href=\"\/dti\/#anoticias5\"><span class=\"titulo\">Nova Vers\u00e3o     do INFOAccess<\/span><\/a><\/li>\n<li><a href=\"\/dti\/#anoticias6\"><span class=\"titulo\">Nova Home     Page do CECOM<\/span><\/a><\/li>\n<li><a href=\"\/dti\/#anoticias7\"><span class=\"titulo\">Mudan\u00e7as     f\u00edsicas na DAA<\/span><\/a><\/li>\n<\/ul>\n<\/div>\n<\/li>\n<li><a href=\"\/dti\/#informativo\">Informativo<\/a>\n<div class='submenuSistematico'>\n<ul>\n<li><a href=\"\/dti\/#ainformativo1\"><span class=\"titulo\">Genteware<\/span><br \/>    <\/a><\/li>\n<li><a href=\"\/dti\/#ainformativo2\"><span class=\"titulo\">Guia de Sites     Interessantes<\/span><\/a><\/li>\n<li><a href=\"\/dti\/#ainformativo3\"><span class=\"titulo\">Defini\u00e7\u00e3o     de Termos de Inform\u00e1tica <\/span><\/a><\/li>\n<\/ul>\n<\/div>\n<\/li>\n<li><a href=\"\/dti\/#eventos\">Eventos<\/a>\n<div class='submenuSistematico'>\n<ul>\n<li><a href=\"\/dti\/#aeventos1\"><span class=\"titulo\">Treinamento     Dreamweaver <\/span><\/a><\/li>\n<li><a href=\"\/dti\/#aeventos2\"><span class=\"titulo\">Sociais<\/span><\/a><\/li>\n<\/ul>\n<\/div>\n<\/li>\n<\/ul>\n<p> <a name='noticias'><\/a><\/p>\n<h4>Not\u00edcias<\/h4>\n<div class=\"centro-sistematico\">  <!-- noticias --> <\/p>\n<table border=\"0\" cellspacing=\"0\" cellpadding=\"0\">\n<tr>\n<td><\/td>\n<td><\/td>\n<\/tr>\n<tr>\n<td align=\"LEFT\" valign=\"TOP\"><\/td>\n<td align=\"LEFT\" valign=\"TOP\"><a name=\"anoticias1\"><span class=\"titulo\">Projeto Notes<\/span><\/a>     <span class=\"texto\">     <\/p>\n<p>Dentro do processo de implanta\u00e7\u00e3o do Notes como ferramenta institucional      de correio eletr\u00f4nico, ser\u00e1 feita a instala\u00e7\u00e3o, nesta sexta-feira \u00e0      tarde, do Lotus Domino vers\u00e3o R5, o programa servidor desse pacote.      O programa vai ser instalado em um micro K6 2 de 500 MHz, com ambiente      Windows NT, que vai atender exclusivamente aos treinamentos sobre o      Notes. O servi\u00e7o ser\u00e1 realizado por H\u00e9lio Teixeira da Costa e M\u00e1rcio      da Costa Viana, da DAC, com o apoio de C\u00edcero Soares Vieira e Luiz Ot\u00e1vio      Barbosa, do LCC.<\/p>\n<p>A previs\u00e3o \u00e9 de que, na pr\u00f3xima semana, sejam realizadas pelo menos      duas turmas de treinamento sobre o Lotus Notes para funcion\u00e1rios do      CECOM, utilizando o material desenvolvido pelo LCC. Estas turmas t\u00eam      o objetivo de preparar melhor a equipe de instrutores da DAC para os      treinamentos que ser\u00e3o realizados, a partir de 30\/1, nas duas salas      de aulas do CECOM.<\/p>\n<p>No dia 30\/1, ter\u00e1 in\u00edcio o treinamento formal dos usu\u00e1rios das redes      locais administrativas, com duas turmas reservadas para a equipe do      Reitor, com os seguintes participantes: Adriana Maria Vallad\u00e3o Novais      (PROGRAD), Alfredo Gontijo de Oliveira (FUMP), Carlos Maur\u00edcio Vieira      (Auditoria), Edison Jos\u00e9 Corr\u00eaa (PROEX), Eliane Aparecida Ferreira Marques      (PRA), Luiz Felipe Vieira Calvo (PRA), Maria das Gra\u00e7as Fernandes Ara\u00fajo      (PROPLAN), Maria Elisa de Souza e Silva (CPPD), Paulo Henrique Os\u00f3rio      Coelho (PROEX), Paulo Valladares (CEDECOM) e Ronan Ara\u00fajo Gontijo (CAC).      O restante da equipe estar\u00e1 sendo treinada no dia 6\/2. O CECOM vai avaliar,      junto \u00e0s secret\u00e1ria dos \u00f3rg\u00e3os de origem destes participantes, a possibilidade      de participa\u00e7\u00e3o das mesmas em turmas imediatamente a seguir.<\/p>\n<p>    <\/span><\/td>\n<\/tr>\n<tr>\n<td align=\"LEFT\" valign=\"TOP\"><\/td>\n<td align=\"LEFT\" valign=\"TOP\"><a name=\"anoticias2\"><span class=\"titulo\">Nova Metaframe<\/span><\/a>     <span class=\"texto\">     <\/p>\n<p>A DAC est\u00e1 terminando a instala\u00e7\u00e3o do ambiente operacional (Windows      NT Terminal Server e Citrix Metaframe) do terceiro servidor Metaframe      a ser instalado no CECOM. O Metaframe \u00e9 um programa que permite a execu\u00e7\u00e3o,      atrav\u00e9s da Web, de sistemas desenvolvidos em ambiente Cliente\/Servidor,      simplificando o processo de libera\u00e7\u00e3o de vers\u00f5es e acompanhamento dos      mesmos. O CECOM j\u00e1 utiliza dois servidores com esse ambiente, na arquitetura      Cluster, que permite que os equipamentos fiquem ligados em paralelo      e garante o funcionamento mesmo que um deles pare de funcionar. Este      terceiro servidor, um Netfinity modelo 3000 8476-8 IU, com processador      Pentium II de 650 MHz e 512 Mbytes de mem\u00f3ria, vai ser incorporado a      essa arquitetura, dando maior desempenho e confiabilidade ao ambiente.<\/p>\n<p>O trabalho de instala\u00e7\u00e3o envolveu H\u00e9lio Teixeira da Costa, Luiz Eug\u00eanio      de Almeida Oliveira e M\u00e1rcio da Costa Viana, da DAC.<\/p>\n<p>    <\/span><\/td>\n<\/tr>\n<tr>\n<td align=\"LEFT\" valign=\"TOP\"><\/td>\n<td align=\"LEFT\" valign=\"TOP\"><a name=\"anoticias3\"><span class=\"titulo\">Vestibular     2001<\/span><\/a> <span class=\"texto\">     <\/p>\n<p>Tendo em vista a exig\u00fcidade dos prazos para viabilizar a divulga\u00e7\u00e3o      do resultado final do Vestibular 2001, marcada para o dia 1o. de fevereiro,      a COPEVE solicitou ao CECOM a amplia\u00e7\u00e3o da infraestrutura de rede montada      na FAFICH para o lan\u00e7amento das notas das provas da segunda etapa. Foi      feita a instala\u00e7\u00e3o de mais 2 microcomputadores em cada uma das tr\u00eas      salas anteriormente preparadas e montada uma quarta sala, com 12 microcomputadores.<\/p>\n<p>Todos os micros utilizados este ano foram emprestados pelo ICEx, exceto      um, que executa a fun\u00e7\u00e3o de roteador, que pertence ao CECOM. A COPEVE      contou ainda com acolabora\u00e7\u00e3o da CAC, que disponibilizou 4 hubs e do      prof. Roberto Nogueira, do Departamento de F\u00edsica, que tamb\u00e9m emprestou      um hub para viabilizar a montagem da quarta sala.<\/p>\n<p>A instala\u00e7\u00e3o e configura\u00e7\u00e3o dos equipamentos esteve a cargo de Aleixina      Maria Lopes Andal\u00e9cio, M\u00e1rcio da Costa Viana e Renato Machado Righi,      da DAC.<\/p>\n<p>    <\/span><\/td>\n<\/tr>\n<tr>\n<td align=\"LEFT\" valign=\"TOP\"><\/td>\n<td align=\"LEFT\" valign=\"TOP\"><a name=\"anoticias4\"><span class=\"titulo\">Anti-v\u00edrus     de e-mail<\/span><\/a> <span class=\"texto\">     <\/p>\n<p>No \u00faltimo dia 12, sexta-feira, a DRC efetuou a atualiza\u00e7\u00e3o do sistema      operacional do servidor de e-mail da Faculdade de Farm\u00e1cia. Juntamente      com a atualiza\u00e7\u00e3o do sistema foi efetuada a instala\u00e7\u00e3o do pacote anti-v\u00edrus      de e-mail, que est\u00e1 dispon\u00edvel em ftp.cecom. ufmg.br:\/pub\/scanmail.<\/p>\n<p>Na Escola de Ci\u00eancia da Informa\u00e7\u00e3o, o pacote anti-v\u00edrus foi instalado      pela DRC na ter\u00e7a-feira, dia 16.<\/p>\n<p>    <\/span><\/td>\n<\/tr>\n<tr>\n<td align=\"LEFT\" valign=\"TOP\"><\/td>\n<td align=\"LEFT\" valign=\"TOP\"><a name=\"anoticias5\"><span class=\"titulo\">Nova Vers\u00e3o     do INFOAccess<\/span><\/a> <span class=\"texto\">     <\/p>\n<p>J\u00e1 foi disponibilizada a vers\u00e3o 6.2 do pacote INFOAccess, compat\u00edvel      com a vers\u00e3o do MCP (46.1) que est\u00e1 instalada, desde o in\u00edcio de dezembro\/2000,      no LX 5320, onde ficam residentes os principais sistemas corporativos      da UFMG (acad\u00eamico e funcional). Como novidade, esta vers\u00e3o foi instalada      com o cat\u00e1logo de mapeamento de SQL \u00db DMSII residente no ambiente NT      do equipamento, resultando em uma melhor distribui\u00e7\u00e3o da carga pelos      dois processadores do mesmo.<\/p>\n<p>O INFOAccess \u00e9 um pacote que permite que aplicativos executados em      ambiente Cliente\/Servidor acessem os bancos de dados DMSII, da Unisys,      atrav\u00e9s de tecnologia ODBC (Open Data Base Connectivity). Assim, programas      desenvolvidos em PowerBuilder, ou mesmo aplicativos Access, Word ou      Excel, conseguem utilizar dados que est\u00e3o armazenados nos bancos de      dados do LX 5320.<\/p>\n<p>A pr\u00f3xima etapa do processo de implanta\u00e7\u00e3o desta vers\u00e3o \u00e9 a instala\u00e7\u00e3o      da parte cliente do INFOAccess nos micros dos usu\u00e1rios que utilizam      esta interface. O trabalho de instala\u00e7\u00e3o e configura\u00e7\u00e3o do pacote foi      realizado por H\u00e9lio Teixeira da Costa e Luiz Eug\u00eanio Almeida Oliveira,      da DAC, com o apoio de Thomas Dietrich Kosfeld, da MSA, e suporte do      CAS\/Unisys.<\/p>\n<p>    <\/span><\/td>\n<\/tr>\n<tr>\n<td align=\"LEFT\" valign=\"TOP\"><\/td>\n<td align=\"LEFT\" valign=\"TOP\"><a name=\"anoticias6\"><span class=\"titulo\">Nova Home     Page do CECOM<\/span><\/a> <span class=\"texto\">     <\/p>\n<p>A nova Home Page do CECOM se encontra em fase final de produ\u00e7\u00e3o, devendo,      conforme o cronograma, ser publicada no final do m\u00eas de janeiro.<\/p>\n<p>Desde o m\u00eas de novembro\/2000, a nova vers\u00e3o est\u00e1 sendo discutida com      a empresa DathaWeb e, internamente, a VDG est\u00e1 recebendo cr\u00edticas e      sugest\u00f5es com rela\u00e7\u00e3o \u00e0 nova home page.<\/p>\n<p>    <\/span><\/td>\n<\/tr>\n<tr>\n<td align=\"LEFT\" valign=\"TOP\"><\/td>\n<td align=\"LEFT\" valign=\"TOP\"><a name=\"anoticias7\"><span class=\"titulo\">Mudan\u00e7as     f\u00edsicas na DAA<\/span><\/a> <span class=\"texto\">     <\/p>\n<p>Com o remanejamento de Rubens Crispim da Silva, a DAA necessitou de      espa\u00e7o para receber o novo funcion\u00e1rio. Assim, a DAA solicitou \u00e0 DRC      a libera\u00e7\u00e3o de sua sala no 8o andar, anexa \u00e0 sala 825.<\/p>\n<p>A diretora da divis\u00e3o, M\u00e1rcia Regina Lemos, passou, esta semana, a      ocupar o novo espa\u00e7o, que tem passagem interna para a sala 825.<\/p>\n<p>    <\/span><\/td>\n<\/tr>\n<\/table>\n<p> <!-- fim noticias --><\/div>\n<p><a name='informativo'><\/a><\/p>\n<h4>Informativo<\/h4>\n<div class=\"centro-sistematico\">  <!-- noticias --> <\/p>\n<table border=\"0\" cellspacing=\"0\" cellpadding=\"0\">\n<tr>\n<td><\/td>\n<td><\/td>\n<\/tr>\n<tr>\n<td align=\"LEFT\" valign=\"TOP\"><\/td>\n<td align=\"LEFT\" valign=\"TOP\"><a name=\"ainformativo1\"><span class=\"titulo\">Genteware<\/span><br \/>    <\/a> <img loading=\"lazy\" decoding=\"async\" src=\"https:\/\/www.ufmg.br\/dti\/wp-content\/uploads\/imgs\/tudo_pixel.gif\" width=\"1\" height=\"20\" alt=\"\" border=\"0\"><br \/>     <span class=\"texto\"> <img loading=\"lazy\" decoding=\"async\" src=\"https:\/\/www.ufmg.br\/dti\/wp-content\/uploads\/fotos\/gildetecor.jpg\" width=\"175\" height=\"228\" alt=\"\" border=\"0\" hspace=\"0\" vspace=\"0\" align=\"left\"><img loading=\"lazy\" decoding=\"async\" src=\"https:\/\/www.ufmg.br\/dti\/wp-content\/uploads\/imgs\/tudo_pixel.gif\" width=\"20\" height=\"228\" alt=\"\" border=\"0\" hspace=\"0\" vspace=\"0\" align=\"left\">Ele     quase n\u00e3o vai ao 8o andar mas, de vez em quando, passa e cumprimenta todos,     sempre sorrindo. Est\u00e1 h\u00e1 pouco tempo no CECOM, se adaptando ao novo ambiente.     Ele \u00e9 Gildete de Jesus, T\u00e9cnico em Telefonia, lotado na DRC &#8211; Divis\u00e3o     de Redes de Comunica\u00e7\u00e3o.     <\/p>\n<p>Gildete veio para o CECOM, juntamente com a equipe de t\u00e9cnicos da Telefonia,      em agosto de 2000. Mas a sua hist\u00f3ria na UFMG come\u00e7ou h\u00e1 muito mais      tempo. No ano de 1978, rec\u00e9m-chegado de S\u00e3o Paulo, estava procurando      emprego, quando viu no jornal que a Prefeitura da UFMG estava contratando      pessoal para o setor de obras. Veio \u00e0 UFMG e, contratado como servente      de pedreiro, ficou uns tr\u00eas meses trabalhando em servi\u00e7os gerais. Logo      passou para a \u00e1rea administrativa, como apontador, fun\u00e7\u00e3o de fazer apontamentos      das horas do pessoal que batia cart\u00e3o de ponto, e servi\u00e7os de escrit\u00f3rio.      Ficou 1 ano e pouco na fun\u00e7\u00e3o, quando o Setor de Telefonia do Hospital      das Cl\u00ednicas precisou de mais um funcion\u00e1rio para trabalhar l\u00e1. Foi      para o HC e, assim, aprendeu a trabalhar com a parte de instala\u00e7\u00e3o e      montagem de telefones, passando logo a seguir para a fun\u00e7\u00e3o de instalador      e reparador de aparelhos telef\u00f4nicos. Foi uma \u00e9poca de mudan\u00e7as na UFMG,      com o enquadramento do pessoal das tabelas especiais. Como o pessoal      da Telefonia pertencia \u00e0 tabela especial, durante algum tempo resistiram      ao processo. Na terceira tentativa da UFMG de enquadrar os t\u00e9cnicos,      n\u00e3o houve mais jeito. Ou eles eram enquadrados ou sa\u00edam. Resolveram      aceitar e passaram a ser funcion\u00e1rios da UFMG.<\/p>\n<p>Enquanto estava no HC, onde permaneceu por 12 anos, Gildete sempre      vinha ao campus da Pampulha. A partir de 1980, come\u00e7ou a ficar mais      no campus, pois o setor estava com mais servi\u00e7o. Em 1991, com a montagem      da MD 110, participou do trabalho na Escola de Engenharia, depois na      FAFICH e, finalmente, retornou ao campus da Pampulha. Nesta \u00e9poca, j\u00e1      estava trabalhando com manuten\u00e7\u00e3o de equipamentos e n\u00e3o tinha tempo      nem para sair da sala.<\/p>\n<p>O pessoal da telefonia ficava em dois lugares: Ant\u00f4nio Carlos, respons\u00e1vel      pelo setor, juntamente com a parte administrativa, ficava na Unidade      Administrativa II, e os t\u00e9cnicos no 2o andar da Reitoria. Sempre foram      funcion\u00e1rios que todos conheciam, pois eles andavam o campus todo. E      quem fazia parte desta equipe? A equipe de Telefonia era formada por      Ant\u00f4nio Carlos, Gildete, Waldir, Alem\u00e3o, Jos\u00e9 Jo\u00e3o, Geraldo, Wilton,      Edivair e Orocildo. Gildete contou que faziam de tudo, desde conserto      de aparelhos, manuten\u00e7\u00e3o, enfim, todos os servi\u00e7os necess\u00e1rios.<\/p>\n<p>O trabalho foi assim at\u00e9 o segundo semestre de 2000, quando a Telefonia      foi incorporada ao CECOM. Gildete disse que foi um fato muito interessante,      gostou muito, pois encontraram apoio, mais recursos para trabalhar,      principalmente na \u00e1rea de inform\u00e1tica. Considera que foi um grande avan\u00e7o      para todos, considerando hoje imposs\u00edvel a telefonia estar separada      da inform\u00e1tica.<\/p>\n<p>Na DRC, continua trabalhando com manuten\u00e7\u00e3o de equipamentos e, devido      ao volume dos trabalhos, tamb\u00e9m n\u00e3o tem tempo para sair de sua sala,      pois as chamadas acontecem a toda hora, com problemas os mais variados      poss\u00edveis.<\/p>\n<p>Realmente, enquanto a entrevista era feita, o telefone n\u00e3o parava.      Solicita\u00e7\u00f5es como redirecionamento de ramais, problemas com fax e ele,      bem tranq\u00fcilo, explicando tudo. Na maior calma!<\/p>\n<p>Gildete est\u00e1 gostando muito do trabalho na DRC, disse que tem muita      coisa interessante, que desperta o interesse , descobrindo, agora, com      as novas tecnologias, os recursos que existem. Citou a teleconfer\u00eancia      e a v\u00eddeoconfer\u00eancia e explicou como funcionam. E fica feliz em contar      como a telefonia teve uma evolu\u00e7\u00e3o espantosa recentemente, gra\u00e7as \u00e0      inform\u00e1tica. A equipe est\u00e1 conseguindo fazer um bom trabalho, sendo      que dificilmente surge algum problema. Considera que o servi\u00e7o est\u00e1      sendo \u00f3timo. Contou que o volume de ramais na UFMG \u00e9 grande, se lembrando      de que o sistema antigo abrigava 400 ramais e o novo possui 3100, j\u00e1      incluindo a Escola de Odontologia. E isto s\u00f3 no campus da Pampulha.      Existem ainda as unidades externas, como o HC, Engenharia, Direito,      Ci\u00eancias Econ\u00f4micas, Farm\u00e1cia, Arquitetura, Conservat\u00f3rio e o Museu      de Hist\u00f3ria Natural.<\/p>\n<p>Outro servi\u00e7o feito pela Telefonia \u00e9 a parte de tarifa\u00e7\u00e3o, com o tarifador,      equipamento que coleta todos os dados das liga\u00e7\u00f5es. Mensalmente a DCP      copia os arquivos e imprime todas estas informa\u00e7\u00f5es.<\/p>\n<p>E como \u00e9 a equipe de Telefonia? Gildete disse que \u00e9 bem tranq\u00fcila,      tem um bom relacionamento, uma boa conviv\u00eancia, sendo como uma fam\u00edlia.      S\u00e3o muitos anos juntos e a equipe est\u00e1 formada por Ant\u00f4nio Carlos, Jos\u00e9      Jo\u00e3o, Wilton, Geraldo e Jos\u00e9 Efig\u00eanio, o conhecido Alem\u00e3o.<\/p>\n<p>Sendo novato no CECOM, Gildete contou que o relacionamento com os funcion\u00e1rios      das outras divis\u00f5es est\u00e1 bom e ele est\u00e1 sempre procurando uma oportunidade      de entrosar com o pessoal, conversando com um ou com outro. Particularmente,      ele disse que tenta. Ainda n\u00e3o sabe o nome de todos, mas n\u00e3o perde uma      festa ou alguma confraterniza\u00e7\u00e3o. Achou o pessoal legal e n\u00e3o est\u00e1 encontrando      dificuldade no relacionamento com os demais funcion\u00e1rios do CECOM.<\/p>\n<p>Logo que entrou para o CECOM, a turma nova teve que fazer o curso de      Inform\u00e1tica Instrumental, considerado muito bom por Gildete e, nas palavras      dele, &#8220;parecendo que foi feito para n\u00f3s&#8221;. Fez, tamb\u00e9m, Ingl\u00eas Instrumental      e Montagem e Manuten\u00e7\u00e3o de Microcomputadores, do DCC.<\/p>\n<p>Enquanto isto, o telefone n\u00e3o parava!<\/p>\n<p>Ser\u00e1 que Gildete n\u00e3o tem algum caso engra\u00e7ado para contar? Com pouco      tempo de CECOM, ele disse que n\u00e3o conhece nenhum caso. Mas contou das      goza\u00e7\u00f5es que o pessoal da telefonia, de vez em quando, faz. Certa vez,      o Alem\u00e3o colocou um tijolo naquela &#8220;pastinha&#8221; de ferramentas do Jos\u00e9      Jo\u00e3o e ficou caladinho. Jos\u00e9 Jo\u00e3o andou o campus todo carregando a tal      pasta. E sempre dizendo que naquele dia a pasta estava bem pesada&#8230;      Quando resolveu verificar o porque, achou o tijolo l\u00e1 dentro. Pelo visto,      brincam muito uns com outros.<\/p>\n<p>Bem, o Gildete funcion\u00e1rio contou a sua hist\u00f3ria. E quem \u00e9 ele l\u00e1 fora?      Ele nasceu na cidade de Macarani, na Bahia, divisa com Minas Gerais,      perto de Almenara. Com a idade de 2 anos, a fam\u00edlia se mudou para a      regi\u00e3o de Alcoba\u00e7a, onde ficou at\u00e9 os 17 anos. Como tinha muitos da      fam\u00edlia morando na cidade de S\u00e3o Paulo, resolveu ir tamb\u00e9m para l\u00e1.      Ficou uns 5 anos em SP e come\u00e7ou a namorar uma garota que era do Esp\u00edrito      Santo e morava na Bahia. Esta garota veio morar em Belo Horizonte e,      assim, ao se casar, Gildete fixou resid\u00eancia em Belo Horizonte. A fam\u00edlia      \u00e9 formada pela mulher, Geni, e os filhos F\u00e1bio, Gislaine e as g\u00eameas      K\u00eania e Keyla. Tem mais dois irm\u00e3os em BH e, em S\u00e3o Paulo, moram sua      m\u00e3e e tr\u00eas irm\u00e3os.<\/p>\n<p>Al\u00e9m de trabalhar, Gildete cursa Engenharia El\u00e9trica na PUC\/MG. Esta      hist\u00f3ria \u00e9 bem engra\u00e7ada. Quando come\u00e7ou a fazer Engenharia, fez op\u00e7\u00e3o      pela Civil e cursou at\u00e9 o 6o per\u00edodo, quando descobriu que n\u00e3o era aquilo      que queria. Trancou o curso e come\u00e7ou a fazer Engenharia Eletr\u00f4nica.      Foi at\u00e9 o 6o per\u00edodo e, tamb\u00e9m, n\u00e3o gostou. Resolveu mudar e passou      para a Engenharia El\u00e9trica. Este curso, ele gostou e vai terminar. Ainda      n\u00e3o tem previs\u00e3o de t\u00e9rmino, mas se tudo correr normalmente, acha que      em um ano se forma.<\/p>\n<p>Gildete disse que \u00e9 uma pessoa muito caseira, gosta muito de visitar      os amigos e, quando tem oportunidade, viaja para a Bahia. Gosta muito      da natureza, \u00e9 fascinado com plantas, p\u00e1ssaros e \u00e1gua. Gosta muito de      estudar e os filhos est\u00e3o seguindo o seu exemplo. Pensa no futuro, o      que o tem preocupado muito.<\/p>\n<p>Para encerrar, Gildete contou que h\u00e1 algum tempo estava bem desanimado      com o trabalho e pensou at\u00e9 em pedir PDV. Quando veio para o CECOM,      viu uma luz no fim do t\u00fanel e, apesar de se achar um iniciante na \u00e1rea      de inform\u00e1tica, conseguiu enxergar novas expectativas. Pretende avan\u00e7ar      mais na \u00e1rea, para absorver mais conhecimentos. Como tudo hoje em dia      \u00e9 inform\u00e1tica, tem a expectativa de avan\u00e7ar e ir em frente.<\/p>\n<p>    <\/span><\/td>\n<\/tr>\n<tr>\n<td align=\"LEFT\" valign=\"TOP\"><\/td>\n<td align=\"LEFT\" valign=\"TOP\"><a name=\"ainformativo2\"><span class=\"titulo\">Guia de Sites     Interessantes<\/span><\/a> <span class=\"texto\">     <\/p>\n<p>Esta semana, Adyrus, o ca\u00e7ador de sites, enviou as seguintes dicas      de sites:<\/p>\n<p>&#8211; Sabe aquele projeto de mapeamento de todos os milh\u00f5es de genes que      formam os seres humanos? Pois \u00e9, no site da Celera, http:\/\/www.celera.com\/,      empresa de Craig Venter, um dos l\u00edderes dessa descoberta, voc\u00ea encontrar\u00e1      todas as informa\u00e7\u00f5es relacionadas tanto para especialistas como para      leigos. Al\u00e9m disso, pode ficar por dentro do b\u00ea-a-b\u00e1 dos genes, em anima\u00e7\u00f5es      com som, que explicam detalhadamente como funciona essa parte do nosso      corpo. (Site em Ingl\u00eas)<\/p>\n<p>&#8211; Quem est\u00e1 na Web \u00e9 a jornalista Lilian Witte Fibe, http:\/\/www.terra.com.br\/jornaldalilian\/.      Em seu Jornal on-line, voc\u00ea poder\u00e1 conferir 5 boletins de not\u00edcias di\u00e1rias      e ao vivo, al\u00e9m de se\u00e7\u00f5es como B2B (bussiness to bussiness). Entrevistas,      \u00e1rea para humor e o &#8220;Lilian Responde&#8221;, que voc\u00ea poder\u00e1 perguntar sobre      qualquer assunto. Lilian e sua equipe se empenhar\u00e3o em ajud\u00e1-lo a encontrar      a resposta. Se voc\u00ea n\u00e3o tem tempo e quer ficar por dentro das \u00faltimas      not\u00edcias, n\u00e3o perca a oportunidade.<\/p>\n<p>&#8211; O site Hist\u00f3rias Americanas, http:\/\/www.americaslibrary.gov\/cgi-bin\/page.cgi,      \u00e9 mantido pela Biblioteca do Congresso Norte-Americano, e traz um pouco      das hist\u00f3rias e curiosidades dos Estados Unidos, pa\u00eds que \u00e9 a maior      pot\u00eancia mundial da atualidade. Nele, voc\u00ea poder\u00e1 conhecer americanos      ilustres, como o famoso Buffalo Bill, rever fatos hist\u00f3ricos importantes,      como a grande depress\u00e3o de 1929, explorar os estados e esportes norte-americanos      e ver, ouvir ou cantar j\u00f3ias do passado dos EUA. Al\u00e9m de informa\u00e7\u00f5es,      o Hist\u00f3rias Americanas ainda tem f\u00e1cil navega\u00e7\u00e3o, bastante imagem e      textos. (Site em Ingl\u00eas)<\/p>\n<p>&#8211; Um site super pesado \u00e9 o http:\/\/www.gordos.com.br\/. Apesar de focalizar      todos os gordos famosos, a p\u00e1gina \u00e9 leve e carrega rapidinho no seu      navegador. Voc\u00ea encontrar\u00e1 as fofocas do Le\u00e3o Lobo, a vitalidade de      Z\u00e9 Vitor Castiel e algumas respostas para as perguntas: Por que comemos      tanto? O que \u00e9 obesidade? Voc\u00ea sabe comer? Agora, se voc\u00ea vai sair e      n\u00e3o sabe com que roupa, fa\u00e7a uma visita e veja o artigo da consultora      do site. N\u00e3o perca tempo, visite a p\u00e1gina dos gordinhos e mantenha-se      em forma. Vale a pena conferir!<\/p>\n<p>&#8211; Se voc\u00ea nunca foi a Londres, mas quer conhecer a cidade e saber dos      principais pontos onde encontrar os brasileiros, no site http:\/\/www.londresonline.com\/,      voc\u00ea tem todas dicas e os melhores lugares para serem visitados. Roteiros,      museus, bussiness, restaurantes e outros assuntos, voc\u00ea ver\u00e1 tudinho      nesta p\u00e1gina. A p\u00e1gina \u00e9 em Portugu\u00eas.<\/p>\n<p>&#8211; Considerada uma das estrelas da chamada &#8220;noite teen&#8221;, a cantora Britney      Spears ir\u00e1 se apresentar no Rock in Rio ao lado de outros artistas tamb\u00e9m      bastante jovens. Ela \u00e9 um dos destaques da m\u00fasica pop americana nos      \u00faltimos dois anos. O site da cantora \u00e9 totalmente voltado para os f\u00e3s:      tem chat exclusivo, e-mail gr\u00e1tis e cart\u00f5es virtuais com fotos da artista.      A p\u00e1gina \u00e9 bastante animada e colorida. Vale a pena conferir! O ender\u00e7o      \u00e9: http:\/\/www. britneyspears.com\/. (Site em Ingl\u00eas)<\/p>\n<p>&#8211; Um show bastante esperado no Rock in Rio \u00e9 o do Beck, que tamb\u00e9m      estar\u00e1 se apresentando pela primeira vez no Brasil. Famoso por misturar      v\u00e1rios estilos na sua m\u00fasica, o cantor \u00e9 um f\u00e3 declarado da m\u00fasica brasileira.      Quem quiser saber mais sobre ele, pode conferir mais informa\u00e7\u00f5es no      site oficial do artista, que \u00e9 http:\/\/www.beck.com\/.<\/p>\n<p>&#8211; O Skank e o Jota Quest desistiram de participar do Rock in Rio, mas      nem por isso a mo\u00e7ada de Belo Horizonte ficou sem bons representantes      na festa. O Pato Fu, uma das bandas da terra, fez bonito no palco principal      do festival. O site do grupo, que traz v\u00e1rias m\u00fasicas nos formatos MP3      e Real Audio, \u00e9: http:\/\/www.patofu.com.br.<\/p>\n<p>&#8211; No ano passado, o Foo Fighters cancelou uma turn\u00ea pelo Brasil em      cima da hora, deixando os f\u00e3s brasileiros muito decepcionados. Mas,      desta vez, est\u00e1 confirmado. O grupo tocar\u00e1 no Rock in Rio no pr\u00f3ximo      s\u00e1bado. Este site traz muita informa\u00e7\u00e3o sobre a banda, sendo uma das      p\u00e1ginas de artistas mais completas da rede. O endere\u00e7o \u00e9: http:\/\/www.foofighters.com.<\/p>\n<p>&#8211; Para quem vai ao Rock in Rio e n\u00e3o quer fazer feio, pesquisar na      Internet \u00e9 a melhor op\u00e7\u00e3o para n\u00e3o se ter a impress\u00e3o de estar caindo      de p\u00e1ra-quedas em alguns shows. Este recado vale principalmente para      a galera mais jovem, que nem sempre conhece os grandes nomes do rock.      No endere\u00e7o http:\/\/www.RepriseRec.com\/neilyoung, est\u00e1 o site oficial      de um deles, o cantor Neil Young, que se apresentou pela primeira vez      no Brasil e, por isso, foi uma das atra\u00e7\u00f5es mais esperadas do festival.<\/p>\n<p>    <\/span><\/td>\n<\/tr>\n<tr>\n<td align=\"LEFT\" valign=\"TOP\"><\/td>\n<td align=\"LEFT\" valign=\"TOP\"><a name=\"ainformativo3\"><span class=\"titulo\">Defini\u00e7\u00e3o     de Termos de Inform\u00e1tica <\/span><\/a> <span class=\"texto\">     <\/p>\n<p>A lista de discuss\u00e3o do Guia do Hardware envia, diariamente, \u00e0s pessoas      que se encontram inscritas em seu site, dicas de hardware e defini\u00e7\u00e3o      de termos usuais de inform\u00e1tica.<\/p>\n<p>Nesta semana, O Sistem\u00e1tico listou os seguintes termos:<\/p>\n<p><b>Criptografia &#8211;<\/b> Consiste em cifrar um arquivo ou mensagem usando      um conjunto de c\u00e1lculos. O arquivo cifrado (ou encriptado) torna-se      incompreens\u00edvel at\u00e9 que seja desencriptado. Os c\u00e1lculos usados para      encriptar ou desencriptar o arquivo s\u00e3o chamados de chaves. Apenas algu\u00e9m      que tenha a chave poder\u00e1 ler o arquivo criptografado. Existem v\u00e1rios      n\u00edveis de criptografia, quanto mais complexo, mais seguro.<\/p>\n<p><b>Lammer &#8211;<\/b> Algu\u00e9m que acha que sabe muito, quando na verdade s\u00f3      fala e faz besteiras. \u00c9 usado tamb\u00e9m com rela\u00e7\u00e3o a algu\u00e9m muito chato.<\/p>\n<p><b>Daemon &#8211;<\/b> \u00c9 um programa que roda em background, estando sempre      pronto para receber solicita\u00e7\u00f5es de outros programas, executar o que      foi pedido e retornar uma resposta. O termo Daemon (dem\u00f4nio) vem da      mitologia grega, onde os Daemons s\u00e3o esp\u00edritos guardi\u00f5es.<\/p>\n<p>O endere\u00e7o da lista \u00e9: www.guiado hardware.net.<\/p>\n<p>    <\/span><\/td>\n<\/tr>\n<\/table>\n<p> <!-- fim noticias --><\/div>\n<p><a name='eventos'><\/a><\/p>\n<h4>Eventos<\/h4>\n<div class=\"centro-sistematico\">  <!-- noticias --> <\/p>\n<table border=\"0\" cellspacing=\"0\" cellpadding=\"0\">\n<tr>\n<td><\/td>\n<td><\/td>\n<\/tr>\n<tr>\n<td align=\"LEFT\" valign=\"TOP\"><\/td>\n<td align=\"LEFT\" valign=\"TOP\"><a name=\"aeventos1\"><span class=\"titulo\">Treinamento     Dreamweaver <\/span><\/a> <span class=\"texto\">     <\/p>\n<p>Est\u00e1 sendo realizado, desde o dia 15, na Sala de Aulas 2 do CECOM,      treinamento na ferramenta HTML &#8220;Dreamweaver&#8221;, com o objetivo de preparar      funcion\u00e1rios do CECOM e da CCS para atividades de atualiza\u00e7\u00e3o de suas      Homes Pages. O instrutor est\u00e1 sendo Guilherme R. Albuquerque, da CCS,      e est\u00e3o participando os seguintes funcion\u00e1rios: Adyr Rodrigues Nascimento,      Clayton Ricardo Santos, Elza Maria Guedes Rozinholi, Eug\u00eanio Pacelli      Pereira de Souza, Gilmar Lima Guimar\u00e3es, Let\u00edcia Marina Oliveira Orlandi,      Luiz Eug\u00eanio de Almeida Oliveira, Mariana Massa, Maria Jos\u00e9 Cortezzi      e Rubens Crispim da Silva.<\/p>\n<p>O curso vai ser encerrado amanh\u00e3, dia 19.<\/p>\n<p>    <\/span><\/td>\n<\/tr>\n<tr>\n<td align=\"LEFT\" valign=\"TOP\"><\/td>\n<td align=\"LEFT\" valign=\"TOP\"><a name=\"aeventos2\"><span class=\"titulo\">Sociais<\/span><\/a>     <span class=\"texto\">     <\/p>\n<p>ANIVERS\u00c1RIOS: &#8220;O Sistem\u00e1tico&#8221; envia os parab\u00e9ns para os ex-ceconianos,      aniversariantes da semana: Simone Val\u00e9ria Borges, hoje, dia 18; Edson      Barbosa Duarte e Geraldo Correia de Moura Baptista, no dia 21; Renato      Baumgratz Viotti e Ana Paula Lima Figueiredo, no dia 22.<\/p>\n<p>    <\/span><\/td>\n<\/tr>\n<\/table>\n<p> <!-- fim noticias --><\/div>\n","protected":false},"excerpt":{"rendered":"<p>Not\u00edcias Projeto Notes Nova Metaframe Vestibular 2001 Anti-v\u00edrus de e-mail Nova Vers\u00e3o do INFOAccess Nova Home Page do CECOM Mudan\u00e7as f\u00edsicas na DAA Informativo Genteware Guia de Sites Interessantes Defini\u00e7\u00e3o de Termos de Inform\u00e1tica Eventos Treinamento Dreamweaver Sociais Not\u00edcias Projeto Notes Dentro do processo de implanta\u00e7\u00e3o do Notes como ferramenta institucional de correio eletr\u00f4nico, ser\u00e1 &#8230; <a title=\"Sistem\u00e1tico: Edi\u00e7\u00e3o 1059 &#8211; 18\/01\/2001\" class=\"read-more\" href=\"https:\/\/www.ufmg.br\/dti\/2001\/01\/18\/sistematico-edicao-1059-18012001\/\" aria-label=\"Read more about Sistem\u00e1tico: Edi\u00e7\u00e3o 1059 &#8211; 18\/01\/2001\">Ler mais<\/a><\/p>\n","protected":false},"author":3,"featured_media":0,"comment_status":"open","ping_status":"open","sticky":false,"template":"","format":"standard","meta":{"inline_featured_image":false,"footnotes":""},"categories":[13],"tags":[],"coauthors":[79],"class_list":["post-3281","post","type-post","status-publish","format-standard","hentry","category-sistematico"],"_links":{"self":[{"href":"https:\/\/www.ufmg.br\/dti\/wp-json\/wp\/v2\/posts\/3281","targetHints":{"allow":["GET"]}}],"collection":[{"href":"https:\/\/www.ufmg.br\/dti\/wp-json\/wp\/v2\/posts"}],"about":[{"href":"https:\/\/www.ufmg.br\/dti\/wp-json\/wp\/v2\/types\/post"}],"author":[{"embeddable":true,"href":"https:\/\/www.ufmg.br\/dti\/wp-json\/wp\/v2\/users\/3"}],"replies":[{"embeddable":true,"href":"https:\/\/www.ufmg.br\/dti\/wp-json\/wp\/v2\/comments?post=3281"}],"version-history":[{"count":0,"href":"https:\/\/www.ufmg.br\/dti\/wp-json\/wp\/v2\/posts\/3281\/revisions"}],"wp:attachment":[{"href":"https:\/\/www.ufmg.br\/dti\/wp-json\/wp\/v2\/media?parent=3281"}],"wp:term":[{"taxonomy":"category","embeddable":true,"href":"https:\/\/www.ufmg.br\/dti\/wp-json\/wp\/v2\/categories?post=3281"},{"taxonomy":"post_tag","embeddable":true,"href":"https:\/\/www.ufmg.br\/dti\/wp-json\/wp\/v2\/tags?post=3281"},{"taxonomy":"author","embeddable":true,"href":"https:\/\/www.ufmg.br\/dti\/wp-json\/wp\/v2\/coauthors?post=3281"}],"curies":[{"name":"wp","href":"https:\/\/api.w.org\/{rel}","templated":true}]}}