{"id":3290,"date":"2017-04-28T15:48:52","date_gmt":"2017-04-28T18:48:52","guid":{"rendered":"https:\/\/www.ufmg.br\/dti\/cecom\/?p=2119"},"modified":"2017-04-28T15:48:52","modified_gmt":"2017-04-28T18:48:52","slug":"sistematico-edicao-1690-27042017","status":"publish","type":"post","link":"https:\/\/www.ufmg.br\/dti\/2017\/04\/28\/sistematico-edicao-1690-27042017\/","title":{"rendered":"Sistem\u00e1tico: Edi\u00e7\u00e3o 1690 &#8211; 27\/04\/2017"},"content":{"rendered":"<p><a href=\"\/dti\/#noticias\">Not\u00edcias:<\/a><\/p>\n<ul>\n<li><a href=\"\/dti\/#n1\">DTI participa de capacita\u00e7\u00e3o do SEI &#8211; Sistema Eletr\u00f4nico de Informa\u00e7\u00f5es.<\/a><\/li>\n<li><a href=\"\/dti\/#n2\">CECOM recebe novo funcion\u00e1rio.<\/a><\/li>\n<\/ul>\n<p><a href=\"\/dti\/#informativo\">Informativo:<\/a><\/p>\n<ul>\n<li><a href=\"\/dti\/#i1\">Dia do Trabalho.<\/a><\/li>\n<li><a href=\"\/dti\/#i2\">Espa\u00e7o do Conhecimento UFMG apresenta mistura irreverente de cl\u00e1ssicos do Jazz e da Bossa Nova.<\/a><\/li>\n<li><a href=\"\/dti\/#i3\">H\u00e1 20 anos&#8230;<\/a><\/li>\n<\/ul>\n<p><a href=\"\/dti\/#eventos\">Eventos:<\/a><\/p>\n<ul>\n<li><a href=\"\/dti\/#e1\">Sociais.<\/a><\/li>\n<\/ul>\n<p><img loading=\"lazy\" decoding=\"async\" class=\"alignnone size-full wp-image-1663\" src=\"https:\/\/www.ufmg.br\/dti\/wp-content\/uploads\/sites\/2\/2016\/10\/pdf.png\" alt=\"pdf\" width=\"25\" height=\"25\" \/>\u00a0<a href=\"https:\/\/www.ufmg.br\/dti\/wp-content\/uploads\/sites\/2\/2017\/04\/Sist07_2017-A4.pdf\" target=\"_blank\">Vers\u00e3o em PDF<\/a><\/p>\n<p><a name=\"noticias\"><\/a><\/p>\n<h2>Noticias<\/h2>\n<p><a name=\"n1\"><\/a><span style=\"color: #1e73be\"><strong>DTI participa de capacita\u00e7\u00e3o do SEI &#8211; Sistema Eletr\u00f4nico de Informa\u00e7\u00f5es<\/strong><\/span><\/p>\n<p>A convite do Minist\u00e9rio do Planejamento (MP), a Diretoria de Tecnologia da Informa\u00e7\u00e3o da UFMG est\u00e1 participando da capacita\u00e7\u00e3o de multiplicadores sobre o uso, a administra\u00e7\u00e3o e a instala\u00e7\u00e3o do sistema do Sistema Eletr\u00f4nico de Informa\u00e7\u00f5es (SEI), que \u00e9 um sistema de gest\u00e3o de processos e documentos eletr\u00f4nicos.<\/p>\n<p>Nos dias 19 e 20\/04, o Analista de TI da DIS &#8211; Divis\u00e3o de Infraestrutura e Servi\u00e7os, Gessy Caetano da Silva J\u00fanior, esteve na Escola Judici\u00e1ria do Tribunal de Justi\u00e7a, em Belo Horizonte, participando do M\u00f3dulo2 &#8211; SEI: Administrar.<\/p>\n<p>Esta semana, foi a vez do Prof. Di\u00f3genes Cec\u00edlio da Silva J\u00fanior e do Analista de TI da DIS, Leandro Duarte de Assis participarem do treinamento, em Brasilia\/DF.\u00a0O Prof. Di\u00f3genes participou do M\u00f3dulo 2 &#8211; SEI: Administrar, nos dias 25 e 26\/04. J\u00e1 Leandro Assis est\u00e1 hoje, dia 27\/04, em Bras\u00edlia, participando do M\u00f3dulo 3 &#8211; SEI: Implantar.\u00a0Em Bras\u00edlia, o treinamento est\u00e1 sendo realizado no pr\u00e9dio da ENAP &#8211; Escola Nacional de Administra\u00e7\u00e3o P\u00fablica.<\/p>\n<p>O Sistema Eletr\u00f4nico de Informa\u00e7\u00f5es (SEI!) \u00e9 disponibilizado como Software de Governo mediante celebra\u00e7\u00e3o de acordo de coopera\u00e7\u00e3o com o Minist\u00e9rio do Planejamento, Desenvolvimento e Gest\u00e3o. Desenvolvido pelo Tribunal Regional Federal da 4\u00aa Regi\u00e3o (TRF4) \u00e9 uma plataforma que engloba um conjunto de m\u00f3dulos e funcionalidades que promovem a efici\u00eancia administrativa. Trata-se tamb\u00e9m de um sistema de gest\u00e3o de processos e documentos eletr\u00f4nicos, com interface amig\u00e1vel e pr\u00e1ticas inovadoras de trabalho, tendo como principais caracter\u00edsticas a liberta\u00e7\u00e3o do paradigma do papel como suporte f\u00edsico para documentos institucionais e o compartilhamento do conhecimento com atualiza\u00e7\u00e3o e comunica\u00e7\u00e3o de novos eventos em tempo real.<\/p>\n<p>O SEI foi escolhido como a solu\u00e7\u00e3o de processo eletr\u00f4nico no \u00e2mbito do projeto Processo Eletr\u00f4nico Nacional (PEN), iniciativa conjunta de \u00f3rg\u00e3os e entidades\u00a0de diversas esferas da administra\u00e7\u00e3o p\u00fablica, com o intuito de construir uma infraestrutura p\u00fablica de processos e documentos administrativos eletr\u00f4nicos. Coordenado pelo Minist\u00e9rio do Planejamento, Or\u00e7amento e Gest\u00e3o, o PEN proporciona a integra\u00e7\u00e3o de diferentes esfor\u00e7os que j\u00e1 estavam em curso no \u00e2mbito do governo federal e objetiva a melhoria no desempenho dos processos da administra\u00e7\u00e3o p\u00fablica, com ganhos em agilidade, produtividade, transpar\u00eancia, satisfa\u00e7\u00e3o do p\u00fablico usu\u00e1rio e redu\u00e7\u00e3o de custos.<\/p>\n<p>Entre as principais caracter\u00edsticas e facilidades do SEI est\u00e3o: Portabilidade:100% Web e pode ser acessado por meio dos principais navegadores do mercado: Internet Explorer, Firefox e Google Chrome; acesso remoto por diversos tipos de equipamentos de v\u00e1rios sistemas operacionais; acesso de usu\u00e1rios externos, possibilitando que os usu\u00e1rios trabalhem \u00e0 dist\u00e2ncia; controle de n\u00edvel de acesso, gerenciando a cria\u00e7\u00e3o e o tr\u00e2mite de processos e documentos restritos e sigilosos, conferindo o acesso somente \u00e0s unidades envolvidas ou a usu\u00e1rios espec\u00edficos; tramita\u00e7\u00e3o em m\u00faltiplas unidades, quando v\u00e1rias unidades podem ser demandadas simultaneamente a tomar provid\u00eancias e manifestar-se no mesmo expediente administrativo, sempre que os atos sejam aut\u00f4nomos entre si; funcionalidades espec\u00edficas com controle de prazos, ouvidoria, estat\u00edsticas da unidade, tempo do processo, base de conhecimento, pesquisa em todo teor, acompanhamento especial, inspe\u00e7\u00e3o administrativa, modelos de documentos, textos padr\u00e3o, sobrestamento de processos, assinatura em bloco, organiza\u00e7\u00e3o de processos em bloco, acesso externo, entre outros; sistema intuitivo, estruturado com boa navegabilidade e usabilidade.<\/p>\n<p>(Fonte: https:\/\/softwarepublico.gov.br\/social\/sei)<\/p>\n<figure id=\"attachment_2123\" aria-describedby=\"caption-attachment-2123\" style=\"width: 134px\" class=\"wp-caption aligncenter\"><img loading=\"lazy\" decoding=\"async\" class=\"size-full wp-image-2123\" src=\"https:\/\/www.ufmg.br\/dti\/wp-content\/uploads\/sites\/2\/2017\/04\/Sist0H34.jpg\" alt=\"Prof. Di\u00f3genes Cec\u00edlio\" width=\"144\" height=\"195\" \/><figcaption id=\"caption-attachment-2123\" class=\"wp-caption-text\">Prof. Di\u00f3genes Cec\u00edlio<\/figcaption><\/figure>\n<p>&nbsp;<\/p>\n<figure id=\"attachment_2124\" aria-describedby=\"caption-attachment-2124\" style=\"width: 135px\" class=\"wp-caption aligncenter\"><img loading=\"lazy\" decoding=\"async\" class=\" wp-image-2124\" src=\"https:\/\/www.ufmg.br\/dti\/wp-content\/uploads\/sites\/2\/2017\/04\/Sist0H35.jpg\" alt=\"Gessy Caetano \" width=\"145\" height=\"192\" \/><figcaption id=\"caption-attachment-2124\" class=\"wp-caption-text\">Gessy Caetano<\/figcaption><\/figure>\n<p>&nbsp;<\/p>\n<figure id=\"attachment_2125\" aria-describedby=\"caption-attachment-2125\" style=\"width: 139px\" class=\"wp-caption aligncenter\"><img loading=\"lazy\" decoding=\"async\" class=\" wp-image-2125\" src=\"https:\/\/www.ufmg.br\/dti\/wp-content\/uploads\/sites\/2\/2017\/04\/Sist0H36.jpg\" alt=\"Leandro Duarte\" width=\"149\" height=\"190\" \/><figcaption id=\"caption-attachment-2125\" class=\"wp-caption-text\">Leandro Duarte<\/figcaption><\/figure>\n<p><a name=\"n2\"><\/a><span style=\"color: #1e73be\"><strong>CECOM recebe novo funcion\u00e1rio<\/strong><\/span><\/p>\n<p>O CECOM recebeu, no \u00faltimo dia 19, o funcion\u00e1rio Os\u00e9ias Geraldo Bessa Viana, ocupante do cargo de Engenheiro de Telecomunica\u00e7\u00f5es. Ele passou no Concurso da UFMG de 2016 e foi chamado agora.\u00a0Ele \u00e9 formado em Engenharia Eletr\u00f4nica e de Telecomunica\u00e7\u00f5es pela PUC\/MG, concluiu o curso de Especializa\u00e7\u00e3o em Redes de Computadores, pela ESAB\/ES, e est\u00e1 cursando Especializa\u00e7\u00e3o em Seguran\u00e7a do Trabalho, pela Faculdade C\u00e2ndido Mendes.<\/p>\n<p>Antes de vir para a UFMG, Os\u00e9ias trabalhou durante 11 anos na CBTU\/Metr\u00f4, como T\u00e9cnico Industrial. Durante algum tempo ministrou aulas de telecomunica\u00e7\u00e3o, eletr\u00f4nica e el\u00e9trica na UNA, Senai, Polimig e Ultramig.\u00a0Os\u00e9ias foi lotado na DRC &#8211; Divis\u00e3o de Redes de Comunica\u00e7\u00e3o, onde est\u00e1 se familiarizando com os trabalhos executados por Ant\u00f4nio Carlos Soares, respons\u00e1vel pela coordena\u00e7\u00e3o de voz da divis\u00e3o.<\/p>\n<figure id=\"attachment_2126\" aria-describedby=\"caption-attachment-2126\" style=\"width: 225px\" class=\"wp-caption aligncenter\"><img loading=\"lazy\" decoding=\"async\" class=\" wp-image-2126\" src=\"https:\/\/www.ufmg.br\/dti\/wp-content\/uploads\/sites\/2\/2017\/04\/Sist0H37.jpg\" alt=\"Os\u00e9ias Viana\" width=\"235\" height=\"234\" \/><figcaption id=\"caption-attachment-2126\" class=\"wp-caption-text\">Os\u00e9ias Viana<\/figcaption><\/figure>\n<p><a name=\"informativo\"><\/a><\/p>\n<h2>Informativo<\/h2>\n<p><a name=\"i1\"><\/a><span style=\"color: #1e73be\"><strong>Dia do Trabalho<\/strong><\/span><\/p>\n<p>Como dia 1o de maio ser\u00e1 na pr\u00f3xima segunda-feira, um bom fim de semana prolongado para todos!<\/p>\n<p><a name=\"i2\"><\/a><span style=\"color: #1e73be\"><strong>Espa\u00e7o do Conhecimento UFMG apresenta mistura irreverente de cl\u00e1ssicos do Jazz e da Bossa Nova<\/strong><\/span><\/p>\n<p>Um encontro harmonioso entre os grandes sucessos do jazz e da bossa nova acontece \u00e0s 11h do pr\u00f3ximo s\u00e1bado, dia 29 de abril, na Cafeteria do Espa\u00e7o do Conhecimento UFMG (Pra\u00e7a da Liberdade, 700, Belo Horizonte). Os arranjos ficam por conta do pianista e compositor Nikolas Yuri, que traz cl\u00e1ssicos produzidos e interpretados por Frank Sinatra, Ella Fitzgerald, Tom Jobim, Vinicius de Moraes e outros importantes artistas nacionais e internacionais para o Sarau Musical. A apresenta\u00e7\u00e3o tem entrada gratuita. Informa\u00e7\u00f5es pelo telefone (31) 3409-8352.<\/p>\n<p>Com forma\u00e7\u00e3o em M\u00fasica Popular e piano pela UFMG, Nikolas Yuri descobriu cedo a paix\u00e3o pela arte. Ao longo da carreira, fez importantes parcerias com Tuca Gra\u00e7a, Tha\u00eds Moreira, Felipe Vilas Boas, Amauri e Felipe de Oliveira. Nikolas tamb\u00e9m atua como professor.<\/p>\n<p>Esta \u00e9 s\u00e9tima edi\u00e7\u00e3o do Sarau Musical. Uma vez por m\u00eas, sempre aos s\u00e1bados de manh\u00e3, m\u00fasicos e estudantes vinculados \u00e0 Escola de M\u00fasica da UFMG tocam no museu.<\/p>\n<p>O Espa\u00e7o do Conhecimento UFMG est\u00e1 subordinado \u00e0 Diretoria de A\u00e7\u00e3o Cultural (DAC) da universidade, \u00e9 amparado pela Lei Federal de Incentivo \u00e0 Cultura e conta com patroc\u00ednio da Unimed-BH e do Instituto Unimed-BH. Integra o Circuito Liberdade, o museu \u00e9 fruto da parceria entre a UFMG e o Governo de Minas.<\/p>\n<p>(Fonte: Cedecom &#8211; Assessoria de Imprensa &#8211; 27\/04\/2017)<\/p>\n<p><a name=\"i3\"><\/a><span style=\"color: #1e73be\"><strong>H\u00e1 20 anos&#8230;<\/strong><\/span><\/p>\n<p>O Sistem\u00e1tico Ano XXI, no 13, de 24\/04\/1997, publicou not\u00edcias sobre Sistema SIGA, novidades na Teia UFMG, treinamento Cliente\/Servidor, curso de HTML, libera\u00e7\u00e3o da servidora BU, entre outras. A not\u00edcia que se destacou foi:<\/p>\n<p><strong>GT DE PLANEJAMENTO DA REDE UFMG<\/strong><\/p>\n<p>Foi definido pela COMINFO &#8211; Comiss\u00e3o de Inform\u00e1tica, os membros do Grupo de Trabalho (GT), respons\u00e1vel pelo planejamento da Rede UFMG.<\/p>\n<p>O grupo, subordinado \u00e0 COMINFO, subsidiar\u00e1 a comiss\u00e3o na defini\u00e7\u00e3o de aspectos relacionados a: topologia, protocolos, padr\u00f5es, equipamentos, m\u00e9todos, treinamentos e recursos humanos necess\u00e1rios para a\u00a0expans\u00e3o e manuten\u00e7\u00e3o da rede UFMG. A agenda de trabalho dever\u00e1 ser iniciada na pr\u00f3xima semana, Os participantes ser\u00e3o: CECOM &#8211; Carlos Alfeu Furtado da Fonseca (que coordena o grupo) e Fernando Frota Machado de Morais: LCC- prof. Roberto Alves Nogueira: DCC &#8211; prof. M\u00e1rcio Luiz Bunte de Carvalho e prof. M\u00e1rio Fernando Montenegro Campos.<\/p>\n<p><a name=\"eventos\"><\/a><\/p>\n<h2>Eventos<\/h2>\n<p><a name=\"e1\"><\/a><span style=\"color: #1e73be\"><strong>Sociais<\/strong><\/span><\/p>\n<p><strong>ANIVERS\u00c1RIOS<\/strong>: &#8220;O Sistem\u00e1tico&#8221; envia os parab\u00e9ns atrasados para Paulo Henrique de Carvalho, no dia 20 e Samid Eduardo da Silva Reis, no dia 25; e os parab\u00e9ns em dia para os ex-ceconianos: Filipe Jos\u00e9 Le\u00e3o C\u00f4rrea, Maria M\u00edriam Arruda e Wilca Maria Luzilene Souza e Silva, no dia 28; Paulo Eduardo Rocha Brant, no dia 1o de maio; L\u00edgia Dutra da Silva, no dia 03; Paulo S\u00e9rgio Moura Brandi e S\u00e9rgio Maur\u00edcio de Oliveira, no dia 04.<\/p>\n<p>&nbsp;<\/p>\n","protected":false},"excerpt":{"rendered":"<p>Not\u00edcias: DTI participa de capacita\u00e7\u00e3o do SEI &#8211; Sistema Eletr\u00f4nico de Informa\u00e7\u00f5es. CECOM recebe novo funcion\u00e1rio. Informativo: Dia do Trabalho. Espa\u00e7o do Conhecimento UFMG apresenta mistura irreverente de cl\u00e1ssicos do Jazz e da Bossa Nova. H\u00e1 20 anos&#8230; Eventos: Sociais. \u00a0Vers\u00e3o em PDF Noticias DTI participa de capacita\u00e7\u00e3o do SEI &#8211; Sistema Eletr\u00f4nico de Informa\u00e7\u00f5es &#8230; <a title=\"Sistem\u00e1tico: Edi\u00e7\u00e3o 1690 &#8211; 27\/04\/2017\" class=\"read-more\" href=\"https:\/\/www.ufmg.br\/dti\/2017\/04\/28\/sistematico-edicao-1690-27042017\/\" aria-label=\"Read more about Sistem\u00e1tico: Edi\u00e7\u00e3o 1690 &#8211; 27\/04\/2017\">Ler mais<\/a><\/p>\n","protected":false},"author":3,"featured_media":2129,"comment_status":"open","ping_status":"open","sticky":false,"template":"","format":"standard","meta":{"inline_featured_image":false,"footnotes":""},"categories":[15,14,13],"tags":[],"coauthors":[79,58],"class_list":["post-3290","post","type-post","status-publish","format-standard","has-post-thumbnail","hentry","category-area-2-noticias-destaque","category-noticia-detaque3-dti","category-sistematico"],"_links":{"self":[{"href":"https:\/\/www.ufmg.br\/dti\/wp-json\/wp\/v2\/posts\/3290","targetHints":{"allow":["GET"]}}],"collection":[{"href":"https:\/\/www.ufmg.br\/dti\/wp-json\/wp\/v2\/posts"}],"about":[{"href":"https:\/\/www.ufmg.br\/dti\/wp-json\/wp\/v2\/types\/post"}],"author":[{"embeddable":true,"href":"https:\/\/www.ufmg.br\/dti\/wp-json\/wp\/v2\/users\/3"}],"replies":[{"embeddable":true,"href":"https:\/\/www.ufmg.br\/dti\/wp-json\/wp\/v2\/comments?post=3290"}],"version-history":[{"count":0,"href":"https:\/\/www.ufmg.br\/dti\/wp-json\/wp\/v2\/posts\/3290\/revisions"}],"wp:attachment":[{"href":"https:\/\/www.ufmg.br\/dti\/wp-json\/wp\/v2\/media?parent=3290"}],"wp:term":[{"taxonomy":"category","embeddable":true,"href":"https:\/\/www.ufmg.br\/dti\/wp-json\/wp\/v2\/categories?post=3290"},{"taxonomy":"post_tag","embeddable":true,"href":"https:\/\/www.ufmg.br\/dti\/wp-json\/wp\/v2\/tags?post=3290"},{"taxonomy":"author","embeddable":true,"href":"https:\/\/www.ufmg.br\/dti\/wp-json\/wp\/v2\/coauthors?post=3290"}],"curies":[{"name":"wp","href":"https:\/\/api.w.org\/{rel}","templated":true}]}}