{"id":3306,"date":"2018-03-16T15:22:50","date_gmt":"2018-03-16T18:22:50","guid":{"rendered":"https:\/\/www.ufmg.br\/dti\/cecom\/?p=2531"},"modified":"2018-03-16T15:22:50","modified_gmt":"2018-03-16T18:22:50","slug":"sistematico-edicao-1716-15032018","status":"publish","type":"post","link":"https:\/\/www.ufmg.br\/dti\/2018\/03\/16\/sistematico-edicao-1716-15032018\/","title":{"rendered":"Sistem\u00e1tico: Edi\u00e7\u00e3o 1716 \u2013 15\/03\/2018"},"content":{"rendered":"<p><a href=\"\/dti\/#noticias\">Not\u00edcias:<\/a><\/p>\n<ul>\n<li><a href=\"\/dti\/#n1\">CECOM instala novos computadores na Administra\u00e7\u00e3o Central.<\/a><\/li>\n<li><a href=\"\/dti\/#n2\">DAC tem novo diretor.<\/a><\/li>\n<li><a href=\"\/dti\/#n3\">PRA promove Encontro de Compradores da UFMG.<\/a><\/li>\n<li><a href=\"\/dti\/#n4\">Remo\u00e7\u00e3o de funcion\u00e1rios para o CECOM.<\/a><\/li>\n<\/ul>\n<p><a href=\"\/dti\/#informativo\">Informativo:<\/a><\/p>\n<ul>\n<li><a href=\"\/dti\/#i1\">UFMG far\u00e1 coleta de res\u00edduos eletroeletr\u00f4nicos para descarte.<\/a><\/li>\n<li><a href=\"\/dti\/#i2\">Bandej\u00f5es passam a aceitar cart\u00e3o de d\u00e9bito.<\/a><\/li>\n<li><a href=\"\/dti\/#i3\">H\u00e1 20 anos&#8230;<\/a><\/li>\n<\/ul>\n<p><a href=\"\/dti\/#eventos\">Eventos:<\/a><\/p>\n<ul>\n<li><a href=\"\/dti\/#e1\">Sociais.<\/a><\/li>\n<li><a href=\"\/dti\/#e2\">Mem\u00f3ria Fotogr\u00e1fica do CECOM.<\/a><\/li>\n<\/ul>\n<p><img loading=\"lazy\" decoding=\"async\" class=\"alignnone size-full wp-image-1663\" src=\"https:\/\/www.ufmg.br\/dti\/wp-content\/uploads\/sites\/2\/2016\/10\/pdf.png\" alt=\"pdf\" width=\"25\" height=\"25\" \/>\u00a0<a href=\"https:\/\/www.ufmg.br\/dti\/wp-content\/uploads\/sites\/2\/2018\/03\/Sist02_2018-A4.pdf\" target=\"_blank\">Vers\u00e3o em PDF<\/a><\/p>\n<p><a name=\"noticias\"><\/a><\/p>\n<h2>Noticias<\/h2>\n<p><a name=\"n1\"><\/a><span style=\"color: #1e73be\"><strong>CECOM instala novos computadores na Administra\u00e7\u00e3o Central<\/strong><\/span><\/p>\n<p>No final do m\u00eas de fevereiro o CECOM recebeu 40 computadores novos, destinados \u00e0 substitui\u00e7\u00e3o de equipamentos tecnologicamente defasados dentro da Administra\u00e7\u00e3o Central. Do total de equipamentos, 30 foram destinados ao Gabinete do Reitor (Secretaria Executiva, Secretaria Administrativa, Chefia de Gabinete, Sub-Chefia de Gabinete, Reitor e Vice-Reitora), Secretaria dos \u00d3rg\u00e3os de Delibera\u00e7\u00e3o Superior, Auditoria Geral e Procuradoria Federal. Em um segundo momento, mais 4 computadores foram alocados para a Pr\u00f3-Reitoria de Planejamento (Pr\u00f3-Reitor e Pr\u00f3-Reitor Adjunto, Assessoria de Gest\u00e3o de Informa\u00e7\u00e3o) e Departamento de Contabilidade e Finan\u00e7as (Divis\u00e3o de Contabilidade).<\/p>\n<p>Os quarenta equipamentos foram recebidos, conferidos, atualizados e configurados de acordo com os padr\u00f5es utilizados na Administra\u00e7\u00e3o Central da UFMG em tr\u00eas dias, utilizando um processo de &#8220;linha de produ\u00e7\u00e3o&#8221; montada na Sala de Aulas do CECOM. Este trabalho foi realizado por Fernando Frota Machado de Morais, Luciano Massahud de Souza e Sadallo Andere Neto.<\/p>\n<p>A etapa de instala\u00e7\u00e3o dos equipamentos e migra\u00e7\u00e3o de dados dos usu\u00e1rios foi realizada por Sadallo Andere Neto e foi encerrada nesta quinta-feira, 15 de mar\u00e7o.<\/p>\n<p>Estas atividades foram realizadas sem preju\u00edzo significativo das atividades normais do Setor de MicroInform\u00e1tica da DRC, que fez os atendimentos necess\u00e1rios solicitados \u00e0 DTI, e contou com o apoio do estagi\u00e1rio Marcel Henrique da Silva Mendes. Neste per\u00edodo tamb\u00e9m foi realizada a instala\u00e7\u00e3o de novos equipamentos na DGI e DAC, assim como a migra\u00e7\u00e3o do Centro de Apoio ao Deficiente Visual da Fafich para as instala\u00e7\u00f5es do NAI no CAD-1, que envolveu reconfigura\u00e7\u00e3o completa de 10 computadores.<\/p>\n<p><a name=\"n2\"><\/a><span style=\"color: #1e73be\"><strong>DAC tem novo diretor<\/strong><\/span><\/p>\n<p>Desde o dia 12\/03\/2018, a DAC &#8211; Divis\u00e3o de Aten\u00e7\u00e3o ao Cliente est\u00e1 com novo diretor, o T\u00e9cnico de TI Ben\u00edcio Alves de Souza. Ben\u00edcio substitui o Analista de TI Ant\u00f4nio Eust\u00e1quio Rodrigues, que se aposentou em janeiro deste ano e estava \u00e0 frente da divis\u00e3o desde agosto de 2006, quando ainda se denominava Divis\u00e3o de Atendimento e Consultoria. A divis\u00e3o teve a sigla renomeada em 2013. O novo diretor da DAC, Ben\u00edcio Alves de Souza, est\u00e1 na UFMG desde maio de 1982, quando entrou como Digitador, no CECOM. Foi removido para o LCC em 1990, retornando ao CECOM em novembro de 2014, como T\u00e9cnico de TI. Ele \u00e9 formado em Tecnologia em Redes de Computadores, pela Faculdade Est\u00e1cio de S\u00e1 e Especialista em Gest\u00e3o Estrat\u00e9gica da Informa\u00e7\u00e3o pela UFMG.<\/p>\n<figure id=\"attachment_2533\" aria-describedby=\"caption-attachment-2533\" style=\"width: 192px\" class=\"wp-caption alignnone\"><img loading=\"lazy\" decoding=\"async\" class=\"size-full wp-image-2533\" src=\"https:\/\/www.ufmg.br\/dti\/wp-content\/uploads\/sites\/2\/2018\/03\/Sist0HE2.jpg\" alt=\"Ben\u00edcio Alves de Souza\" width=\"202\" height=\"172\" \/><figcaption id=\"caption-attachment-2533\" class=\"wp-caption-text\">Ben\u00edcio Alves de Souza<\/figcaption><\/figure>\n<p><a name=\"n3\"><\/a><span style=\"color: #1e73be\"><strong>PRA promove Encontro de Compradores da UFMG<\/strong><\/span><\/p>\n<p>A Pr\u00f3-Reitoria de Administra\u00e7\u00e3o, por meio de seu Departamento de Log\u00edstica de Suprimentos e de Servi\u00e7os Operacionais, promoveu na tarde desta quinta-feira, dia 15, o Encontro de Compradores 2018 da UFMG, na Escola de Engenharia.<\/p>\n<p>A iniciativa faz parte das a\u00e7\u00f5es da Pr\u00f3-Reitoria para divulga\u00e7\u00e3o dos procedimentos de compras na UFMG e, em particular, sobre a nova legisla\u00e7\u00e3o para contrata\u00e7\u00e3o de servi\u00e7os no \u00e2mbito da administra\u00e7\u00e3o p\u00fablica. O encontro foi tamb\u00e9m um f\u00f3rum para troca de experi\u00eancias entre os funcion\u00e1rios dos diversos setores de compras da UFMG.<\/p>\n<p>No evento foram apresentados o planejamento de compras do DLO\/PRA para o ano de 2018, a orienta\u00e7\u00e3o para acesso aos modelos atualizados dos documentos da Advocacia Geral da Uni\u00e3o &#8211; AGU utilizados para a instru\u00e7\u00e3o dos processos, bem como uma exposi\u00e7\u00e3o sobre a instru\u00e7\u00e3o Normativa no. 5, do Minist\u00e9rio do Planejamento, Desenvolvimento e Gest\u00e3o, em vigor desde setembro de 2017.<\/p>\n<p>O CECOM esteve presente ao encontro com a participa\u00e7\u00e3o de Renato Adriano Pires Domingos e Guilherme Henrique Silva Gomes, da DAA &#8211; Divis\u00e3o de Apoio Administrativo.<\/p>\n<figure id=\"attachment_2534\" aria-describedby=\"caption-attachment-2534\" style=\"width: 463px\" class=\"wp-caption alignnone\"><img loading=\"lazy\" decoding=\"async\" class=\"size-full wp-image-2534\" src=\"https:\/\/www.ufmg.br\/dti\/wp-content\/uploads\/sites\/2\/2018\/03\/Sist0HE3.jpg\" alt=\"Renato Adriano e Guilherme Henrique\" width=\"473\" height=\"329\" \/><figcaption id=\"caption-attachment-2534\" class=\"wp-caption-text\">Renato Adriano e Guilherme Henrique<\/figcaption><\/figure>\n<p><a name=\"n4\"><\/a><span style=\"color: #1e73be\"><strong>Remo\u00e7\u00e3o de funcion\u00e1rios para o CECOM<\/strong><\/span><\/p>\n<p>O CECOM recebeu, no dia 12\/03, o T\u00e9cnico em Tecnologia da Informa\u00e7\u00e3o, Rafael Braga Soares Righi, removido da Fafich. Ele foi lotado na DRC &#8211; Divis\u00e3o de Redes de Comunica\u00e7\u00e3o.<\/p>\n<p>Rafael pertenceu ao Quadro de Estagi\u00e1rios do CECOM de abril de 2003 a mar\u00e7o de 2004, lotado na ent\u00e3o Divis\u00e3o de Atendimento e Consultoria &#8211; DAC, na \u00e1rea de atendimento a usu\u00e1rios.<\/p>\n<p>Ele \u00e9 formado em Engenharia Civil e Geografia pela UFMG e Especialista em Gest\u00e3o e Tecnologia da Constru\u00e7\u00e3o Civil, tamb\u00e9m pela UFMG.<\/p>\n<p>Rafael Righi entrou para o quadro de servidores da UFMG ap\u00f3s Concurso em fevereiro de 2011, lotado na Fafich. Trabalhou no Setor de Inform\u00e1tica, com suporte, manuten\u00e7\u00e3o de computadores e de rede, no Setor de Servi\u00e7os Gerais, retornando depois de algum tempo ao Laborat\u00f3rio de Inform\u00e1tica daquela escola.<\/p>\n<figure id=\"attachment_2535\" aria-describedby=\"caption-attachment-2535\" style=\"width: 356px\" class=\"wp-caption alignnone\"><img loading=\"lazy\" decoding=\"async\" class=\"size-full wp-image-2535\" src=\"https:\/\/www.ufmg.br\/dti\/wp-content\/uploads\/sites\/2\/2018\/03\/Sist0H10.jpg\" alt=\"Rafael Righi\" width=\"366\" height=\"339\" \/><figcaption id=\"caption-attachment-2535\" class=\"wp-caption-text\">Rafael Righi<\/figcaption><\/figure>\n<p><a name=\"informativo\"><\/a><\/p>\n<h2>Informativo<\/h2>\n<p><a name=\"i1\"><\/a><span style=\"color: #1e73be\"><strong>UFMG far\u00e1 coleta de res\u00edduos eletroeletr\u00f4nicos para descarte<\/strong><\/span><\/p>\n<p>Equipamentos de pessoas da comunidade acad\u00eamica poder\u00e3o ser entregues no campus Pampulha nesta semana.<\/p>\n<p>Nesta semana ser\u00e3o recolhidos, no campus Pampulha, para descarte correto, res\u00edduos eletroeletr\u00f4nicos como monitores, teclados, mouses, laptops, CPUs, r\u00e1dios, impressoras, telefones, eletrodom\u00e9sticos e materiais de comunica\u00e7\u00e3o e de inform\u00e1tica.<\/p>\n<p>Estudantes, professores e servidores t\u00e9cnico-administrativos podem entregar equipamentos pessoais, nos dias 15 e 16, nas unidades acad\u00eamicas ou diretamente no Departamento de Gest\u00e3o Ambiental (DGA), \u00f3rg\u00e3o da Pr\u00f3-reitoria de Administra\u00e7\u00e3o.<\/p>\n<p>O material institucional deve ter sido submetido a processo de desfazimento pelo setor de patrim\u00f4nio de cada unidade. No ato da coleta, os respons\u00e1veis dever\u00e3o assinar termo de compromisso fornecido pelo DGA, atestando que todo o lote est\u00e1 despatrimoniado.<\/p>\n<p>A coleta de eletroeletr\u00f4nicos \u00e9 realizada desde 2013, trimestralmente. Os res\u00edduos s\u00e3o doados a empresa especializada, pois as associa\u00e7\u00f5es e cooperativas de reciclagem habilitadas n\u00e3o trabalham com esse tipo de material.<\/p>\n<p>Em sintonia com a legisla\u00e7\u00e3o\u00a0&#8211; A iniciativa \u00e9 parte do cronograma anual da Divis\u00e3o de Gest\u00e3o de Res\u00edduos do DGA, que tamb\u00e9m recolhe, em datas espec\u00edficas, poliestireno (isopor) para reutiliza\u00e7\u00e3o, pilhas e baterias, cartuchos e t\u00f4neres, vidros, cumprindo a log\u00edstica reversa para esses res\u00edduos, que s\u00e3o submetidos a criterioso gerenciamento, com o intuito de minimizar riscos \u00e0 sa\u00fade p\u00fablica e ao meio ambiente.<\/p>\n<p>De acordo com o diretor do DGA, T\u00falio Vono Siqueira, esse trabalho est\u00e1 em sintonia com a legisla\u00e7\u00e3o vigente &#8211; Licenciamento Ambiental do campus Pampulha e Plano de Gerenciamento de Res\u00edduos S\u00f3lidos Especiais (PGRSE) -, que re\u00fane as diretrizes para gest\u00e3o de res\u00edduos na UFMG.<\/p>\n<p>A coleta e destina\u00e7\u00e3o correta dos res\u00edduos gerados configuram-se como de natureza indispens\u00e1vel. Sua paralisa\u00e7\u00e3o pode causar preju\u00edzos ao desenvolvimento das atividades acad\u00eamicas e de servi\u00e7os de sa\u00fade da Universidade e riscos \u00e0 sa\u00fade p\u00fablica e ao meio ambiente.<\/p>\n<p>(Fonte: https:\/\/ufmg.br\/comunicacao\/noticias\/ufmg-fara-coleta-de-residuos-eletroeletronicos-para-descarte-1-12\/03\/2018)<\/p>\n<p><a name=\"i2\"><\/a><span style=\"color: #1e73be\"><strong>Bandej\u00f5es passam a aceitar cart\u00e3o de d\u00e9bito<\/strong><\/span><\/p>\n<p>Cerca de 10% dos usu\u00e1rios dos restaurantes universit\u00e1rios (RUs) do campus Pampulha j\u00e1 est\u00e3o utilizando cart\u00e3o de d\u00e9bito, modalidade de pagamento implantada em 26 de fevereiro. Por enquanto, o mecanismo est\u00e1 dispon\u00edvel em um guich\u00ea exclusivo em cada uma das unidades: setoriais 1 e 2 (campus Pampulha), campus Sa\u00fade, Faculdade de Direito, Instituto de Ci\u00eancias Agr\u00e1rias (ICA), em Montes Claros, e no Hospital Risoleta Tolentino Neves, em Venda Nova.<\/p>\n<p>A instala\u00e7\u00e3o de m\u00e1quinas para opera\u00e7\u00e3o de cart\u00f5es nos demais guich\u00eas de pagamento depende da avalia\u00e7\u00e3o do servi\u00e7o, com base nos primeiros meses de funcionamento.<\/p>\n<p>&#8220;A ado\u00e7\u00e3o do cart\u00e3o de d\u00e9bito facilita o pagamento, ao disponibilizar uma nova op\u00e7\u00e3o, e proporciona agilidade para a opera\u00e7\u00e3o dos restaurantes. A receptividade tem sido muito boa, a julgar, por exemplo, pelas manifesta\u00e7\u00f5es nas redes sociais&#8221;, afirma a professora Sandra Bianchet, presidente da Funda\u00e7\u00e3o Universit\u00e1ria Mendes Pimentel (Fump), que administra os Restaurantes Universit\u00e1rios.<\/p>\n<p>As unidades abrem de segunda a s\u00e1bado e atendem, com pre\u00e7os diferenciados, estudantes e servidores da Universidade e tamb\u00e9m a comunidade externa.<\/p>\n<p>Pre\u00e7os\u00a0&#8211; A gratuidade \u00e9 assegurada a todos os estudantes da UFMG classificados no n\u00edvel socioecon\u00f4mico I, que corresponderam a 550 mil das 2,3 milh\u00f5es de refei\u00e7\u00f5es servidas pelos RUs em 2017.<\/p>\n<p>Os classificados nos n\u00edveis II e III pagam R$ 1 por refei\u00e7\u00e3o. O caf\u00e9 da manh\u00e3 \u00e9 servido gratuitamente aos estudantes que se enquadram nesses tr\u00eas n\u00edveis. Alunos com renda familiar de um a tr\u00eas sal\u00e1rios m\u00ednimos per capita s\u00e3o classificados nos n\u00edveis IV-A e IV-B (espec\u00edficos para acesso aos RUs). Esses alunos pagam R$ 2 (IV-A) e R$ 2,90 (IV-B) por refei\u00e7\u00e3o. A avalia\u00e7\u00e3o socioecon\u00f4mica \u00e9 realizada com base em um conjunto de indicadores sociais, econ\u00f4micos e culturais.<\/p>\n<p>Demais estudantes da UFMG pagam R$ 5,60 por refei\u00e7\u00e3o; servidores t\u00e9cnico-administrativos e profissionais das funda\u00e7\u00f5es desembolsam R$ 6; trabalhadores das obras e docentes, R$ 8,50. Visitantes pagam R$ 11,50 por refei\u00e7\u00e3o.<\/p>\n<p>Para fazer jus aos pre\u00e7os diferenciados, os usu\u00e1rios dos RUs devem apresentar a carteira \u00fanica da UFMG.<\/p>\n<p>(Fonte: <a href=\"https:\/\/ufmg.br\/comunicacao\/noticias\/restaurantes-universitarios-passam-a-aceitar-cartao-de-debito\" target=\"_blank\">https:\/\/ufmg.br\/comunicacao\/noticias\/restaurantes-universitarios-passam-a-aceitar-cartao-de-debito<\/a> &#8211; 12\/03\/2018)<\/p>\n<p><a name=\"i3\"><\/a><span style=\"color: #1e73be\"><strong>H\u00e1 20 anos&#8230;<\/strong><\/span><\/p>\n<p>O Sistem\u00e1tico Ano XXII, no. 08, de 12\/03\/1998, publicou not\u00edcias sobre a despedida do Reitor Professor Thomaz Aroldo da Mota Santos no CECOM, posse do novo Reitor Professor Francisco C\u00e9sar de S\u00e1 Barreto, inaugura\u00e7\u00e3o do SB@net, indicadores de desempenho e de atendimento \u00e0s solicita\u00e7\u00f5es de servi\u00e7os, entre outras. A not\u00edcia que se destacou foi:<\/p>\n<p><strong>REUNI\u00c3O DA COMISS\u00c3O DE INFORM\u00c1TICA<\/strong><\/p>\n<p>Ontem, quarta-feira, foi realizada a \u00faltima reuni\u00e3o da Comiss\u00e3o de Inform\u00e1tica na atual gest\u00e3o. O presidente da COMINFO, Professor Waldemar Servilha, encerrou os trabalhos apresentando um balan\u00e7o dos projetos realizados ao longo da gest\u00e3o.<\/p>\n<p>Estiveram presentes, al\u00e9m do presidente da COMINFO, a Pr\u00f3-Reitora de Pesquisa, Professora Dorila Pil\u00f3 Veloso; o Diretor do LCC, Professor Roberto Nogueira e o Assessor da Proplan, Professor M\u00e1rio Fernando Montenegro Campos.<\/p>\n<p>Foi definido que a COMINFO preparar\u00e1 um relat\u00f3rio final que ser\u00e1 encaminhado \u00e0 pr\u00f3xima gest\u00e3o.<\/p>\n<p><a name=\"eventos\"><\/a><\/p>\n<h2>Eventos<\/h2>\n<p><a name=\"e1\"><\/a><span style=\"color: #1e73be\"><strong>Sociais<\/strong><\/span><\/p>\n<p>ANIVERS\u00c1RIOS: &#8220;O Sistem\u00e1tico&#8221; envia os parab\u00e9ns para Maximiliano Lu\u00eds Souza Guimar\u00e3es, no dia 19; Rog\u00e9rio Rosendo Lopes, Emerson Henrique Kfuri Pereira e M\u00e1rio Magalh\u00e3es Lara, no dia 22; e para os ex-ceconianos: Messias Emanoel Chaves, M\u00f4nica Ataide Silva, Roberto M\u00e1rcio Ferreira de Souza e Michelle Fernanda Alves do Carmo, no dia 16; Odilon Gon\u00e7alves de Castro, no dia 17; Michele Marie Ribeiro Perp\u00e9tuo e Rodrigo Torres Assump\u00e7\u00e3o, no dia 18; Rafael Alves de Souza, no dia 19; Gladson de Oliveira, Maria Luciene Diniz Ferreira e Samuel de Freitas, no dia 20; e Raquel Martins de Almeida, no dia 22.<\/p>\n<p><a name=\"e2\"><\/a><span style=\"color: #1e73be\"><strong>Mem\u00f3ria Fotogr\u00e1fica do CECOM<\/strong><\/span><\/p>\n<p>O anivers\u00e1rio da Eliz foi no dia 25 de janeiro, mas seus colegas fizeram uma supresa para ela no dia 26\/01\/2018, com direito \u00e0 v\u00e1rias guloseimas. A surpresa foi na sala de conviv\u00eancia do 8o. andar com a presen\u00e7a de v\u00e1rios colegas da DAA. As fotos s\u00e3o de autoria da Lel\u00e9.<\/p>\n<figure id=\"attachment_2536\" aria-describedby=\"caption-attachment-2536\" style=\"width: 490px\" class=\"wp-caption alignnone\"><img loading=\"lazy\" decoding=\"async\" class=\"size-full wp-image-2536\" src=\"https:\/\/www.ufmg.br\/dti\/wp-content\/uploads\/sites\/2\/2018\/03\/Sist0H12.jpg\" alt=\"A\u00edda, Poliana, Alan, Rosa, Maria Helena e Leo\" width=\"500\" height=\"375\" \/><figcaption id=\"caption-attachment-2536\" class=\"wp-caption-text\">A\u00edda, Poliana, Alan, Rosa, Maria Helena e Leo<\/figcaption><\/figure>\n<p>&nbsp;<\/p>\n<figure id=\"attachment_2537\" aria-describedby=\"caption-attachment-2537\" style=\"width: 488px\" class=\"wp-caption alignnone\"><img loading=\"lazy\" decoding=\"async\" class=\"size-full wp-image-2537\" src=\"https:\/\/www.ufmg.br\/dti\/wp-content\/uploads\/sites\/2\/2018\/03\/Sist0H15.jpg\" alt=\"Aeda, C\u00edntia (escondida), Leo, Poliana e Takeda\" width=\"498\" height=\"325\" \/><figcaption id=\"caption-attachment-2537\" class=\"wp-caption-text\">Aeda, C\u00edntia (escondida), Leo, Poliana e Takeda<\/figcaption><\/figure>\n<p>&nbsp;<\/p>\n<figure id=\"attachment_2538\" aria-describedby=\"caption-attachment-2538\" style=\"width: 490px\" class=\"wp-caption alignnone\"><img loading=\"lazy\" decoding=\"async\" class=\"size-full wp-image-2538\" src=\"https:\/\/www.ufmg.br\/dti\/wp-content\/uploads\/sites\/2\/2018\/03\/Sist0H13.jpg\" alt=\"Leo, Poliana, Rosa, Carlos Alfeu e Alan\" width=\"500\" height=\"375\" \/><figcaption id=\"caption-attachment-2538\" class=\"wp-caption-text\">Leo, Poliana, Rosa, Carlos Alfeu e Alan<\/figcaption><\/figure>\n<p>&nbsp;<\/p>\n<figure id=\"attachment_2539\" aria-describedby=\"caption-attachment-2539\" style=\"width: 478px\" class=\"wp-caption alignnone\"><img loading=\"lazy\" decoding=\"async\" class=\"size-full wp-image-2539\" src=\"https:\/\/www.ufmg.br\/dti\/wp-content\/uploads\/sites\/2\/2018\/03\/Sist0H16.jpg\" alt=\"Carol Santos, Eliz, A\u00edda e Renato Adriano\" width=\"488\" height=\"276\" \/><figcaption id=\"caption-attachment-2539\" class=\"wp-caption-text\">Carol Santos, Eliz, A\u00edda e Renato Adriano<\/figcaption><\/figure>\n<p>&nbsp;<\/p>\n<figure id=\"attachment_2540\" aria-describedby=\"caption-attachment-2540\" style=\"width: 273px\" class=\"wp-caption alignnone\"><img loading=\"lazy\" decoding=\"async\" class=\"size-full wp-image-2540\" src=\"https:\/\/www.ufmg.br\/dti\/wp-content\/uploads\/sites\/2\/2018\/03\/Sist0H14.jpg\" alt=\"Eliz e Renato\" width=\"283\" height=\"358\" \/><figcaption id=\"caption-attachment-2540\" class=\"wp-caption-text\">Eliz e Renato<\/figcaption><\/figure>\n<p>&nbsp;<\/p>\n<figure id=\"attachment_2541\" aria-describedby=\"caption-attachment-2541\" style=\"width: 150px\" class=\"wp-caption alignnone\"><img loading=\"lazy\" decoding=\"async\" class=\"size-full wp-image-2541\" src=\"https:\/\/www.ufmg.br\/dti\/wp-content\/uploads\/sites\/2\/2018\/03\/Sist0H11.jpg\" alt=\"Eliz\" width=\"160\" height=\"311\" \/><figcaption id=\"caption-attachment-2541\" class=\"wp-caption-text\">Eliz<\/figcaption><\/figure>\n<p>&nbsp;<\/p>\n<div id=\"selenium-highlight\"><\/div>\n<div id=\"selenium-highlight\"><\/div>\n","protected":false},"excerpt":{"rendered":"<p>Not\u00edcias: CECOM instala novos computadores na Administra\u00e7\u00e3o Central. DAC tem novo diretor. PRA promove Encontro de Compradores da UFMG. Remo\u00e7\u00e3o de funcion\u00e1rios para o CECOM. Informativo: UFMG far\u00e1 coleta de res\u00edduos eletroeletr\u00f4nicos para descarte. Bandej\u00f5es passam a aceitar cart\u00e3o de d\u00e9bito. H\u00e1 20 anos&#8230; Eventos: Sociais. Mem\u00f3ria Fotogr\u00e1fica do CECOM. \u00a0Vers\u00e3o em PDF Noticias CECOM &#8230; <a title=\"Sistem\u00e1tico: Edi\u00e7\u00e3o 1716 \u2013 15\/03\/2018\" class=\"read-more\" href=\"https:\/\/www.ufmg.br\/dti\/2018\/03\/16\/sistematico-edicao-1716-15032018\/\" aria-label=\"Read more about Sistem\u00e1tico: Edi\u00e7\u00e3o 1716 \u2013 15\/03\/2018\">Ler mais<\/a><\/p>\n","protected":false},"author":3,"featured_media":2533,"comment_status":"open","ping_status":"open","sticky":false,"template":"","format":"standard","meta":{"inline_featured_image":false,"footnotes":""},"categories":[15,14,13],"tags":[],"coauthors":[79,58],"class_list":["post-3306","post","type-post","status-publish","format-standard","has-post-thumbnail","hentry","category-area-2-noticias-destaque","category-noticia-detaque3-dti","category-sistematico"],"_links":{"self":[{"href":"https:\/\/www.ufmg.br\/dti\/wp-json\/wp\/v2\/posts\/3306","targetHints":{"allow":["GET"]}}],"collection":[{"href":"https:\/\/www.ufmg.br\/dti\/wp-json\/wp\/v2\/posts"}],"about":[{"href":"https:\/\/www.ufmg.br\/dti\/wp-json\/wp\/v2\/types\/post"}],"author":[{"embeddable":true,"href":"https:\/\/www.ufmg.br\/dti\/wp-json\/wp\/v2\/users\/3"}],"replies":[{"embeddable":true,"href":"https:\/\/www.ufmg.br\/dti\/wp-json\/wp\/v2\/comments?post=3306"}],"version-history":[{"count":0,"href":"https:\/\/www.ufmg.br\/dti\/wp-json\/wp\/v2\/posts\/3306\/revisions"}],"wp:attachment":[{"href":"https:\/\/www.ufmg.br\/dti\/wp-json\/wp\/v2\/media?parent=3306"}],"wp:term":[{"taxonomy":"category","embeddable":true,"href":"https:\/\/www.ufmg.br\/dti\/wp-json\/wp\/v2\/categories?post=3306"},{"taxonomy":"post_tag","embeddable":true,"href":"https:\/\/www.ufmg.br\/dti\/wp-json\/wp\/v2\/tags?post=3306"},{"taxonomy":"author","embeddable":true,"href":"https:\/\/www.ufmg.br\/dti\/wp-json\/wp\/v2\/coauthors?post=3306"}],"curies":[{"name":"wp","href":"https:\/\/api.w.org\/{rel}","templated":true}]}}