{"id":3308,"date":"2017-12-14T16:14:09","date_gmt":"2017-12-14T18:14:09","guid":{"rendered":"https:\/\/www.ufmg.br\/dti\/cecom\/?p=2558"},"modified":"2017-12-14T16:14:09","modified_gmt":"2017-12-14T18:14:09","slug":"sistematico-edicao-1713-14122017","status":"publish","type":"post","link":"https:\/\/www.ufmg.br\/dti\/2017\/12\/14\/sistematico-edicao-1713-14122017\/","title":{"rendered":"Sistem\u00e1tico: Edi\u00e7\u00e3o 1713 &#8211; 14\/12\/2017"},"content":{"rendered":"<p><a href=\"\/dti\/#noticias\">Not\u00edcias:<\/a><\/p>\n<ul>\n<li><a href=\"\/dti\/#n1\">UFMG implanta Projeto Piloto do SEI.<\/a><\/li>\n<li><a href=\"\/dti\/#n2\">Analista de TI do CECOM apresenta disserta\u00e7\u00e3o de Mestrado.<\/a><\/li>\n<li><a href=\"\/dti\/#n3\">Publicada a aposentadoria de Cristina Andrade.<\/a><\/li>\n<li><a href=\"\/dti\/#n4\">Sa\u00edda de funcion\u00e1rio do CECOM.<\/a><\/li>\n<li><a href=\"\/dti\/#n5\">Novo estagi\u00e1rio do CECOM.<\/a><\/li>\n<\/ul>\n<p><a href=\"\/dti\/#informativo\">Informativo:<\/a><\/p>\n<ul>\n<li><a href=\"\/dti\/#i1\">Estat\u00edsticas do Sistema de Telefonia da UFMG.<\/a><\/li>\n<\/ul>\n<p><a href=\"\/dti\/#eventos\">Eventos:<\/a><\/p>\n<ul>\n<li><a href=\"\/dti\/#e1\">Estat\u00edsticas do Sistema de Telefonia da UFMG.<\/a><\/li>\n<li><a href=\"\/dti\/#e2\">H\u00e1 20 anos&#8230;.<\/a><\/li>\n<\/ul>\n<p><img loading=\"lazy\" decoding=\"async\" class=\"alignnone size-full wp-image-1663\" src=\"https:\/\/www.ufmg.br\/dti\/wp-content\/uploads\/sites\/2\/2016\/10\/pdf.png\" alt=\"pdf\" width=\"25\" height=\"25\" \/>\u00a0<a href=\"https:\/\/www.ufmg.br\/dti\/wp-content\/uploads\/sites\/2\/2017\/12\/Sist30_2017-A4.pdf\" target=\"_blank\">Vers\u00e3o em PDF<\/a><\/p>\n<p><a name=\"noticias\"><\/a><\/p>\n<h2>Noticias<\/h2>\n<p><a name=\"n1\"><\/a><span style=\"color: #1e73be\"><strong>UFMG implanta Projeto Piloto do SEI<\/strong><\/span><\/p>\n<p>Em 01\/12\/2017 entrou em produ\u00e7\u00e3o o sistema de tramita\u00e7\u00e3o eletr\u00f4nica de documentos, o SEI. O SEI foi desenvolvido pelo Tribunal Regional Federal da 4\u00aa regi\u00e3o, que compreende os Estados do Paran\u00e1, Santa Catarina e Rio Grande do Sul, e foi concebido para cobrir a necessidade que existia de um sistema que atuasse na execu\u00e7\u00e3o de atividades administrativas dos \u00f3rg\u00e3os daquela regi\u00e3o. O SEI \u00e9 uma ferramenta que tem suporte \u00e0 produ\u00e7\u00e3o, edi\u00e7\u00e3o, assinatura e tr\u00e2mite de processos e documentos.<\/p>\n<p>Desde o ano de 2015, o MEC utiliza esta ferramenta para tramitar eletronicamente os seus processos. A Portaria n\u00ba 1.042, de 4 de novembro de 2015, determina que entidades e \u00f3rg\u00e3os vinculados ao MEC devem se organizar para implantarem o uso do meio eletr\u00f4nico para a realiza\u00e7\u00e3o do processo administrativo, conforme preconiza o Decreto n\u00ba 8.539, de 8 de outubro de 2015.<\/p>\n<p>Diante deste contexto, a DTI, com o apoio da DIARQ e do DCF, se mobilizou para a realiza\u00e7\u00e3o de um projeto piloto que consistiu na implanta\u00e7\u00e3o, no SEI, do processo de Relat\u00f3rio de Conformidade de Gest\u00e3o, de responsabilidade do DCF.<\/p>\n<p>Como resultado deste projeto piloto pretende-se ter o conhecimento necess\u00e1rio para a formula\u00e7\u00e3o de uma estrat\u00e9gia para a implanta\u00e7\u00e3o do SEI para todas as unidades\/setores da Institui\u00e7\u00e3o, de modo a abranger a maior quantidade poss\u00edvel de processos.<\/p>\n<p>O volume de processos f\u00edsicos (papel), tramitados na UFMG, \u00e9 consider\u00e1vel. Com a implanta\u00e7\u00e3o do SEI ser\u00e1 poss\u00edvel tramit\u00e1-los em meio digital. Espera-se que com o uso desta nova ferramenta, a Universidade tenha ganhos em economia, transpar\u00eancia, praticidade e agilidade.<\/p>\n<p>A equipe de implanta\u00e7\u00e3o do Projeto Piloto est\u00e1 composta por: Prof. Di\u00f3genes Cec\u00edlio da Silva J\u00fanior, Diretor de TI; Prof. Hugo Eduardo da Gama Cerqueira, Pr\u00f3-Reitor da Proplan;<\/p>\n<p>Macilene Gon\u00e7alves de Lima, Pr\u00f3-Reitora Adjunta da Proplan; Karina Flaviana Ribeiro, Vice-Diretora do CECOM; J\u00fania Terezinha Morais, Vice-Diretora da Diarq; El\u00edzio Marcos dos Reis, Vice-Diretor do DCF; Erivelto Martins da Paix\u00e3o, Coordenador da Divis\u00e3o de Administra\u00e7\u00e3o Financeira; os Analistas Marcelo Lacerda Garcia, Gessy Caetano da Silva J\u00fanior e Leandro Duarte de Assis, do CECOM; as arquivistas Maria Juliana Nunes da Silva e Daniel de Brito Paix\u00e3o, da Diarq; e JoanaAline Vasconcelos Gomes, Secret\u00e1ria da Proplan.<\/p>\n<figure id=\"attachment_2562\" aria-describedby=\"caption-attachment-2562\" style=\"width: 434px\" class=\"wp-caption alignnone\"><img loading=\"lazy\" decoding=\"async\" class=\"size-full wp-image-2562\" src=\"https:\/\/www.ufmg.br\/dti\/wp-content\/uploads\/sites\/2\/2017\/12\/Sist3H11.jpg\" alt=\"Marcelo, Macilene, Prof. Hugo, J\u00fania, Prof. Di\u00f3genes, El\u00edzio, Karina, Gessy, Leandro e Joana\" width=\"444\" height=\"265\" \/><figcaption id=\"caption-attachment-2562\" class=\"wp-caption-text\">Marcelo, Macilene, Prof. Hugo, J\u00fania, Prof. Di\u00f3genes, El\u00edzio, Karina, Gessy, Leandro e Joana<\/figcaption><\/figure>\n<p>&nbsp;<\/p>\n<p><a name=\"n2\"><\/a><span style=\"color: #1e73be\"><strong>Analista de TI do CECOM apresenta disserta\u00e7\u00e3o de Mestrado<\/strong><\/span><\/p>\n<p>O Analista de TI do CECOM, Wallison Fabiano de Ara\u00fajo, apresentou, no dia 05 de dezembro, a sua defesa de disserta\u00e7\u00e3o de Mestrado do Programa de Mestrado Profissional em Tecnologia da Informa\u00e7\u00e3o Aplicada \u00e0 Biologia Computacional da Faculdade Promove de Tecnologia.<\/p>\n<p>A disserta\u00e7\u00e3o teve o t\u00edtulo &#8220;LBXR &#8211; Load BLAST XML Results: Desenvolvimento de um sistema que facilite a an\u00e1lise de sequ\u00eancias anotadas por BLAST&#8221;.<\/p>\n<p>A Banca Examinadora foi composta pelos professores: Dr. Fabiano Sviatopolk-Mirsky Pais &#8211; Orientador; Dra. Laila Alves Nahum e Dr. Douglas Eduardo Valente Pires.<\/p>\n<figure id=\"attachment_2563\" aria-describedby=\"caption-attachment-2563\" style=\"width: 141px\" class=\"wp-caption alignnone\"><img loading=\"lazy\" decoding=\"async\" class=\"size-full wp-image-2563\" src=\"https:\/\/www.ufmg.br\/dti\/wp-content\/uploads\/sites\/2\/2017\/12\/Sist3H12.jpg\" alt=\"Professor Douglas Pires, Wallison de Ara\u00fajo, Professor Fabiano Pais e Professora Laila Nahum\" width=\"151\" height=\"96\" \/><figcaption id=\"caption-attachment-2563\" class=\"wp-caption-text\">Professor Douglas Pires, Wallison de Ara\u00fajo, Professor Fabiano Pais e Professora Laila Nahum<\/figcaption><\/figure>\n<p><a name=\"n3\"><\/a><span style=\"color: #1e73be\"><strong>Publicada a aposentadoria de Cristina Andrade<\/strong><\/span><\/p>\n<p>Foi publicada no Di\u00e1rio Oficial da Uni\u00e3o, a Portaria no. 7.397, de 21\/11\/2017, que aposenta Tereza Cristina Andrade Oliveira, Telefonista do CECOM.<\/p>\n<p>Cristina, como sempre foi chamada pelos colegas, entrou para a UFMG em outubro de 1992, por meio de Concurso P\u00fablico feito no final do ano de 1989, para o cargo de Telefonista. Naquela \u00e9poca, a telefonia era ligada ao Departamento de Manuten\u00e7\u00e3o, chefiada pelo Ant\u00f4nio Carlos Soares.<\/p>\n<p>Em julho de 2002, Cristina foi remanejada para o Gabinete da Reitoria e, em outubro de 2003, foi transferida para o CECOM, para atender novamente \u00e0 Central 5000.<\/p>\n<p>Pouco tempo depois, a equipe da telefonia foi transferida para a DAA &#8211; Divis\u00e3o de Apoio Administrativo, onde Cristina ficou alocada at\u00e9 a sua aposentadoria.<\/p>\n<figure id=\"attachment_2564\" aria-describedby=\"caption-attachment-2564\" style=\"width: 238px\" class=\"wp-caption alignnone\"><img loading=\"lazy\" decoding=\"async\" class=\"size-full wp-image-2564\" src=\"https:\/\/www.ufmg.br\/dti\/wp-content\/uploads\/sites\/2\/2017\/12\/Sist3H13.jpg\" alt=\"Cristina Andrade\" width=\"248\" height=\"329\" \/><figcaption id=\"caption-attachment-2564\" class=\"wp-caption-text\">Cristina Andrade<\/figcaption><\/figure>\n<p>&nbsp;<\/p>\n<p><a name=\"n4\"><\/a><span style=\"color: #1e73be\"><strong>Sa\u00edda de funcion\u00e1rio do CECOM<\/strong><\/span><\/p>\n<p>O T\u00e9cnico de Tecnologia da Informa\u00e7\u00e3o Aaron Jordan da Silva Penido, lotado na DDP &#8211; Divis\u00e3o de Desenvolvimento de Produtos, pediu exonera\u00e7\u00e3o de seu cargo na UFMG no dia 13\/11\/2017.<\/p>\n<p>Aaron veio para o CECOM em 15\/02\/2017, removido do CEU &#8211; Centro Esportivo Universit\u00e1rio. Ele estava lotada na DDP, na \u00e1rea de testes de sistemas.<\/p>\n<figure id=\"attachment_2565\" aria-describedby=\"caption-attachment-2565\" style=\"width: 249px\" class=\"wp-caption alignnone\"><img loading=\"lazy\" decoding=\"async\" class=\"size-full wp-image-2565\" src=\"https:\/\/www.ufmg.br\/dti\/wp-content\/uploads\/sites\/2\/2017\/12\/Sist3H14.jpg\" alt=\"Aaron Jordan\" width=\"259\" height=\"288\" \/><figcaption id=\"caption-attachment-2565\" class=\"wp-caption-text\">Aaron Jordan<\/figcaption><\/figure>\n<p>&nbsp;<\/p>\n<p><a name=\"n5\"><\/a><span style=\"color: #1e73be\"><strong>Novo estagi\u00e1rio do CECOM<\/strong><\/span><\/p>\n<p>O CECOM est\u00e1 contando, desde o dia 1o. de dezembro, com mais um estagi\u00e1rio em seu quadro.<\/p>\n<p>Trata-se de Marcel Henrique da Silva Mendes, aluno do curso de Ci\u00eancia da Computa\u00e7\u00e3o.<\/p>\n<p>Marcel Mendes est\u00e1 lotado na DRC &#8211; Divis\u00e3o de Redes de Comunica\u00e7\u00e3o, na \u00e1rea de Hardware.<\/p>\n<figure id=\"attachment_2566\" aria-describedby=\"caption-attachment-2566\" style=\"width: 276px\" class=\"wp-caption alignnone\"><img loading=\"lazy\" decoding=\"async\" class=\"size-full wp-image-2566\" src=\"https:\/\/www.ufmg.br\/dti\/wp-content\/uploads\/sites\/2\/2017\/12\/Sist3H15.jpg\" alt=\"Marcel Mendes\" width=\"286\" height=\"352\" \/><figcaption id=\"caption-attachment-2566\" class=\"wp-caption-text\">Marcel Mendes<\/figcaption><\/figure>\n<p>&nbsp;<\/p>\n<p><a name=\"informativo\"><\/a><\/p>\n<h2>Informativo<\/h2>\n<p><a name=\"i1\"><\/a><span style=\"color: #1e73be\"><strong>Estat\u00edsticas do Sistema de Telefonia da UFMG<\/strong><\/span><\/p>\n<p>Desde o m\u00eas de julho\/2017, O Sistem\u00e1tico est\u00e1 publicando as estat\u00edsticas referentes a um dos tipos de atendimento realizado pela DRC &#8211; Divis\u00e3o de Redes de Comunica\u00e7\u00e3o. Esse atendimento refere-se aos sistemas de telefonia de toda a Universidade, ou seja, todas as unidades acad\u00eamicas e administra\u00e7\u00e3o central, alocadas tanto no Campus Pampulha, Montes Claros, unidades do Centro quanto no Hospital das Cl\u00ednicas.<\/p>\n<p>Gr\u00e1fico 1\u00a0&#8211; No m\u00eas representado, o setor de telefonia recebeu 230 pedidos, sendo 99 rejeitados por estarem incompletos ou n\u00e3o relacionados com o setor, sendo, na sua grande parte, e-mails relacionados \u00e0 publicidade.<\/p>\n<p>Gr\u00e1fico 2\u00a0&#8211; Neste m\u00eas, o gr\u00e1fico foi composto por solicita\u00e7\u00f5es referentes a um propriet\u00e1rio que ainda n\u00e3o tinha sido representado nos gr\u00e1ficos anteriores. A CIMCORP \u00e9 uma empresa de tecnologia que foi contratada pela UFMG, via preg\u00e3o, em 2016, para realizar manuten\u00e7\u00e3o preventiva e corretiva do sistema de telefonia.<\/p>\n<p>Gr\u00e1fico 3\u00a0&#8211; No m\u00eas de outubro, como representado, houve grande destaque para manuten\u00e7\u00f5es relacionadas \u00e0 central e pouca demanda de transfer\u00eancia e instala\u00e7\u00e3o de novos ramais, indo de encontro ao gr\u00e1fico do m\u00eas anterior, que apresentou 36% dos tickets relacionados a esses servi\u00e7os.<\/p>\n<p><a name=\"i2\"><\/a><span style=\"color: #1e73be\"><strong>H\u00e1 20 anos&#8230;<\/strong><\/span><\/p>\n<p>O Sistem\u00e1tico Ano XXI, no. 40, de 04\/12\/1997, publicou not\u00edcias sobre Vestibular UFMG\/98, exame de sele\u00e7\u00e3o para o Coltec, Projeto Rela\u00e7\u00f5es de Trabalho no CECOM, curso de Administra\u00e7\u00e3o de Redes, Festa de Natal do CECOM, Festa de Natal da Reitoria, entre outras. A not\u00edcia que se destacou foi:<\/p>\n<p><strong>ATUALIZA\u00c7\u00c3O DO SISTEMA VTLS<\/strong><\/p>\n<p>A DAC iniciou nesta quarta-feira, dia 03, a atualiza\u00e7\u00e3o do Sistema VTLS, adquirido pela Biblioteca Universit\u00e1ria, para atender \u00e0s necessidades de gerenciamento das bibliotecas da UFMG. O sistema, carregado atualmente com uma amostra de testes, permite o acesso inclusive atrav\u00e9s da Internet (www.bu.ufmg.br). Com o t\u00e9rmino da atualiza\u00e7\u00e3o, previsto para esta sexta-feira, dia 05, a UFMG estar\u00e1 em condi\u00e7\u00f5es de carregar toda a sua base de dados<\/p>\n<p>bibliogr\u00e1ficos, atualmente cadastrada na Funda\u00e7\u00e3o Get\u00falio Vargas, para seu pr\u00f3prio sistema.<\/p>\n<p>A infraestrutura utilizada para disponibilizar o servi\u00e7o \u00e9 composta por um servidor IBM 590 (sistema operacional AIX), o gerenciador de banco de dados Oracle e o software VTLS, escrito, em grande parte, em Micro-Focus Cobol.<\/p>\n<p>O acesso via Internet \u00e9 possibilitado atrav\u00e9s de rotinas escritas em Perl e do servidor de http Apache.<\/p>\n<p>&nbsp;<\/p>\n<p><a name=\"eventos\"><\/a><\/p>\n<h2>Eventos<\/h2>\n<p><a name=\"e1\"><\/a><span style=\"color: #1e73be\"><strong>Festa de Natal do CECOM<\/strong><\/span><\/p>\n<p>Est\u00e1 marcada para o dia 20 de dezembro, a realiza\u00e7\u00e3o da Festa de Natal dos funcion\u00e1rios do CECOM.<\/p>\n<p>Retornando ao estilo adotado h\u00e1 v\u00e1rios anos, haver\u00e1 um almo\u00e7o de confraterniza\u00e7\u00e3o no espa\u00e7o Clubinho, localizado na Enseada das Gar\u00e7as, regi\u00e3o da Pampulha, a partir das 12h. Para aqueles que n\u00e3o conhecem o local, ser\u00e1 entregue um mapa de localiza\u00e7\u00e3o do Clubinho.<\/p>\n<p>Todos os funcion\u00e1rios j\u00e1 foram consultados sobre a participa\u00e7\u00e3o na festa, restando a confirma\u00e7\u00e3o de v\u00e1rias pessoas. Ao mesmo tempo, a DAA est\u00e1 recolhendo a contribui\u00e7\u00e3o de cada participante.<\/p>\n<p>Como nos anos anteriores, durante o almo\u00e7o, haver\u00e1 o sorteio de uma Cesta de Guloseimas. A cesta se encontra exposta ao lado da porta da sala 8038B, aguardando a contribui\u00e7\u00e3o de cada um. A cada item doado ser\u00e1 entregue um cupom numerado para o sorteio.<\/p>\n<p>A DAA aguarda a confirma\u00e7\u00e3o de participa\u00e7\u00e3o na festa e espera que seja um dia de sol e alegria.<\/p>\n<p><a name=\"e2\"><\/a><span style=\"color: #1e73be\"><strong>Sociais<\/strong><\/span><\/p>\n<p>ANIVERS\u00c1RIOS:\u00a0&#8220;O Sistem\u00e1tico&#8221; envia os parab\u00e9ns atrasados para A\u00edda Patr\u00edcia Dias da Silva Ramos, no dia 04, e os parab\u00e9ns em dia para os ex-ceconianos: S\u00e1lvia Maria de Figueiredo Moreira e Jos\u00e9 Arc\u00eanio da Silva, no dia 14; Marina Werneck Ragozo, no dia 15; Aleixina Maria Lopes Andal\u00e9cio, Eduardo Jos\u00e9 Tostes Barbosa, Jos\u00e9 Caetano Pinto e Cl\u00e1udio Manuel da Costa Silva, no dia 17.<\/p>\n<p>NASCIMENTOS:\u00a0Vale registrar o nascimento de Pedro, filho de Nayara e Leandro Duarte de Assis, no dia 10 de novembro.<\/p>\n<p>E no dia 09 de dezembro, Tha\u00eds e David Eust\u00e1quio da Silva se tornaram pais de Arthur e Helena.<\/p>\n<p>O Sistem\u00e1tico, em nome de todos, envia as felicita\u00e7\u00f5es.<\/p>\n<p>&nbsp;<\/p>\n<div id=\"selenium-highlight\"><\/div>\n<div id=\"selenium-highlight\"><\/div>\n<div id=\"selenium-highlight\"><\/div>\n","protected":false},"excerpt":{"rendered":"<p>Not\u00edcias: UFMG implanta Projeto Piloto do SEI. Analista de TI do CECOM apresenta disserta\u00e7\u00e3o de Mestrado. Publicada a aposentadoria de Cristina Andrade. Sa\u00edda de funcion\u00e1rio do CECOM. Novo estagi\u00e1rio do CECOM. Informativo: Estat\u00edsticas do Sistema de Telefonia da UFMG. Eventos: Estat\u00edsticas do Sistema de Telefonia da UFMG. H\u00e1 20 anos&#8230;. \u00a0Vers\u00e3o em PDF Noticias UFMG &#8230; <a title=\"Sistem\u00e1tico: Edi\u00e7\u00e3o 1713 &#8211; 14\/12\/2017\" class=\"read-more\" href=\"https:\/\/www.ufmg.br\/dti\/2017\/12\/14\/sistematico-edicao-1713-14122017\/\" aria-label=\"Read more about Sistem\u00e1tico: Edi\u00e7\u00e3o 1713 &#8211; 14\/12\/2017\">Ler mais<\/a><\/p>\n","protected":false},"author":3,"featured_media":2559,"comment_status":"open","ping_status":"open","sticky":false,"template":"","format":"standard","meta":{"inline_featured_image":false,"footnotes":""},"categories":[15,14,13],"tags":[],"coauthors":[79,58],"class_list":["post-3308","post","type-post","status-publish","format-standard","has-post-thumbnail","hentry","category-area-2-noticias-destaque","category-noticia-detaque3-dti","category-sistematico"],"_links":{"self":[{"href":"https:\/\/www.ufmg.br\/dti\/wp-json\/wp\/v2\/posts\/3308","targetHints":{"allow":["GET"]}}],"collection":[{"href":"https:\/\/www.ufmg.br\/dti\/wp-json\/wp\/v2\/posts"}],"about":[{"href":"https:\/\/www.ufmg.br\/dti\/wp-json\/wp\/v2\/types\/post"}],"author":[{"embeddable":true,"href":"https:\/\/www.ufmg.br\/dti\/wp-json\/wp\/v2\/users\/3"}],"replies":[{"embeddable":true,"href":"https:\/\/www.ufmg.br\/dti\/wp-json\/wp\/v2\/comments?post=3308"}],"version-history":[{"count":0,"href":"https:\/\/www.ufmg.br\/dti\/wp-json\/wp\/v2\/posts\/3308\/revisions"}],"wp:attachment":[{"href":"https:\/\/www.ufmg.br\/dti\/wp-json\/wp\/v2\/media?parent=3308"}],"wp:term":[{"taxonomy":"category","embeddable":true,"href":"https:\/\/www.ufmg.br\/dti\/wp-json\/wp\/v2\/categories?post=3308"},{"taxonomy":"post_tag","embeddable":true,"href":"https:\/\/www.ufmg.br\/dti\/wp-json\/wp\/v2\/tags?post=3308"},{"taxonomy":"author","embeddable":true,"href":"https:\/\/www.ufmg.br\/dti\/wp-json\/wp\/v2\/coauthors?post=3308"}],"curies":[{"name":"wp","href":"https:\/\/api.w.org\/{rel}","templated":true}]}}