{"id":3311,"date":"2018-03-28T16:52:28","date_gmt":"2018-03-28T19:52:28","guid":{"rendered":"https:\/\/www.ufmg.br\/dti\/cecom\/?p=2609"},"modified":"2018-03-28T16:52:28","modified_gmt":"2018-03-28T19:52:28","slug":"sistematico-edicao-1718-28032018","status":"publish","type":"post","link":"https:\/\/www.ufmg.br\/dti\/2018\/03\/28\/sistematico-edicao-1718-28032018\/","title":{"rendered":"Sistem\u00e1tico: Edi\u00e7\u00e3o 1718 &#8211; 28\/03\/2018"},"content":{"rendered":"<p><a href=\"\/dti\/#noticias\">Not\u00edcias:<\/a><\/p>\n<ul>\n<li><a href=\"\/dti\/#n1\">DAP e CECOM promovem treinamento sobre Extrator de Dados e DW do SIAPE.<\/a><\/li>\n<li><a href=\"\/dti\/#n2\">Aberta a submiss\u00e3o de trabalhos no WTICIFES 2018.<\/a><\/li>\n<li><a href=\"\/dti\/#n3\">Recesso administrativo no dia 29 de mar\u00e7o.<\/a><\/li>\n<li><a href=\"\/dti\/#n4\">Sa\u00edda de estagi\u00e1rios.<\/a><\/li>\n<\/ul>\n<p><a href=\"\/dti\/#informativo\">Informativo:<\/a><\/p>\n<ul>\n<li><a href=\"\/dti\/#i1\">Espa\u00e7o do Conhecimento UFMG retoma Observa\u00e7\u00e3o Noturna do C\u00e9u no Terra\u00e7o Astron\u00f4mico.<\/a><\/li>\n<li><a href=\"\/dti\/#i2\">Semana Santa.<\/a><\/li>\n<li><a href=\"\/dti\/#i3\">H\u00e1 20 anos&#8230;.<\/a><\/li>\n<\/ul>\n<p><a href=\"\/dti\/#eventos\">Eventos:<\/a><\/p>\n<ul>\n<li><a href=\"\/dti\/#e1\">Sociais.<\/a><\/li>\n<\/ul>\n<p><img loading=\"lazy\" decoding=\"async\" class=\"alignnone size-full wp-image-1663\" src=\"https:\/\/www.ufmg.br\/dti\/wp-content\/uploads\/sites\/2\/2016\/10\/pdf.png\" alt=\"pdf\" width=\"25\" height=\"25\" \/>\u00a0<a href=\"https:\/\/www.ufmg.br\/dti\/wp-content\/uploads\/sites\/2\/2018\/03\/Sist04_2018-A4.pdf\" target=\"_blank\">Vers\u00e3o em PDF<\/a><\/p>\n<p><a name=\"noticias\"><\/a><\/p>\n<h2>Noticias<\/h2>\n<p><a name=\"n1\"><\/a><span style=\"color: #1e73be\"><strong>DAP e CECOM promovem treinamento sobre Extrator de Dados e DW do SIAPE<\/strong><\/span><\/p>\n<p>O DAP\/ProRH, em parceria com o CECOM, estar\u00e1 oferecendo, no per\u00edodo de 02 a 06 de abril, um treinamento sobre as ferramentas do Extrator de Dados e DW &#8211; Data Warehouse do SIAPE.<\/p>\n<p>O curso, viabilizado com instrutor do Minist\u00e9rio do Planejamento, Desenvolvi-mento e Gest\u00e3o, ter\u00e1 a participa\u00e7\u00e3o de Analistas de TI do DAP, DRH, gabinete da ProRH e do CECOM.<\/p>\n<p>A necessidade desse treinamento se deve \u00e0 demanda de extra\u00e7\u00f5es de dados gerenciais do SIAPE para alimentar sistemas internos da UFMG, tais como: PESCAD, PESSAUDE, Vale Transporte, Abate Teto, PESPAD etc., al\u00e9m de outras extra\u00e7\u00f5es de dados gerenciais que servem de subs\u00eddios e respostas a auditorias e solicita\u00e7\u00f5es da alta administra\u00e7\u00e3o da UFMG e demais Unidades.<\/p>\n<p>O curso ser\u00e1 realizado na Sala de Aulas do CECOM, no subsolo do pr\u00e9dio da Reitoria, com carga hor\u00e1ria total de 40 horas. O instrutor ser\u00e1 M\u00e1rcio Sobral e Silva, Chefe da Divis\u00e3o de Gest\u00e3o de Ferramentas Gerenciais e Aplica\u00e7\u00f5es M\u00f3veis do Minist\u00e9rio do Planejamento.<\/p>\n<p>Participar\u00e3o pelo CECOM: Jo\u00e3o Carlos Lages, Maximiliano Luiz Souza Guimar\u00e3es, Rafael Rocha, Helv\u00e9cio Cossenzo Pinto e Marco T\u00falio Domingues do Amaral.<\/p>\n<figure id=\"attachment_2611\" aria-describedby=\"caption-attachment-2611\" style=\"width: 382px\" class=\"wp-caption alignnone\"><img loading=\"lazy\" decoding=\"async\" class=\"size-full wp-image-2611\" src=\"https:\/\/www.ufmg.br\/dti\/wp-content\/uploads\/sites\/2\/2018\/03\/Sist0H22.jpg\" alt=\"Rafael Rocha e Jo\u00e3o Carlos Lages\" width=\"392\" height=\"244\" \/><figcaption id=\"caption-attachment-2611\" class=\"wp-caption-text\">Rafael Rocha e Jo\u00e3o Carlos Lages<\/figcaption><\/figure>\n<p>&nbsp;<\/p>\n<figure id=\"attachment_2614\" aria-describedby=\"caption-attachment-2614\" style=\"width: 479px\" class=\"wp-caption alignnone\"><img loading=\"lazy\" decoding=\"async\" class=\"size-full wp-image-2614\" src=\"https:\/\/www.ufmg.br\/dti\/wp-content\/uploads\/sites\/2\/2018\/03\/Sist0H23.jpg\" alt=\"Helv\u00e9cio Cossenzo Pinto, Marco T\u00falio Domigues do Amaral e Maximiliano Luiz Souza Guimar\u00e3es\" width=\"489\" height=\"227\" \/><figcaption id=\"caption-attachment-2614\" class=\"wp-caption-text\">Helv\u00e9cio Cossenzo Pinto, Marco T\u00falio Domigues do Amaral e Maximiliano Luiz Souza Guimar\u00e3es<\/figcaption><\/figure>\n<p>&nbsp;<\/p>\n<p><a name=\"n2\"><\/a><span style=\"color: #1e73be\"><strong>Aberta a submiss\u00e3o de trabalhos no WTICIFES 2018<\/strong><\/span><\/p>\n<p>Foz do Igua\u00e7u recebe o XII Workshop de Tecnologia da Informa\u00e7\u00e3o e Comunica\u00e7\u00e3o das Institui\u00e7\u00f5es Federais de Ensino Superior do Brasil (WTICIFES 2018) no per\u00edodo de 5 a 8 de junho de 2018. Sob o tema &#8220;O papel estrat\u00e9gico da TI para o Ensino, a Pesquisa e a Extens\u00e3o&#8221;, o encontro pretende levantar quest\u00f5es comuns \u00e0 realidade dos profissionais de TI para promover o debate e a troca de conhecimento e informa\u00e7\u00f5es do setor.<\/p>\n<p>A submiss\u00e3o de trabalhos para o WTICIFES 2018 est\u00e1 dispon\u00edvel desde 19 de mar\u00e7o de 2018. As regras definidas pelo evento para a apresenta\u00e7\u00e3o dos trabalhos podem ser encontradas no endere\u00e7o https:\/\/eventos. unila.edu.br\/wticifes2018\/trabalhos\/.<\/p>\n<p>O Workshop de Tecnologia da Informa\u00e7\u00e3o e Comunica\u00e7\u00e3o das Institui\u00e7\u00f5es Federais de Ensino Superior do Brasil (WTICIFES) \u00e9 uma promo\u00e7\u00e3o do Col\u00e9gio de Gestores de TIC das IFES que, a partir da similaridade dos problemas e desafios de gest\u00e3o, busca incentivar a troca interinstitucional de experi\u00eancias e solu\u00e7\u00f5es para a efetiva\u00e7\u00e3o da TIC como um instrumento de avan\u00e7o de todas as Institui\u00e7\u00f5es.<\/p>\n<p>Desde 2006, o evento re\u00fane anualmente cerca de 150 pessoas, entre diretores, pr\u00f3-reitores e outros representantes das \u00e1reas de TIC das IFES brasileiras, em um encontro para compartilhamento de conhecimento e fortalecimento de networking.<\/p>\n<p>A DTI\/CECOM tem participado e apresentado trabalhos habitualmente.<\/p>\n<p><a name=\"n3\"><\/a><span style=\"color: #1e73be\"><strong>Recesso administrativo no dia 29 de mar\u00e7o<\/strong><\/span><\/p>\n<p>Conforme Of\u00edcio Circular\/UFMG\/GR\/no.005\/2018, a UFMG ter\u00e1 recesso administrativo no dia 29 de mar\u00e7o, previsto como dia n\u00e3o letivo no Calend\u00e1rio Acad\u00eamico, com vistas a reduzir o custo operacional da Institui\u00e7\u00e3o, sem preju\u00edzo dos servi\u00e7os considerados essenciais, assim definidos pelos dirigentes das Unidades e demais \u00d3rg\u00e3os Administrativos.<\/p>\n<p><a name=\"n4\"><\/a><span style=\"color: #1e73be\"><strong>Sa\u00edda de estagi\u00e1rios<\/strong><\/span><\/p>\n<p>Desde o in\u00edcio do ano, v\u00e1rios estagi\u00e1rios se desligaram do quadro do CECOM, sendo agora as sa\u00eddas registradas no Sisterm\u00e1tico.<\/p>\n<p>Foram eles:<\/p>\n<p>&#8211; Gabriel Ant\u00f4nio Rausch Ferreira, da Divis\u00e3o de Redes de Comunica\u00e7\u00e3o. Ele entrou para o CECOM em junho de 2017, saindo em janeiro de 2018;<\/p>\n<p>&#8211; Felipe Fonseca Rocha, da Divis\u00e3o de Desenvolvimento de Produtos: entrou em setembro de 2017 e saiu em fevereiro de 2018;<\/p>\n<p>&#8211; Andr\u00e9 de Las Casas Castro, da Divis\u00e3o de Aten\u00e7\u00e3o ao Cliente: entrou em mar\u00e7o de 2016 e saiu em fevereiro de 2018;<\/p>\n<p>&#8211; Talita Venilda Guimar\u00e3es, da Divis\u00e3o de Aten\u00e7\u00e3o ao Cliente: entrou em dezembro de 2017 e saiu no dia 13\/03\/2018;<\/p>\n<p>&#8211; Talita Chaim Luza, da Divis\u00e3o de Desenvolvimento de Produtos: entrou em maio de 2017 e saiu no dia 26\/03\/2018.<\/p>\n<p>&nbsp;<\/p>\n<p><a name=\"informativo\"><\/a><\/p>\n<h2>Informativo<\/h2>\n<p><a name=\"i1\"><\/a><span style=\"color: #1e73be\"><strong>Espa\u00e7o do Conhecimento UFMG retoma Observa\u00e7\u00e3o Noturna do C\u00e9u no Terra\u00e7o Astron\u00f4mico<\/strong><\/span><\/p>\n<p>Atividade volta \u00e0 programa\u00e7\u00e3o no dia 31 de mar\u00e7o, \u00e0s 19h<\/p>\n<p>A programa\u00e7\u00e3o do Espa\u00e7o do Conhecimento UFMG volta com a observa\u00e7\u00e3o de planetas, estrelas e tantos outros astros que povoam nosso universo. A atividade ser\u00e1 retomada no dia 31 de mar\u00e7o, no Terra\u00e7o Astron\u00f4mico, que conta com dois telesc\u00f3pios. O p\u00fablico poder\u00e1 contemplar dois objetos diferentes na mesma noite. \u00c9 poss\u00edvel, por exemplo, ver a Lua e um planeta em uma \u00fanica visita ao museu.<\/p>\n<p>A observa\u00e7\u00e3o do cosmos acontece todos os s\u00e1bados, das 19h \u00e0s 21h, no quinto andar do Espa\u00e7o, com o acompanhamento da equipe do N\u00facleo de Astronomia. O Terra\u00e7o Astron\u00f4mico possui um teto retr\u00e1til e tem entrada gratuita. O acesso \u00e9 feito por meio da retirada de uma senha individual na recep\u00e7\u00e3o do museu. S\u00e3o distribu\u00eddas 120 senhas, por ordem de chegada, a partir das 17h30. O Espa\u00e7o do Conhecimento UFMG fica na Pra\u00e7a da Liberdade, 700. Para mais informa\u00e7\u00f5es, o contato deve ser pelo telefone (31) 3409-8350.<\/p>\n<p>O Espa\u00e7o do Conhecimento UFMG estimula a constru\u00e7\u00e3o de um olhar cr\u00edtico acerca da produ\u00e7\u00e3o de saberes. Sua programa\u00e7\u00e3o diversificada inclui exposi\u00e7\u00f5es, cursos, oficinas e debates. Integrante do Circuito Liberdade, o museu \u00e9 fruto da parceria entre a UFMG e o Governo de Minas. O Espa\u00e7o est\u00e1 subordinado \u00e0 Diretoria de A\u00e7\u00e3o Cultural (DAC) da universidade, \u00e9 amparado pela Lei Federal de Incentivo \u00e0 Cultura e conta com patroc\u00ednio da Unimed-BH e do Instituto Unimed-BH.<\/p>\n<p>(Fonte: Comunica\u00e7\u00e3o Institucional do Espa\u00e7o do Conhecimento UFMG\/Cedecom &#8211; Assessoria de Imprensa &#8211; 27\/03\/2018)<\/p>\n<p><a name=\"i2\"><\/a><span style=\"color: #1e73be\"><strong>Semana Santa<\/strong><\/span><\/p>\n<p>Com o recesso administrativo do dia 29 e a Sexta-feira da Paix\u00e3o no dia 30, um bom fim de semana prolongado para todos!<\/p>\n<p><a name=\"i3\"><\/a><span style=\"color: #1e73be\"><strong>H\u00e1 20 anos&#8230;<\/strong><\/span><\/p>\n<p>O Sistem\u00e1tico Ano XXII, no. 10, de 26\/03\/1998, publicou not\u00edcias sobre posse da Vice-Reitora, Professora Ana L\u00facia Almeida Gazzola, troca da vers\u00e3o do PowerBuilder 5.3 de 16 bits para 32 bits, Curso de Windows 95. implementa\u00e7\u00e3o da Intranet do CECOM, instala\u00e7\u00e3o de micros do Teatro Universit\u00e1rio, entre outras. A not\u00edcia que se destacou foi:<\/p>\n<p><strong>SEGURAN\u00c7A NO AMBIENTE C\/S<\/strong><\/p>\n<p>Durante esta semana, foram realizadas v\u00e1rias reuni\u00f5es, envolvendo a DAS, DAC, DGE e a UNUS, com o objetivo de definir o sistema de seguran\u00e7a que ser\u00e1 utilizado nos aplicativos desenvolvidos para a plataforma C\/S. Todas as \u00e1reas envolvidas expuseram suas necessidades e seus anseios relativos ao tema abordado.<\/p>\n<p>O sistema de seguran\u00e7a ser\u00e1 definido e implementado quando da implanta\u00e7\u00e3o do SIGA, pois este sistema envolver\u00e1 v\u00e1rios \u00f3rg\u00e3os da administra\u00e7\u00e3o central e todos os departamentos da UFMG, o que, obviamente, exigir\u00e1 um complexo sistema de seguran\u00e7a em seus dados.<\/p>\n<p>Na pr\u00f3xima semana, a equipe envolvida ainda estar\u00e1 trabalhando em busca de alternativas e, uma vez definidas, o assunto dever\u00e1 ser tratado em artigo em uma pr\u00f3xima edi\u00e7\u00e3o de O Sistem\u00e1tico.<\/p>\n<p>&nbsp;<\/p>\n<p><a name=\"eventos\"><\/a><\/p>\n<h2>Eventos<\/h2>\n<p><a name=\"e1\"><\/a><span style=\"color: #1e73be\"><strong>Sociais<\/strong><\/span><\/p>\n<p>ANIVERS\u00c1RIOS: &#8220;O Sistem\u00e1tico&#8221; envia os parab\u00e9ns para Ant\u00f4nio Higino Manoel Machado, amanh\u00e3, dia 29; Marcelo Lacerda Garcia, no dia 31; e para os ex-ceconianos: Douglas do Couto Teixeira, no dia 28; Renato Vaz de Melo Espechit, no dia 29; Alda Batista, Maria Eug\u00eania Melo da Cunha e Milton Pifano Soares Ferreira, no dia 31; C\u00e9sar de Almeida Correia, H\u00e9lio Teixeira da Costa e Assahaf Ge\u00e7ary Lescano de Oliveira, no dia 1o. de abril; Solange Teixeira de Oliveira, no dia 02; Elizabeth Gomes Oliveira Clementino, Geovane Ferreira Piccinin e Pedro Henrique Silvestre dos Santos, no dia 03; e Eduardo Rodrigues Cunha, no dia 04.<\/p>\n<p>&nbsp;<\/p>\n<div id=\"selenium-highlight\"><\/div>\n","protected":false},"excerpt":{"rendered":"<p>Not\u00edcias: DAP e CECOM promovem treinamento sobre Extrator de Dados e DW do SIAPE. Aberta a submiss\u00e3o de trabalhos no WTICIFES 2018. Recesso administrativo no dia 29 de mar\u00e7o. Sa\u00edda de estagi\u00e1rios. Informativo: Espa\u00e7o do Conhecimento UFMG retoma Observa\u00e7\u00e3o Noturna do C\u00e9u no Terra\u00e7o Astron\u00f4mico. Semana Santa. H\u00e1 20 anos&#8230;. Eventos: Sociais. \u00a0Vers\u00e3o em PDF &#8230; <a title=\"Sistem\u00e1tico: Edi\u00e7\u00e3o 1718 &#8211; 28\/03\/2018\" class=\"read-more\" href=\"https:\/\/www.ufmg.br\/dti\/2018\/03\/28\/sistematico-edicao-1718-28032018\/\" aria-label=\"Read more about Sistem\u00e1tico: Edi\u00e7\u00e3o 1718 &#8211; 28\/03\/2018\">Ler mais<\/a><\/p>\n","protected":false},"author":3,"featured_media":2611,"comment_status":"open","ping_status":"open","sticky":false,"template":"","format":"standard","meta":{"inline_featured_image":false,"footnotes":""},"categories":[15,14,13],"tags":[],"coauthors":[79,58],"class_list":["post-3311","post","type-post","status-publish","format-standard","has-post-thumbnail","hentry","category-area-2-noticias-destaque","category-noticia-detaque3-dti","category-sistematico"],"_links":{"self":[{"href":"https:\/\/www.ufmg.br\/dti\/wp-json\/wp\/v2\/posts\/3311","targetHints":{"allow":["GET"]}}],"collection":[{"href":"https:\/\/www.ufmg.br\/dti\/wp-json\/wp\/v2\/posts"}],"about":[{"href":"https:\/\/www.ufmg.br\/dti\/wp-json\/wp\/v2\/types\/post"}],"author":[{"embeddable":true,"href":"https:\/\/www.ufmg.br\/dti\/wp-json\/wp\/v2\/users\/3"}],"replies":[{"embeddable":true,"href":"https:\/\/www.ufmg.br\/dti\/wp-json\/wp\/v2\/comments?post=3311"}],"version-history":[{"count":0,"href":"https:\/\/www.ufmg.br\/dti\/wp-json\/wp\/v2\/posts\/3311\/revisions"}],"wp:attachment":[{"href":"https:\/\/www.ufmg.br\/dti\/wp-json\/wp\/v2\/media?parent=3311"}],"wp:term":[{"taxonomy":"category","embeddable":true,"href":"https:\/\/www.ufmg.br\/dti\/wp-json\/wp\/v2\/categories?post=3311"},{"taxonomy":"post_tag","embeddable":true,"href":"https:\/\/www.ufmg.br\/dti\/wp-json\/wp\/v2\/tags?post=3311"},{"taxonomy":"author","embeddable":true,"href":"https:\/\/www.ufmg.br\/dti\/wp-json\/wp\/v2\/coauthors?post=3311"}],"curies":[{"name":"wp","href":"https:\/\/api.w.org\/{rel}","templated":true}]}}