{"id":3315,"date":"2018-05-25T16:46:13","date_gmt":"2018-05-25T19:46:13","guid":{"rendered":"https:\/\/www.ufmg.br\/dti\/cecom\/?p=2680"},"modified":"2018-05-25T16:46:13","modified_gmt":"2018-05-25T19:46:13","slug":"sistematico-edicao-1724-10052018","status":"publish","type":"post","link":"https:\/\/www.ufmg.br\/dti\/2018\/05\/25\/sistematico-edicao-1724-10052018\/","title":{"rendered":"Sistem\u00e1tico: Edi\u00e7\u00e3o 1724 &#8211; 10\/05\/2018"},"content":{"rendered":"<p><a href=\"\/dti\/#noticias\">Not\u00edcias:<\/a><\/p>\n<ul>\n<li><a href=\"\/dti\/#n1\">DIARQ e CECOM preparam curso sobre o SEI.<\/a><\/li>\n<li><a href=\"\/dti\/#n2\">CECOM tem trabalho aprovado para o WTICIFES 2018.<\/a><\/li>\n<li><a href=\"\/dti\/#n3\">CECOM tem nova estagi\u00e1ria.<\/a><\/li>\n<\/ul>\n<p><a href=\"\/dti\/#informativo\">Informativo:<\/a><\/p>\n<ul>\n<li><a href=\"\/dti\/#i1\">Viajando pelo Universo: Espa\u00e7o do Conhecimento UFMG tem Observa\u00e7\u00e3o do C\u00e9u, Sess\u00f5es de Planet\u00e1rio e Oficinas em maio.<\/a><\/li>\n<li><a href=\"\/dti\/#i2\">19a. Feira de Artesanato do Vale do Jequitinhonha.<\/a><\/li>\n<\/ul>\n<p><a href=\"\/dti\/#eventos\">Eventos:<\/a><\/p>\n<ul>\n<li><a href=\"\/dti\/#e1\">Dia das M\u00e3es.<\/a><\/li>\n<li><a href=\"\/dti\/#e2\">Sociais.<\/a><\/li>\n<\/ul>\n<p><img loading=\"lazy\" decoding=\"async\" class=\"alignnone size-full wp-image-1663\" src=\"https:\/\/www.ufmg.br\/dti\/wp-content\/uploads\/sites\/2\/2016\/10\/pdf.png\" alt=\"pdf\" width=\"25\" height=\"25\" \/>\u00a0<a href=\"https:\/\/www.ufmg.br\/dti\/wp-content\/uploads\/sites\/2\/2018\/05\/Sist10_2018-A4.pdf\" target=\"_blank\">Vers\u00e3o em PDF<\/a><\/p>\n<p><a name=\"noticias\"><\/a><\/p>\n<h2>Noticias<\/h2>\n<p><a name=\"n1\"><\/a><span style=\"color: #1e73be\"><strong>DIARQ e CECOM preparam curso sobre o SEI<\/strong><\/span><\/p>\n<p>A Equipe de Implanta\u00e7\u00e3o do Projeto Piloto do SEI da UFMG est\u00e1 preparando um curso sobre o sistema, no per\u00edodo de 22 a 24 de maio, para funcion\u00e1rios da Universidade, com carga hor\u00e1ria de 20 horas. O conte\u00fado do curso cobrir\u00e1 conceitos de como usar e como administrar, de forma avan\u00e7ada, os recursos do sistema. O curso ser\u00e1 ministrado pelo instrutor da UnB &#8211; Universidade de Bras\u00edlia, Rodrigo de Freitas Nogueira.<\/p>\n<p>Antes desse treinamento, a DPS &#8211; Divis\u00e3o de Processos e Seguran\u00e7a e a DIS &#8211; Divis\u00e3o de Infraestrura e Servi\u00e7os promover\u00e3o, nos dias 17 e 18 de maio, um curso de nivelamento de conhecimento da equipe na ferramenta SEI. O curso acontecer\u00e1 na sala de treinamento do subsolo do CECOM e contar\u00e1 com a presen\u00e7a da vice-diretora Karina Flaviana Ribeiro; do Administrador da DPS, Marcelo Lacerda Garcia; do Analista de TI da DIS, Gessy Caetano da Silva; de J\u00fania Terezinha Morais Ramos, Diretora da Diarq; e de Maria Juliana Nunes da Silva, Arquivista da Diarq; al\u00e9m de convidados o\u00a0curso visa o nivelamento de conhecimento da equipe na ferramenta do SEI, a fim de apresentar as principais funcionalidades, alinhar expectativas e estabelecer uma comunica\u00e7\u00e3o efetiva entre os participantes. Este momento servir\u00e1 para sanar d\u00favidas, mas principalmente gerar mais d\u00favidas para serem respondidas no curso com o instrutor da UnB.<\/p>\n<figure id=\"attachment_2682\" aria-describedby=\"caption-attachment-2682\" style=\"width: 363px\" class=\"wp-caption aligncenter\"><img loading=\"lazy\" decoding=\"async\" class=\"size-full wp-image-2682\" src=\"https:\/\/www.ufmg.br\/dti\/wp-content\/uploads\/sites\/2\/2018\/05\/Sist1H46.jpg\" alt=\"Foto tirada durante a visita da equipe de implanta\u00e7\u00e3o do SEI da UFMG \u00e0 UnB, vendo-se Rodrigo Nogueira e Thiara Costa (UnB); Marcelo Lacerda, Karina Flaviana, Juliana Nunes e J\u00fania Ramos (UFMG)\" width=\"373\" height=\"236\" \/><figcaption id=\"caption-attachment-2682\" class=\"wp-caption-text\">Foto tirada durante a visita da equipe de implanta\u00e7\u00e3o do SEI da UFMG \u00e0 UnB, vendo-se Rodrigo Nogueira e Thiara Costa (UnB); Marcelo Lacerda, Karina Flaviana, Juliana Nunes e J\u00fania Ramos (UFMG)<\/figcaption><\/figure>\n<p><a name=\"n2\"><\/a><span style=\"color: #1e73be\"><strong>CECOM tem trabalho aprovado para o WTICIFES 2018<\/strong><\/span><\/p>\n<p>Ap\u00f3s a submiss\u00e3o de trabalhos para serem apresentados no WTICIFES 2018, o CECOM recebeu a confirma\u00e7\u00e3o de aprova\u00e7\u00e3o de um artigo de Analistas de TI da DDP &#8211; Divis\u00e3o de Desenvolvimento de Produtos. O artigo, intitulado\u00a0Servi\u00e7os Online para Gest\u00e3o Acad\u00eamica: uma experi\u00eancia no Centro de Computa\u00e7\u00e3o da UFMG\u00a0\u00e9 de autoria de Patr\u00edcia Nascimento Silva e Rainer Ronnie Pereira Couto.<\/p>\n<p>O XII Workshop de Tencologia da Informa\u00e7\u00e3o e Comunica\u00e7\u00e3o das Institui\u00e7\u00f5es Federais de Ensino Superior do Brasil (WTICIFES 2018) ser\u00e1 realizado no per\u00edodo de 05 a 08 de junho de 2018, na cidade de Foz do Igua\u00e7u. Sob o tema &#8220;O papel estrat\u00e9gico da TI para o Ensino, Pesquisa e a Extens\u00e3o&#8221;, o encontro pretende levantar quest\u00f5es comuns \u00e0 realidade dos profissionais de TI para promover o debate e a troca de conhecimento e informa\u00e7\u00f5es da \u00e1rea.<\/p>\n<p>O WTICIFES \u00e9 uma promo\u00e7\u00e3o do<\/p>\n<p>Col\u00e9gio de Gestores de TI das IFES que, a partir da similaridade dos problemas e desafios de gest\u00e3o, busca incentivar a troca interinstitucional de experi\u00eancias e solu\u00e7\u00f5es para a efetiva\u00e7\u00e3o da TI como um instrumento de avan\u00e7o de todas as institui\u00e7\u00f5es.<\/p>\n<p>Desde 2006, o evento re\u00fane anualmente cerca de 150 pessoas, entre diretores, pr\u00f3-reitores e outros representantes das \u00e1reas de TIC das IFES brasileiras, em um encontro para compartilhamento de conhecimento e fortalecimento de networking.<\/p>\n<figure id=\"attachment_2683\" aria-describedby=\"caption-attachment-2683\" style=\"width: 364px\" class=\"wp-caption aligncenter\"><img loading=\"lazy\" decoding=\"async\" class=\"size-full wp-image-2683\" src=\"https:\/\/www.ufmg.br\/dti\/wp-content\/uploads\/sites\/2\/2018\/05\/Sist1H47.jpg\" alt=\"Rainer Pereira Couto e Patr\u00edcia Nascimento Silva\" width=\"374\" height=\"285\" \/><figcaption id=\"caption-attachment-2683\" class=\"wp-caption-text\">Rainer Pereira Couto e Patr\u00edcia Nascimento Silva<\/figcaption><\/figure>\n<p><a name=\"n3\"><\/a><span style=\"color: #1e73be\"><strong>CECOM tem nova estagi\u00e1ria<\/strong><\/span><\/p>\n<p>O CECOM est\u00e1 contando, desde o dia 02 de maio, com uma nova estagi\u00e1ria em seu quadro.<\/p>\n<p>Trata-se de J\u00falia Pereira Sep\u00falveda, do curso de Sistemas de Informa\u00e7\u00e3o. J\u00falia foi lotada na \u00e1rea de testes da DDP &#8211; Divis\u00e3o de Desenvolvimento de Produtos, onde j\u00e1 est\u00e1 se familiarizando com os trabalhos.<\/p>\n<figure id=\"attachment_2684\" aria-describedby=\"caption-attachment-2684\" style=\"width: 404px\" class=\"wp-caption aligncenter\"><img loading=\"lazy\" decoding=\"async\" class=\"size-full wp-image-2684\" src=\"https:\/\/www.ufmg.br\/dti\/wp-content\/uploads\/sites\/2\/2018\/05\/Sist1H48.jpg\" alt=\"J\u00falia Sep\u00falveda\" width=\"414\" height=\"493\" \/><figcaption id=\"caption-attachment-2684\" class=\"wp-caption-text\">J\u00falia Sep\u00falveda<\/figcaption><\/figure>\n<p><a name=\"informativo\"><\/a><\/p>\n<h2>Informativo<\/h2>\n<p><a name=\"i1\"><\/a><span style=\"color: #1e73be\"><strong>Viajando pelo Universo: Espa\u00e7o do Conhecimento UFMG tem Observa\u00e7\u00e3o do C\u00e9u, Sess\u00f5es de Planet\u00e1rio e Oficinas em maio<\/strong><\/span><\/p>\n<p>Conhecer o que est\u00e1 al\u00e9m do c\u00e9u azul que vemos todos os dias n\u00e3o \u00e9 privil\u00e9gio dos cientistas. A Astronomia pode, sim, ser compreendida por qualquer um, inclusive as crian\u00e7as! Em maio, o Espa\u00e7o do Conhecimento UFMG traz esse conte\u00fado para os amantes do Universo, por meio de oficinas e sess\u00f5es de Planet\u00e1rio, de forma l\u00fadica e did\u00e1tica. O Espa\u00e7o do Conhecimento UFMG fica na Pra\u00e7a da Liberdade, 700. Mais informa\u00e7\u00f5es pelo telefone (31) 3409-8350 ou pelo site\u00a0www.espacodoconhecimento.org.<\/p>\n<p>Diariamente, o\u00a0Planet\u00e1rio\u00a0leva os visitantes a explorarem o cosmos. H\u00e1 sess\u00f5es para todas as idades que permitem uma experi\u00eancia imersiva e contemplativa pelo espa\u00e7o sideral. Os ingressos custam R$ 6 (inteira) e R$ 3 (meia).<\/p>\n<p>Aos s\u00e1bados, no Terra\u00e7o Astron\u00f4mico, acontece a\u00a0Observa\u00e7\u00e3o Noturna, das 19h \u00e0s 21h. As senhas s\u00e3o distribu\u00eddas, gratuitamente, a partir das 17h30. Os visitantes podem ver de perto a Lua, planetas &#8211; quando est\u00e3o dispon\u00edveis no c\u00e9u -, ou aglomerados de estrelas.<\/p>\n<p>Nos domingos, a\u00a0Observa\u00e7\u00e3o do Sol\u00a0anima a manh\u00e3, das 11h \u00e0s 13h. A atividade tamb\u00e9m \u00e9 gratuita e tem senhas distribu\u00eddas a partir das 10h. Um telesc\u00f3pio especial permite que o p\u00fablico olhe para o Astro-Rei sem danificar a vis\u00e3o. &#8230;<\/p>\n<p>(Fonte: Cedecom &#8211; Assessoria de Imprensa &#8211; 08\/05\/2018)<\/p>\n<p><a name=\"i2\"><\/a><span style=\"color: #1e73be\"><strong>19a. Feira de Artesanato do Vale do Jequitinhonha<\/strong><\/span><\/p>\n<p><img loading=\"lazy\" decoding=\"async\" class=\"alignnone size-full wp-image-2685 aligncenter\" src=\"https:\/\/www.ufmg.br\/dti\/wp-content\/uploads\/sites\/2\/2018\/05\/SistWMF5.jpg\" alt=\"\" width=\"265\" height=\"489\" \/><\/p>\n<p>&nbsp;<\/p>\n<p><a name=\"eventos\"><\/a><\/p>\n<h2>Eventos<\/h2>\n<p><a name=\"e1\"><\/a><span style=\"color: #1e73be\"><strong>Dia das M\u00e3es<\/strong><\/span><\/p>\n<p>No pr\u00f3ximo domingo, dia 13 de maio, ser\u00e1 comemorado o Dia das M\u00e3es. O Sistem\u00e1tico envia as felicita\u00e7\u00f5es para as m\u00e3es ceconianas, como tamb\u00e9m para as demais mulheres do CECOM que, mesmo n\u00e3o tendo filhos, s\u00e3o m\u00e3es da mesma forma. Assim tamb\u00e9m, n\u00e3o se esquece de valorizar a figura dos P\u00e3es e parabeniz\u00e1-los.<\/p>\n<p>Feliz Dia das M\u00e3es\u00a0para: A\u00edda, Carol Diniz, Carol Santos, C\u00edntia, Diva, Eliz, \u00c9rika, Karina, Lucimara, M\u00e1rcia Fran\u00e7a, Aeda, D\u00f4ra, Maria Helena, Takeda, Patr\u00edcia, Poliana, Rosa, Soraya, Thalita, Carlos Alfeu, Jo\u00e3o Carlos e Lel\u00e9.<\/p>\n<p><img loading=\"lazy\" decoding=\"async\" class=\"alignnone size-full wp-image-2686 aligncenter\" src=\"https:\/\/www.ufmg.br\/dti\/wp-content\/uploads\/sites\/2\/2018\/05\/maes.jpg\" alt=\"dia das m\u00e3es\" width=\"553\" height=\"760\" \/><\/p>\n<p><a name=\"e2\"><\/a><span style=\"color: #1e73be\"><strong>Sociais<\/strong><\/span><\/p>\n<p><strong>ANIVERS\u00c1RIOS<\/strong>:<\/p>\n<p>&#8220;O Sistem\u00e1tico&#8221; envia os parab\u00e9ns para Lucas Silva Andrade, no dia 10; Renato S\u00e9rgio Lopes, no dia 13; Felipe Ribeiro de Oliveira, no dia 15; David Eust\u00e1quio da Silva, no dia 17; e para os ex-ceconianos: Ant\u00f4nia Dalva Cunha, no dia 10; Carolina Lauriano da Silva e Maria das Gra\u00e7as Santa B\u00e1rbara, no dia 11; Maria de F\u00e1tima Vaz de Oliveira, no dia 13; Rafael Henrique Soares Oliveira, no dia 15; e Paulo N\u00e9lio Lage Malvar, no dia 16.CASAMENTO:\u00a0C\u00edntia Campos Silva e Alex Soares Coutinho comunicam seu casamento, ocorrido no dia 05 de maio de 2018. O Sistem\u00e1tico, em nome de todos, envia as felicita\u00e7\u00f5es.<br \/>\n&nbsp;<\/p>\n","protected":false},"excerpt":{"rendered":"<p>Not\u00edcias: DIARQ e CECOM preparam curso sobre o SEI. CECOM tem trabalho aprovado para o WTICIFES 2018. CECOM tem nova estagi\u00e1ria. Informativo: Viajando pelo Universo: Espa\u00e7o do Conhecimento UFMG tem Observa\u00e7\u00e3o do C\u00e9u, Sess\u00f5es de Planet\u00e1rio e Oficinas em maio. 19a. Feira de Artesanato do Vale do Jequitinhonha. Eventos: Dia das M\u00e3es. Sociais. \u00a0Vers\u00e3o em &#8230; <a title=\"Sistem\u00e1tico: Edi\u00e7\u00e3o 1724 &#8211; 10\/05\/2018\" class=\"read-more\" href=\"https:\/\/www.ufmg.br\/dti\/2018\/05\/25\/sistematico-edicao-1724-10052018\/\" aria-label=\"Read more about Sistem\u00e1tico: Edi\u00e7\u00e3o 1724 &#8211; 10\/05\/2018\">Ler mais<\/a><\/p>\n","protected":false},"author":3,"featured_media":2683,"comment_status":"open","ping_status":"open","sticky":false,"template":"","format":"standard","meta":{"inline_featured_image":false,"footnotes":""},"categories":[15,14,13],"tags":[],"coauthors":[79,58],"class_list":["post-3315","post","type-post","status-publish","format-standard","has-post-thumbnail","hentry","category-area-2-noticias-destaque","category-noticia-detaque3-dti","category-sistematico"],"_links":{"self":[{"href":"https:\/\/www.ufmg.br\/dti\/wp-json\/wp\/v2\/posts\/3315","targetHints":{"allow":["GET"]}}],"collection":[{"href":"https:\/\/www.ufmg.br\/dti\/wp-json\/wp\/v2\/posts"}],"about":[{"href":"https:\/\/www.ufmg.br\/dti\/wp-json\/wp\/v2\/types\/post"}],"author":[{"embeddable":true,"href":"https:\/\/www.ufmg.br\/dti\/wp-json\/wp\/v2\/users\/3"}],"replies":[{"embeddable":true,"href":"https:\/\/www.ufmg.br\/dti\/wp-json\/wp\/v2\/comments?post=3315"}],"version-history":[{"count":0,"href":"https:\/\/www.ufmg.br\/dti\/wp-json\/wp\/v2\/posts\/3315\/revisions"}],"wp:attachment":[{"href":"https:\/\/www.ufmg.br\/dti\/wp-json\/wp\/v2\/media?parent=3315"}],"wp:term":[{"taxonomy":"category","embeddable":true,"href":"https:\/\/www.ufmg.br\/dti\/wp-json\/wp\/v2\/categories?post=3315"},{"taxonomy":"post_tag","embeddable":true,"href":"https:\/\/www.ufmg.br\/dti\/wp-json\/wp\/v2\/tags?post=3315"},{"taxonomy":"author","embeddable":true,"href":"https:\/\/www.ufmg.br\/dti\/wp-json\/wp\/v2\/coauthors?post=3315"}],"curies":[{"name":"wp","href":"https:\/\/api.w.org\/{rel}","templated":true}]}}