{"id":3316,"date":"2018-06-07T19:48:52","date_gmt":"2018-06-07T22:48:52","guid":{"rendered":"https:\/\/www.ufmg.br\/dti\/cecom\/?p=2703"},"modified":"2018-06-07T19:48:52","modified_gmt":"2018-06-07T22:48:52","slug":"sistematico-edicao-1725-17052018","status":"publish","type":"post","link":"https:\/\/www.ufmg.br\/dti\/2018\/06\/07\/sistematico-edicao-1725-17052018\/","title":{"rendered":"Sistem\u00e1tico: Edi\u00e7\u00e3o 1725 &#8211; 17\/05\/2018"},"content":{"rendered":"<p><a href=\"\/dti\/#noticias\">Not\u00edcias:<\/a><\/p>\n<ul>\n<li><a href=\"\/dti\/#n1\">CECOM promove curso de nivelamento sobre o SEI.<\/a><\/li>\n<li><a href=\"\/dti\/#n2\">DRC divulga andamento da implanta\u00e7\u00e3o do IPV6 na UFMG.<\/a><\/li>\n<li><a href=\"\/dti\/#n3\">AMC Inform\u00e1tica faz treinamento sobre a nova impressora.<\/a><\/li>\n<\/ul>\n<p><a href=\"\/dti\/#informativo\">Informativo:<\/a><\/p>\n<ul>\n<li><a href=\"\/dti\/#i1\">&#8220;Idiomas sem Fronteiras&#8221; recebe inscri\u00e7\u00f5es para cursos gratuitos de Ingl\u00eas.<\/a><\/li>\n<li><a href=\"\/dti\/#i2\">H\u00e1 20 anos&#8230;<\/a><\/li>\n<\/ul>\n<p><a href=\"\/dti\/#eventos\">Eventos:<\/a><\/p>\n<ul>\n<li><a href=\"\/dti\/#e1\">Sociais.<\/a><\/li>\n<li><a href=\"\/dti\/#e2\">Mem\u00f3ria Fotogr\u00e1fica do CECOM.<\/a><\/li>\n<\/ul>\n<p><img loading=\"lazy\" decoding=\"async\" class=\"alignnone size-full wp-image-1663\" src=\"https:\/\/www.ufmg.br\/dti\/wp-content\/uploads\/sites\/2\/2016\/10\/pdf.png\" alt=\"pdf\" width=\"25\" height=\"25\" \/>\u00a0<a href=\"https:\/\/www.ufmg.br\/dti\/wp-content\/uploads\/sites\/2\/2018\/06\/Sist11_2018-A4.pdf\" target=\"_blank\">Vers\u00e3o em PDF<\/a><\/p>\n<p><a name=\"noticias\"><\/a><\/p>\n<h2>Noticias<\/h2>\n<p><a name=\"n1\"><\/a><span style=\"color: #1e73be\"><strong>CECOM promove curso de nivelamento sobre o SEI<\/strong><\/span><\/p>\n<p>Est\u00e1 marcado para o per\u00edodo de 22 a 24 de maio um curso sobre o SEI, organizado pela DiArq e CECOM, para funcion\u00e1rios da UFMG. Como j\u00e1 foi divulgado, antes desse curso, a DPS &#8211; Divis\u00e3o de Processos e Seguran\u00e7a e DIS &#8211; Divis\u00e3o de Infraestrutura e Servi\u00e7os, est\u00e3o promovendo hoje e amanh\u00e3, um curso de nivelamento de conhecimento da equipe do Projeto Piloto na ferramenta SEI.<\/p>\n<p>O curso est\u00e1 acontecendo na Sala de Aulas do CECOM, no subsolo da Reitoria, no hor\u00e1rio de 9h \u00e0s 12h. A apresenta\u00e7\u00e3o est\u00e1 a cargo de Marcelo Lacerda Garcia, da DPS, e de Gessy Caetano da Silva, da DIS, que est\u00e3o demonstrando as principais funcionalidades do sistema, alinhando expectativas e estabelecendo uma comunica\u00e7\u00e3o efetiva entre os participantes. Com isso, ser\u00e3o sanadas d\u00favidas sobre o SEI, promovendo tamb\u00e9m d\u00favidas para serem apresentadas no curso da pr\u00f3xima semana com o instrutor da Universidade de Bras\u00edlia.<\/p>\n<p>Est\u00e3o participando do curso de nivelamento: C\u00e9lia Shneider (EBA), Daniel de Brito Paix\u00e3o (Diarq), \u00c9rika Campos Martins Fernandes (Diarq), Franciane Ester de Souza (Fafich), Janice Pereira Costa (DCF), Jos\u00e9 Carlos Tadeu (DLO), Karina Flaviana Ribeiro<\/p>\n<p>(Vice-Diretora do CECOM), Lilian Aparecida Moreira Reis (Diarq), Maria Juliana Nunes da Silva (Diretora da Diarq), Ronald Marcelo Tataro (Fafich), Thalita Ferreira Drumond (CECOM) e Wander Paulo Rocha Cust\u00f3dio (DLO).<\/p>\n<figure id=\"attachment_2706\" aria-describedby=\"caption-attachment-2706\" style=\"width: 485px\" class=\"wp-caption aligncenter\"><img loading=\"lazy\" decoding=\"async\" class=\"size-full wp-image-2706\" src=\"https:\/\/www.ufmg.br\/dti\/wp-content\/uploads\/sites\/2\/2018\/06\/Sist1H52.jpg\" alt=\"Os participantes do curso de nivelamento sobre o SEI\" width=\"495\" height=\"293\" \/><figcaption id=\"caption-attachment-2706\" class=\"wp-caption-text\">Os participantes do curso de nivelamento sobre o SEI<\/figcaption><\/figure>\n<p>&nbsp;<\/p>\n<p><a name=\"n2\"><\/a><span style=\"color: #1e73be\"><strong>DRC divulga andamento da implanta\u00e7\u00e3o do IPV6 na UFMG<\/strong><\/span><\/p>\n<p>A DRC (Divis\u00e3o de Redes de Comunica-\u00e7\u00e3o) \u00e9 a respons\u00e1vel pela gest\u00e3o das redes de dados institucionais da UFMG, tanto a rede cabeada quanto a rede sem fio.<\/p>\n<p>Na \u00e1rea de redes, muito tem sido comentado a respeito do IPv6 e da sua necessidade de implanta\u00e7\u00e3o. Por isso, a DRC tem tratado do tema e preparado a\u00e7\u00f5es que encaminhem para sua implanta\u00e7\u00e3o total.<\/p>\n<p><strong>Mas o que \u00e9 o IPv6?<\/strong><\/p>\n<p>Cada dispositivo que se conecta na internet recebe um endere\u00e7o IP (Internet Protocol), que \u00e9 um n\u00famero \u00fanico. Na vers\u00e3o 4 (IPv4) a numera\u00e7\u00e3o \u00e9 composta por 32 bits e possibilita a distribui\u00e7\u00e3o de 4.294.967.296 endere\u00e7os.<\/p>\n<p>Apesar de parecer uma grande quantidade de endere\u00e7os, eles est\u00e3o acabando e j\u00e1 esgotaram-se em alguns locais do mundo. Este esgotamento se deve, principalmente, \u00e0 m\u00e1 pol\u00edtica de distribui\u00e7\u00e3o adotada no passado. Algumas medidas foram adotadas para adiar o esgotamento, mas j\u00e1 n\u00e3o s\u00e3o mais suficientes.<\/p>\n<p>A vers\u00e3o 6 (IPv6) \u00e9 composta por 128 bits possibilitando a distribui\u00e7\u00e3o de 340.282.366.920.938.463.463.374.607.431.768.211.456 endere\u00e7os e utiliza base hexadecimal para representa\u00e7\u00e3o.<\/p>\n<p>O IPv6 veio para, al\u00e9m de aumentar a quantidade de endere\u00e7os, tamb\u00e9m suprir algumas defici\u00eancias do IPv4, al\u00e9m de melhorias.<\/p>\n<p>Em uma \u00e9poca em que in\u00fameros dispositivos se conectam \u00e0 rede e se fala na &#8220;internet das coisas&#8221; esta amplia\u00e7\u00e3o de endere\u00e7os \u00e9 fundamental para viabilizar o que se vislumbra em futuro pr\u00f3ximo.<\/p>\n<p><strong>Como est\u00e1 a implementa\u00e7\u00e3o do IPv6 na UFMG?<\/strong><\/p>\n<p>Neste momento, aproximadamente 90% dos equipamentos (roteadores e switches) distribuem endere\u00e7os IPv6. No IPv4, com o qual a maioria das pessoas j\u00e1 est\u00e1 acostumada, o prefixo da rede na UFMG \u00e9 o 150.164. J\u00e1 com o IPv6 o prefixo passa a ser 2001:12f0:601::\/48.<\/p>\n<p>Algumas unidades j\u00e1 utilizam IPv6 em esta\u00e7\u00f5es e servidores em car\u00e1ter de teste. A expectativa \u00e9 que a distribui\u00e7\u00e3o para todas as unidades se dar\u00e1 em breve.<\/p>\n<p>A DRC est\u00e1 trabalhando para automatizar a entrega dos endere\u00e7os, bem como a configura\u00e7\u00e3o do reverso no DNS. Possivelmente, a rede sem fio ser\u00e1 a primeira a distribuir os endere\u00e7os desta forma.<\/p>\n<p><strong>Por que a UFMG ainda n\u00e3o distribuiu os endere\u00e7os?<\/strong><\/p>\n<p>A raz\u00e3o principal \u00e9 que alguns sistemas externos, por exemplo, os de sites de peri\u00f3dicos, autenticam o acesso utilizando o endere\u00e7amento IP e alguns, como os da IEEE e da CAPES, tiveram problemas com a autentica\u00e7\u00e3o utilizando IPv6. Assim, por enquanto, a DRC orienta e mant\u00e9m a utiliza\u00e7\u00e3o de IPv4 para acesso a estes portais.<\/p>\n<p>As pessoas que quiserem mais informa\u00e7\u00f5es sobre o IPv6 e, principalmente, os envolvidos com a administra\u00e7\u00e3o da rede da UFMG, podem estudar mais sobre o assunto. Existe muito material na internet. Duas dicas: o livrohttp:\/\/ipv6.br\/pagina\/livro-ipv6\/\u00a0e o curso http:\/\/ipv6.br.<\/p>\n<p><a name=\"n3\"><\/a><span style=\"color: #1e73be\"><strong>AMC Inform\u00e1tica faz treinamento sobre a nova impressora<\/strong><\/span><\/p>\n<p>A UFMG firmou contrato com a empresa AMC Inform\u00e1tica Ltda.,\u00a0cujo objeto \u00e9 a presta\u00e7\u00e3o dos servi\u00e7os de impress\u00e3o, c\u00f3pia e digitaliza\u00e7\u00e3o &#8211; do tipo Outsourcing de Impress\u00e3o Departamental.<\/p>\n<p>Ap\u00f3s a instala\u00e7\u00e3o da impressora, a empresa esteve no CECOM, no dia 16\/05, para um treinamento com os funcion\u00e1rios indicados pela Diretoria.<\/p>\n<p>O treinamento, com dura\u00e7\u00e3o de 2 horas\/aula foi de utiliza\u00e7\u00e3o da impressora Kyocera M3550idn, com \u00eanfase \u00e0 utiliza\u00e7\u00e3o do painel de opera\u00e7\u00e3o (visualiza\u00e7\u00e3o de mensagens de alertas e erros), impress\u00e3o de um lado, e frente e verso, c\u00f3pia e digitaliza\u00e7\u00e3o, configura\u00e7\u00e3o, alimenta\u00e7\u00e3o e retirada de papel, impress\u00e3o de relat\u00f3rios, resolu\u00e7\u00e3o de problemas, desobstru\u00e7\u00e3o de papel no interior da impressora, substitui\u00e7\u00e3o de suprimentos. Al\u00e9m da instru\u00e7\u00e3o de uso da impressora, os participantes do treinamento receberam instru\u00e7\u00e3o de procedimentos para abertura de requisi\u00e7\u00e3o (reposi\u00e7\u00e3o de suprimentos), abertura de chamado para assist\u00eancia t\u00e9cnica e coleta de suprimentos vazios.<\/p>\n<p>O instrutor foi Leandro Guedes de OIiveira e o treinamento ocorreu na sala onde fica localizada a impressora do CECOM, no 8o. andar. Participaram do treinamento: Luciano Massahud de Sousa, Sadallo Andere Neto e Maria Auxiliadora dos Santos.<\/p>\n<figure id=\"attachment_2707\" aria-describedby=\"caption-attachment-2707\" style=\"width: 432px\" class=\"wp-caption aligncenter\"><img loading=\"lazy\" decoding=\"async\" class=\"size-full wp-image-2707\" src=\"https:\/\/www.ufmg.br\/dti\/wp-content\/uploads\/sites\/2\/2018\/06\/Sist1H53.jpg\" alt=\"Sadallo, Luciano e o instrutor Leandro Guedes\" width=\"442\" height=\"479\" \/><figcaption id=\"caption-attachment-2707\" class=\"wp-caption-text\">Sadallo, Luciano e o instrutor Leandro Guedes<\/figcaption><\/figure>\n<p><a name=\"informativo\"><\/a><\/p>\n<h2>Informativo<\/h2>\n<p><a name=\"i1\"><\/a><span style=\"color: #1e73be\"><strong>&#8220;Idiomas sem Fronteiras&#8221; recebe inscri\u00e7\u00f5es para cursos gratuitos de Ingl\u00eas<\/strong><\/span><\/p>\n<p>Ser\u00e3o ofertadas cinco forma\u00e7\u00f5es com carga de 16 horas cada; atividades come\u00e7am em junho<\/p>\n<p>Estudantes e servidores docentes e t\u00e9cnico-administrativos interessados em realizar gratuitamente cursos presenciais de ingl\u00eas poder\u00e3o se inscrever para a quarta oferta do Programa Idiomas sem Fronteiras. As inscri\u00e7\u00f5es est\u00e3o abertas at\u00e9 ter\u00e7a-feira, 22 de maio, e as as aulas ter\u00e3o in\u00edcio no dia 4 de junho.<\/p>\n<p>Com o objetivo de desenvolver habilidades lingu\u00edsticas para internacionaliza\u00e7\u00e3o e prepara\u00e7\u00e3o para o contexto acad\u00eamico, os cursos desta oferta s\u00e3o: Produ\u00e7\u00e3o escrita: abstracts, Produ\u00e7\u00e3o escrita: essay, Produ\u00e7\u00e3o escrita: Cartas de apresenta\u00e7\u00e3o, Compreens\u00e3o oral: palestras e aulas e Mobilidade acad\u00eamica internacional: primeiros passos. Todos os cursos t\u00eam carga de 16 horas.<\/p>\n<p>Est\u00e3o aptos a se inscrever todos os estudantes de gradua\u00e7\u00e3o, mestrado e doutorado de qualquer \u00e1rea de conhecimento, al\u00e9m de professores e t\u00e9cnico-administrativos com v\u00ednculo ativo na UFMG.<\/p>\n<p>O interessado deve ter v\u00ednculo ativo na plataforma do curso de Ingl\u00eas My English Online (MEO) ou j\u00e1 ter realizado o TOEFL ITP por meio do Programa IsF &#8211; Ingl\u00eas. Para mais informa\u00e7\u00f5es, acesse o edital do processo seletivo no site do IsF.<\/p>\n<p>Ao longo de 2018 ser\u00e3o feitas nove ofertas de cursos presenciais gratuitos na UFMG por meio do Idiomas Sem Fronteiras. Confira o cronograma das pr\u00f3ximas ofertas.<\/p>\n<p>(Setor de Comunica\u00e7\u00e3o da DRI)<\/p>\n<p>(Fonte: https:\/\/ufmg.br\/comunicacao\/noticias\/programa-idiomas-sem -fronteiras-abre-inscricoes-para-cursos-presenciais-de-ingles-gratuitos- 17\/05\/2018)<\/p>\n<p><a name=\"i2\"><\/a><span style=\"color: #1e73be\"><strong>H\u00e1 20 anos&#8230;<\/strong><\/span><\/p>\n<p>H\u00c1 20 ANOS&#8230;<\/p>\n<p>O Sistem\u00e1tico Ano XXII, no.14, de 14\/05\/1998, publicou not\u00edcias sobre Coordena\u00e7\u00e3o do Vestibular, visita ao CECOM, evento Developer Days, Inforuso Sucesu 98, atualiza\u00e7\u00e3o de antiv\u00edrus, ferramenta de busca na Internet\u00a0&#8220;Fam\u00edlia Miner&#8221;, entre outras, al\u00e9m do artigoP\u00e9rolas da Tradu\u00e7\u00e3o Autom\u00e1tica, de autoria de Aleixina Maria Lopes Anal\u00e9cio. A not\u00edcia que se destacou foi:<\/p>\n<p><strong>PROJETOS ENVIADOS AO MEC<\/strong><\/p>\n<p>Na \u00faltima semana do m\u00eas de abril, com a participa\u00e7\u00e3o dos Analistas Carlos Alfeu Furtado da Fonseca, Fernando Frota Machado de Morais, Aleixina Maria Lopes Andal\u00e9cio, do CECOM, e Celso Souza Lima, do LCC\/CENAPAD, foram elaborados projetos coordenados pelo Assessor de Tecnologia da Informa\u00e7\u00e3o, prof. M\u00e1rcio Luiz Bunte de Carvalho, para<\/p>\n<p>pleito de recursos or\u00e7ament\u00e1rios junto ao MEC\/SESU, para amplia\u00e7\u00e3o da capilaridade da rede UFMG e dos recursos computacionais destinados \u00e0 gradua\u00e7\u00e3o.<\/p>\n<p>Esta semana, a Diretoria do CECOM providenciar\u00e1 c\u00f3pias dos projetos, que ser\u00e3o disponibilizados para consulta na INTRANET do CECOM, com acesso restrito \u00e0s suas divis\u00f5es.<\/p>\n<p>&nbsp;<\/p>\n<p><a name=\"eventos\"><\/a><\/p>\n<h2>Eventos<\/h2>\n<p><a name=\"e1\"><\/a><span style=\"color: #1e73be\"><strong>Sociais<\/strong><\/span><\/p>\n<p><strong>ANIVERS\u00c1RIOS<\/strong>: &#8220;O Sistem\u00e1tico&#8221; envia os parab\u00e9ns para David Eust\u00e1quio da Silva, hoje, dia 17; Leonardo Freitas da Silva Pereira, no dia 24; e para os ex-ceconianos: Eduardo Costa e Silva e Roberto da Silva Bigonha, no dia 19; Bianca Tereza da Silva Alves, no dia 21; Wang Kui Ying, no dia 22; e Jonas Fernandes Campos, no dia 23.<\/p>\n<p><a name=\"e2\"><\/a><span style=\"color: #1e73be\"><strong>Mem\u00f3ria Fotogr\u00e1fica do CECOM<\/strong><\/span><\/p>\n<p>No per\u00edodo de 07 a 10 de maio, Campos do Jord\u00e3o\/SP, recebeu o Workshop da RNP e o 36o. Simp\u00f3sio Brasileiro de Redes de Computadores e Sistemas Distribu\u00eddos (SBRC). Representando a Diretoria de Tecnologia da Informa\u00e7\u00e3o, estiveram presentes o Professor Dorgival Olavo Guedes Neto, Diretor de TI, e os Analistas de TI do CECOM, Ant\u00f4nio Higino Manoel Machado e Douglas Santos, da DRC &#8211; Divis\u00e3o de Redes de Computadores.<\/p>\n<p>Ant\u00f4nio Higino e Douglas participaram de v\u00e1rios minicursos e as fotos desta semana foram tiradas durante a realiza\u00e7\u00e3o dos mesmos. Fotos cedidas pelo Douglas.<\/p>\n<p><img loading=\"lazy\" decoding=\"async\" class=\"alignnone size-full wp-image-2708 aligncenter\" src=\"https:\/\/www.ufmg.br\/dti\/wp-content\/uploads\/sites\/2\/2018\/06\/sist1725.jpg\" alt=\"Fotos\" width=\"723\" height=\"798\" \/><\/p>\n","protected":false},"excerpt":{"rendered":"<p>Not\u00edcias: CECOM promove curso de nivelamento sobre o SEI. DRC divulga andamento da implanta\u00e7\u00e3o do IPV6 na UFMG. AMC Inform\u00e1tica faz treinamento sobre a nova impressora. Informativo: &#8220;Idiomas sem Fronteiras&#8221; recebe inscri\u00e7\u00f5es para cursos gratuitos de Ingl\u00eas. H\u00e1 20 anos&#8230; Eventos: Sociais. Mem\u00f3ria Fotogr\u00e1fica do CECOM. \u00a0Vers\u00e3o em PDF Noticias CECOM promove curso de nivelamento &#8230; <a title=\"Sistem\u00e1tico: Edi\u00e7\u00e3o 1725 &#8211; 17\/05\/2018\" class=\"read-more\" href=\"https:\/\/www.ufmg.br\/dti\/2018\/06\/07\/sistematico-edicao-1725-17052018\/\" aria-label=\"Read more about Sistem\u00e1tico: Edi\u00e7\u00e3o 1725 &#8211; 17\/05\/2018\">Ler mais<\/a><\/p>\n","protected":false},"author":3,"featured_media":2706,"comment_status":"open","ping_status":"open","sticky":false,"template":"","format":"standard","meta":{"inline_featured_image":false,"footnotes":""},"categories":[15,14,13],"tags":[],"coauthors":[79,58],"class_list":["post-3316","post","type-post","status-publish","format-standard","has-post-thumbnail","hentry","category-area-2-noticias-destaque","category-noticia-detaque3-dti","category-sistematico"],"_links":{"self":[{"href":"https:\/\/www.ufmg.br\/dti\/wp-json\/wp\/v2\/posts\/3316","targetHints":{"allow":["GET"]}}],"collection":[{"href":"https:\/\/www.ufmg.br\/dti\/wp-json\/wp\/v2\/posts"}],"about":[{"href":"https:\/\/www.ufmg.br\/dti\/wp-json\/wp\/v2\/types\/post"}],"author":[{"embeddable":true,"href":"https:\/\/www.ufmg.br\/dti\/wp-json\/wp\/v2\/users\/3"}],"replies":[{"embeddable":true,"href":"https:\/\/www.ufmg.br\/dti\/wp-json\/wp\/v2\/comments?post=3316"}],"version-history":[{"count":0,"href":"https:\/\/www.ufmg.br\/dti\/wp-json\/wp\/v2\/posts\/3316\/revisions"}],"wp:featuredmedia":[{"embeddable":true,"href":"https:\/\/www.ufmg.br\/dti\/wp-json\/wp\/v2\/epkb_post_type_1\/2706"}],"wp:attachment":[{"href":"https:\/\/www.ufmg.br\/dti\/wp-json\/wp\/v2\/media?parent=3316"}],"wp:term":[{"taxonomy":"category","embeddable":true,"href":"https:\/\/www.ufmg.br\/dti\/wp-json\/wp\/v2\/categories?post=3316"},{"taxonomy":"post_tag","embeddable":true,"href":"https:\/\/www.ufmg.br\/dti\/wp-json\/wp\/v2\/tags?post=3316"},{"taxonomy":"author","embeddable":true,"href":"https:\/\/www.ufmg.br\/dti\/wp-json\/wp\/v2\/coauthors?post=3316"}],"curies":[{"name":"wp","href":"https:\/\/api.w.org\/{rel}","templated":true}]}}