{"id":3320,"date":"2018-06-28T09:21:06","date_gmt":"2018-06-28T12:21:06","guid":{"rendered":"https:\/\/www.ufmg.br\/dti\/cecom\/?p=2765"},"modified":"2018-06-28T09:21:06","modified_gmt":"2018-06-28T12:21:06","slug":"sistematico-edicao-1729-21062018","status":"publish","type":"post","link":"https:\/\/www.ufmg.br\/dti\/2018\/06\/28\/sistematico-edicao-1729-21062018\/","title":{"rendered":"Sistem\u00e1tico: Edi\u00e7\u00e3o 1729 &#8211; 21\/06\/2018"},"content":{"rendered":"<p><a href=\"\/dti\/#noticias\">Not\u00edcias:<\/a><\/p>\n<ul>\n<li><a href=\"\/dti\/#n1\">CECOM finaliza a revis\u00e3o t\u00e9cnica da Rede da Reitoria<\/a>.<\/li>\n<li><a href=\"\/dti\/#n2\">UFMG substitui operadora de telefonia<\/a>.<\/li>\n<li><a href=\"\/dti\/#n3\">DTI refor\u00e7a gratuidade para liga\u00e7\u00f5es ramal a ramal.<\/a><\/li>\n<li><a href=\"\/dti\/#n4\">DRH entrega certificados de treinamento do Extrator de Dados e DW do SIAPE.<\/a><\/li>\n<li><a href=\"\/dti\/#n5\">Comemorado o anivers\u00e1rio de O Sistem\u00e1tico.<\/a><\/li>\n<\/ul>\n<p><a href=\"\/dti\/#informativo\"> Informativo:<\/a><\/p>\n<ul>\n<li><a href=\"\/dti\/#i1\">Expediente da UFMG em dias de jogos do Brasil na Copa do Mundo.<\/a><\/li>\n<li><a href=\"\/dti\/#i2\">Filia\u00e7\u00e3o Semestral do CEU &#8211; Centro Esportivo Universit\u00e1rio<\/a>.<\/li>\n<li><a href=\"\/dti\/#i3\">PRA promove coleta de res\u00edduos eletroeletr\u00f4nicos<\/a>.<\/li>\n<li><a href=\"\/dti\/#i4\">5o. Festival de Inverno da UFMG oferece programa\u00e7\u00e3o gratuita; inscri\u00e7\u00f5es est\u00e3o abertas.<\/a><\/li>\n<li><a href=\"\/dti\/#i5\">H\u00e1 20 anos&#8230;.<\/a><\/li>\n<\/ul>\n<p><a href=\"\/dti\/#eventos\">Eventos:<\/a><\/p>\n<ul>\n<li><a href=\"\/dti\/#e1\">Sociais.<\/a><\/li>\n<li><a href=\"\/dti\/#e2\">Mem\u00f3ria Fotogr\u00e1fica do CECOM.<\/a><\/li>\n<\/ul>\n<p><img loading=\"lazy\" decoding=\"async\" class=\"alignnone size-full wp-image-1663\" src=\"https:\/\/www.ufmg.br\/dti\/wp-content\/uploads\/sites\/2\/2016\/10\/pdf.png\" alt=\"pdf\" width=\"25\" height=\"25\" \/>\u00a0<a href=\"https:\/\/www.ufmg.br\/dti\/wp-content\/uploads\/sites\/2\/2018\/06\/Sist15_2018-A4.pdf\" target=\"_blank\">Vers\u00e3o em PDF<\/a><\/p>\n<p><a name=\"noticias\"><\/a><\/p>\n<h2>Noticias<\/h2>\n<p><a name=\"n1\"><\/a><span style=\"color: #1e73be\"><strong>CECOM finaliza a revis\u00e3o t\u00e9cnica da Rede da Reitoria<\/strong><\/span><\/p>\n<p>Desde agosto de 2017, o CECOM vinha realizando atividades de melhoria na infraestrutura da rede cabeada do pr\u00e9dio da Reitoria. Essas atividades tinham o objetivo de reestruturar e organizar cabos, dutos, salas, racks e equipamentos.<\/p>\n<p>Dando continuidade a estes, a DRC &#8211; Divis\u00e3o de Redes de Comunica\u00e7\u00e3o finalizou nesta semana a reorganiza\u00e7\u00e3o do rack do 6o. andar, completando os trabalhos no pr\u00e9dio.<\/p>\n<p>Agora que a infraestrutura foi organizada e identificada, ser\u00e3o realizadas configura\u00e7\u00f5es para monitorar o funcionamento dos equipamentos via software Zabbix. Este software livre monitora v\u00e1rios par\u00e2metros da rede, dos servidores e da sa\u00fade dos servi\u00e7os. Ele utiliza um mecanismo flex\u00edvel de notifica\u00e7\u00e3o que permite configurar alertas por e-mail para praticamente qualquer evento. O monitoramento por meio do Zabbix facilitar\u00e1 a identifica\u00e7\u00e3o de problemas e a realiza\u00e7\u00e3o de a\u00e7\u00f5es corretivas, bem como o registro de consumo de banda das portas de comunica\u00e7\u00e3o de rede.<\/p>\n<p>As atividades foram realizadas pelos analistas Ant\u00f4nio Higino Manoel Machado, Douglas Santos e Andr\u00e9 Rodrigues Drummond.<\/p>\n<p><a name=\"n2\"><\/a><span style=\"color: #1e73be\"><strong>UFMG substitui operadora de telefonia fixa<\/strong><\/span><\/p>\n<p>Em raz\u00e3o de licita\u00e7\u00e3o recentemente realizada, a Embratel-Claro passar\u00e1 a fornecer servi\u00e7os de telefonia fixa para a UFMG em substitui\u00e7\u00e3o \u00e0 Oi. A troca n\u00e3o implica mudan\u00e7as na numera\u00e7\u00e3o dos telefones, e a portabilidade num\u00e9rica dos prefixos 3409 (Belo Horizonte) e 2101 (Montes Claros) ser\u00e1 processada com interrup\u00e7\u00f5es parciais do sistema de telefonia.<\/p>\n<p>No in\u00edcio de junho, foi feita a portabilidade no Campus Sa\u00fade e Centro Cultural. (Fonte:\u00a0<a href=\"https:\/\/ufmg.br\/comunicacao\/noticias\/ufmg-substitui-operadora-de-telefonia-fixa\" target=\"_blank\">https:\/\/ufmg.br\/comunicacao\/noticias\/ufmg-substitui-operadora-de-telefonia-fixa <\/a>&#8211; 08\/06\/2018)<\/p>\n<p>Ontem, dia 20, foi a vez no Museu de Hist\u00f3ria Natural e Jardim Bot\u00e2nico e ICA &#8211; Instituto de Ci\u00eancias Agr\u00e1rias, em Montes Claros.<\/p>\n<p>Os demais locais ser\u00e3o oportunamente notificados quando da realiza\u00e7\u00e3o das migra\u00e7\u00f5es. Restam o Campus Pampulha e unidades do milhar 8000.<\/p>\n<p>Todo esse trabalho est\u00e1 sendo conduzido pela equipe da DRC &#8211; Divis\u00e3o de Redes de Comunica\u00e7\u00e3o. Est\u00e3o respons\u00e1veis: Os\u00e9ias Geraldo Bessa Viana, Edgard Eust\u00e1quio de Morais, sob a coordena\u00e7\u00e3o de David Eust\u00e1quio da Silva.<\/p>\n<p><a name=\"n3\"><\/a><span style=\"color: #1e73be\"><strong>DTI refor\u00e7a gratuidade para liga\u00e7\u00f5es ramal a ramal<\/strong><\/span><\/p>\n<p>Como a UFMG est\u00e1 em processo de transi\u00e7\u00e3o de fornecedores dos servi\u00e7os de telefonia fixa, algumas unidades j\u00e1 est\u00e3o sendo servidas pela empresa Embratel\/ Claro, enquanto outras ainda est\u00e3o sendo atendidas pela empresa Oi.<\/p>\n<p>A DTI &#8211; Diretoria de Tecnologia da Informa\u00e7\u00e3o refor\u00e7a que as liga\u00e7\u00f5es entre ramais da UFMG s\u00e3o gratuitas, valendo para os prefixos 3409 (Belo Horizonte) e 2101 (Montes Claros).<\/p>\n<p>Entretanto, para n\u00e3o haver cobran\u00e7a, \u00e9 preciso utilizar apenas os 4 d\u00edgitos do ramal, sem o prefixo. Por exemplo, para o n\u00famero 3409-3333, utiliza-se na discagem apenas 3333.<\/p>\n<p>As \u00fanicas exce\u00e7\u00f5es s\u00e3o o MHNJB e o Centro Cultural. Para essas localidades, por raz\u00f5es t\u00e9cnicas, deve ser discado o n\u00famero completo, utilizando-se os 8 d\u00edgitos (3409- 7600, por exemplo).<\/p>\n<p><a name=\"n4\"><\/a><span style=\"color: #1e73be\"><strong>DRH entrega certificados de treinamento do Extrator de Dados e DW do SIAPE<\/strong><\/span><\/p>\n<p>O CECOM recebeu, esta semana, os certificados dos participantes do CECOM no treinamento Ferramentas do Extrator de Dados e DW &#8211; Data Warehouse do SIAPE, realizado em abril deste ano.<\/p>\n<p>O treinamento, viabilizado com instrutor do Minist\u00e9rio do Planejamento, Desenvolvimento e Gest\u00e3o, numa parceria do DAP\/ProRH e CECOM, foi realizado de 02 a 06 de abril de 2018.<\/p>\n<p>Os participantes do curso, que foram: Helv\u00e9cio Cossenzo Pinto, Jo\u00e3o Carlos Lages, Marco T\u00falio Domingues do Amaral, Maximiliano Luiz Souza Guimar\u00e3es e Rafael Rocha, podem procurar os certificados na Sala 8038-B, com Lel\u00e9.<\/p>\n<p>Os demais participantes do curso receber\u00e3o os cert ificados em suas unidades, conforme informado pelo DRH.<\/p>\n<p><a name=\"n5\"><\/a><span style=\"color: #1e73be\"><strong>\u00a0Comemorado o anivers\u00e1rio do Sistem\u00e1tico<\/strong><\/span><\/p>\n<p>A Reda\u00e7\u00e3o do jornal do CECOM n\u00e3o poderia deixar de comemorar o 41o. anivers\u00e1rio de O Sistem\u00e1tico, completado no dia 16 de junho. Ent\u00e3o, programou para o dia 19 a comemora\u00e7\u00e3o junto com todos os ceconianos. O evento teve lugar na Sala de Conviv\u00eancia do 8o. andar, com direito a bolo e refrigerantes, al\u00e9m da presen\u00e7a do boneco do Sistem\u00e1tico.<\/p>\n<p>A Reda\u00e7\u00e3o agradece a presen\u00e7a e a alegria de todos em comemorar a data. E que venham muitos anivers\u00e1rios pela frente!<\/p>\n<p>As fotos s\u00e3o de autoria da Eliz.<\/p>\n<p style=\"text-align: center\"><img loading=\"lazy\" decoding=\"async\" class=\"aligncenter size-full wp-image-2783\" src=\"https:\/\/www.ufmg.br\/dti\/wp-content\/uploads\/sites\/2\/2018\/06\/Sist15_2018_1.png\" alt=\"sist15_2018_1\" width=\"750\" height=\"955\" \/><\/p>\n<p><a name=\"informativo\"><\/a><\/p>\n<h2>Informativo<\/h2>\n<p><a name=\"i1\"><\/a><span style=\"color: #1e73be\"><strong>UFMG ter\u00e1 expediente alterado nos dias de jogos da Sele\u00e7\u00e3o na Copa<\/strong><\/span><\/p>\n<p>Os hor\u00e1rios das atividades did\u00e1ticas e administrativas da UFMG sofrer\u00e3o altera\u00e7\u00f5es nos dias de jogos da sele\u00e7\u00e3o brasileira de futebol na Copa do Mundo da R\u00fassia.<\/p>\n<p>Segundo o Of\u00edcio Circular 014\/2018, nos dias em que as partidas se realizarem pela manh\u00e3, as atividades ter\u00e3o in\u00edcio \u00e0s 14h; nos dias em que os jogos forem \u00e0 tarde, as atividades se encerram \u00e0s 13h.<\/p>\n<p>O of\u00edcio estabelece ainda que o expediente excepcional n\u00e3o poder\u00e1 acarretar preju\u00edzo \u00e0s atividades consideradas essenciais. O expediente alterado na Universidade vale j\u00e1 para os dois pr\u00f3ximos jogos com datas confirmadas: sexta-feira, 22, \u00e0s 9h, e quarta, 27, \u00e0s 15h.<\/p>\n<p>Bandej\u00f5es &#8211; Os jogos da sele\u00e7\u00e3o de futebol tamb\u00e9m geram mudan\u00e7as nos hor\u00e1rios de atendimento da Funda\u00e7\u00e3o Universit\u00e1ria Mendes Pimentel (Fump) e dos bandej\u00f5es.<\/p>\n<p>Nos dias em que os jogos do Brasil forem realizados no per\u00edodo da manh\u00e3, a Fump funcionar\u00e1 das 13h \u00e0s 19h. O Setor de Atendimento no campus Pampulha e o N\u00facleo de Escuta atender\u00e3o das 13h \u00e0s 17h. Os Restaurantes Universit\u00e1rios (RUs) ficar\u00e3o fechados no caf\u00e9 da manh\u00e3 e no almo\u00e7o. Haver\u00e1 jantar no Setorial I e nos bandej\u00f5es do campus Sa\u00fade, da Faculdade de Direito e do Instituto de Ci\u00eancias Agr\u00e1rias (ICA), em Montes Claros.<\/p>\n<p>A Fump funcionar\u00e1 das 7h \u00e0s 14h nos dias de jogos \u00e0 tarde. O caf\u00e9 da manh\u00e3 para os estudantes assistidos ser\u00e1 servido nos RUs Setorial II, campus Sa\u00fade e ICA. Haver\u00e1 almo\u00e7o em todos os bandej\u00f5es, mas o atendimento ser\u00e1 encerrado \u00e0s 13h30. N\u00e3o haver\u00e1 jantar.<\/p>\n<p>A circula\u00e7\u00e3o dos \u00f4nibus internos no campus Pampulha permanece inalterada durante a realiza\u00e7\u00e3o das partidas.<br \/>\n(Fonte: <a href=\"https:\/\/ufmg.br\/comunicacao\/noticias\/ufmg-tera-expediente-alterado-nos-dias-de-jogos-da-selecao-na-copa\" target=\"_blank\">https:\/\/ufmg.br\/comunicacao\/noticias\/ufmg-tera-expediente-alterado-nos-dias-de-jogos-da-selecao-na-copa<\/a>\u00a0&#8211; 20\/06\/2018)<\/p>\n<p><a name=\"i2\"><\/a><span style=\"color: #1e73be\"><strong>Filia\u00e7\u00e3o Semestral do CEU &#8211; Centro Esportivo Universit\u00e1rio<\/strong><\/span><\/p>\n<p style=\"text-align: center\"><img loading=\"lazy\" decoding=\"async\" class=\"aligncenter size-full wp-image-2782\" src=\"https:\/\/www.ufmg.br\/dti\/wp-content\/uploads\/sites\/2\/2018\/06\/filiacao_ceu.png\" alt=\"filiacao_ceu\" width=\"487\" height=\"400\" \/><\/p>\n<p><a name=\"i3\"><\/a><span style=\"color: #1e73be\"><strong>PRA promove coleta de res\u00edduos eletroeletr\u00f4nico<\/strong><\/span><\/p>\n<p>O Departamento de Gest\u00e3o Ambiental (DGA), \u00f3rg\u00e3o da Pr\u00f3-Reitoria de Administra\u00e7\u00e3o (PRA), est\u00e1 viabilizando a coleta de res\u00edduos eletroeletr\u00f4nicos n\u00e3o patrimoniados nas unidades acad\u00eamicas e administrativas do Campus Pampulha.<\/p>\n<p>A coleta ocorrer\u00e1 no dia 02\/07 e, para organiz\u00e1-la est\u00e1 solicitando \u00e0s unidades\/ \u00f3rg\u00e3os um levantamento da quantidade de res\u00edduos eletroeletr\u00f4nicos existente em suas depend\u00eancias. Isto deve ser feito at\u00e9 o dia 29\/06, por e-mail ou pelos telefones do DGA 3409-4361 e 3409-4635. Ser\u00e3o recebidos, tamb\u00e9m, res\u00edduos eletroeletr\u00f4nicos da comunidade universit\u00e1ria, pois essa coleta n\u00e3o gera custos para Universidade.<\/p>\n<p>S\u00e3o res\u00edduos eletroeletr\u00f4nicos: monitor, teclado, mouse,laptop, CPU, r\u00e1dio, impressora, telefone, eletrodom\u00e9sticos e equipamentos de comunica\u00e7\u00e3o e inform\u00e1tica em geral.<\/p>\n<p><a name=\"i4\"><\/a><span style=\"color: #1e73be\"><strong>5o. Festival de Inverno da UFMG oferece programa\u00e7\u00e3o gratuita; inscri\u00e7\u00f5es est\u00e3o abertas<\/strong><\/span><\/p>\n<p>Com programa\u00e7\u00e3o gratuita de resid\u00eancias art\u00edsticas, oficinas, confer\u00eancias, col\u00f3quio e eventos culturais, o 50\u00ba Festival de Inverno da UFMG ser\u00e1 realizado de 20 a 28 de julho no campus Pampulha e no Conservat\u00f3rio UFMG.<\/p>\n<p>As inscri\u00e7\u00f5es para as resid\u00eancias e oficinas come\u00e7aram no dia, 20 de junho, e v\u00e3o at\u00e9 20 de julho. Os interessados podem se inscrever gratuitamente em <a href=\"https:\/\/www.ufmg.br\/festivaldeinverno\/\" target=\"_blank\">www.ufmg.br\/festivaldeinverno<\/a>, onde est\u00e1 toda a programa\u00e7\u00e3o.<\/p>\n<p>Organizado pela Diretoria de A\u00e7\u00e3o Cultural da UFMG, o tema desta edi\u00e7\u00e3o do Festival de Inverno \u00e9 CoExist\u00eancia: um, dois, N\u00f3s. A ideia \u00e9 promover a cria\u00e7\u00e3o art\u00edstica como a\u00e7\u00e3o transformadora e geradora de conhecimento<br \/>\ndo indiv\u00edduo consigo mesmo, com o pr\u00f3ximo e com o espa\u00e7o e pessoas em volta. Um dos diferenciais dessa edi\u00e7\u00e3o \u00e9 o foco nas resid\u00eancias art\u00edsticas, atividades que ter\u00e3o<br \/>\nsete horas di\u00e1rias durante oito dias, representando uma imers\u00e3o radical no processo criativo e perform\u00e1tico. &#8230;<\/p>\n<p>O festival ainda oferece oficinas a todas as idades, com quatro horas di\u00e1rias durante cinco dias. Para o p\u00fablico infantil, haver\u00e1 as atividades e para a terceira idade, a oficina \u201cUm Encontro com a Arte\u201d (Gil Amancio).<\/p>\n<p>(<em>Fonte: Cedecom &#8211; Assessoria de Imprensa &#8211; 20\/06\/2018)<\/em><\/p>\n<p><a name=\"i5\"><\/a><span style=\"color: #1e73be\"><strong>H\u00e1 20 anos&#8230;<\/strong><\/span><\/p>\n<p>O Sistem\u00e1tico Ano XXII, no. 18, de 18\/06\/1998, publicou not\u00edcias sobre reforma do 8o. andar, Bate Papo T\u00e9cnico, curso de Pagemaker, 30o. Festival de Inverno da UFMG, entre outras. A not\u00edcia que se destacou foi:<\/p>\n<p><strong>PROJETO ANO 2000<\/strong><\/p>\n<p>Dando prosseguimento \u00e0s atividades relativas ao projeto de adequa\u00e7\u00e3o dos sistemas do CECOM \u00e0 chegada do ano 2000, a Diretoria do CECOM e a DAS encerraram processo de levantamento de jobs e programas executados diretamente pelos usu\u00e1rios e atualizaram as planilhas de invent\u00e1rio<br \/>\nfeitas pela MSA Infor com os novos dados levantados. Al\u00e9m disso, foi aplicada a estes dados uma nova tabela de produtividade homem\/hora, para quantifica\u00e7\u00e3o dos tempos necess\u00e1rios para a convers\u00e3o dos sistemas.<\/p>\n<p>Os valores apurados j\u00e1 foram apresentados ao Assessor de Tecnologia de Informa\u00e7\u00e3o, professor M\u00e1rcio Luiz Bunte de Carvalho, e est\u00e3o sendo checados e avaliados pela MSA Infor.<\/p>\n<p><a name=\"eventos\"><\/a><\/p>\n<h2>Eventos<\/h2>\n<p><a name=\"e1\"><\/a><span style=\"color: #1e73be\"><strong>Sociais<\/strong><\/span><\/p>\n<p><strong>ANIVERS\u00c1RIOS<\/strong>:<\/p>\n<p>\u201cO Sistem\u00e1tico\u201d envia os parab\u00e9ns para Rodrigo Couto Zeferino, no dia 26; Carlos Roberto Alves Rodrigues, no dia 28; e os ex-ceconianos: M\u00edlvia<br \/>\nBatista de Miranda, no dia 21; Celso de Souza Lima, Marcos Aur\u00e9lio Nunes de Morais e Ros\u00e2ngela Martins de Matos, no dia 22; Maria Tereza Gon\u00e7alves Diniz, no dia 23; Eliane das Gra\u00e7as Alves Cavalcanti e Jos\u00e9 Jo\u00e3o Teixeira, no dia 24; Dilma Trivelli Pimenta Sandrin, no dia 25; Ambr\u00f3sio Alves Moreira Santos, \u00c2ngela Lage Ribeiro, Jos\u00e9 Eduardo Valle Santos e Ruana Keith da Cunha Lopes, no dia 26; Bruno Vieira dos Santos e Juliano Dantas Santos, no dia 27; Daniel Angelo Avelino e Vicente Tadeu Lopes Buono, no dia 28.<\/p>\n<p><a name=\"e2\"><\/a><span style=\"color: #1e73be\"><strong>Mem\u00f3ria Fotogr\u00e1fica do CECOM<\/strong><\/span><\/p>\n<p>No per\u00edodo de 11 a 15\/06\/2018, Guilherme Henrique Silva Gomes, da DAA, esteve em Foz de Igua\u00e7u\/PR, participando do 5o. Contratos Week &#8211; Semana Nacional de Estudos Avan\u00e7ados de Contratos Administrativos. Ele assistiu a v\u00e1rias palestras e participou de 2 oficinas, que serviram como um bom aprendizado para o seu trabalho.<\/p>\n<p>As fotos desta semana foram cedidas pelo Guilherme.<\/p>\n<p style=\"text-align: center\"><img loading=\"lazy\" decoding=\"async\" class=\"aligncenter size-full wp-image-2759\" src=\"https:\/\/www.ufmg.br\/dti\/wp-content\/uploads\/sites\/2\/2018\/06\/contratos_week_1.png\" alt=\"contratos_week_1\" width=\"1355\" height=\"568\" \/><\/p>\n<p style=\"text-align: center\"><img loading=\"lazy\" decoding=\"async\" class=\"aligncenter size-full wp-image-2761\" src=\"https:\/\/www.ufmg.br\/dti\/wp-content\/uploads\/sites\/2\/2018\/06\/contratos_week_2.png\" alt=\"contratos_week_2\" width=\"1375\" height=\"596\" \/><\/p>\n<p>&nbsp;<\/p>\n<p style=\"text-align: center\">\n","protected":false},"excerpt":{"rendered":"<p>Not\u00edcias: CECOM finaliza a revis\u00e3o t\u00e9cnica da Rede da Reitoria. UFMG substitui operadora de telefonia. DTI refor\u00e7a gratuidade para liga\u00e7\u00f5es ramal a ramal. DRH entrega certificados de treinamento do Extrator de Dados e DW do SIAPE. Comemorado o anivers\u00e1rio de O Sistem\u00e1tico. Informativo: Expediente da UFMG em dias de jogos do Brasil na Copa do &#8230; <a title=\"Sistem\u00e1tico: Edi\u00e7\u00e3o 1729 &#8211; 21\/06\/2018\" class=\"read-more\" href=\"https:\/\/www.ufmg.br\/dti\/2018\/06\/28\/sistematico-edicao-1729-21062018\/\" aria-label=\"Read more about Sistem\u00e1tico: Edi\u00e7\u00e3o 1729 &#8211; 21\/06\/2018\">Ler mais<\/a><\/p>\n","protected":false},"author":3,"featured_media":2793,"comment_status":"open","ping_status":"open","sticky":false,"template":"","format":"standard","meta":{"inline_featured_image":false,"footnotes":""},"categories":[15,14,13],"tags":[],"coauthors":[79,64],"class_list":["post-3320","post","type-post","status-publish","format-standard","has-post-thumbnail","hentry","category-area-2-noticias-destaque","category-noticia-detaque3-dti","category-sistematico"],"_links":{"self":[{"href":"https:\/\/www.ufmg.br\/dti\/wp-json\/wp\/v2\/posts\/3320","targetHints":{"allow":["GET"]}}],"collection":[{"href":"https:\/\/www.ufmg.br\/dti\/wp-json\/wp\/v2\/posts"}],"about":[{"href":"https:\/\/www.ufmg.br\/dti\/wp-json\/wp\/v2\/types\/post"}],"author":[{"embeddable":true,"href":"https:\/\/www.ufmg.br\/dti\/wp-json\/wp\/v2\/users\/3"}],"replies":[{"embeddable":true,"href":"https:\/\/www.ufmg.br\/dti\/wp-json\/wp\/v2\/comments?post=3320"}],"version-history":[{"count":0,"href":"https:\/\/www.ufmg.br\/dti\/wp-json\/wp\/v2\/posts\/3320\/revisions"}],"wp:attachment":[{"href":"https:\/\/www.ufmg.br\/dti\/wp-json\/wp\/v2\/media?parent=3320"}],"wp:term":[{"taxonomy":"category","embeddable":true,"href":"https:\/\/www.ufmg.br\/dti\/wp-json\/wp\/v2\/categories?post=3320"},{"taxonomy":"post_tag","embeddable":true,"href":"https:\/\/www.ufmg.br\/dti\/wp-json\/wp\/v2\/tags?post=3320"},{"taxonomy":"author","embeddable":true,"href":"https:\/\/www.ufmg.br\/dti\/wp-json\/wp\/v2\/coauthors?post=3320"}],"curies":[{"name":"wp","href":"https:\/\/api.w.org\/{rel}","templated":true}]}}