{"id":3321,"date":"2018-07-02T10:43:31","date_gmt":"2018-07-02T13:43:31","guid":{"rendered":"https:\/\/www.ufmg.br\/dti\/cecom\/?p=2814"},"modified":"2018-07-02T10:43:31","modified_gmt":"2018-07-02T13:43:31","slug":"sistematico-edicao-1730-28062018","status":"publish","type":"post","link":"https:\/\/www.ufmg.br\/dti\/2018\/07\/02\/sistematico-edicao-1730-28062018\/","title":{"rendered":"Sistem\u00e1tico: Edi\u00e7\u00e3o 1730 &#8211; 28\/06\/2018"},"content":{"rendered":"<p><a href=\"\/dti\/#noticias\">Not\u00edcias:<\/a><\/p>\n<ul>\n<li><a href=\"\/dti\/#n1\">CECOM participa do Workshop de Tecnologias de Redes do POP-MG<\/a>.<\/li>\n<li><a href=\"\/dti\/#n2\">Atividades de migra\u00e7\u00e3o da telefonia fixa da UFMG encerram hoje.<\/a><\/li>\n<\/ul>\n<p><a href=\"\/dti\/#informativo\">Informativo:<\/a><\/p>\n<ul>\n<li><a href=\"\/dti\/#i1\">Hospital das Cl\u00ednicas da UFMG \u00e9 a primeira institui\u00e7\u00e3o de sa\u00fade a oferecer pr\u00e9-natal masculino em Belo Horizonte.<\/a><\/li>\n<li><a href=\"\/dti\/#i2\">Programa Idiomas sem Fronteiras<\/a>.<\/li>\n<li><a href=\"\/dti\/#i3\">H\u00e1 20 anos&#8230;<\/a>.<\/li>\n<\/ul>\n<p><a href=\"\/dti\/#eventos\">Eventos:<\/a><\/p>\n<ul>\n<li><a href=\"\/dti\/#e1\">Sociais.<\/a><\/li>\n<\/ul>\n<p><img loading=\"lazy\" decoding=\"async\" class=\"alignnone size-full wp-image-1663\" src=\"https:\/\/www.ufmg.br\/dti\/wp-content\/uploads\/sites\/2\/2016\/10\/pdf.png\" alt=\"pdf\" width=\"25\" height=\"25\" \/>\u00a0<a href=\"https:\/\/www.ufmg.br\/dti\/wp-content\/uploads\/sites\/2\/2018\/07\/Sist16_2018-A4.pdf\" target=\"_blank\">Vers\u00e3o em PDF<\/a><\/p>\n<p><a name=\"noticias\"><\/a><\/p>\n<h2>Noticias<\/h2>\n<p><a name=\"n1\"><\/a><span style=\"color: #1e73be\"><strong>CECOM\u00a0participa do Workshop de Tecnologias de Redes do POP-MG.<\/strong><\/span><\/p>\n<p>A RNP &#8211; Rede Nacional de Ensino e Pesquisa est\u00e1 promovendo desde o dia 25\/06, junto ao POP-MG, o WTR-MG-2018 &#8211; Workshop de Tecnologias de Redes. O evento, voltado para gestores e equipes t\u00e9cnicas da \u00e1rea de TIC das principais institui\u00e7\u00f5es p\u00fablicas e privadas de ensino e pesquisa do estado de Minas Gerais, teve lugar no ICEX- Instituto de Ci\u00eancias Exatas da UFMG.<\/p>\n<p>O Diretor da DRC &#8211; Divis\u00e3o de Redes de Comunica\u00e7\u00e3o, David Eust\u00e1quio da Silva, e Samid Eduardo da Silva Reis, da DAC &#8211; Divis\u00e3o de Aten\u00e7\u00e3o ao Cliente, participaram do Mini Curso Boas Pr\u00e1ticas Operacionais para Sistemas Aut\u00f4nomos, ministrado nos dias 25 e 26. Hoje, dia 28, David Eust\u00e1quio, Samid Eduardo, al\u00e9m do Diretor da DAC, Ivan Santana Santos, participaram das palestras apresentadas durante todo o dia.<\/p>\n<p>Uma das palestras do evento ficou a cargo do Analista da DRC Douglas Santos, que apresentou \u201cDistribui\u00e7\u00e3o autom\u00e1tica de IP com gest\u00e3o distribu\u00edda\u201d. O WTR-MG-2018 ser\u00e1 encerrado amanh\u00e3, dia 29.<\/p>\n<p style=\"text-align: center\"><img loading=\"lazy\" decoding=\"async\" class=\"aligncenter size-full wp-image-2821\" src=\"https:\/\/www.ufmg.br\/dti\/wp-content\/uploads\/sites\/2\/2018\/07\/Workshop_POP_MG.png\" alt=\"workshop_pop_mg\" width=\"729\" height=\"456\" \/><\/p>\n<p>&nbsp;<\/p>\n<p><a name=\"n2\"><\/a><span style=\"color: #1e73be\"><strong>Atividades de migra\u00e7\u00e3o da telefonia fixa da UFMG encerram hoje<\/strong><\/span><\/p>\n<p>Dando andamento \u00e0 migra\u00e7\u00e3o dos servi\u00e7os de telefonia fixa e portabilidade num\u00e9rica da Oi para a Embratel\/Claro, foi realizada hoje, dia 28, quinta-feira, a \u00faltima etapa destas atividades.<\/p>\n<p>J\u00e1 haviam sido realizadas as migra\u00e7\u00f5es do Centro Cultural, Campus Sa\u00fade, MHNJB, ICA e Campus Pampulha.<\/p>\n<p>Hoje, foi a vez das unidades do Centro (Arquitetura, Direito, Conservat\u00f3rio e alguns telefones do Campus Sa\u00fade), migra\u00e7\u00e3o ocorrida no hor\u00e1rio de 12h \u00e0s 14h.<\/p>\n<p>Todo esse trabalho foi conduzido pela equipe da DRC &#8211; Divis\u00e3o de Redes de Comunica\u00e7\u00e3o, com os funcion\u00e1rios Os\u00e9ias Geraldo Bessa Viana, Edgard Eust\u00e1quio de Morais, sob a coordena\u00e7\u00e3o de David Eust\u00e1quio da Silva.<br \/>\n<a name=\"informativo\"><\/a><\/p>\n<h2>Informativo<\/h2>\n<p><a name=\"i1\"><\/a><span style=\"color: #1e73be\"><strong>Hospital das Cl\u00ednicas da UFMG \u00e9 a primeira institui\u00e7\u00e3o de sa\u00fade a oferecer pr\u00e9-natal masculino em Belo Horizonte<\/strong><\/span><\/p>\n<p style=\"text-align: center\"><em>Homem que faz este procedimento previne riscos \u00e0 gestante e ao beb\u00ea<\/em><\/p>\n<p>O Hospital das Cl\u00ednicas da UFMG (HCUFMG), administrado pela Empresa Brasileira de Servi\u00e7os Hospitalares (Ebserh), \u00e9 a primeira institui\u00e7\u00e3o de sa\u00fade de Belo Horizonte a oferecer pr\u00e9-natal masculino, inspirado na estrat\u00e9gia do Minist\u00e9rio da Sa\u00fade para estimular a popula\u00e7\u00e3o masculina a realizar um conjunto de exames preventivos durante a gravidez da parceira. V\u00e1rias doen\u00e7as, se detectadas precocemente no pai ou na m\u00e3e, podem trazer benef\u00edcios e ajudar na promo\u00e7\u00e3o da sa\u00fade do beb\u00ea a curto e a longo prazo, por isso a import\u00e2ncia de tamb\u00e9m inserir o homem no pr\u00e9-natal.<\/p>\n<p>Exames de sangue, tais como glicemia e colesterol, sorologias diversas e avalia\u00e7\u00e3o de peso, dentre outros, agora s\u00e3o realizados nos companheiros paralelamente ao atendimento da mulher gr\u00e1vida no Ambulat\u00f3rio de Obstetr\u00edcia do HC-UFMG. Eles tamb\u00e9m s\u00e3o orientados em rela\u00e7\u00e3o a aspectos gerais da gravidez e do cuidado com o rec\u00e9m-nascido, deixando de ser apenas acompanhantes para se tornar participantes e protagonistas de todos os momentos da gesta\u00e7\u00e3o.<\/p>\n<p>\u201cO objetivo \u00e9 atender o t\u00edpico homem brasileiro: aquele que \u00e9 saud\u00e1vel e n\u00e3o tem tempo para ir ao Centro de Sa\u00fade. Queremos utilizar o momento em que ele se organiza para acompanhar a esposa ou namorada e melhorar a sua sa\u00fade\u201d, afirmou a coordenadora do Ambulat\u00f3rio de Obstetr\u00edcia do HC-UFMG e professora da Faculdade de Medicina da UFMG, Regina Am\u00e9lia Aguiar, que \u00e9 quem est\u00e1 \u00e0 frente do projeto.<\/p>\n<p>Regina Am\u00e9lia explica que se detectada alguma doen\u00e7a durante o pr\u00e9-natal masculino, o paciente ser\u00e1 encaminhado para a Aten\u00e7\u00e3o B\u00e1sica. \u201cA aten\u00e7\u00e3o prim\u00e1ria \u00e9 o principal regulador da sa\u00fade. Por isso mesmo, nosso objetivo n\u00e3o \u00e9 tir\u00e1-lo da Aten\u00e7\u00e3o B\u00e1sica, mas sim ajudar na preven\u00e7\u00e3o e promo\u00e7\u00e3o da sa\u00fade desse homem que tem dificuldade de ir ao posto de sa\u00fade no dia a dia\u201d, revelou.<\/p>\n<p>Um homem com s\u00edfilis, por exemplo, pode n\u00e3o saber que tem a doen\u00e7a e transmiti-la \u00e0 HOSPITAL DAS CL\u00cdNICAS DA UFMG \u00c9 A PRIMEIRA INSTITUI\u00c7\u00c3O DE SA\u00daDE A OFERECER PR\u00c9-NATAL MASCULINO EM BELO HORIZONTE Homem que faz este procedimento previne riscos \u00e0 gestante e ao beb\u00ea gestante durante as rela\u00e7\u00f5es sexuais desprotegidas. A m\u00e3e pode passar para o filho durante a gesta\u00e7\u00e3o ou o parto, o que pode levar a consequ\u00eancias graves, como aborto espont\u00e2neo, parto prematuro, m\u00e1 forma\u00e7\u00e3o do feto, surdez, cegueira, dentre outros.<\/p>\n<p>Embora o Pr\u00e9-Natal do Parceiro seja da Aten\u00e7\u00e3o Prim\u00e1ria e tenha sido normatizado pelo Minist\u00e9rio da Sa\u00fade em 2011, ele ainda n\u00e3o \u00e9 realizado em Belo Horizonte. O HCUFMG, que atende pacientes nos n\u00edveis secund\u00e1rio e terci\u00e1rio do Sistema \u00danico de Sa\u00fade, se inspirou nele para criar o seu pr\u00f3prio pr\u00e9-natal do homem, que atende parceiros de gestantes de alto risco e risco habitual. \u201cQueremos conscientizar os homens da import\u00e2ncia dele na gesta\u00e7\u00e3o e do quanto ele pode melhorar o resultado da gravidez. Al\u00e9m disso, \u00e9 a oportunidade de dar visibilidade a uma proposta t\u00e3o bacana e fundamental para a sa\u00fade p\u00fablica\u201d, garantiu a m\u00e9dica.<\/p>\n<p>(<em>Fonte: Cedecom &#8211; Assessoria de Imprensa<\/em> &#8211; 28\/06\/2018)<\/p>\n<p><a name=\"i2\"><\/a><span style=\"color: #1e73be\"><strong>Programa Idiomas sem Fronteiras<\/strong><\/span><\/p>\n<p style=\"text-align: center\"><img loading=\"lazy\" decoding=\"async\" class=\"aligncenter size-full wp-image-2819\" src=\"https:\/\/www.ufmg.br\/dti\/wp-content\/uploads\/sites\/2\/2018\/07\/Idioma_sem_fronteiras.png\" alt=\"idioma_sem_fronteiras\" width=\"429\" height=\"431\" \/><\/p>\n<p><a name=\"i3\"><\/a><span style=\"color: #1e73be\"><strong>H\u00e1 20 anos&#8230;<\/strong><\/span><\/p>\n<p>O Sistem\u00e1tico Ano XXII, no.19, de 25\/06\/1998, publicou not\u00edcias sobre atualiza\u00e7\u00e3o de hardware, informa\u00e7\u00f5es da DAA na Intranet do CECOM, Relat\u00f3rio Anual das Atividades da Proplan, contracheque na Internet, entre outras.<\/p>\n<p><a name=\"eventos\"><\/a><\/p>\n<h2>Eventos<\/h2>\n<p><a name=\"e1\"><\/a><span style=\"color: #1e73be\"><strong>Sociais<\/strong><\/span><\/p>\n<p><strong>ANIVERS\u00c1RIOS<\/strong>:<\/p>\n<p>\u201cO Sistem\u00e1tico\u201d envia os parab\u00e9ns para Carlos Roberto Alves Rodrigues, hoje, dia 28; Pedro Henrique Begalli Rezende, no dia 29; Soraya Jardim Neves Alves Ferreira, no dia 03 de julho; Teo Milanez Brand\u00e3o, no dia 05; e os ex-ceconianos Daniel Angelo Avelino e Vicente Tadeu Lopes Buono, no dia 28; Rafael Viegas de Carvalho, no dia 30; Regina Helena Moura Brandi e Jader de Freitas Batista, no dia 01\/07; Norberto de Souza Lage, no dia 02; Diarley Rone Silva, Joaquim Coelho da Fonseca Neto, Luiz Carlos Campos e Paulo C\u00e9sar Marciano de Oliveira, no dia 03; Maur\u00edcio de Souza, no dia 04; e V\u00e2nia Maria de Menezes, no dia 05.<\/p>\n","protected":false},"excerpt":{"rendered":"<p>Not\u00edcias: CECOM participa do Workshop de Tecnologias de Redes do POP-MG. Atividades de migra\u00e7\u00e3o da telefonia fixa da UFMG encerram hoje. Informativo: Hospital das Cl\u00ednicas da UFMG \u00e9 a primeira institui\u00e7\u00e3o de sa\u00fade a oferecer pr\u00e9-natal masculino em Belo Horizonte. Programa Idiomas sem Fronteiras. H\u00e1 20 anos&#8230;. Eventos: Sociais. \u00a0Vers\u00e3o em PDF Noticias CECOM\u00a0participa do &#8230; <a title=\"Sistem\u00e1tico: Edi\u00e7\u00e3o 1730 &#8211; 28\/06\/2018\" class=\"read-more\" href=\"https:\/\/www.ufmg.br\/dti\/2018\/07\/02\/sistematico-edicao-1730-28062018\/\" aria-label=\"Read more about Sistem\u00e1tico: Edi\u00e7\u00e3o 1730 &#8211; 28\/06\/2018\">Ler mais<\/a><\/p>\n","protected":false},"author":3,"featured_media":2820,"comment_status":"open","ping_status":"open","sticky":false,"template":"","format":"standard","meta":{"inline_featured_image":false,"footnotes":""},"categories":[15,14,13],"tags":[],"coauthors":[79,64],"class_list":["post-3321","post","type-post","status-publish","format-standard","has-post-thumbnail","hentry","category-area-2-noticias-destaque","category-noticia-detaque3-dti","category-sistematico"],"_links":{"self":[{"href":"https:\/\/www.ufmg.br\/dti\/wp-json\/wp\/v2\/posts\/3321","targetHints":{"allow":["GET"]}}],"collection":[{"href":"https:\/\/www.ufmg.br\/dti\/wp-json\/wp\/v2\/posts"}],"about":[{"href":"https:\/\/www.ufmg.br\/dti\/wp-json\/wp\/v2\/types\/post"}],"author":[{"embeddable":true,"href":"https:\/\/www.ufmg.br\/dti\/wp-json\/wp\/v2\/users\/3"}],"replies":[{"embeddable":true,"href":"https:\/\/www.ufmg.br\/dti\/wp-json\/wp\/v2\/comments?post=3321"}],"version-history":[{"count":0,"href":"https:\/\/www.ufmg.br\/dti\/wp-json\/wp\/v2\/posts\/3321\/revisions"}],"wp:attachment":[{"href":"https:\/\/www.ufmg.br\/dti\/wp-json\/wp\/v2\/media?parent=3321"}],"wp:term":[{"taxonomy":"category","embeddable":true,"href":"https:\/\/www.ufmg.br\/dti\/wp-json\/wp\/v2\/categories?post=3321"},{"taxonomy":"post_tag","embeddable":true,"href":"https:\/\/www.ufmg.br\/dti\/wp-json\/wp\/v2\/tags?post=3321"},{"taxonomy":"author","embeddable":true,"href":"https:\/\/www.ufmg.br\/dti\/wp-json\/wp\/v2\/coauthors?post=3321"}],"curies":[{"name":"wp","href":"https:\/\/api.w.org\/{rel}","templated":true}]}}