{"id":3455,"date":"2018-11-01T15:11:09","date_gmt":"2018-11-01T18:11:09","guid":{"rendered":"https:\/\/www.ufmg.br\/dti\/cecom\/?p=3455"},"modified":"2018-11-01T15:11:09","modified_gmt":"2018-11-01T18:11:09","slug":"sistematico-edicao-1741-01112018","status":"publish","type":"post","link":"https:\/\/www.ufmg.br\/dti\/2018\/11\/01\/sistematico-edicao-1741-01112018\/","title":{"rendered":"Sistem\u00e1tico: Edi\u00e7\u00e3o 1741 \u2013 01\/11\/2018"},"content":{"rendered":"<p>&nbsp;<\/p>\n<p><a href=\"\/dti\/#noticias\">Not\u00edcias:<\/a><\/p>\n<ul>\n<li><a href=\"\/dti\/#n1\">DTI participa da comemora\u00e7\u00e3o dos 50 anos da UFMG em Montes Claros.<\/a><\/li>\n<li><a href=\"\/dti\/#n2\">CECOM &#8211; Ano 48.<\/a><\/li>\n<li><a href=\"\/dti\/#n3\">Sa\u00edda de Estagi\u00e1rio.<\/a><\/li>\n<\/ul>\n<p><a href=\"\/dti\/#informativo\">Informativo:<\/a><\/p>\n<ul>\n<li><a href=\"\/dti\/#i1\">Projetos da Ci\u00eancia da Computa\u00e7\u00e3o UFMG ser\u00e3o apoiados pela Google.<\/a><\/li>\n<li><a href=\"\/dti\/#i2\">Hor\u00e1rio de Ver\u00e3o.<\/a><\/li>\n<li><a href=\"\/dti\/#i3\">Fim de semana prolongado.<\/a><\/li>\n<li><a href=\"\/dti\/#i4\">H\u00e1 20 anos&#8230;<\/a><\/li>\n<\/ul>\n<p><a href=\"\/dti\/#eventos\">Eventos:<\/a><\/p>\n<ul>\n<li><a href=\"\/dti\/#e1\">Sociais.<\/a><\/li>\n<li><a href=\"\/dti\/#e2\">Mem\u00f3ria Fotogr\u00e1fica do CECOM.<\/a><\/li>\n<\/ul>\n<p><img loading=\"lazy\" decoding=\"async\" class=\"alignnone size-full wp-image-1663\" src=\"https:\/\/www.ufmg.br\/dti\/wp-content\/uploads\/sites\/2\/2016\/10\/pdf.png\" alt=\"pdf\" width=\"25\" height=\"25\" \/>\u00a0<a href=\"https:\/\/www.ufmg.br\/dti\/wp-content\/uploads\/sites\/2\/2018\/11\/Sist27_2018-A4.pdf\">Vers\u00e3o em PDF<\/a><\/p>\n<p><a name=\"noticias\"><\/a><\/p>\n<h2>Not\u00edcias<\/h2>\n<p><a name=\"n1\"><\/a><br \/>\n<span style=\"color: #1e73be\"><strong>DTI participa da comemora\u00e7\u00e3o dos 50 anos da UFMG em Montes Claros<\/strong><\/span><\/p>\n<p>Na pr\u00f3xima segunda-feira, dia 05 de novembro, a Reitora da UFMG, Professora Sandra Regina Goulart de Almeida, acompanhada de toda a sua equipe, estar\u00e1 em Montes Claros para a comemora\u00e7\u00e3o dos 50 anos da Universidade em Montes Claros.<\/p>\n<p>\u201cEm 11 de outubro de 1968, o ent\u00e3o Col\u00e9gio Agr\u00edcola Ant\u00f4nio Versiani Athayde foi incorporado \u00e0 Universidade Federal de Minas Gerais (UFMG). Desde ent\u00e3o, uma hist\u00f3ria de muitos avan\u00e7os sociais e regionais come\u00e7ou a ser desenhada at\u00e9 o cen\u00e1rio atual. Era o in\u00edcio da hist\u00f3ria do atual Instituto de Ci\u00eancias Agr\u00e1rias (ICA), campus da UFMG em Montes Claros.<\/p>\n<p>Atualmente, o ICA \u00e9 respons\u00e1vel pela oferta de seis cursos de gradua\u00e7\u00e3o e cinco de p\u00f3s-gradua\u00e7\u00e3o, que contam com especializa\u00e7\u00e3o, mestrado e doutorado no munic\u00edpio. O novo ciclo \u00e9 iniciado com o an\u00fancio da aprova\u00e7\u00e3o pela Coordena\u00e7\u00e3o de Aperfei\u00e7oamento de Pessoal de N\u00edvel Superior (Capes) de um novo programa de mestrado, que deve ter in\u00edcio em 2019.<\/p>\n<p>Segundo o diretor da institui\u00e7\u00e3o, professor Leonardo David Tuffi Santos, a perman\u00eancia do campus regional cumpre a miss\u00e3o de interiorizar a UFMG. A localiza\u00e7\u00e3o do ICA\/UFMG e as caracter\u00edsticas regionais fazem com que o papel da UFMG no Norte de Minas se torne nobre, desafiador e de muita responsabilidade.<\/p>\n<p>A solenidade em comemora\u00e7\u00e3o dos 50 anos da presen\u00e7a da UFMG no Norte de Minas ser\u00e1 seguida da solenidade de posse da Diretoria do ICA para a gest\u00e3o de 2018 a 2022.\u201d (Fonte: https:\/\/www.ica.ufmg.br\/?noticias=instituto-de-ciencias-agrariascomemora-50-anos-de-ufmg-no-norte-deminas-gerais &#8211; 11\/10\/2018)<\/p>\n<p>A Equipe da Reitora da UFMG estar\u00e1 presente com os Pr\u00f3-Reitores da Prograd, PRA, ProEx, PrPG, PRAE, PrPq, al\u00e9m dos diretores do CEDECOM, FUMP e DTI.<\/p>\n<p>O Professor Dorgival Olavo Guedes Neto, Diretor de TI, estar\u00e1 acompanhado de Douglas Santos, da equipe da DRC &#8211; Divis\u00e3o de Redes de Comunica\u00e7\u00e3o. Al\u00e9m das solenidades marcadas para o dia, Douglas estender\u00e1 a visita ao ICA para conhecer fisicamente a infraestrutura de rede do Instituto. Nesse contato, ele tomar\u00e1 conhecimento dos problemas ali encontrados e dar\u00e1 informa\u00e7\u00f5es sobre as futuras decis\u00f5es para melhoramento do servi\u00e7o de rede.<\/p>\n<p><img loading=\"lazy\" decoding=\"async\" class=\"aligncenter\" src=\"https:\/\/www.ufmg.br\/dti\/wp-content\/uploads\/sites\/2\/2018\/11\/1741_f1.jpg\" alt=\"1741_f1\" width=\"728\" height=\"313\" \/><\/p>\n<p><a name=\"n2\"><\/a><br \/>\n<span style=\"color: #1e73be\"><strong>CECOM &#8211; Ano 48<\/strong><\/span><\/p>\n<p>No domingo, dia 04 de novembro, o CECOM completar\u00e1 48 anos. \u00c9 a data da publica\u00e7\u00e3o da Portaria no. 569, de 04\/11\/1970, criando o Centro de Computa\u00e7\u00e3o em substitui\u00e7\u00e3o ao antigo Centro de Processamento de Dados, que existia desde 1967.<\/p>\n<p>Os parab\u00e9ns para os pioneiros e todos os funcion\u00e1rios que passaram ao longo destes anos no CECOM e ajudaram a construir um pouco essa hist\u00f3ria na UFMG. Registramos aqui todos diretores do CECOM: Professor Ant\u00f4nio Mendes Ribeiro (Gest\u00e3o 1970 a 1980), Maria Miriam Arruda (Gest\u00e3o agosto\/1980 a outubro\/1984), Professor Jo\u00e3o Carlos Pires Bauer (in memoriam) (Gest\u00e3o novembro\/1984 a abril\/1986), Eduardo Henrique Lima (Gest\u00e3o abril\/1986 a mar\u00e7o\/1994) e Carlos Alfeu Furtado da Fonseca (Gest\u00e3o mar\u00e7o\/1994 at\u00e9 o momento), que souberam conduzir os trabalhos aqui realizados. Os parab\u00e9ns para todos os ceconianos e ex-ceconianos!<\/p>\n<p><a name=\"n3\"><\/a><br \/>\n<span style=\"color: #1e73be\"><strong>Sa\u00edda de Estagi\u00e1rio<\/strong><\/span><\/p>\n<p>A partir de hoje, dia 31\/10\/2018, o estagi\u00e1rio Alison de Oliveira Souza n\u00e3o pertence mais ao quadro do CECOM, data de encerramento de seu est\u00e1gio.<\/p>\n<p>Alison Souza entrou para o CECOM em julho de 2017, lotado na DDP &#8211; Divis\u00e3o de Desenvolvimento de Produtos, \u00e1rea de Testes, onde permaneceu at\u00e9 a sua sa\u00edda.<\/p>\n<p><a name=\"informativo\"><\/a><\/p>\n<h2>Informativo<\/h2>\n<p><a name=\"i1\"><\/a><br \/>\n<span style=\"color: #1e73be\"><strong>Projetos da Ci\u00eancia da Computa\u00e7\u00e3o UFMG ser\u00e3o apoiados pela Google<\/strong><\/span><\/p>\n<p>Quatro projetos desenvolvidos por professores e estudantes do Programa de P\u00f3s-gradua\u00e7\u00e3o em Ci\u00eancia da Computa\u00e7\u00e3o da UFMG foram contemplados pela Google, na edi\u00e7\u00e3o 2018 do Latin America Research Awards (Lara). Esses projetos est\u00e3o entre os 26 escolhidos entre 300 inscritos em todo o continente. A cerim\u00f4nia de premia\u00e7\u00e3o foi realizada ontem, no escrit\u00f3rio da empresa em Belo Horizonte. Os respons\u00e1veis pelos projetos receber\u00e3o bolsas mensais durante um ano, com possibilidade de prorroga\u00e7\u00e3o por mais um ou dois anos, dependendo se o projeto \u00e9 de mestrado ou doutorado, respectivamente.<\/p>\n<p>Um dos projetos que receber\u00e1 apoio \u00e9 Uma abordagem para medir confian\u00e7a de not\u00edcias, do doutorando J\u00falio C\u00e9sar Soares dos Reis, orientado pelo professor Fabr\u00edcio Benevenuto de Souza. Segundo J\u00falio Reis, o projeto opera sobre a iniciativa Elei\u00e7\u00f5es sem Fake, tamb\u00e9m do Departamento de Ci\u00eancia da Computa\u00e7\u00e3o (DCC), que monitora as redes sociais em busca de transpar\u00eancia das informa\u00e7\u00f5es, com foco no per\u00edodo eleitoral.<\/p>\n<p>O objetivo \u00e9 criar uma pontua\u00e7\u00e3o que oriente jornalistas e usu\u00e1rios em geral sobre a confiabilidade das informa\u00e7\u00f5es. \u201cEssa pontua\u00e7\u00e3o \u00e9 baseada em dados relacionados, por exemplo, a publica\u00e7\u00f5es passadas de determinado dom\u00ednio nas redes\u201d, explica o pesquisador. \u201cNo caso dos jornalistas, esse mecanismo poder\u00e1 ser \u00fatil para indicar prioridades no processo de checagem.\u201d<\/p>\n<p>Outra pesquisa selecionada pela Google \u00e9 Moderando conte\u00fado falso e de \u00f3dio com contexto em redes sociais, realizada pelo mestrando Manoel Horta Ribeiro, com orienta\u00e7\u00e3o de Wagner Meira J\u00fanior e Virg\u00edlio Almeida. A ideia \u00e9 desenvolver modelo capaz de interpretar discursos nas redes sociais, com base n\u00e3o no texto em si, mas em aspectos como hist\u00f3rico do usu\u00e1rio e presen\u00e7a do tema em conte\u00fado falso e not\u00edcias em geral.<\/p>\n<p>Autentica\u00e7\u00e3o e consumo<br \/>\nO projeto Autentica\u00e7\u00e3o das coisas: autentica\u00e7\u00e3o e controle de acesso para todo o ciclo de vida de dispositivos inteligentes, do doutorando Ant\u00f4nio Lemos Maia Neto, orientado por Leonardo Barbosa e Oliveira, cria um conjunto de protocolos que, al\u00e9m de garantir controle de acesso na Internet das Coisas, facilita a interoperabilidade sem fio segura entre novos dispositivos e outros pertencentes a diferentes dom\u00ednios, de forma transparente e cont\u00ednua.<\/p>\n<p>Por fim, DVFS inteligente: redu\u00e7\u00e3o do consumo de energia em programas que executam em smartphones, do mestrando J\u00fanio C\u00e9zar Ribeiro da Silva, sob orienta\u00e7\u00e3o de Fernando Quint\u00e3o Pereira, prop\u00f5e menor consumo de energia em programas para smartphones, encontrando para cada parte de um programa a configura\u00e7\u00e3o de hardware \u2013 conjunto de processadores, mais suas frequ\u00eancias \u2013 mais adequada. O foco da pr\u00f3xima etapa do projeto \u00e9 aprendizagem de m\u00e1quina para adaptar programas ao hardware em que eles executam.<\/p>\n<p>As bolsas mensais s\u00e3o de 1200 d\u00f3lares para o estudante e 750 d\u00f3lares para o orientador, no caso de pesquisas de doutorado; de 750 d\u00f3lares para o estudante e de 675 d\u00f3lares para o orientador, no caso de mestrado.<\/p>\n<p>(Fonte: Portal UFMG &#8211; Cedecom &#8211; Assessoria de Imprensa &#8211; 29\/10\/2018)<\/p>\n<p><a name=\"i2\"><\/a><br \/>\n<span style=\"color: #1e73be\"><strong>Hor\u00e1rio de Ver\u00e3o<\/strong><\/span><\/p>\n<p>N\u00e3o se esque\u00e7am de que o Hor\u00e1rio Brasileiro de Ver\u00e3o 2018-2019 come\u00e7a \u00e0s 00h do pr\u00f3ximo domingo, dia 04 de novembro de 2018.<\/p>\n<p>A partir da meia-noite do dia 04 de novembro, os rel\u00f3gios brasileiros ser\u00e3o adiantados em 1 hora nos estados em que o Hor\u00e1rio de Ver\u00e3o \u00e9 v\u00e1lido.<\/p>\n<p>O t\u00e9rmino do hor\u00e1rio de Ver\u00e3o ser\u00e1 no dia 17 de fevereiro de 2019.<\/p>\n<p><a name=\"i3\"><\/a><br \/>\n<span style=\"color: #1e73be\"><strong>Fim de semana prolongado<\/strong><\/span><\/p>\n<p>Como o dia 02\/11, Finados, vai cair na sexta-feira, a UFMG ter\u00e1 um fim de semana prolongado. Bom descanso para todos!<\/p>\n<p><a name=\"i4\"><\/a><br \/>\n<span style=\"color: #1e73be\"><strong>H\u00e1 20 anos&#8230;<\/strong><\/span><\/p>\n<p>O Sistem\u00e1tico Ano XXII, no. 35, de 29\/10\/1998, publicou not\u00edcias sobre o in\u00edcio do processo de adequa\u00e7\u00e3o dos sistemas de informa\u00e7\u00e3o ao ano 2000, trabalhos do Vestibular da UFMG de 1999, formul\u00e1rio para cadastramento de pessoal a servi\u00e7o do Vestibular, via Web, leitura das folhas de respostas utilizadas na avalia\u00e7\u00e3o de disciplinas dos cursos de gradua\u00e7\u00e3o da UFMG, treinamentos oferecidos pelo CECOM a funcion\u00e1rios da UFMG, Festa de Natal do CECOM, entre outras. A not\u00edcia que se destacou foi:<\/p>\n<p>INA 98<br \/>\nEncerrou-se nesta semana a participa\u00e7\u00e3o do CECOM na implanta\u00e7\u00e3o da vers\u00e3o 98 no INA nos 98 departamentos da UFMG. O INA \u00e9 um sistema de coleta de dados que permite \u00e0 Administra\u00e7\u00e3o Central elaborar um relat\u00f3rio anual de atividades e produ\u00e7\u00e3o da Universidade.<\/p>\n<p>Este ano, um novo sistema foi projetado sobre a arquitetura Cliente\/Servidor, para substituir o atual INA, com tecnologias mais modernas e mais amig\u00e1veis ao usu\u00e1rio. Por v\u00e1rias raz\u00f5es o sistema n\u00e3o chegou a ser implementado e, por isso, o INA foi alterado e implantado nos diversos departamentos.<\/p>\n<p>Com o encerramento do trabalho, Carlos Roberto Alves Rodrigues, respons\u00e1vel pelo servi\u00e7o, passa a atuar juntamente com L\u00edsia Rocio de Abreu na implanta\u00e7\u00e3o do SICON V (Sistema de Controle de Conv\u00eanios) junto \u00e0 Proplan.<\/p>\n<p><a name=\"eventos\"><\/a><\/p>\n<h2>Eventos<\/h2>\n<p><a name=\"e1\"><\/a><br \/>\n<span style=\"color: #1e73be\"><strong>Sociais<\/strong><\/span><\/p>\n<p><strong>Anivers\u00e1rios:<\/strong> \u201cO Sistem\u00e1tico\u201d envia os parab\u00e9ns para Alan Jovane Vila\u00e7a, amanh\u00e3, dia 02; CECOM, no dia 04; Rafael Braga Soares Righi, no dia 05; e para os ex-ceconianos: Gilmar Lima Guimar\u00e3es e Vicentina Maria Queiroz, hoje, dia 1o. de novembro; Marcelo Henriques Vieira, no dia 02; Angelo de Moura Guimar\u00e3es e Helton F\u00e1bio de Matos, no dia 03; Eucl\u00eddia Leopoldina de Macedo Vale, no dia 04; Nath\u00e1lia Arantes Jer\u00f4nimo e H\u00e9lio Marques Sobrinho, no dia 05; N\u00e9lia Neiva Zille e M\u00e1rcio Alexandre Moraes, no dia 06; Efig\u00eanio Vieira de Ata\u00edde e Maria Tereza Camargos Diniz Fran\u00e7a, no dia 07.<\/p>\n<p><a name=\"e2\"><\/a><br \/>\n<span style=\"color: #1e73be\"><strong>Mem\u00f3ria Fotogr\u00e1fica do CECOM<\/strong><\/span><\/p>\n<p>A DTI &#8211; Diretoria de Tecnologia da Informa\u00e7\u00e3o promoveu, no dia 10 de outubro de 2018, o 8o. Encontro de T\u00e9cnicos de TI da UFMG, no Audit\u00f3rio 1070 da FACE. Esta semana, O Sistem\u00e1tico publica fotos dos apresentadores dos diversos assuntos abordados durante o evento: Professor Dorgival Olavo Guedes Neto, Diretor de TI da UFMG; Ivan Santana Santos, Diretor da DAC &#8211; Divis\u00e3o de Aten\u00e7\u00e3o ao Cliente; Emerson Henrique Kfuri Pereira, da DIS &#8211; Divis\u00e3o de Infraestrutura e Servi\u00e7os; Douglas Santos, da DRC &#8211; Divis\u00e3o de Redes de Comunica\u00e7\u00e3o; e Sibelius Rodrigues Sim\u00f5es, da Pr\u00f3-Reitoria de Pesquisa. As fotos s\u00e3o de autoria de Carlos Alfeu Furtado da Fonseca, Diretor do CECOM.<\/p>\n<p><img loading=\"lazy\" decoding=\"async\" class=\"aligncenter\" src=\"https:\/\/www.ufmg.br\/dti\/wp-content\/uploads\/sites\/2\/2018\/11\/1741_f2.jpg\" alt=\"1741_f2\" width=\"679\" height=\"339\" \/><\/p>\n<p><img loading=\"lazy\" decoding=\"async\" class=\"aligncenter\" src=\"https:\/\/www.ufmg.br\/dti\/wp-content\/uploads\/sites\/2\/2018\/11\/1741_f4.jpg\" alt=\"1741_f4\" width=\"437\" height=\"339\" \/><\/p>\n<h2><\/h2>\n<p>&nbsp;<\/p>\n","protected":false},"excerpt":{"rendered":"<p>&nbsp; Not\u00edcias: DTI participa da comemora\u00e7\u00e3o dos 50 anos da UFMG em Montes Claros. CECOM &#8211; Ano 48. Sa\u00edda de Estagi\u00e1rio. Informativo: Projetos da Ci\u00eancia da Computa\u00e7\u00e3o UFMG ser\u00e3o apoiados pela Google. Hor\u00e1rio de Ver\u00e3o. Fim de semana prolongado. H\u00e1 20 anos&#8230; Eventos: Sociais. Mem\u00f3ria Fotogr\u00e1fica do CECOM. \u00a0Vers\u00e3o em PDF Not\u00edcias DTI participa da &#8230; <a title=\"Sistem\u00e1tico: Edi\u00e7\u00e3o 1741 \u2013 01\/11\/2018\" class=\"read-more\" href=\"https:\/\/www.ufmg.br\/dti\/2018\/11\/01\/sistematico-edicao-1741-01112018\/\" aria-label=\"Read more about Sistem\u00e1tico: Edi\u00e7\u00e3o 1741 \u2013 01\/11\/2018\">Ler mais<\/a><\/p>\n","protected":false},"author":3,"featured_media":3481,"comment_status":"open","ping_status":"open","sticky":false,"template":"","format":"standard","meta":{"inline_featured_image":false,"footnotes":""},"categories":[15,14,1,13],"tags":[],"coauthors":[79,61],"class_list":["post-3455","post","type-post","status-publish","format-standard","has-post-thumbnail","hentry","category-area-2-noticias-destaque","category-noticia-detaque3-dti","category-sem-categoria","category-sistematico"],"_links":{"self":[{"href":"https:\/\/www.ufmg.br\/dti\/wp-json\/wp\/v2\/posts\/3455","targetHints":{"allow":["GET"]}}],"collection":[{"href":"https:\/\/www.ufmg.br\/dti\/wp-json\/wp\/v2\/posts"}],"about":[{"href":"https:\/\/www.ufmg.br\/dti\/wp-json\/wp\/v2\/types\/post"}],"author":[{"embeddable":true,"href":"https:\/\/www.ufmg.br\/dti\/wp-json\/wp\/v2\/users\/3"}],"replies":[{"embeddable":true,"href":"https:\/\/www.ufmg.br\/dti\/wp-json\/wp\/v2\/comments?post=3455"}],"version-history":[{"count":0,"href":"https:\/\/www.ufmg.br\/dti\/wp-json\/wp\/v2\/posts\/3455\/revisions"}],"wp:attachment":[{"href":"https:\/\/www.ufmg.br\/dti\/wp-json\/wp\/v2\/media?parent=3455"}],"wp:term":[{"taxonomy":"category","embeddable":true,"href":"https:\/\/www.ufmg.br\/dti\/wp-json\/wp\/v2\/categories?post=3455"},{"taxonomy":"post_tag","embeddable":true,"href":"https:\/\/www.ufmg.br\/dti\/wp-json\/wp\/v2\/tags?post=3455"},{"taxonomy":"author","embeddable":true,"href":"https:\/\/www.ufmg.br\/dti\/wp-json\/wp\/v2\/coauthors?post=3455"}],"curies":[{"name":"wp","href":"https:\/\/api.w.org\/{rel}","templated":true}]}}