{"id":4698,"date":"2020-04-02T19:39:11","date_gmt":"2020-04-02T22:39:11","guid":{"rendered":"https:\/\/www.ufmg.br\/dti\/cecom\/?p=4698"},"modified":"2020-04-02T19:39:11","modified_gmt":"2020-04-02T22:39:11","slug":"sistematico-edicao-1775-12032020","status":"publish","type":"post","link":"https:\/\/www.ufmg.br\/dti\/2020\/04\/02\/sistematico-edicao-1775-12032020\/","title":{"rendered":"Sistem\u00e1tico &#8211; Edi\u00e7\u00e3o 1775 &#8211; 12\/03\/2020"},"content":{"rendered":"<p><a href=\"\/dti\/#noticias\">Not\u00edcias:<\/a><\/p>\n<ul>\n<li><a href=\"\/dti\/#n1\">CECOM distribui novos aparelhos do servi\u00e7o de telefonia m\u00f3vel.<\/a><\/li>\n<li><a href=\"\/dti\/#n2\">DTI, CAED e GIZ implantam novidades no UFMGVirtual.<\/a><\/li>\n<li><a href=\"\/dti\/#n3\">Nutanix faz apresenta\u00e7\u00e3o sobre implanta\u00e7\u00e3o de hiperconverg\u00eancia.<\/a><\/li>\n<li><a href=\"\/dti\/#n4\">DRC recebe treinamento sobre OTDR.<\/a><\/li>\n<\/ul>\n<p><a href=\"\/dti\/#informativo\">Informativo:<\/a><\/p>\n<ul>\n<li><a href=\"\/dti\/#i1\">Estat\u00edsticas de Atendimento de Tickets da Divis\u00e3o de Aten\u00e7\u00e3o ao Clientes.<\/a><\/li>\n<li><a href=\"\/dti\/#i2\">Espa\u00e7o do Conhecimento UFMG divulga atividades gratuitas do final de semana.<\/a><\/li>\n<li><a href=\"\/dti\/#i3\">H\u00e1 20 anos&#8230;<\/a><\/li>\n<\/ul>\n<p><a href=\"\/dti\/#eventos\">Eventos:<\/a><\/p>\n<ul>\n<li><a href=\"\/dti\/#e1\">Sociais.<\/a><\/li>\n<li><a href=\"\/dti\/#e2\">Mem\u00f3ria Fotogr\u00e1fica do CECOM.<\/a><\/li>\n<\/ul>\n<p><img loading=\"lazy\" decoding=\"async\" class=\"alignnone size-full wp-image-1663\" src=\"https:\/\/www.ufmg.br\/dti\/wp-content\/uploads\/sites\/2\/2016\/10\/pdf.png\" alt=\"pdf\" width=\"25\" height=\"25\" \/>\u00a0<a href=\"https:\/\/www.ufmg.br\/dti\/wp-content\/uploads\/sites\/2\/2020\/04\/350-2822-1-PB.pdf\" target=\"_blank\">Vers\u00e3o em PDF<\/a><\/p>\n<p><a name=\"noticias\"><\/a><\/p>\n<h2>Not\u00edcias<\/h2>\n<p><a name=\"n1\"><\/a><br \/>\n<span style=\"color: #1e73be\"><strong>CECOM distribui novos aparelhos do servi\u00e7o de telefonia m\u00f3vel<\/strong><\/span><\/p>\n<p>No dia 21 de fevereiro, a empresa Claro encerrou a entrega ao CECOM dos chips e aparelhos celulares do novo contrato.<\/p>\n<p>Eles foram agendados para entrega nos dias 09, 10 e 11\/03. At\u00e9 o momento, somente 50% dos aparelhos foram distribu\u00eddos, continuando o restante \u00e0 disposi\u00e7\u00e3o para aqueles que n\u00e3o procuraram o CECOM.<\/p>\n<p>A desativa\u00e7\u00e3o do chip antigo e ativa\u00e7\u00e3o do chip novo ser\u00e3o feitos pela Claro no dia 13\/03\/2020, a qualquer hora. Para isto, o chip dever\u00e1 ser instalado no novo aparelho, mantendo o mesmo ligado nessa data.<\/p>\n<p>A devolu\u00e7\u00e3o do aparelho antigo e de seus acess\u00f3rios ser\u00e1 feita no mesmo local, ou seja, com Carolina Santos Alves, da DTI\/CECOM, no 8o. andar da Reitoria, sala 8007, no hor\u00e1rio de 9h30 \u00e0s 12h e de 13h \u00e0s 17h,<br \/>\nat\u00e9 o dia 20\/03\/2020.<\/p>\n<p>Na etapa de distribui\u00e7\u00e3o, foi aceito o NO UFMG VIRTUAL recebimento por terceiros, devidamente identificados e autorizados pelos titulares ou diretores. O mesmo se aplica na etapa de devolu\u00e7\u00e3o dos aparelhos antigos.<\/p>\n<p>A DTI\/CECOM sugere a leitura das instru\u00e7\u00f5es e a utiliza\u00e7\u00e3o dos seguintes canais de servi\u00e7o da DTI:<\/p>\n<ul>\n<li>sobre orienta\u00e7\u00f5es relacionadas ao servi\u00e7o: acessar <a href=\"https:\/\/www.ufmg.br\/dti\/pagina-inicial\/portfolio\/servicos\/telefonia-fixa-e-movel\/\" target=\"_blank\">https:\/\/www.ufmg.br\/dti\/pagina-inicial\/portfolio\/servicos\/telefonia-fixa-e-movel\/<\/a><\/li>\n<li>sobre pol\u00edticas de uso do servi\u00e7o: acessar <a href=\"https:\/\/www.ufmg.br\/dti\/paginainicial\/portfolio\/servicos\/celular-institucional-utilizacao\/\" target=\"_blank\">https:\/\/www.ufmg.br\/dti\/paginainicial\/portfolio\/servicos\/celular-institucional-utilizacao\/<\/a><\/li>\n<li>para solicita\u00e7\u00f5es relacionadas ao servi\u00e7o: enviar email para celular@cecom.ufmg.br.<\/li>\n<\/ul>\n<p>&nbsp;<\/p>\n<p><a name=\"n2\"><\/a><\/p>\n<p><span style=\"color: #1e73be\"><strong>DTI, CAED e GIZ implantam novidades no UFMGVirtual<\/strong><\/span><\/p>\n<p>Como resultado de um trabalho colaborativo entre a Diretoria de Tecnologia da Informa\u00e7\u00e3o &#8211; DTI, o Centro de Apoio \u00e0 Educa\u00e7\u00e3o a Dist\u00e2ncia &#8211; CAED e a Diretoria de Inova\u00e7\u00e3o e Metodologias de Ensino &#8211; GIZ, foi criado um espa\u00e7o dedicado \u00e0 divulga\u00e7\u00e3o de informa\u00e7\u00f5es sobre as atualiza\u00e7\u00f5es e as funcionalidades do ambiente UFMGVirtual.<\/p>\n<p>Esse espa\u00e7o tem como objetivo oferecer, ao p\u00fablico docente da universidade, solu\u00e7\u00f5es pedag\u00f3gicas inovadoras que facilitem e promovam a utiliza\u00e7\u00e3o do ambiente UFMGVirtual. Os conte\u00fados est\u00e3o organizados em blocos tem\u00e1ticos, sendo um deles destinado ao feedback.<\/p>\n<p>Antes do in\u00edcio de todo semestre letivo ser\u00e3o publicadas, no espa\u00e7o, as novidades e atualiza\u00e7\u00f5es do ambiente.<\/p>\n<p>O analista Leonardo Freitas da Silva Pereira, da equipe da DDP, participou desse projeto conjunto.<\/p>\n<p>&nbsp;<\/p>\n<p>&nbsp;<\/p>\n<p><a name=\"n3\"><\/a><br \/>\n<span style=\"color: #1e73be\"><strong>Nutanix faz apresenta\u00e7\u00e3o sobre implanta\u00e7\u00e3o de hiperconverg\u00eancia<\/strong><\/span><\/p>\n<p>Foi realizada hoje, dia 12, uma palestra sobre a solu\u00e7\u00e3o de hiperconverg\u00eancia da Nutanix, adquirida pelo CECOM no ano passado.<\/p>\n<p>O objetivo foi fornecer aos demais integrantes da Divis\u00e3o de Infraestrutura de Servi\u00e7os (DIS) e \u00e0 diretoria da DTI e do CECOM um overview da solu\u00e7\u00e3o, seus recursos e suas principais funcionalidades.<\/p>\n<p>A apresenta\u00e7\u00e3o foi feita por Cristiano Pimenta, da Altasnet, e contou com a participa\u00e7\u00e3o da equipe da DIS, al\u00e9m dos diretores da DTI, Dorgival Olavo Guedes Neto; do CECOM, Carlos Alfeu Furtado da Fonseca; e da Vice Diretora do CECOM, Karina Flaviana Ribeiro. Da equipe da DIS estavam presentes: M\u00e1rcio da Costa Viana (Diretor), Bruno Gomes de Souza, Emerson Henrique Kfuri Pereira, Felipe Ribeiro de Oliveira, Gladson Ot\u00e1vio Recieri, Leandro Duarte de Assis, Pedro Henrique Begalli Rezende e Wallison Fabiano de Ara\u00fajo.<\/p>\n<p>&nbsp;<\/p>\n<p><a name=\"n4\"><\/a><br \/>\n<span style=\"color: #1e73be\"><strong>DRC recebe treinamento sobre OTDR<\/strong><\/span><\/p>\n<p>No dia 04 de mar\u00e7o, a DRC &#8211; Divis\u00e3o de Redes de Comunica\u00e7\u00e3o recebeu o Engenheiro de Vendas Danilo Teixeira para um mini curso sobre configura\u00e7\u00e3o e interpreta\u00e7\u00e3o dos resultados do equipamento OTDR (Optical time-domain reflectometer) um instrumento opto eletr\u00f4nico usado para caracterizar uma fibra \u00f3ptica. Danilo Teixeira \u00e9 Colaborador da empresa Nextest, ganhadora do preg\u00e3o no item referente ao equipamento citado.<\/p>\n<p>No mini curso foram apresentados exemplos de testes de cabos \u00f3pticos bem como sua correta leitura.<\/p>\n<p>O treinamento, realizado na Sala de Aulas do CECOM, no subsolo do pr\u00e9dio da Reitoria, contou com a presen\u00e7a de David Eust\u00e1quio da Silva, Edgard Eust\u00e1quio Morais, Os\u00e9ias Geraldo Bessa Viana e Samuel Elias Dutra.<\/p>\n<p><img loading=\"lazy\" decoding=\"async\" class=\"aligncenter size-full wp-image-4721\" src=\"https:\/\/www.ufmg.br\/dti\/wp-content\/uploads\/sites\/2\/2020\/04\/OTDR.jpg\" alt=\"otdr\" width=\"461\" height=\"355\" \/><\/p>\n<p>&nbsp;<\/p>\n<p><a name=\"informativo\"><\/a><\/p>\n<h2>Informativo<\/h2>\n<p><a name=\"i1\"><\/a><br \/>\n<span style=\"color: #1e73be\"><strong>Estat\u00edsticas de Atendimento de Tickets da Divis\u00e3o de Aten\u00e7\u00e3o ao Cliente<\/strong><\/span><\/p>\n<p>A DAC \u00e9 respons\u00e1vel por prestar suporte t\u00e9cnico em diferentes plataformas de TI utilizadas pela comunidade universit\u00e1ria por meio do servi\u00e7o de Helpdesk. Tamb\u00e9m compete a DAC a especifica\u00e7\u00e3o de equipamentos e softwares e consultoria nos processos de compras.<\/p>\n<p>Solicita\u00e7\u00f5es de servi\u00e7o podem ser feitas pelo e-mail suporte@ufmg.br, pelo ramal 4009 ou presencialmente na Sala 2040 do Instituto de Ci\u00eancias Exatas &#8211; ICEx.<\/p>\n<p>O Request Tracker &#8211; RT &#8211; \u00e9 um software para gerenciamento de solicita\u00e7\u00f5es usado pela DAC. Ele permite identificar, acompanhar e documentar todo o processo percorrido para resolu\u00e7\u00e3o de uma solicita\u00e7\u00e3o, bem como a situa\u00e7\u00e3o em que o mesmo se encontra. No RT, a solicita\u00e7\u00e3o \u00e9 chamada de T\u00edquete, sendo identificada por uma numera\u00e7\u00e3o autom\u00e1tica \u00fanica no sistema.<\/p>\n<p>&nbsp;<\/p>\n<p style=\"text-align: center\"><img loading=\"lazy\" decoding=\"async\" class=\"aligncenter size-full wp-image-4718\" src=\"https:\/\/www.ufmg.br\/dti\/wp-content\/uploads\/sites\/2\/2020\/04\/Grafico_RT1.png\" alt=\"grafico_rt1\" width=\"700\" height=\"394\" \/><\/p>\n<p>&nbsp;<\/p>\n<p>Em janeiro de 2020 foram criados 999 tickets. J\u00e1 em fevereiro este n\u00famero saltou para 1.568, devido, principalmente, ao fato do registro acad\u00eamico ter iniciado no dia 12 deste m\u00eas. Isto se deve ao fato de novos alunos demandarem servi\u00e7os relacionados ao minhaUFMG e ao Moodle.<\/p>\n<p>Em janeiro foram 14 atendimentos presenciais, enquanto que em fevereiro este n\u00famero aumentou para 156, todos eles para emiss\u00e3o de carta de NIPs, que s\u00e3o n\u00fameros que funcionam como uma senha e s\u00e3o utilizados para obten\u00e7\u00e3o do registro no minhaUFMG.<\/p>\n<p style=\"text-align: center\"><img loading=\"lazy\" decoding=\"async\" class=\"aligncenter size-full wp-image-4719\" src=\"https:\/\/www.ufmg.br\/dti\/wp-content\/uploads\/sites\/2\/2020\/04\/Grafico_RT2.png\" alt=\"grafico_rt2\" width=\"710\" height=\"422\" \/><\/p>\n<p>&nbsp;<\/p>\n<p><a name=\"i2\"><\/a><br \/>\n<span style=\"color: #1e73be\"><strong>Espa\u00e7o do Conhecimento UFMG divulga atividades gratuitas do final de semana<span style=\"color: #1e73be\"><strong><br \/>\n<\/strong><\/span><\/strong><\/span><br \/>\nNo pr\u00f3ximo fim de semana, dias 14 e 15 de mar\u00e7o, o Espa\u00e7o do Conhecimento UFMG oferece diversas op\u00e7\u00f5es gratuitas para os visitantes. No s\u00e1bado, \u00e0s 14h, um percurso acess\u00edvel levar\u00e1 visitantes surdos \u00e0 exposi\u00e7\u00e3o Mundos Ind\u00edgenas. No mesmo hor\u00e1rio os visitantes tamb\u00e9m poder\u00e3o conhecer um pouco sobre o povo ind\u00edgena Sorielisarb, seus costumes e tradi\u00e7\u00f5es, em uma atividade voltada para crian\u00e7as e adolescentes. Em seguida, \u00e0s 16h, um clubinho de leitura celebrar\u00e1 o Dia Mundial da Poesia com um sarau de versos infantis. O dia terminar\u00e1 \u00e0s 18h15, com 3, 2, 1&#8230; Lan\u00e7ar Foguete!, que proporcionar\u00e1 aos visitantes uma simula\u00e7\u00e3o de um programa espacial. No domingo, \u00e0s 15h, o p\u00fablico infantil aprender\u00e1 sobre os povos ind\u00edgenas em uma divertida brincadeira.<br \/>\n<strong>S\u00e1bado com Libras<\/strong> &#8211; Visita pela Exposi\u00e7\u00e3o Mundos Ind\u00edgenas. No s\u00e1bado, \u00e0s 14h, quem se comunica por L\u00edngua Brasileira de Sinais poder\u00e1 visitar a exposi\u00e7\u00e3o Mundos Ind\u00edgenas na companhia da int\u00e9rprete de Libras Dinalva Andrade. Os visitantes ir\u00e3o aprender mais a fundo sobre cinco povos ind\u00edgenas brasileiros: Ye\u2019kwana, Yanomami, Xakriab\u00e1, Pataxoop e Tikmi\u2019in, por meio de um percurso pela mostra em cartaz no museu. A visita pela exposi\u00e7\u00e3o Mundos Ind\u00edgenas \u00e9 gratuita e tem classifica\u00e7\u00e3o livre.<\/p>\n<p>A exposi\u00e7\u00e3o foi elaborada a partir de conceitos propostos por curadores ind\u00edgenas e conta com ilustra\u00e7\u00f5es, gravuras, anima\u00e7\u00f5es, al\u00e9m de exibir objetos e artefatos como m\u00e1scaras, cer\u00e2micas e cestarias que fazem parte do dia a dia e da rotina desses povos.<\/p>\n<p>Desde 2015, o projeto S\u00e1bado com Libras une pessoas fluentes em L\u00edngua de Sinais e estudiosos do idioma para encontros e trocas no Espa\u00e7o do Conhecimento UFMG.<\/p>\n<p><strong>Os Sorielisarb &#8211; quem s\u00e3o os outros?<\/strong> &#8211; Nem todo mundo j\u00e1 ouviu falar dos Sorielisarb. Eles est\u00e3o entre os povos ind\u00edgenas que vivem no bra\u00e7o direito do Amazonas e no tronco tupi do Rio da Prata e se encontram majoritariamente dentro daquilo que se convencionou chamar de c\u00edrculo tupi-guarani.<\/p>\n<p>Na atividade Os Sorielisarb &#8211; quem s\u00e3o os outros?, crian\u00e7as e adolescentes a partir dos 10 anos poder\u00e3o conhecer quem comp\u00f5e essa comunidade, quais s\u00e3o seus costumes e tradi\u00e7\u00f5es. A atividade \u00e9 gratuita, mediante retirada de senha na recep\u00e7\u00e3o do museu, e ser\u00e1 realizada no s\u00e1bado, dia 14 de mar\u00e7o, tamb\u00e9m \u00e0s 14h.<\/p>\n<p><strong>Clubinho de Leitura<\/strong> &#8211; sarau de poesias infantis: No dia 21 de mar\u00e7o \u00e9 celebrado o Dia Mundial da Poesia. A data foi criada pela Unesco, em 1999, para celebrar a poesia como forma de arte em todo o mundo. O Espa\u00e7o do Conhecimento UFMG vai comemorar esse dia lembrando que poesia n\u00e3o \u00e9 coisa s\u00f3 de adulto!<\/p>\n<p>No Clubinho de leitura: sarau de poesias infantis, a crian\u00e7ada \u00e9 convidada a falar sobre o seu universo, trazer poesias de autoria pr\u00f3pria, ou que despertem seu interesse, e se divertir muito em uma brincadeira com as palavras. A atividade tem classifica\u00e7\u00e3o livre, \u00e9 gratuita, e acontecer\u00e1 no s\u00e1bado, dia 14 de mar\u00e7o, \u00e0s 16h. Para participar, basta retirar uma senha na recep\u00e7\u00e3o do museu.<\/p>\n<p><strong>3, 2, 1&#8230; Lan\u00e7ar Foguete!<\/strong> &#8211; Fazer uma espa\u00e7onave sair da \u00f3rbita terrestre e ir em dire\u00e7\u00e3o ao universo n\u00e3o \u00e9 uma tarefa t\u00e3o simples: requer muitos testes e muito conhecimento. No pr\u00f3ximo s\u00e1bado, 14 de mar\u00e7o, \u00e0s 18h15, a oficina 3, 2, 1&#8230; Lan\u00e7ar Foguete!, mostra aos visitantes como funciona um programa espacial, desde a constru\u00e7\u00e3o at\u00e9 o lan\u00e7amento de um foguete.<\/p>\n<p>A atividade instigar\u00e1 os visitantes a construir suas pr\u00f3prias naves espaciais com garrafinhas de pl\u00e1stico. A participa\u00e7\u00e3o \u00e9 gratuita e recomendada para maiores de<br \/>\n07 anos.<\/p>\n<p><strong>(Des)encaixando<\/strong> &#8211; O Espa\u00e7o do Conhecimento UFMG vai reunir a crian\u00e7ada no pr\u00f3ximo domingo, 15 de mar\u00e7o, \u00e0s 15h, em uma oficina sobre a diversidade dos povos ind\u00edgenas em nosso pa\u00eds. A atividade (Des)encaixando mostrar\u00e1 as singularidades de cinco comunidades nativas &#8211; Ye\u2019kwana, Yanomami, Xakriab\u00e1, Tikmu\u2019un e Patax\u00f3 -, desmistificando estere\u00f3tipos comuns, por meio de quebra-cabe\u00e7as que ser\u00e3o montados pelas pr\u00f3prias crian\u00e7as.<\/p>\n<p>A oficina ser\u00e1 finalizada com uma conta\u00e7\u00e3o de hist\u00f3rias sobre os povos representados nos quebra-cabe\u00e7as. A participa\u00e7\u00e3o \u00e9 gratuita e n\u00e3o \u00e9 necess\u00e1rio se inscrever, basta retirar uma senha na recep\u00e7\u00e3o do museu. A dura\u00e7\u00e3o m\u00e9dia \u00e9 de uma hora e a classifica\u00e7\u00e3o indicativa \u00e9 de 5 anos.<\/p>\n<p>O Espa\u00e7o do Conhecimento UFMG estimula a constru\u00e7\u00e3o de um olhar cr\u00edtico acerca da produ\u00e7\u00e3o de saberes. Sua programa\u00e7\u00e3o diversificada inclui exposi\u00e7\u00f5es, cursos, oficinas e debates. Integrante do Circuito Liberdade, o museu \u00e9 fruto da parceria entre a UFMG e o Governo de Minas. O Espa\u00e7o est\u00e1 subordinado \u00e0 Diretoria de A\u00e7\u00e3o Cultural (DAC) da Universidade, \u00e9 amparado pela Lei Federal de Incentivo \u00e0 Cultura e conta com patroc\u00ednio do Instituto Unimed-BH.<\/p>\n<p>Quer conhecer a programa\u00e7\u00e3o completa do Espa\u00e7o? S\u00e3o diversas atra\u00e7\u00f5es para todas as idades: exposi\u00e7\u00f5es, oficinas, conta\u00e7\u00f5es de hist\u00f3rias e muito mais. Todas as informa\u00e7\u00f5es est\u00e3o dispon\u00edveis no site(<a href=\"https:\/\/www.ufmg.br\/espacodoconhecimento\/\" target=\"_blank\">https:\/\/www.ufmg.br\/espacodoconhecimento\/<\/a>) e nas redes sociais(<a href=\"http:\/\/www.facebook.com\/espacodoconhecimentoufmg\/\" target=\"_blank\">http:\/\/www.facebook.com\/espacodoconhecimentoufmg\/<\/a>).<\/p>\n<p>(Fonte: Cedecom &#8211; Assessoria de Imprensa &#8211; 11\/03\/2020)<\/p>\n<p>&nbsp;<\/p>\n<p><a name=\"i3\"><\/a><br \/>\n<span style=\"color: #1e73be\"><strong>H\u00e1 20 anos&#8230;<\/strong><\/span><\/p>\n<p>O Sistem\u00e1tico Ano XXIV, no. 09, de 02\/03\/2000, publicou not\u00edcias sobre reativa\u00e7\u00e3o da conex\u00e3o ao Serpro, palestra no Conselho de Diretores sobre Software na UFMG: alternativas de uso e responsabilidade administrativa por M\u00e1rcio Bunte e Carlos Alfeu, doa\u00e7\u00e3o de impressoras do CECOM,treinamento Lotus Notes, entre outras. A not\u00edcia que se destacou foi:<\/p>\n<p>MODERNIZA\u00c7\u00c3O DO BACKBONE DA UFMG<\/p>\n<p>No dia 03 de abril, ocorrer\u00e1 a abertura do processo licitat\u00f3rio que objetiva a aquisi\u00e7\u00e3o de novos equipamentos para o backbone da Rede UFMG, que dever\u00e1, tamb\u00e9m, ser modificado.<\/p>\n<p>O processo licitat\u00f3rio, elaborado pelo Gerente de Rede, Fernando Frota Machado de Morais, com o apoio da Administradora M\u00e1rcia Regina Lemos, est\u00e1 sendo executado com aux\u00edlio da Fundep e prev\u00ea o investimento de cerca de R$ 500 mil, origin\u00e1rios de recursos repassados pela SESU\/MEC e recursos pr\u00f3prios da Universidade.<\/p>\n<p>A caracteriza\u00e7\u00e3o t\u00e9cnica do projeto permitir\u00e1 a ado\u00e7\u00e3o de tecnologia GIGA Ethernet no backbone e possibilidade de uso de tecnologia ATM em backbone paralelo com os mesmos equipamentos. O objetivo deste investimento, que tamb\u00e9m ser\u00e1 aplicado para viabilizar um novo cabeamento de fibras \u00f3ticas, \u00e9 garantir redund\u00e2ncia f\u00edsica da rede, maior seguran\u00e7a quanto a n\u00e3o interrup\u00e7\u00e3o dos servi\u00e7os, maior velocidade de comunica\u00e7\u00e3o e amplia\u00e7\u00e3o dos servi\u00e7os, permitindo o tr\u00e1fego de voz e imagem, al\u00e9m de dados. &#8230;<\/p>\n<p><a name=\"eventos\"><\/a><\/p>\n<h2>Eventos<\/h2>\n<p><a name=\"e1\"><\/a><br \/>\n<span style=\"color: #1e73be\"><strong>Sociais<\/strong><\/span><\/p>\n<p>ANIVERS\u00c1RIOS: \u201cO Sistem\u00e1tico\u201d envia os parab\u00e9ns para Guilherme V\u00edtor Neres dos Santos (Cruz Vermelha), no dia 15; Maximiliano Lu\u00eds Souza Guimar\u00e3es, no dia 19; e para os ex-ceconianos: Daniele Maria Miranda, Jane Pires Camargo Lemos e Priscila Gon\u00e7alves do Nascimento, no dia 13; Gl\u00e1ucia Maria Fantoni, no dia 14; M\u00f4nica Ataide Silva, Roberto M\u00e1rcio Ferreira de Souza e Michelle Fernanda Alves do Carmo, no dia 16; Odilon Gon\u00e7alves de Castro, no dia 17; Michele Marie Ribeiro Perp\u00e9tuo e Rodrigo Torres Assump\u00e7\u00e3o, no dia 18; e Rafael Alves de Souza, no dia 19.<\/p>\n<p>&nbsp;<\/p>\n<p><a name=\"e2\"><\/a><br \/>\n<span style=\"color: #1e73be\"><strong>Mem\u00f3ria Fotogr\u00e1fica do CECOM<\/strong><\/span><\/p>\n<p>No final do m\u00eas de novembro\/2019, o CECOM se preparou para as festas de final de ano. A ideia, desta vez, para enfeitar o 8o. andar, foi um portal com bolinhas de Natal com os nomes de todos da DTI\/CECOM.<\/p>\n<p>A ideia surgiu, mas a prepara\u00e7\u00e3o do portal e coloca\u00e7\u00e3o no local deram um pouco de trabalho. Trabalho bom de ser feito!<\/p>\n<p>As fotos s\u00e3o de autoria da A\u00edda.<\/p>\n<p>&nbsp;<\/p>\n<p><img loading=\"lazy\" decoding=\"async\" class=\"aligncenter size-full wp-image-4720\" src=\"https:\/\/www.ufmg.br\/dti\/wp-content\/uploads\/sites\/2\/2020\/04\/Natal.jpg\" alt=\"natal\" width=\"818\" height=\"828\" \/><\/p>\n<h2><\/h2>\n","protected":false},"excerpt":{"rendered":"<p>Not\u00edcias: CECOM distribui novos aparelhos do servi\u00e7o de telefonia m\u00f3vel. DTI, CAED e GIZ implantam novidades no UFMGVirtual. Nutanix faz apresenta\u00e7\u00e3o sobre implanta\u00e7\u00e3o de hiperconverg\u00eancia. DRC recebe treinamento sobre OTDR. Informativo: Estat\u00edsticas de Atendimento de Tickets da Divis\u00e3o de Aten\u00e7\u00e3o ao Clientes. Espa\u00e7o do Conhecimento UFMG divulga atividades gratuitas do final de semana. H\u00e1 20 &#8230; <a title=\"Sistem\u00e1tico &#8211; Edi\u00e7\u00e3o 1775 &#8211; 12\/03\/2020\" class=\"read-more\" href=\"https:\/\/www.ufmg.br\/dti\/2020\/04\/02\/sistematico-edicao-1775-12032020\/\" aria-label=\"Read more about Sistem\u00e1tico &#8211; Edi\u00e7\u00e3o 1775 &#8211; 12\/03\/2020\">Ler mais<\/a><\/p>\n","protected":false},"author":3,"featured_media":4725,"comment_status":"closed","ping_status":"closed","sticky":false,"template":"","format":"standard","meta":{"inline_featured_image":false,"footnotes":""},"categories":[15,14,1,13],"tags":[],"coauthors":[79,64],"class_list":["post-4698","post","type-post","status-publish","format-standard","has-post-thumbnail","hentry","category-area-2-noticias-destaque","category-noticia-detaque3-dti","category-sem-categoria","category-sistematico"],"_links":{"self":[{"href":"https:\/\/www.ufmg.br\/dti\/wp-json\/wp\/v2\/posts\/4698","targetHints":{"allow":["GET"]}}],"collection":[{"href":"https:\/\/www.ufmg.br\/dti\/wp-json\/wp\/v2\/posts"}],"about":[{"href":"https:\/\/www.ufmg.br\/dti\/wp-json\/wp\/v2\/types\/post"}],"author":[{"embeddable":true,"href":"https:\/\/www.ufmg.br\/dti\/wp-json\/wp\/v2\/users\/3"}],"replies":[{"embeddable":true,"href":"https:\/\/www.ufmg.br\/dti\/wp-json\/wp\/v2\/comments?post=4698"}],"version-history":[{"count":0,"href":"https:\/\/www.ufmg.br\/dti\/wp-json\/wp\/v2\/posts\/4698\/revisions"}],"wp:attachment":[{"href":"https:\/\/www.ufmg.br\/dti\/wp-json\/wp\/v2\/media?parent=4698"}],"wp:term":[{"taxonomy":"category","embeddable":true,"href":"https:\/\/www.ufmg.br\/dti\/wp-json\/wp\/v2\/categories?post=4698"},{"taxonomy":"post_tag","embeddable":true,"href":"https:\/\/www.ufmg.br\/dti\/wp-json\/wp\/v2\/tags?post=4698"},{"taxonomy":"author","embeddable":true,"href":"https:\/\/www.ufmg.br\/dti\/wp-json\/wp\/v2\/coauthors?post=4698"}],"curies":[{"name":"wp","href":"https:\/\/api.w.org\/{rel}","templated":true}]}}