{"id":3421,"date":"2021-02-12T15:45:27","date_gmt":"2021-02-12T17:45:27","guid":{"rendered":"https:\/\/www.ufmg.br\/espacodoconhecimento\/mostrauniversidadecidade\/?p=3421"},"modified":"2021-02-12T15:47:14","modified_gmt":"2021-02-12T17:47:14","slug":"entre-rios-e-ruas","status":"publish","type":"post","link":"https:\/\/www.ufmg.br\/espacodoconhecimento\/mostrauniversidadecidade\/entre-rios-e-ruas\/","title":{"rendered":"Entre Rios e Ruas"},"content":{"rendered":"\n<p class=\"wp-block-paragraph\"><span class=\"has-inline-color has-very-dark-gray-color\">Reflex\u00e3o po\u00e9tica sobre as rela\u00e7\u00f5es entre cidade, paisagem, meio ambiente e indiv\u00edduo<br><a href=\"https:\/\/www.instagram.com\/isabelaprado.art\/\">@isabelaprado.art<\/a>\u00a0| BH, Brasil<\/span><\/p>\n\n\n\n<p class=\"wp-block-paragraph\">(via <span class=\"has-inline-color has-very-dark-gray-color\"><a href=\"https:\/\/www.instagram.com\/entrerioseruas\/\">@entrerioseruas<\/a>)<\/span><\/p>\n\n\n\n<div style=\"height:20px\" aria-hidden=\"true\" class=\"wp-block-spacer\"><\/div>\n\n\n\n<hr class=\"wp-block-separator\"\/>\n\n\n<header>\n<h3><span style=\"color: #333333;\">Projeto Li\u00e7\u00e3o \u2013 Se essa Rua fosse um Rio<\/span><\/h3>\n<pre>\u00a0<\/pre>\n<\/header>\n<div class=\"main-content\">\n<p><span style=\"color: #333333;\">Li\u00e7\u00e3o \u2013 Se essa Rua fosse um Rio: V\u00eddeo que registra uma s\u00e9rie de performances em ruas sob as quais correm trechos de c\u00f3rregos afluentes do Ribeir\u00e3o Arrudas, em diferentes regi\u00f5es da cidade, sob a coordena\u00e7\u00e3o da professora Isabela Prado, da Escola de Belas Artes da UFMG.<\/span><\/p>\n<p>\t\t\t<div data-mode=\"normal\" data-oembed=\"1\" data-provider=\"youtube\" id=\"arve-youtube-ohnjvdvhe0g\" style=\"max-width:400px;\" class=\"arve aligncenter\">\n\t\t\t\t<div class=\"arve-inner\">\n\t\t\t\t\t<div style=\"aspect-ratio:500\/281\" class=\"arve-embed arve-embed--has-aspect-ratio\">\n\t\t\t\t\t\t<div class=\"arve-ar\" style=\"padding-top:56.200000%\"><\/div>\n\t\t\t<iframe allow=\"accelerometer &apos;none&apos;;autoplay &apos;none&apos;;bluetooth &apos;none&apos;;browsing-topics &apos;none&apos;;camera &apos;none&apos;;clipboard-read &apos;none&apos;;clipboard-write;display-capture &apos;none&apos;;encrypted-media &apos;none&apos;;gamepad &apos;none&apos;;geolocation &apos;none&apos;;gyroscope &apos;none&apos;;hid &apos;none&apos;;identity-credentials-get &apos;none&apos;;idle-detection &apos;none&apos;;keyboard-map &apos;none&apos;;local-fonts;magnetometer &apos;none&apos;;microphone &apos;none&apos;;midi &apos;none&apos;;otp-credentials &apos;none&apos;;payment &apos;none&apos;;picture-in-picture;publickey-credentials-create &apos;none&apos;;publickey-credentials-get &apos;none&apos;;screen-wake-lock &apos;none&apos;;serial &apos;none&apos;;summarizer &apos;none&apos;;sync-xhr;usb &apos;none&apos;;web-share;window-management &apos;none&apos;;xr-spatial-tracking &apos;none&apos;;\" allowfullscreen=\"\" class=\"arve-iframe fitvidsignore\" credentialless data-arve=\"arve-youtube-ohnjvdvhe0g\" data-lenis-prevent=\"\" data-src-no-ap=\"https:\/\/www.youtube.com\/embed\/oHnjvdvHE0g?feature=oembed&amp;iv_load_policy=3&amp;modestbranding=1&amp;rel=0&amp;autohide=1&amp;playsinline=0&amp;autoplay=0\" frameborder=\"0\" height=\"224.8\" loading=\"lazy\" name=\"\" referrerpolicy=\"strict-origin-when-cross-origin\" sandbox=\"allow-scripts allow-same-origin allow-presentation allow-popups allow-popups-to-escape-sandbox\" scrolling=\"no\" src=\"https:\/\/www.youtube.com\/embed\/oHnjvdvHE0g?feature=oembed&#038;iv_load_policy=3&#038;modestbranding=1&#038;rel=0&#038;autohide=1&#038;playsinline=0&#038;autoplay=0\" title=\"\" width=\"400\"><\/iframe>\n\t\t\t\t\t\t\t\t<\/div>\n\t\t\t\t\t\t\t\t\t<\/div>\n\t\t\t\t\t\t\t\t\t\t\t\t<script type=\"application\/ld+json\">{\"@context\":\"http:\\\/\\\/schema.org\\\/\",\"@id\":\"https:\\\/\\\/www.ufmg.br\\\/espacodoconhecimento\\\/mostrauniversidadecidade\\\/entre-rios-e-ruas\\\/#arve-youtube-ohnjvdvhe0g\",\"@type\":\"VideoObject\",\"embedURL\":\"https:\\\/\\\/www.youtube.com\\\/embed\\\/oHnjvdvHE0g?feature=oembed&iv_load_policy=3&modestbranding=1&rel=0&autohide=1&playsinline=0&autoplay=0\"}<\/script>\t\t\t\t\t\t\t<\/div>\n\t\t\t<\/p>\n<p><span style=\"color: #333333;\">Idealiza\u00e7\u00e3o e coordena\u00e7\u00e3o: Isabela Prado<\/span><br \/><span style=\"color: #333333;\">Acompanhamento curatorial: J\u00falio Martins<\/span><br \/><span style=\"color: #333333;\">M\u00fasico: Paulo Thom\u00e1z<\/span><br \/><span style=\"color: #333333;\">Fotografia e v\u00eddeo: Roberto Bellini<\/span><br \/><span style=\"color: #333333;\">Produ\u00e7\u00e3o: Guilherme Machado<\/span><br \/><span style=\"color: #333333;\">M\u00eddias sociais, design e edi\u00e7\u00e3o: Luciana Guizan<\/span><\/p>\n<\/div>\n\n\n<hr class=\"wp-block-separator\"\/>\n\n\n<header>\n<h3><span style=\"color: #333333;\">Projeto Sobre o Rio<\/span><\/h3>\n<pre>\u00a0<\/pre>\n<\/header>\n<div class=\"main-content\">\n<p><span style=\"color: #333333;\">Sobre o Rio: V\u00eddeo sobre uma interven\u00e7\u00e3o urbana permanente, realizada a partir da instala\u00e7\u00e3o de placas de sinaliza\u00e7\u00e3o que identificam os c\u00f3rregos afluentes do Ribeir\u00e3o Arrudas sob as ruas e avenidas de Belo Horizonte, sob a coordena\u00e7\u00e3o da professora Isabela Prado, da Escola de Belas Artes da UFMG.<\/span><\/p>\n<p>\t\t\t<div data-mode=\"normal\" data-oembed=\"1\" data-provider=\"youtube\" id=\"arve-youtube-l45lvouunrk\" style=\"max-width:400px;\" class=\"arve aligncenter\">\n\t\t\t\t<div class=\"arve-inner\">\n\t\t\t\t\t<div style=\"aspect-ratio:500\/281\" class=\"arve-embed arve-embed--has-aspect-ratio\">\n\t\t\t\t\t\t<div class=\"arve-ar\" style=\"padding-top:56.200000%\"><\/div>\n\t\t\t<iframe allow=\"accelerometer &apos;none&apos;;autoplay &apos;none&apos;;bluetooth &apos;none&apos;;browsing-topics &apos;none&apos;;camera &apos;none&apos;;clipboard-read &apos;none&apos;;clipboard-write;display-capture &apos;none&apos;;encrypted-media &apos;none&apos;;gamepad &apos;none&apos;;geolocation &apos;none&apos;;gyroscope &apos;none&apos;;hid &apos;none&apos;;identity-credentials-get &apos;none&apos;;idle-detection &apos;none&apos;;keyboard-map &apos;none&apos;;local-fonts;magnetometer &apos;none&apos;;microphone &apos;none&apos;;midi &apos;none&apos;;otp-credentials &apos;none&apos;;payment &apos;none&apos;;picture-in-picture;publickey-credentials-create &apos;none&apos;;publickey-credentials-get &apos;none&apos;;screen-wake-lock &apos;none&apos;;serial &apos;none&apos;;summarizer &apos;none&apos;;sync-xhr;usb &apos;none&apos;;web-share;window-management &apos;none&apos;;xr-spatial-tracking &apos;none&apos;;\" allowfullscreen=\"\" class=\"arve-iframe fitvidsignore\" credentialless data-arve=\"arve-youtube-l45lvouunrk\" data-lenis-prevent=\"\" data-src-no-ap=\"https:\/\/www.youtube.com\/embed\/L45lvouUNRk?feature=oembed&amp;iv_load_policy=3&amp;modestbranding=1&amp;rel=0&amp;autohide=1&amp;playsinline=0&amp;autoplay=0\" frameborder=\"0\" height=\"224.8\" loading=\"lazy\" name=\"\" referrerpolicy=\"strict-origin-when-cross-origin\" sandbox=\"allow-scripts allow-same-origin allow-presentation allow-popups allow-popups-to-escape-sandbox\" scrolling=\"no\" src=\"https:\/\/www.youtube.com\/embed\/L45lvouUNRk?feature=oembed&#038;iv_load_policy=3&#038;modestbranding=1&#038;rel=0&#038;autohide=1&#038;playsinline=0&#038;autoplay=0\" title=\"\" width=\"400\"><\/iframe>\n\t\t\t\t\t\t\t\t<\/div>\n\t\t\t\t\t\t\t\t\t<\/div>\n\t\t\t\t\t\t\t\t\t\t\t\t<script type=\"application\/ld+json\">{\"@context\":\"http:\\\/\\\/schema.org\\\/\",\"@id\":\"https:\\\/\\\/www.ufmg.br\\\/espacodoconhecimento\\\/mostrauniversidadecidade\\\/entre-rios-e-ruas\\\/#arve-youtube-l45lvouunrk\",\"@type\":\"VideoObject\",\"embedURL\":\"https:\\\/\\\/www.youtube.com\\\/embed\\\/L45lvouUNRk?feature=oembed&iv_load_policy=3&modestbranding=1&rel=0&autohide=1&playsinline=0&autoplay=0\"}<\/script>\t\t\t\t\t\t\t<\/div>\n\t\t\t<\/p>\n<p><span style=\"color: #333333;\">Idealiza\u00e7\u00e3o e coordena\u00e7\u00e3o: Isabela Prado<\/span><br \/><span style=\"color: #333333;\">Acompanhamento curatorial: Josu\u00e9 Mattos<\/span><br \/><span style=\"color: #333333;\">Produ\u00e7\u00e3o: Fl\u00e1via Mafra<\/span><br \/><span style=\"color: #333333;\">Assistente de Produ\u00e7\u00e3o: Mar\u00edlia Pimenta<\/span><br \/><span style=\"color: #333333;\">M\u00eddias sociais, design e edi\u00e7\u00e3o: Luciana Guizan<\/span><br \/><span style=\"color: #333333;\">Fotografia: Aline Xavier, Paula Huven e Roberto Bellini<\/span><\/p>\n<\/div>\n\n\n<hr class=\"wp-block-separator\"\/>\n","protected":false},"excerpt":{"rendered":"<p>Reflex\u00e3o po\u00e9tica sobre as rela\u00e7\u00f5es entre cidade, paisagem, meio ambiente [&hellip;]<\/p>\n","protected":false},"author":1,"featured_media":0,"comment_status":"open","ping_status":"open","sticky":false,"template":"","format":"standard","meta":{"_acf_changed":false,"_monsterinsights_skip_tracking":false,"footnotes":""},"categories":[1],"tags":[],"class_list":["post-3421","post","type-post","status-publish","format-standard","hentry","category-sem-categoria"],"acf":[],"_links":{"self":[{"href":"https:\/\/www.ufmg.br\/espacodoconhecimento\/mostrauniversidadecidade\/wp-json\/wp\/v2\/posts\/3421","targetHints":{"allow":["GET"]}}],"collection":[{"href":"https:\/\/www.ufmg.br\/espacodoconhecimento\/mostrauniversidadecidade\/wp-json\/wp\/v2\/posts"}],"about":[{"href":"https:\/\/www.ufmg.br\/espacodoconhecimento\/mostrauniversidadecidade\/wp-json\/wp\/v2\/types\/post"}],"author":[{"embeddable":true,"href":"https:\/\/www.ufmg.br\/espacodoconhecimento\/mostrauniversidadecidade\/wp-json\/wp\/v2\/users\/1"}],"replies":[{"embeddable":true,"href":"https:\/\/www.ufmg.br\/espacodoconhecimento\/mostrauniversidadecidade\/wp-json\/wp\/v2\/comments?post=3421"}],"version-history":[{"count":7,"href":"https:\/\/www.ufmg.br\/espacodoconhecimento\/mostrauniversidadecidade\/wp-json\/wp\/v2\/posts\/3421\/revisions"}],"predecessor-version":[{"id":3429,"href":"https:\/\/www.ufmg.br\/espacodoconhecimento\/mostrauniversidadecidade\/wp-json\/wp\/v2\/posts\/3421\/revisions\/3429"}],"wp:attachment":[{"href":"https:\/\/www.ufmg.br\/espacodoconhecimento\/mostrauniversidadecidade\/wp-json\/wp\/v2\/media?parent=3421"}],"wp:term":[{"taxonomy":"category","embeddable":true,"href":"https:\/\/www.ufmg.br\/espacodoconhecimento\/mostrauniversidadecidade\/wp-json\/wp\/v2\/categories?post=3421"},{"taxonomy":"post_tag","embeddable":true,"href":"https:\/\/www.ufmg.br\/espacodoconhecimento\/mostrauniversidadecidade\/wp-json\/wp\/v2\/tags?post=3421"}],"curies":[{"name":"wp","href":"https:\/\/api.w.org\/{rel}","templated":true}]}}