{"id":19453,"date":"2021-02-23T18:01:06","date_gmt":"2021-02-23T21:01:06","guid":{"rendered":"https:\/\/www.ufmg.br\/estacaoecologica\/?p=19453"},"modified":"2021-03-15T18:50:25","modified_gmt":"2021-03-15T21:50:25","slug":"importancia-da-estacao-ecologica-para-a-conservacao-da-biodiversidade-urbana-e-tema-de-seminario","status":"publish","type":"post","link":"https:\/\/www.ufmg.br\/estacaoecologica\/2021\/02\/23\/importancia-da-estacao-ecologica-para-a-conservacao-da-biodiversidade-urbana-e-tema-de-seminario\/","title":{"rendered":"Import\u00e2ncia da Esta\u00e7\u00e3o Ecol\u00f3gica para a conserva\u00e7\u00e3o da biodiversidade urbana \u00e9 tema de semin\u00e1rio"},"content":{"rendered":"[vc_row][vc_column]<figure class=\"vcex-image vcex-module wpex-clr figcaption-legenda\"><div class=\"vcex-image-inner wpex-relative wpex-inline-block\"><a href=\"https:\/\/www.ufmg.br\/estacaoecologica\/wp-content\/uploads\/2020\/11\/trilha-eeco-ufmg.jpg\" class=\"wpex-lightbox\"><img decoding=\"async\" width=\"712\" height=\"407\" src=\"https:\/\/www.ufmg.br\/estacaoecologica\/wp-content\/uploads\/2020\/11\/trilha-eeco-ufmg.jpg\" class=\"wpex-align-middle\" alt=\"Trilha Esta\u00e7\u00e3o Ecol\u00f3gica UFMG (Foto: Foca Lisboa)\" loading=\"lazy\" srcset=\"https:\/\/www.ufmg.br\/estacaoecologica\/wp-content\/uploads\/2020\/11\/trilha-eeco-ufmg.jpg 712w, https:\/\/www.ufmg.br\/estacaoecologica\/wp-content\/uploads\/2020\/11\/trilha-eeco-ufmg-300x171.jpg 300w\" sizes=\"auto, (max-width: 712px) 100vw, 712px\" \/><\/a><\/div><figcaption class=\"wpex-mt-10\">Trilha Esta\u00e7\u00e3o Ecol\u00f3gica UFMG (Foto: Foca Lisboa)<\/figcaption><\/figure><div class=\"vcex-spacing wpex-w-100 wpex-clear\"><\/div>[vc_column_text]Nos\u00a0dias 25 e 26 de fevereiro, quinta e sexta-feira,\u00a0a partir das\u00a09h, ser\u00e1 realizada a primeira edi\u00e7\u00e3o do <em class=\"redactor-inline-converted\">Semin\u00e1rio de pesquisa e extens\u00e3o<\/em>. O evento,\u00a0que ser\u00e1 transmitido ao vivo pelo\u00a0<a href=\"https:\/\/www.youtube.com\/c\/Extens%C3%A3oUFMGcanal\/featured?view_as=subscriber\" target=\"_blank\" rel=\"noopener\">canal da Pr\u00f3-reitoria de Extens\u00e3o\u00a0no YouTube,<\/a> reunir\u00e1 especialistas para discutir <em>Oportunidades e desafios para a conserva\u00e7\u00e3o de \u00e1reas verdes urbanas: o exemplo da Esta\u00e7\u00e3o Ecol\u00f3gica da UFMG<\/em>.<\/p>\n<p>O encontro on-line ter\u00e1\u00a0mesas-redondas e debates sobre a relev\u00e2ncia\u00a0hist\u00f3rica, arqueol\u00f3gica e socioambiental da Esta\u00e7\u00e3o Ecol\u00f3gica, com destaque para o\u00a0seu papel na prote\u00e7\u00e3o\u00a0da biodiversidade e do\u00a0microclima urbano, cuidados e manejo\u00a0da fauna e flora, educa\u00e7\u00e3o ambiental e extens\u00e3o.<\/p>\n<p>Aberto a todos os interessados da comunidade interna e externa, o semin\u00e1rio ter\u00e1 participa\u00e7\u00e3o\u00a0de\u00a0professores e pesquisadores de diversas \u00e1reas e unidades da UFMG e\u00a0representantes das secretarias municipal\u00a0e estadual de\u00a0Educa\u00e7\u00e3o.<\/p>\n<p>Nas mesas ser\u00e3o\u00a0discutidos\u00a0temas como biodiversidade urbana e a import\u00e2ncia da Esta\u00e7\u00e3o\u00a0para sua conserva\u00e7\u00e3o, conflitos potenciais entre esp\u00e9cies ex\u00f3ticas e silvestres, recursos h\u00eddricos, microclima\u00a0urbano e esp\u00e9cies vegetais ex\u00f3ticas invasoras.<\/p>\n<p>A programa\u00e7\u00e3o est\u00e1 dispon\u00edvel no <a href=\"https:\/\/www2.ufmg.br\/proex\/Noticias\/Noticias\/Seminario-vai-debater-a-importancia-da-Estacao-Ecologica-da-UFMG-para-a-conservacao-da-biodiversidade-urbana\" target=\"_blank\" rel=\"noopener\">site da Pr\u00f3-reitoria de Extens\u00e3o da UFMG<\/a>.<\/p>\n<p><strong><em>(Assessoria de Comunica\u00e7\u00e3o da Pr\u00f3-reitoria de Extens\u00e3o)<\/em><\/strong>[\/vc_column_text][\/vc_column][\/vc_row]\n","protected":false},"excerpt":{"rendered":"<p>[vc_row][vc_column][vc_column_text]Nos\u00a0dias 25 e 26 de fevereiro, quinta e sexta-feira,\u00a0a partir das\u00a09h, ser\u00e1 realizada a primeira edi\u00e7\u00e3o do Semin\u00e1rio de pesquisa e extens\u00e3o. O evento,\u00a0que ser\u00e1 transmitido ao vivo pelo\u00a0canal da&hellip;<\/p>\n","protected":false},"author":1,"featured_media":18596,"comment_status":"open","ping_status":"open","sticky":false,"template":"","format":"standard","meta":{"_EventAllDay":false,"_EventTimezone":"","_EventStartDate":"","_EventEndDate":"","_EventStartDateUTC":"","_EventEndDateUTC":"","_EventShowMap":false,"_EventShowMapLink":false,"_EventURL":"","_EventCost":"","_EventCostDescription":"","_EventCurrencySymbol":"","_EventCurrencyCode":"","_EventCurrencyPosition":"","_EventDateTimeSeparator":"","_EventTimeRangeSeparator":"","_EventOrganizerID":[],"_EventVenueID":[],"_OrganizerEmail":"","_OrganizerPhone":"","_OrganizerWebsite":"","_VenueAddress":"","_VenueCity":"","_VenueCountry":"","_VenueProvince":"","_VenueState":"","_VenueZip":"","_VenuePhone":"","_VenueURL":"","_VenueStateProvince":"","_VenueLat":"","_VenueLng":"","_VenueShowMap":false,"_VenueShowMapLink":false,"footnotes":""},"categories":[64],"tags":[],"post_series":[],"class_list":["post-19453","post","type-post","status-publish","format-standard","has-post-thumbnail","hentry","category-informacao","entry","no-media"],"yoast_head":"<!-- This site is optimized with the Yoast SEO plugin v27.5 - https:\/\/yoast.com\/product\/yoast-seo-wordpress\/ -->\n<title>Import\u00e2ncia da Esta\u00e7\u00e3o Ecol\u00f3gica para a conserva\u00e7\u00e3o da biodiversidade urbana \u00e9 tema de semin\u00e1rio - Esta\u00e7\u00e3o Ecol\u00f3gica da UFMG<\/title>\n<meta name=\"robots\" content=\"index, follow, max-snippet:-1, max-image-preview:large, max-video-preview:-1\" \/>\n<link rel=\"canonical\" href=\"https:\/\/www.ufmg.br\/estacaoecologica\/2021\/02\/23\/importancia-da-estacao-ecologica-para-a-conservacao-da-biodiversidade-urbana-e-tema-de-seminario\/\" \/>\n<meta property=\"og:locale\" content=\"pt_BR\" \/>\n<meta property=\"og:type\" content=\"article\" \/>\n<meta property=\"og:title\" content=\"Import\u00e2ncia da Esta\u00e7\u00e3o Ecol\u00f3gica para a conserva\u00e7\u00e3o da biodiversidade urbana \u00e9 tema de semin\u00e1rio - Esta\u00e7\u00e3o Ecol\u00f3gica da UFMG\" \/>\n<meta property=\"og:description\" content=\"[vc_row][vc_column][vc_column_text]Nos\u00a0dias 25 e 26 de fevereiro, quinta e sexta-feira,\u00a0a partir das\u00a09h, ser\u00e1 realizada a primeira edi\u00e7\u00e3o do Semin\u00e1rio de pesquisa e extens\u00e3o. O evento,\u00a0que ser\u00e1 transmitido ao vivo pelo\u00a0canal da&hellip;\" \/>\n<meta property=\"og:url\" content=\"https:\/\/www.ufmg.br\/estacaoecologica\/2021\/02\/23\/importancia-da-estacao-ecologica-para-a-conservacao-da-biodiversidade-urbana-e-tema-de-seminario\/\" \/>\n<meta property=\"og:site_name\" content=\"Esta\u00e7\u00e3o Ecol\u00f3gica da UFMG\" \/>\n<meta property=\"article:published_time\" content=\"2021-02-23T21:01:06+00:00\" \/>\n<meta property=\"article:modified_time\" content=\"2021-03-15T21:50:25+00:00\" \/>\n<meta property=\"og:image\" content=\"https:\/\/www.ufmg.br\/estacaoecologica\/wp-content\/uploads\/2020\/11\/trilha-eeco-ufmg.jpg\" \/>\n\t<meta property=\"og:image:width\" content=\"712\" \/>\n\t<meta property=\"og:image:height\" content=\"407\" \/>\n\t<meta property=\"og:image:type\" content=\"image\/jpeg\" \/>\n<meta name=\"author\" content=\"wp_estacao\" \/>\n<meta name=\"twitter:card\" content=\"summary_large_image\" \/>\n<meta name=\"twitter:label1\" content=\"Escrito por\" \/>\n\t<meta name=\"twitter:data1\" content=\"wp_estacao\" \/>\n\t<meta name=\"twitter:label2\" content=\"Est. tempo de leitura\" \/>\n\t<meta name=\"twitter:data2\" content=\"1 minuto\" \/>\n<script type=\"application\/ld+json\" class=\"yoast-schema-graph\">{\"@context\":\"https:\\\/\\\/schema.org\",\"@graph\":[{\"@type\":\"Article\",\"@id\":\"https:\\\/\\\/www.ufmg.br\\\/estacaoecologica\\\/2021\\\/02\\\/23\\\/importancia-da-estacao-ecologica-para-a-conservacao-da-biodiversidade-urbana-e-tema-de-seminario\\\/#article\",\"isPartOf\":{\"@id\":\"https:\\\/\\\/www.ufmg.br\\\/estacaoecologica\\\/2021\\\/02\\\/23\\\/importancia-da-estacao-ecologica-para-a-conservacao-da-biodiversidade-urbana-e-tema-de-seminario\\\/\"},\"author\":{\"name\":\"wp_estacao\",\"@id\":\"https:\\\/\\\/www.ufmg.br\\\/estacaoecologica\\\/#\\\/schema\\\/person\\\/4c902fb14becf61f03f09a3ba479b55a\"},\"headline\":\"Import\u00e2ncia da Esta\u00e7\u00e3o Ecol\u00f3gica para a conserva\u00e7\u00e3o da biodiversidade urbana \u00e9 tema de semin\u00e1rio\",\"datePublished\":\"2021-02-23T21:01:06+00:00\",\"dateModified\":\"2021-03-15T21:50:25+00:00\",\"mainEntityOfPage\":{\"@id\":\"https:\\\/\\\/www.ufmg.br\\\/estacaoecologica\\\/2021\\\/02\\\/23\\\/importancia-da-estacao-ecologica-para-a-conservacao-da-biodiversidade-urbana-e-tema-de-seminario\\\/\"},\"wordCount\":266,\"commentCount\":0,\"publisher\":{\"@id\":\"https:\\\/\\\/www.ufmg.br\\\/estacaoecologica\\\/#organization\"},\"image\":{\"@id\":\"https:\\\/\\\/www.ufmg.br\\\/estacaoecologica\\\/2021\\\/02\\\/23\\\/importancia-da-estacao-ecologica-para-a-conservacao-da-biodiversidade-urbana-e-tema-de-seminario\\\/#primaryimage\"},\"thumbnailUrl\":\"https:\\\/\\\/www.ufmg.br\\\/estacaoecologica\\\/wp-content\\\/uploads\\\/2020\\\/11\\\/trilha-eeco-ufmg.jpg\",\"articleSection\":[\"Informa\u00e7\u00e3o\"],\"inLanguage\":\"pt-BR\",\"potentialAction\":[{\"@type\":\"CommentAction\",\"name\":\"Comment\",\"target\":[\"https:\\\/\\\/www.ufmg.br\\\/estacaoecologica\\\/2021\\\/02\\\/23\\\/importancia-da-estacao-ecologica-para-a-conservacao-da-biodiversidade-urbana-e-tema-de-seminario\\\/#respond\"]}]},{\"@type\":\"WebPage\",\"@id\":\"https:\\\/\\\/www.ufmg.br\\\/estacaoecologica\\\/2021\\\/02\\\/23\\\/importancia-da-estacao-ecologica-para-a-conservacao-da-biodiversidade-urbana-e-tema-de-seminario\\\/\",\"url\":\"https:\\\/\\\/www.ufmg.br\\\/estacaoecologica\\\/2021\\\/02\\\/23\\\/importancia-da-estacao-ecologica-para-a-conservacao-da-biodiversidade-urbana-e-tema-de-seminario\\\/\",\"name\":\"Import\u00e2ncia da Esta\u00e7\u00e3o Ecol\u00f3gica para a conserva\u00e7\u00e3o da biodiversidade urbana \u00e9 tema de semin\u00e1rio - Esta\u00e7\u00e3o Ecol\u00f3gica da UFMG\",\"isPartOf\":{\"@id\":\"https:\\\/\\\/www.ufmg.br\\\/estacaoecologica\\\/#website\"},\"primaryImageOfPage\":{\"@id\":\"https:\\\/\\\/www.ufmg.br\\\/estacaoecologica\\\/2021\\\/02\\\/23\\\/importancia-da-estacao-ecologica-para-a-conservacao-da-biodiversidade-urbana-e-tema-de-seminario\\\/#primaryimage\"},\"image\":{\"@id\":\"https:\\\/\\\/www.ufmg.br\\\/estacaoecologica\\\/2021\\\/02\\\/23\\\/importancia-da-estacao-ecologica-para-a-conservacao-da-biodiversidade-urbana-e-tema-de-seminario\\\/#primaryimage\"},\"thumbnailUrl\":\"https:\\\/\\\/www.ufmg.br\\\/estacaoecologica\\\/wp-content\\\/uploads\\\/2020\\\/11\\\/trilha-eeco-ufmg.jpg\",\"datePublished\":\"2021-02-23T21:01:06+00:00\",\"dateModified\":\"2021-03-15T21:50:25+00:00\",\"breadcrumb\":{\"@id\":\"https:\\\/\\\/www.ufmg.br\\\/estacaoecologica\\\/2021\\\/02\\\/23\\\/importancia-da-estacao-ecologica-para-a-conservacao-da-biodiversidade-urbana-e-tema-de-seminario\\\/#breadcrumb\"},\"inLanguage\":\"pt-BR\",\"potentialAction\":[{\"@type\":\"ReadAction\",\"target\":[\"https:\\\/\\\/www.ufmg.br\\\/estacaoecologica\\\/2021\\\/02\\\/23\\\/importancia-da-estacao-ecologica-para-a-conservacao-da-biodiversidade-urbana-e-tema-de-seminario\\\/\"]}]},{\"@type\":\"ImageObject\",\"inLanguage\":\"pt-BR\",\"@id\":\"https:\\\/\\\/www.ufmg.br\\\/estacaoecologica\\\/2021\\\/02\\\/23\\\/importancia-da-estacao-ecologica-para-a-conservacao-da-biodiversidade-urbana-e-tema-de-seminario\\\/#primaryimage\",\"url\":\"https:\\\/\\\/www.ufmg.br\\\/estacaoecologica\\\/wp-content\\\/uploads\\\/2020\\\/11\\\/trilha-eeco-ufmg.jpg\",\"contentUrl\":\"https:\\\/\\\/www.ufmg.br\\\/estacaoecologica\\\/wp-content\\\/uploads\\\/2020\\\/11\\\/trilha-eeco-ufmg.jpg\",\"width\":712,\"height\":407,\"caption\":\"Trilha Esta\u00e7\u00e3o Ecol\u00f3gica UFMG (Foto: Foca Lisboa)\"},{\"@type\":\"BreadcrumbList\",\"@id\":\"https:\\\/\\\/www.ufmg.br\\\/estacaoecologica\\\/2021\\\/02\\\/23\\\/importancia-da-estacao-ecologica-para-a-conservacao-da-biodiversidade-urbana-e-tema-de-seminario\\\/#breadcrumb\",\"itemListElement\":[{\"@type\":\"ListItem\",\"position\":1,\"name\":\"In\u00edcio\",\"item\":\"https:\\\/\\\/www.ufmg.br\\\/estacaoecologica\\\/\"},{\"@type\":\"ListItem\",\"position\":2,\"name\":\"Import\u00e2ncia da Esta\u00e7\u00e3o Ecol\u00f3gica para a conserva\u00e7\u00e3o da&hellip;\"}]},{\"@type\":\"WebSite\",\"@id\":\"https:\\\/\\\/www.ufmg.br\\\/estacaoecologica\\\/#website\",\"url\":\"https:\\\/\\\/www.ufmg.br\\\/estacaoecologica\\\/\",\"name\":\"Esta\u00e7\u00e3o Ecol\u00f3gica da UFMG\",\"description\":\"Natureza, hist\u00f3ria e preserva\u00e7\u00e3o\",\"publisher\":{\"@id\":\"https:\\\/\\\/www.ufmg.br\\\/estacaoecologica\\\/#organization\"},\"potentialAction\":[{\"@type\":\"SearchAction\",\"target\":{\"@type\":\"EntryPoint\",\"urlTemplate\":\"https:\\\/\\\/www.ufmg.br\\\/estacaoecologica\\\/?s={search_term_string}\"},\"query-input\":{\"@type\":\"PropertyValueSpecification\",\"valueRequired\":true,\"valueName\":\"search_term_string\"}}],\"inLanguage\":\"pt-BR\"},{\"@type\":\"Organization\",\"@id\":\"https:\\\/\\\/www.ufmg.br\\\/estacaoecologica\\\/#organization\",\"name\":\"Esta\u00e7\u00e3o Ecol\u00f3gica da UFMG\",\"url\":\"https:\\\/\\\/www.ufmg.br\\\/estacaoecologica\\\/\",\"logo\":{\"@type\":\"ImageObject\",\"inLanguage\":\"pt-BR\",\"@id\":\"https:\\\/\\\/www.ufmg.br\\\/estacaoecologica\\\/#\\\/schema\\\/logo\\\/image\\\/\",\"url\":\"https:\\\/\\\/www.ufmg.br\\\/estacaoecologica\\\/wp-content\\\/uploads\\\/2020\\\/04\\\/logo-proex-v2.png\",\"contentUrl\":\"https:\\\/\\\/www.ufmg.br\\\/estacaoecologica\\\/wp-content\\\/uploads\\\/2020\\\/04\\\/logo-proex-v2.png\",\"width\":500,\"height\":104,\"caption\":\"Esta\u00e7\u00e3o Ecol\u00f3gica da UFMG\"},\"image\":{\"@id\":\"https:\\\/\\\/www.ufmg.br\\\/estacaoecologica\\\/#\\\/schema\\\/logo\\\/image\\\/\"}},{\"@type\":\"Person\",\"@id\":\"https:\\\/\\\/www.ufmg.br\\\/estacaoecologica\\\/#\\\/schema\\\/person\\\/4c902fb14becf61f03f09a3ba479b55a\",\"name\":\"wp_estacao\",\"image\":{\"@type\":\"ImageObject\",\"inLanguage\":\"pt-BR\",\"@id\":\"https:\\\/\\\/secure.gravatar.com\\\/avatar\\\/f7571a7e890c704fd77b1330f08046e2d5a79be70e36e814d9137723505b41f5?s=96&d=mm&r=g\",\"url\":\"https:\\\/\\\/secure.gravatar.com\\\/avatar\\\/f7571a7e890c704fd77b1330f08046e2d5a79be70e36e814d9137723505b41f5?s=96&d=mm&r=g\",\"contentUrl\":\"https:\\\/\\\/secure.gravatar.com\\\/avatar\\\/f7571a7e890c704fd77b1330f08046e2d5a79be70e36e814d9137723505b41f5?s=96&d=mm&r=g\",\"caption\":\"wp_estacao\"},\"url\":\"https:\\\/\\\/www.ufmg.br\\\/estacaoecologica\\\/author\\\/wp_estacao\\\/\"}]}<\/script>\n<!-- \/ Yoast SEO plugin. -->","yoast_head_json":{"title":"Import\u00e2ncia da Esta\u00e7\u00e3o Ecol\u00f3gica para a conserva\u00e7\u00e3o da biodiversidade urbana \u00e9 tema de semin\u00e1rio - Esta\u00e7\u00e3o Ecol\u00f3gica da UFMG","robots":{"index":"index","follow":"follow","max-snippet":"max-snippet:-1","max-image-preview":"max-image-preview:large","max-video-preview":"max-video-preview:-1"},"canonical":"https:\/\/www.ufmg.br\/estacaoecologica\/2021\/02\/23\/importancia-da-estacao-ecologica-para-a-conservacao-da-biodiversidade-urbana-e-tema-de-seminario\/","og_locale":"pt_BR","og_type":"article","og_title":"Import\u00e2ncia da Esta\u00e7\u00e3o Ecol\u00f3gica para a conserva\u00e7\u00e3o da biodiversidade urbana \u00e9 tema de semin\u00e1rio - Esta\u00e7\u00e3o Ecol\u00f3gica da UFMG","og_description":"[vc_row][vc_column][vc_column_text]Nos\u00a0dias 25 e 26 de fevereiro, quinta e sexta-feira,\u00a0a partir das\u00a09h, ser\u00e1 realizada a primeira edi\u00e7\u00e3o do Semin\u00e1rio de pesquisa e extens\u00e3o. O evento,\u00a0que ser\u00e1 transmitido ao vivo pelo\u00a0canal da&hellip;","og_url":"https:\/\/www.ufmg.br\/estacaoecologica\/2021\/02\/23\/importancia-da-estacao-ecologica-para-a-conservacao-da-biodiversidade-urbana-e-tema-de-seminario\/","og_site_name":"Esta\u00e7\u00e3o Ecol\u00f3gica da UFMG","article_published_time":"2021-02-23T21:01:06+00:00","article_modified_time":"2021-03-15T21:50:25+00:00","og_image":[{"width":712,"height":407,"url":"https:\/\/www.ufmg.br\/estacaoecologica\/wp-content\/uploads\/2020\/11\/trilha-eeco-ufmg.jpg","type":"image\/jpeg"}],"author":"wp_estacao","twitter_card":"summary_large_image","twitter_misc":{"Escrito por":"wp_estacao","Est. tempo de leitura":"1 minuto"},"schema":{"@context":"https:\/\/schema.org","@graph":[{"@type":"Article","@id":"https:\/\/www.ufmg.br\/estacaoecologica\/2021\/02\/23\/importancia-da-estacao-ecologica-para-a-conservacao-da-biodiversidade-urbana-e-tema-de-seminario\/#article","isPartOf":{"@id":"https:\/\/www.ufmg.br\/estacaoecologica\/2021\/02\/23\/importancia-da-estacao-ecologica-para-a-conservacao-da-biodiversidade-urbana-e-tema-de-seminario\/"},"author":{"name":"wp_estacao","@id":"https:\/\/www.ufmg.br\/estacaoecologica\/#\/schema\/person\/4c902fb14becf61f03f09a3ba479b55a"},"headline":"Import\u00e2ncia da Esta\u00e7\u00e3o Ecol\u00f3gica para a conserva\u00e7\u00e3o da biodiversidade urbana \u00e9 tema de semin\u00e1rio","datePublished":"2021-02-23T21:01:06+00:00","dateModified":"2021-03-15T21:50:25+00:00","mainEntityOfPage":{"@id":"https:\/\/www.ufmg.br\/estacaoecologica\/2021\/02\/23\/importancia-da-estacao-ecologica-para-a-conservacao-da-biodiversidade-urbana-e-tema-de-seminario\/"},"wordCount":266,"commentCount":0,"publisher":{"@id":"https:\/\/www.ufmg.br\/estacaoecologica\/#organization"},"image":{"@id":"https:\/\/www.ufmg.br\/estacaoecologica\/2021\/02\/23\/importancia-da-estacao-ecologica-para-a-conservacao-da-biodiversidade-urbana-e-tema-de-seminario\/#primaryimage"},"thumbnailUrl":"https:\/\/www.ufmg.br\/estacaoecologica\/wp-content\/uploads\/2020\/11\/trilha-eeco-ufmg.jpg","articleSection":["Informa\u00e7\u00e3o"],"inLanguage":"pt-BR","potentialAction":[{"@type":"CommentAction","name":"Comment","target":["https:\/\/www.ufmg.br\/estacaoecologica\/2021\/02\/23\/importancia-da-estacao-ecologica-para-a-conservacao-da-biodiversidade-urbana-e-tema-de-seminario\/#respond"]}]},{"@type":"WebPage","@id":"https:\/\/www.ufmg.br\/estacaoecologica\/2021\/02\/23\/importancia-da-estacao-ecologica-para-a-conservacao-da-biodiversidade-urbana-e-tema-de-seminario\/","url":"https:\/\/www.ufmg.br\/estacaoecologica\/2021\/02\/23\/importancia-da-estacao-ecologica-para-a-conservacao-da-biodiversidade-urbana-e-tema-de-seminario\/","name":"Import\u00e2ncia da Esta\u00e7\u00e3o Ecol\u00f3gica para a conserva\u00e7\u00e3o da biodiversidade urbana \u00e9 tema de semin\u00e1rio - Esta\u00e7\u00e3o Ecol\u00f3gica da UFMG","isPartOf":{"@id":"https:\/\/www.ufmg.br\/estacaoecologica\/#website"},"primaryImageOfPage":{"@id":"https:\/\/www.ufmg.br\/estacaoecologica\/2021\/02\/23\/importancia-da-estacao-ecologica-para-a-conservacao-da-biodiversidade-urbana-e-tema-de-seminario\/#primaryimage"},"image":{"@id":"https:\/\/www.ufmg.br\/estacaoecologica\/2021\/02\/23\/importancia-da-estacao-ecologica-para-a-conservacao-da-biodiversidade-urbana-e-tema-de-seminario\/#primaryimage"},"thumbnailUrl":"https:\/\/www.ufmg.br\/estacaoecologica\/wp-content\/uploads\/2020\/11\/trilha-eeco-ufmg.jpg","datePublished":"2021-02-23T21:01:06+00:00","dateModified":"2021-03-15T21:50:25+00:00","breadcrumb":{"@id":"https:\/\/www.ufmg.br\/estacaoecologica\/2021\/02\/23\/importancia-da-estacao-ecologica-para-a-conservacao-da-biodiversidade-urbana-e-tema-de-seminario\/#breadcrumb"},"inLanguage":"pt-BR","potentialAction":[{"@type":"ReadAction","target":["https:\/\/www.ufmg.br\/estacaoecologica\/2021\/02\/23\/importancia-da-estacao-ecologica-para-a-conservacao-da-biodiversidade-urbana-e-tema-de-seminario\/"]}]},{"@type":"ImageObject","inLanguage":"pt-BR","@id":"https:\/\/www.ufmg.br\/estacaoecologica\/2021\/02\/23\/importancia-da-estacao-ecologica-para-a-conservacao-da-biodiversidade-urbana-e-tema-de-seminario\/#primaryimage","url":"https:\/\/www.ufmg.br\/estacaoecologica\/wp-content\/uploads\/2020\/11\/trilha-eeco-ufmg.jpg","contentUrl":"https:\/\/www.ufmg.br\/estacaoecologica\/wp-content\/uploads\/2020\/11\/trilha-eeco-ufmg.jpg","width":712,"height":407,"caption":"Trilha Esta\u00e7\u00e3o Ecol\u00f3gica UFMG (Foto: Foca Lisboa)"},{"@type":"BreadcrumbList","@id":"https:\/\/www.ufmg.br\/estacaoecologica\/2021\/02\/23\/importancia-da-estacao-ecologica-para-a-conservacao-da-biodiversidade-urbana-e-tema-de-seminario\/#breadcrumb","itemListElement":[{"@type":"ListItem","position":1,"name":"In\u00edcio","item":"https:\/\/www.ufmg.br\/estacaoecologica\/"},{"@type":"ListItem","position":2,"name":"Import\u00e2ncia da Esta\u00e7\u00e3o Ecol\u00f3gica para a conserva\u00e7\u00e3o da&hellip;"}]},{"@type":"WebSite","@id":"https:\/\/www.ufmg.br\/estacaoecologica\/#website","url":"https:\/\/www.ufmg.br\/estacaoecologica\/","name":"Esta\u00e7\u00e3o Ecol\u00f3gica da UFMG","description":"Natureza, hist\u00f3ria e preserva\u00e7\u00e3o","publisher":{"@id":"https:\/\/www.ufmg.br\/estacaoecologica\/#organization"},"potentialAction":[{"@type":"SearchAction","target":{"@type":"EntryPoint","urlTemplate":"https:\/\/www.ufmg.br\/estacaoecologica\/?s={search_term_string}"},"query-input":{"@type":"PropertyValueSpecification","valueRequired":true,"valueName":"search_term_string"}}],"inLanguage":"pt-BR"},{"@type":"Organization","@id":"https:\/\/www.ufmg.br\/estacaoecologica\/#organization","name":"Esta\u00e7\u00e3o Ecol\u00f3gica da UFMG","url":"https:\/\/www.ufmg.br\/estacaoecologica\/","logo":{"@type":"ImageObject","inLanguage":"pt-BR","@id":"https:\/\/www.ufmg.br\/estacaoecologica\/#\/schema\/logo\/image\/","url":"https:\/\/www.ufmg.br\/estacaoecologica\/wp-content\/uploads\/2020\/04\/logo-proex-v2.png","contentUrl":"https:\/\/www.ufmg.br\/estacaoecologica\/wp-content\/uploads\/2020\/04\/logo-proex-v2.png","width":500,"height":104,"caption":"Esta\u00e7\u00e3o Ecol\u00f3gica da UFMG"},"image":{"@id":"https:\/\/www.ufmg.br\/estacaoecologica\/#\/schema\/logo\/image\/"}},{"@type":"Person","@id":"https:\/\/www.ufmg.br\/estacaoecologica\/#\/schema\/person\/4c902fb14becf61f03f09a3ba479b55a","name":"wp_estacao","image":{"@type":"ImageObject","inLanguage":"pt-BR","@id":"https:\/\/secure.gravatar.com\/avatar\/f7571a7e890c704fd77b1330f08046e2d5a79be70e36e814d9137723505b41f5?s=96&d=mm&r=g","url":"https:\/\/secure.gravatar.com\/avatar\/f7571a7e890c704fd77b1330f08046e2d5a79be70e36e814d9137723505b41f5?s=96&d=mm&r=g","contentUrl":"https:\/\/secure.gravatar.com\/avatar\/f7571a7e890c704fd77b1330f08046e2d5a79be70e36e814d9137723505b41f5?s=96&d=mm&r=g","caption":"wp_estacao"},"url":"https:\/\/www.ufmg.br\/estacaoecologica\/author\/wp_estacao\/"}]}},"_links":{"self":[{"href":"https:\/\/www.ufmg.br\/estacaoecologica\/wp-json\/wp\/v2\/posts\/19453","targetHints":{"allow":["GET"]}}],"collection":[{"href":"https:\/\/www.ufmg.br\/estacaoecologica\/wp-json\/wp\/v2\/posts"}],"about":[{"href":"https:\/\/www.ufmg.br\/estacaoecologica\/wp-json\/wp\/v2\/types\/post"}],"author":[{"embeddable":true,"href":"https:\/\/www.ufmg.br\/estacaoecologica\/wp-json\/wp\/v2\/users\/1"}],"replies":[{"embeddable":true,"href":"https:\/\/www.ufmg.br\/estacaoecologica\/wp-json\/wp\/v2\/comments?post=19453"}],"version-history":[{"count":4,"href":"https:\/\/www.ufmg.br\/estacaoecologica\/wp-json\/wp\/v2\/posts\/19453\/revisions"}],"predecessor-version":[{"id":19466,"href":"https:\/\/www.ufmg.br\/estacaoecologica\/wp-json\/wp\/v2\/posts\/19453\/revisions\/19466"}],"wp:featuredmedia":[{"embeddable":true,"href":"https:\/\/www.ufmg.br\/estacaoecologica\/wp-json\/wp\/v2\/media\/18596"}],"wp:attachment":[{"href":"https:\/\/www.ufmg.br\/estacaoecologica\/wp-json\/wp\/v2\/media?parent=19453"}],"wp:term":[{"taxonomy":"category","embeddable":true,"href":"https:\/\/www.ufmg.br\/estacaoecologica\/wp-json\/wp\/v2\/categories?post=19453"},{"taxonomy":"post_tag","embeddable":true,"href":"https:\/\/www.ufmg.br\/estacaoecologica\/wp-json\/wp\/v2\/tags?post=19453"},{"taxonomy":"post_series","embeddable":true,"href":"https:\/\/www.ufmg.br\/estacaoecologica\/wp-json\/wp\/v2\/post_series?post=19453"}],"curies":[{"name":"wp","href":"https:\/\/api.w.org\/{rel}","templated":true}]}}