{"id":19528,"date":"2021-07-08T14:38:34","date_gmt":"2021-07-08T17:38:34","guid":{"rendered":"https:\/\/www.ufmg.br\/estacaoecologica\/?p=19528"},"modified":"2021-07-28T10:34:09","modified_gmt":"2021-07-28T13:34:09","slug":"sexta-edicao-do-domingo-no-campus-e-documentada-em-fotos","status":"publish","type":"post","link":"https:\/\/www.ufmg.br\/estacaoecologica\/2021\/07\/08\/sexta-edicao-do-domingo-no-campus-e-documentada-em-fotos\/","title":{"rendered":"Sexta edi\u00e7\u00e3o do &#8216;Domingo no campus&#8217; \u00e9 documentada em fotos"},"content":{"rendered":"[vc_row][vc_column]<figure class=\"vcex-image vcex-module wpex-clr figcaption-legenda\"><div class=\"vcex-image-inner wpex-relative wpex-inline-block\"><a href=\"https:\/\/www.ufmg.br\/estacaoecologica\/wp-content\/uploads\/2021\/07\/atividade-fisica-na-ufmg-foca-lisboa.jpg\" class=\"wpex-lightbox\"><img decoding=\"async\" width=\"712\" height=\"474\" src=\"https:\/\/www.ufmg.br\/estacaoecologica\/wp-content\/uploads\/2021\/07\/atividade-fisica-na-ufmg-foca-lisboa.jpg\" class=\"wpex-align-middle\" alt=\"atividade fisica na ufmg (foca lisboa)\" loading=\"lazy\" srcset=\"https:\/\/www.ufmg.br\/estacaoecologica\/wp-content\/uploads\/2021\/07\/atividade-fisica-na-ufmg-foca-lisboa.jpg 712w, https:\/\/www.ufmg.br\/estacaoecologica\/wp-content\/uploads\/2021\/07\/atividade-fisica-na-ufmg-foca-lisboa-300x200.jpg 300w\" sizes=\"auto, (max-width: 712px) 100vw, 712px\" \/><\/a><\/div><figcaption class=\"wpex-mt-10\">Atividade fisica na ufmg (foca lisboa)<\/figcaption><\/figure><div class=\"vcex-spacing wpex-w-100 wpex-clear\"><\/div>[vc_column_text]\n<div class=\"widget\">\n<div class=\"widget widget--small\">\n<p>A\u00a0<a href=\"https:\/\/www.ufmg.br\/online\/arquivos\/043802.shtml\" target=\"_blank\" rel=\"noopener\">sexta edi\u00e7\u00e3o do Domingo no campus<\/a>, que reuniu mais de 700 pessoas neste domingo, dia 5, na Esta\u00e7\u00e3o Ecol\u00f3gica da UFMG, foi registrada em 327 fotografias produzidas pelo fot\u00f3grafo Foca Lisboa.<\/p>\n<p>As imagens ilustram a presen\u00e7a diversificada de p\u00fablico, de todas as faixas et\u00e1rias, que participou de oficinas interativas, aulas de gin\u00e1stica primitiva e de dan\u00e7a, sess\u00e3o no planet\u00e1rio m\u00f3vel, caminhada ecol\u00f3gica ou simplesmente aproveitou o tempo agrad\u00e1vel para curtir a fam\u00edlia e a paisagem da Esta\u00e7\u00e3o.<\/p>\n<p>Confira a <a href=\"https:\/\/www.flickr.com\/photos\/galeriaufmg\/sets\/72157668987414182\/\" target=\"_blank\" rel=\"noopener\">galeria de fotos<\/a>.<\/p>\n<p>&nbsp;<\/p>\n<\/div>\n<\/div>\n<div class=\"widget widget--small widget--text\">\n<footer>\n<p class=\"author\"><strong><em>(Assessoria de Comunica\u00e7\u00e3o da UFMG)<\/em><\/strong><\/p>\n<\/footer>\n<\/div>\n[\/vc_column_text]<div class=\"vcex-spacing wpex-w-100 wpex-clear\"><\/div><div class=\"vcex-comments\"><\/div>[\/vc_column][\/vc_row][vc_row][vc_column][vc_video][\/vc_column][\/vc_row]\n","protected":false},"excerpt":{"rendered":"<p>[vc_row][vc_column][vc_column_text] A\u00a0sexta edi\u00e7\u00e3o do Domingo no campus, que reuniu mais de 700 pessoas neste domingo, dia 5, na Esta\u00e7\u00e3o Ecol\u00f3gica da UFMG, foi registrada em 327 fotografias produzidas pelo fot\u00f3grafo&hellip;<\/p>\n","protected":false},"author":1,"featured_media":19542,"comment_status":"open","ping_status":"open","sticky":false,"template":"","format":"standard","meta":{"_EventAllDay":false,"_EventTimezone":"","_EventStartDate":"","_EventEndDate":"","_EventStartDateUTC":"","_EventEndDateUTC":"","_EventShowMap":false,"_EventShowMapLink":false,"_EventURL":"","_EventCost":"","_EventCostDescription":"","_EventCurrencySymbol":"","_EventCurrencyCode":"","_EventCurrencyPosition":"","_EventDateTimeSeparator":"","_EventTimeRangeSeparator":"","_EventOrganizerID":[],"_EventVenueID":[],"_OrganizerEmail":"","_OrganizerPhone":"","_OrganizerWebsite":"","_VenueAddress":"","_VenueCity":"","_VenueCountry":"","_VenueProvince":"","_VenueState":"","_VenueZip":"","_VenuePhone":"","_VenueURL":"","_VenueStateProvince":"","_VenueLat":"","_VenueLng":"","_VenueShowMap":false,"_VenueShowMapLink":false,"footnotes":""},"categories":[62,230,64],"tags":[232,233,231],"post_series":[],"class_list":["post-19528","post","type-post","status-publish","format-standard","has-post-thumbnail","hentry","category-atividades","category-domingo-no-campus","category-informacao","tag-atividades","tag-bem-estar","tag-domingo-no-campus","entry","no-media"],"yoast_head":"<!-- This site is optimized with the Yoast SEO plugin v27.5 - https:\/\/yoast.com\/product\/yoast-seo-wordpress\/ -->\n<title>Sexta edi\u00e7\u00e3o do &#039;Domingo no campus&#039; \u00e9 documentada em fotos - Esta\u00e7\u00e3o Ecol\u00f3gica da UFMG<\/title>\n<meta name=\"robots\" content=\"index, follow, max-snippet:-1, max-image-preview:large, max-video-preview:-1\" \/>\n<link rel=\"canonical\" href=\"https:\/\/www.ufmg.br\/estacaoecologica\/2021\/07\/08\/sexta-edicao-do-domingo-no-campus-e-documentada-em-fotos\/\" \/>\n<meta property=\"og:locale\" content=\"pt_BR\" \/>\n<meta property=\"og:type\" content=\"article\" \/>\n<meta property=\"og:title\" content=\"Sexta edi\u00e7\u00e3o do &#039;Domingo no campus&#039; \u00e9 documentada em fotos - Esta\u00e7\u00e3o Ecol\u00f3gica da UFMG\" \/>\n<meta property=\"og:description\" content=\"[vc_row][vc_column][vc_column_text] A\u00a0sexta edi\u00e7\u00e3o do Domingo no campus, que reuniu mais de 700 pessoas neste domingo, dia 5, na Esta\u00e7\u00e3o Ecol\u00f3gica da UFMG, foi registrada em 327 fotografias produzidas pelo fot\u00f3grafo&hellip;\" \/>\n<meta property=\"og:url\" content=\"https:\/\/www.ufmg.br\/estacaoecologica\/2021\/07\/08\/sexta-edicao-do-domingo-no-campus-e-documentada-em-fotos\/\" \/>\n<meta property=\"og:site_name\" content=\"Esta\u00e7\u00e3o Ecol\u00f3gica da UFMG\" \/>\n<meta property=\"article:published_time\" content=\"2021-07-08T17:38:34+00:00\" \/>\n<meta property=\"article:modified_time\" content=\"2021-07-28T13:34:09+00:00\" \/>\n<meta property=\"og:image\" content=\"https:\/\/www.ufmg.br\/estacaoecologica\/wp-content\/uploads\/2021\/07\/atividade-fisica-na-ufmg-foca-lisboa-2.jpg\" \/>\n\t<meta property=\"og:image:width\" content=\"712\" \/>\n\t<meta property=\"og:image:height\" content=\"407\" \/>\n\t<meta property=\"og:image:type\" content=\"image\/jpeg\" \/>\n<meta name=\"author\" content=\"wp_estacao\" \/>\n<meta name=\"twitter:card\" content=\"summary_large_image\" \/>\n<meta name=\"twitter:label1\" content=\"Escrito por\" \/>\n\t<meta name=\"twitter:data1\" content=\"wp_estacao\" \/>\n\t<meta name=\"twitter:label2\" content=\"Est. tempo de leitura\" \/>\n\t<meta name=\"twitter:data2\" content=\"1 minuto\" \/>\n<script type=\"application\/ld+json\" class=\"yoast-schema-graph\">{\"@context\":\"https:\\\/\\\/schema.org\",\"@graph\":[{\"@type\":\"Article\",\"@id\":\"https:\\\/\\\/www.ufmg.br\\\/estacaoecologica\\\/2021\\\/07\\\/08\\\/sexta-edicao-do-domingo-no-campus-e-documentada-em-fotos\\\/#article\",\"isPartOf\":{\"@id\":\"https:\\\/\\\/www.ufmg.br\\\/estacaoecologica\\\/2021\\\/07\\\/08\\\/sexta-edicao-do-domingo-no-campus-e-documentada-em-fotos\\\/\"},\"author\":{\"name\":\"wp_estacao\",\"@id\":\"https:\\\/\\\/www.ufmg.br\\\/estacaoecologica\\\/#\\\/schema\\\/person\\\/4c902fb14becf61f03f09a3ba479b55a\"},\"headline\":\"Sexta edi\u00e7\u00e3o do &#8216;Domingo no campus&#8217; \u00e9 documentada em fotos\",\"datePublished\":\"2021-07-08T17:38:34+00:00\",\"dateModified\":\"2021-07-28T13:34:09+00:00\",\"mainEntityOfPage\":{\"@id\":\"https:\\\/\\\/www.ufmg.br\\\/estacaoecologica\\\/2021\\\/07\\\/08\\\/sexta-edicao-do-domingo-no-campus-e-documentada-em-fotos\\\/\"},\"wordCount\":159,\"commentCount\":1,\"publisher\":{\"@id\":\"https:\\\/\\\/www.ufmg.br\\\/estacaoecologica\\\/#organization\"},\"image\":{\"@id\":\"https:\\\/\\\/www.ufmg.br\\\/estacaoecologica\\\/2021\\\/07\\\/08\\\/sexta-edicao-do-domingo-no-campus-e-documentada-em-fotos\\\/#primaryimage\"},\"thumbnailUrl\":\"https:\\\/\\\/www.ufmg.br\\\/estacaoecologica\\\/wp-content\\\/uploads\\\/2021\\\/07\\\/atividade-fisica-na-ufmg-foca-lisboa-2.jpg\",\"keywords\":[\"Atividades\",\"Bem-estar\",\"Domingo no Campus\"],\"articleSection\":[\"Atividades\",\"Domingo no Campus\",\"Informa\u00e7\u00e3o\"],\"inLanguage\":\"pt-BR\",\"potentialAction\":[{\"@type\":\"CommentAction\",\"name\":\"Comment\",\"target\":[\"https:\\\/\\\/www.ufmg.br\\\/estacaoecologica\\\/2021\\\/07\\\/08\\\/sexta-edicao-do-domingo-no-campus-e-documentada-em-fotos\\\/#respond\"]}]},{\"@type\":\"WebPage\",\"@id\":\"https:\\\/\\\/www.ufmg.br\\\/estacaoecologica\\\/2021\\\/07\\\/08\\\/sexta-edicao-do-domingo-no-campus-e-documentada-em-fotos\\\/\",\"url\":\"https:\\\/\\\/www.ufmg.br\\\/estacaoecologica\\\/2021\\\/07\\\/08\\\/sexta-edicao-do-domingo-no-campus-e-documentada-em-fotos\\\/\",\"name\":\"Sexta edi\u00e7\u00e3o do 'Domingo no campus' \u00e9 documentada em fotos - Esta\u00e7\u00e3o Ecol\u00f3gica da UFMG\",\"isPartOf\":{\"@id\":\"https:\\\/\\\/www.ufmg.br\\\/estacaoecologica\\\/#website\"},\"primaryImageOfPage\":{\"@id\":\"https:\\\/\\\/www.ufmg.br\\\/estacaoecologica\\\/2021\\\/07\\\/08\\\/sexta-edicao-do-domingo-no-campus-e-documentada-em-fotos\\\/#primaryimage\"},\"image\":{\"@id\":\"https:\\\/\\\/www.ufmg.br\\\/estacaoecologica\\\/2021\\\/07\\\/08\\\/sexta-edicao-do-domingo-no-campus-e-documentada-em-fotos\\\/#primaryimage\"},\"thumbnailUrl\":\"https:\\\/\\\/www.ufmg.br\\\/estacaoecologica\\\/wp-content\\\/uploads\\\/2021\\\/07\\\/atividade-fisica-na-ufmg-foca-lisboa-2.jpg\",\"datePublished\":\"2021-07-08T17:38:34+00:00\",\"dateModified\":\"2021-07-28T13:34:09+00:00\",\"breadcrumb\":{\"@id\":\"https:\\\/\\\/www.ufmg.br\\\/estacaoecologica\\\/2021\\\/07\\\/08\\\/sexta-edicao-do-domingo-no-campus-e-documentada-em-fotos\\\/#breadcrumb\"},\"inLanguage\":\"pt-BR\",\"potentialAction\":[{\"@type\":\"ReadAction\",\"target\":[\"https:\\\/\\\/www.ufmg.br\\\/estacaoecologica\\\/2021\\\/07\\\/08\\\/sexta-edicao-do-domingo-no-campus-e-documentada-em-fotos\\\/\"]}]},{\"@type\":\"ImageObject\",\"inLanguage\":\"pt-BR\",\"@id\":\"https:\\\/\\\/www.ufmg.br\\\/estacaoecologica\\\/2021\\\/07\\\/08\\\/sexta-edicao-do-domingo-no-campus-e-documentada-em-fotos\\\/#primaryimage\",\"url\":\"https:\\\/\\\/www.ufmg.br\\\/estacaoecologica\\\/wp-content\\\/uploads\\\/2021\\\/07\\\/atividade-fisica-na-ufmg-foca-lisboa-2.jpg\",\"contentUrl\":\"https:\\\/\\\/www.ufmg.br\\\/estacaoecologica\\\/wp-content\\\/uploads\\\/2021\\\/07\\\/atividade-fisica-na-ufmg-foca-lisboa-2.jpg\",\"width\":712,\"height\":407,\"caption\":\"atividade fisica na ufmg - foca lisboa\"},{\"@type\":\"BreadcrumbList\",\"@id\":\"https:\\\/\\\/www.ufmg.br\\\/estacaoecologica\\\/2021\\\/07\\\/08\\\/sexta-edicao-do-domingo-no-campus-e-documentada-em-fotos\\\/#breadcrumb\",\"itemListElement\":[{\"@type\":\"ListItem\",\"position\":1,\"name\":\"In\u00edcio\",\"item\":\"https:\\\/\\\/www.ufmg.br\\\/estacaoecologica\\\/\"},{\"@type\":\"ListItem\",\"position\":2,\"name\":\"Sexta edi\u00e7\u00e3o do &#8216;Domingo no campus&#8217; \u00e9 documentada&hellip;\"}]},{\"@type\":\"WebSite\",\"@id\":\"https:\\\/\\\/www.ufmg.br\\\/estacaoecologica\\\/#website\",\"url\":\"https:\\\/\\\/www.ufmg.br\\\/estacaoecologica\\\/\",\"name\":\"Esta\u00e7\u00e3o Ecol\u00f3gica da UFMG\",\"description\":\"Natureza, hist\u00f3ria e preserva\u00e7\u00e3o\",\"publisher\":{\"@id\":\"https:\\\/\\\/www.ufmg.br\\\/estacaoecologica\\\/#organization\"},\"potentialAction\":[{\"@type\":\"SearchAction\",\"target\":{\"@type\":\"EntryPoint\",\"urlTemplate\":\"https:\\\/\\\/www.ufmg.br\\\/estacaoecologica\\\/?s={search_term_string}\"},\"query-input\":{\"@type\":\"PropertyValueSpecification\",\"valueRequired\":true,\"valueName\":\"search_term_string\"}}],\"inLanguage\":\"pt-BR\"},{\"@type\":\"Organization\",\"@id\":\"https:\\\/\\\/www.ufmg.br\\\/estacaoecologica\\\/#organization\",\"name\":\"Esta\u00e7\u00e3o Ecol\u00f3gica da UFMG\",\"url\":\"https:\\\/\\\/www.ufmg.br\\\/estacaoecologica\\\/\",\"logo\":{\"@type\":\"ImageObject\",\"inLanguage\":\"pt-BR\",\"@id\":\"https:\\\/\\\/www.ufmg.br\\\/estacaoecologica\\\/#\\\/schema\\\/logo\\\/image\\\/\",\"url\":\"https:\\\/\\\/www.ufmg.br\\\/estacaoecologica\\\/wp-content\\\/uploads\\\/2020\\\/04\\\/logo-proex-v2.png\",\"contentUrl\":\"https:\\\/\\\/www.ufmg.br\\\/estacaoecologica\\\/wp-content\\\/uploads\\\/2020\\\/04\\\/logo-proex-v2.png\",\"width\":500,\"height\":104,\"caption\":\"Esta\u00e7\u00e3o Ecol\u00f3gica da UFMG\"},\"image\":{\"@id\":\"https:\\\/\\\/www.ufmg.br\\\/estacaoecologica\\\/#\\\/schema\\\/logo\\\/image\\\/\"}},{\"@type\":\"Person\",\"@id\":\"https:\\\/\\\/www.ufmg.br\\\/estacaoecologica\\\/#\\\/schema\\\/person\\\/4c902fb14becf61f03f09a3ba479b55a\",\"name\":\"wp_estacao\",\"image\":{\"@type\":\"ImageObject\",\"inLanguage\":\"pt-BR\",\"@id\":\"https:\\\/\\\/secure.gravatar.com\\\/avatar\\\/f7571a7e890c704fd77b1330f08046e2d5a79be70e36e814d9137723505b41f5?s=96&d=mm&r=g\",\"url\":\"https:\\\/\\\/secure.gravatar.com\\\/avatar\\\/f7571a7e890c704fd77b1330f08046e2d5a79be70e36e814d9137723505b41f5?s=96&d=mm&r=g\",\"contentUrl\":\"https:\\\/\\\/secure.gravatar.com\\\/avatar\\\/f7571a7e890c704fd77b1330f08046e2d5a79be70e36e814d9137723505b41f5?s=96&d=mm&r=g\",\"caption\":\"wp_estacao\"},\"url\":\"https:\\\/\\\/www.ufmg.br\\\/estacaoecologica\\\/author\\\/wp_estacao\\\/\"}]}<\/script>\n<!-- \/ Yoast SEO plugin. -->","yoast_head_json":{"title":"Sexta edi\u00e7\u00e3o do 'Domingo no campus' \u00e9 documentada em fotos - Esta\u00e7\u00e3o Ecol\u00f3gica da UFMG","robots":{"index":"index","follow":"follow","max-snippet":"max-snippet:-1","max-image-preview":"max-image-preview:large","max-video-preview":"max-video-preview:-1"},"canonical":"https:\/\/www.ufmg.br\/estacaoecologica\/2021\/07\/08\/sexta-edicao-do-domingo-no-campus-e-documentada-em-fotos\/","og_locale":"pt_BR","og_type":"article","og_title":"Sexta edi\u00e7\u00e3o do 'Domingo no campus' \u00e9 documentada em fotos - Esta\u00e7\u00e3o Ecol\u00f3gica da UFMG","og_description":"[vc_row][vc_column][vc_column_text] A\u00a0sexta edi\u00e7\u00e3o do Domingo no campus, que reuniu mais de 700 pessoas neste domingo, dia 5, na Esta\u00e7\u00e3o Ecol\u00f3gica da UFMG, foi registrada em 327 fotografias produzidas pelo fot\u00f3grafo&hellip;","og_url":"https:\/\/www.ufmg.br\/estacaoecologica\/2021\/07\/08\/sexta-edicao-do-domingo-no-campus-e-documentada-em-fotos\/","og_site_name":"Esta\u00e7\u00e3o Ecol\u00f3gica da UFMG","article_published_time":"2021-07-08T17:38:34+00:00","article_modified_time":"2021-07-28T13:34:09+00:00","og_image":[{"width":712,"height":407,"url":"https:\/\/www.ufmg.br\/estacaoecologica\/wp-content\/uploads\/2021\/07\/atividade-fisica-na-ufmg-foca-lisboa-2.jpg","type":"image\/jpeg"}],"author":"wp_estacao","twitter_card":"summary_large_image","twitter_misc":{"Escrito por":"wp_estacao","Est. tempo de leitura":"1 minuto"},"schema":{"@context":"https:\/\/schema.org","@graph":[{"@type":"Article","@id":"https:\/\/www.ufmg.br\/estacaoecologica\/2021\/07\/08\/sexta-edicao-do-domingo-no-campus-e-documentada-em-fotos\/#article","isPartOf":{"@id":"https:\/\/www.ufmg.br\/estacaoecologica\/2021\/07\/08\/sexta-edicao-do-domingo-no-campus-e-documentada-em-fotos\/"},"author":{"name":"wp_estacao","@id":"https:\/\/www.ufmg.br\/estacaoecologica\/#\/schema\/person\/4c902fb14becf61f03f09a3ba479b55a"},"headline":"Sexta edi\u00e7\u00e3o do &#8216;Domingo no campus&#8217; \u00e9 documentada em fotos","datePublished":"2021-07-08T17:38:34+00:00","dateModified":"2021-07-28T13:34:09+00:00","mainEntityOfPage":{"@id":"https:\/\/www.ufmg.br\/estacaoecologica\/2021\/07\/08\/sexta-edicao-do-domingo-no-campus-e-documentada-em-fotos\/"},"wordCount":159,"commentCount":1,"publisher":{"@id":"https:\/\/www.ufmg.br\/estacaoecologica\/#organization"},"image":{"@id":"https:\/\/www.ufmg.br\/estacaoecologica\/2021\/07\/08\/sexta-edicao-do-domingo-no-campus-e-documentada-em-fotos\/#primaryimage"},"thumbnailUrl":"https:\/\/www.ufmg.br\/estacaoecologica\/wp-content\/uploads\/2021\/07\/atividade-fisica-na-ufmg-foca-lisboa-2.jpg","keywords":["Atividades","Bem-estar","Domingo no Campus"],"articleSection":["Atividades","Domingo no Campus","Informa\u00e7\u00e3o"],"inLanguage":"pt-BR","potentialAction":[{"@type":"CommentAction","name":"Comment","target":["https:\/\/www.ufmg.br\/estacaoecologica\/2021\/07\/08\/sexta-edicao-do-domingo-no-campus-e-documentada-em-fotos\/#respond"]}]},{"@type":"WebPage","@id":"https:\/\/www.ufmg.br\/estacaoecologica\/2021\/07\/08\/sexta-edicao-do-domingo-no-campus-e-documentada-em-fotos\/","url":"https:\/\/www.ufmg.br\/estacaoecologica\/2021\/07\/08\/sexta-edicao-do-domingo-no-campus-e-documentada-em-fotos\/","name":"Sexta edi\u00e7\u00e3o do 'Domingo no campus' \u00e9 documentada em fotos - Esta\u00e7\u00e3o Ecol\u00f3gica da UFMG","isPartOf":{"@id":"https:\/\/www.ufmg.br\/estacaoecologica\/#website"},"primaryImageOfPage":{"@id":"https:\/\/www.ufmg.br\/estacaoecologica\/2021\/07\/08\/sexta-edicao-do-domingo-no-campus-e-documentada-em-fotos\/#primaryimage"},"image":{"@id":"https:\/\/www.ufmg.br\/estacaoecologica\/2021\/07\/08\/sexta-edicao-do-domingo-no-campus-e-documentada-em-fotos\/#primaryimage"},"thumbnailUrl":"https:\/\/www.ufmg.br\/estacaoecologica\/wp-content\/uploads\/2021\/07\/atividade-fisica-na-ufmg-foca-lisboa-2.jpg","datePublished":"2021-07-08T17:38:34+00:00","dateModified":"2021-07-28T13:34:09+00:00","breadcrumb":{"@id":"https:\/\/www.ufmg.br\/estacaoecologica\/2021\/07\/08\/sexta-edicao-do-domingo-no-campus-e-documentada-em-fotos\/#breadcrumb"},"inLanguage":"pt-BR","potentialAction":[{"@type":"ReadAction","target":["https:\/\/www.ufmg.br\/estacaoecologica\/2021\/07\/08\/sexta-edicao-do-domingo-no-campus-e-documentada-em-fotos\/"]}]},{"@type":"ImageObject","inLanguage":"pt-BR","@id":"https:\/\/www.ufmg.br\/estacaoecologica\/2021\/07\/08\/sexta-edicao-do-domingo-no-campus-e-documentada-em-fotos\/#primaryimage","url":"https:\/\/www.ufmg.br\/estacaoecologica\/wp-content\/uploads\/2021\/07\/atividade-fisica-na-ufmg-foca-lisboa-2.jpg","contentUrl":"https:\/\/www.ufmg.br\/estacaoecologica\/wp-content\/uploads\/2021\/07\/atividade-fisica-na-ufmg-foca-lisboa-2.jpg","width":712,"height":407,"caption":"atividade fisica na ufmg - foca lisboa"},{"@type":"BreadcrumbList","@id":"https:\/\/www.ufmg.br\/estacaoecologica\/2021\/07\/08\/sexta-edicao-do-domingo-no-campus-e-documentada-em-fotos\/#breadcrumb","itemListElement":[{"@type":"ListItem","position":1,"name":"In\u00edcio","item":"https:\/\/www.ufmg.br\/estacaoecologica\/"},{"@type":"ListItem","position":2,"name":"Sexta edi\u00e7\u00e3o do &#8216;Domingo no campus&#8217; \u00e9 documentada&hellip;"}]},{"@type":"WebSite","@id":"https:\/\/www.ufmg.br\/estacaoecologica\/#website","url":"https:\/\/www.ufmg.br\/estacaoecologica\/","name":"Esta\u00e7\u00e3o Ecol\u00f3gica da UFMG","description":"Natureza, hist\u00f3ria e preserva\u00e7\u00e3o","publisher":{"@id":"https:\/\/www.ufmg.br\/estacaoecologica\/#organization"},"potentialAction":[{"@type":"SearchAction","target":{"@type":"EntryPoint","urlTemplate":"https:\/\/www.ufmg.br\/estacaoecologica\/?s={search_term_string}"},"query-input":{"@type":"PropertyValueSpecification","valueRequired":true,"valueName":"search_term_string"}}],"inLanguage":"pt-BR"},{"@type":"Organization","@id":"https:\/\/www.ufmg.br\/estacaoecologica\/#organization","name":"Esta\u00e7\u00e3o Ecol\u00f3gica da UFMG","url":"https:\/\/www.ufmg.br\/estacaoecologica\/","logo":{"@type":"ImageObject","inLanguage":"pt-BR","@id":"https:\/\/www.ufmg.br\/estacaoecologica\/#\/schema\/logo\/image\/","url":"https:\/\/www.ufmg.br\/estacaoecologica\/wp-content\/uploads\/2020\/04\/logo-proex-v2.png","contentUrl":"https:\/\/www.ufmg.br\/estacaoecologica\/wp-content\/uploads\/2020\/04\/logo-proex-v2.png","width":500,"height":104,"caption":"Esta\u00e7\u00e3o Ecol\u00f3gica da UFMG"},"image":{"@id":"https:\/\/www.ufmg.br\/estacaoecologica\/#\/schema\/logo\/image\/"}},{"@type":"Person","@id":"https:\/\/www.ufmg.br\/estacaoecologica\/#\/schema\/person\/4c902fb14becf61f03f09a3ba479b55a","name":"wp_estacao","image":{"@type":"ImageObject","inLanguage":"pt-BR","@id":"https:\/\/secure.gravatar.com\/avatar\/f7571a7e890c704fd77b1330f08046e2d5a79be70e36e814d9137723505b41f5?s=96&d=mm&r=g","url":"https:\/\/secure.gravatar.com\/avatar\/f7571a7e890c704fd77b1330f08046e2d5a79be70e36e814d9137723505b41f5?s=96&d=mm&r=g","contentUrl":"https:\/\/secure.gravatar.com\/avatar\/f7571a7e890c704fd77b1330f08046e2d5a79be70e36e814d9137723505b41f5?s=96&d=mm&r=g","caption":"wp_estacao"},"url":"https:\/\/www.ufmg.br\/estacaoecologica\/author\/wp_estacao\/"}]}},"_links":{"self":[{"href":"https:\/\/www.ufmg.br\/estacaoecologica\/wp-json\/wp\/v2\/posts\/19528","targetHints":{"allow":["GET"]}}],"collection":[{"href":"https:\/\/www.ufmg.br\/estacaoecologica\/wp-json\/wp\/v2\/posts"}],"about":[{"href":"https:\/\/www.ufmg.br\/estacaoecologica\/wp-json\/wp\/v2\/types\/post"}],"author":[{"embeddable":true,"href":"https:\/\/www.ufmg.br\/estacaoecologica\/wp-json\/wp\/v2\/users\/1"}],"replies":[{"embeddable":true,"href":"https:\/\/www.ufmg.br\/estacaoecologica\/wp-json\/wp\/v2\/comments?post=19528"}],"version-history":[{"count":6,"href":"https:\/\/www.ufmg.br\/estacaoecologica\/wp-json\/wp\/v2\/posts\/19528\/revisions"}],"predecessor-version":[{"id":19545,"href":"https:\/\/www.ufmg.br\/estacaoecologica\/wp-json\/wp\/v2\/posts\/19528\/revisions\/19545"}],"wp:featuredmedia":[{"embeddable":true,"href":"https:\/\/www.ufmg.br\/estacaoecologica\/wp-json\/wp\/v2\/media\/19542"}],"wp:attachment":[{"href":"https:\/\/www.ufmg.br\/estacaoecologica\/wp-json\/wp\/v2\/media?parent=19528"}],"wp:term":[{"taxonomy":"category","embeddable":true,"href":"https:\/\/www.ufmg.br\/estacaoecologica\/wp-json\/wp\/v2\/categories?post=19528"},{"taxonomy":"post_tag","embeddable":true,"href":"https:\/\/www.ufmg.br\/estacaoecologica\/wp-json\/wp\/v2\/tags?post=19528"},{"taxonomy":"post_series","embeddable":true,"href":"https:\/\/www.ufmg.br\/estacaoecologica\/wp-json\/wp\/v2\/post_series?post=19528"}],"curies":[{"name":"wp","href":"https:\/\/api.w.org\/{rel}","templated":true}]}}