{"id":1013,"date":"2016-06-16T13:45:21","date_gmt":"2016-06-16T16:45:21","guid":{"rendered":"https:\/\/www.ufmg.br\/periodicos\/?p=1013"},"modified":"2016-06-15T17:32:10","modified_gmt":"2016-06-15T20:32:10","slug":"palestra-sobre-bases-de-citacoes-e-bibliometria-contara-com-transmissao-ao-vivo","status":"publish","type":"post","link":"https:\/\/www.ufmg.br\/periodicos\/palestra-sobre-bases-de-citacoes-e-bibliometria-contara-com-transmissao-ao-vivo\/","title":{"rendered":"Palestra sobre bases de cita\u00e7\u00f5es e bibliometria contar\u00e1 com transmiss\u00e3o ao vivo"},"content":{"rendered":"<p><center><div id=\"attachment_1015\" style=\"width: 486px\" class=\"wp-caption alignnone\"><a href=\"https:\/\/www.ufmg.br\/periodicos\/wp-content\/files\/2016\/06\/transmiss\u00e3oonlineperi\u00f3dicos.png\"><img loading=\"lazy\" decoding=\"async\" aria-describedby=\"caption-attachment-1015\" class=\"wp-image-1015\" src=\"https:\/\/www.ufmg.br\/periodicos\/wp-content\/files\/2016\/06\/transmiss\u00e3oonlineperi\u00f3dicos.png\" alt=\"transmiss\u00e3oonlineperi\u00f3dicos\" width=\"476\" height=\"317\" srcset=\"https:\/\/www.ufmg.br\/periodicos\/wp-content\/files\/2016\/06\/transmiss\u00e3oonlineperi\u00f3dicos.png 1333w, https:\/\/www.ufmg.br\/periodicos\/wp-content\/files\/2016\/06\/transmiss\u00e3oonlineperi\u00f3dicos-300x200.png 300w, https:\/\/www.ufmg.br\/periodicos\/wp-content\/files\/2016\/06\/transmiss\u00e3oonlineperi\u00f3dicos-768x512.png 768w, https:\/\/www.ufmg.br\/periodicos\/wp-content\/files\/2016\/06\/transmiss\u00e3oonlineperi\u00f3dicos-1024x682.png 1024w\" sizes=\"auto, (max-width: 476px) 100vw, 476px\" \/><\/a><p id=\"caption-attachment-1015\" class=\"wp-caption-text\">Foto: Isabelle Chagas<\/p><\/div><\/center><\/p>\n<p>Quem n\u00e3o conseguiu se inscrever para a\u00a0quinta palestra do 1\u00b0 Ciclo de Forma\u00e7\u00e3o de Editores, &#8220;Bases de cita\u00e7\u00f5es e bibliometria: aumentando a visibilidade de peri\u00f3dicos&#8221;, que ser\u00e1 ministrada pelo Prof. Max Cirino\u00a0\u00e0s 14h na Escola de Engenharia da UFMG, pode acompanhar o evento pela <a href=\"http:\/\/video.rnp.br\/portal\/transmission.action?idItem=30795\">transmiss\u00e3o online<\/a>.<\/p>\n<p>Utilize preferencialmente o navegador Internet Explorer ou Mozila Firefox.<\/p>\n<p><strong>Sobre a palestra<\/strong><\/p>\n<p>Max Cirino, Prof. do Centro Universit\u00e1rio UNA, abordar\u00e1 as bases de cita\u00e7\u00f5es e bibliometria tendo como foco o aumento da visibilidade de peri\u00f3dicos cient\u00edficos. Ser\u00e1 apresentado breve hist\u00f3rico e exemplos de an\u00e1lise bibliom\u00e9trica, como as fontes e autores mas citados e palavras chave mais utilizadas, bem como o modelo de an\u00e1lise autom\u00e1tica de dados da SciELO.<\/p>\n<p>&nbsp;<\/p>","protected":false},"excerpt":{"rendered":"<p>Quem n\u00e3o conseguiu se inscrever para a\u00a0quinta palestra do 1\u00b0 Ciclo de Forma\u00e7\u00e3o de Editores, &#8220;Bases de cita\u00e7\u00f5es e bibliometria: aumentando a visibilidade de peri\u00f3dicos&#8221;, que ser\u00e1 ministrada pelo Prof. Max Cirino\u00a0\u00e0s 14h na Escola de Engenharia da UFMG, pode acompanhar o evento pela transmiss\u00e3o online. Utilize preferencialmente o navegador Internet Explorer ou Mozila Firefox. [&hellip;]<\/p>\n","protected":false},"author":7,"featured_media":0,"comment_status":"open","ping_status":"open","sticky":false,"template":"","format":"standard","meta":{"footnotes":""},"categories":[3],"tags":[],"class_list":["post-1013","post","type-post","status-publish","format-standard","hentry","category-noticias"],"_links":{"self":[{"href":"https:\/\/www.ufmg.br\/periodicos\/wp-json\/wp\/v2\/posts\/1013","targetHints":{"allow":["GET"]}}],"collection":[{"href":"https:\/\/www.ufmg.br\/periodicos\/wp-json\/wp\/v2\/posts"}],"about":[{"href":"https:\/\/www.ufmg.br\/periodicos\/wp-json\/wp\/v2\/types\/post"}],"author":[{"embeddable":true,"href":"https:\/\/www.ufmg.br\/periodicos\/wp-json\/wp\/v2\/users\/7"}],"replies":[{"embeddable":true,"href":"https:\/\/www.ufmg.br\/periodicos\/wp-json\/wp\/v2\/comments?post=1013"}],"version-history":[{"count":8,"href":"https:\/\/www.ufmg.br\/periodicos\/wp-json\/wp\/v2\/posts\/1013\/revisions"}],"predecessor-version":[{"id":1023,"href":"https:\/\/www.ufmg.br\/periodicos\/wp-json\/wp\/v2\/posts\/1013\/revisions\/1023"}],"wp:attachment":[{"href":"https:\/\/www.ufmg.br\/periodicos\/wp-json\/wp\/v2\/media?parent=1013"}],"wp:term":[{"taxonomy":"category","embeddable":true,"href":"https:\/\/www.ufmg.br\/periodicos\/wp-json\/wp\/v2\/categories?post=1013"},{"taxonomy":"post_tag","embeddable":true,"href":"https:\/\/www.ufmg.br\/periodicos\/wp-json\/wp\/v2\/tags?post=1013"}],"curies":[{"name":"wp","href":"https:\/\/api.w.org\/{rel}","templated":true}]}}