{"id":1185,"date":"2016-07-07T11:15:14","date_gmt":"2016-07-07T14:15:14","guid":{"rendered":"https:\/\/www.ufmg.br\/periodicos\/?p=1185"},"modified":"2016-07-05T12:17:30","modified_gmt":"2016-07-05T15:17:30","slug":"periodicos-que-fazem-historia-perspectiva-teologica-e-sinte-revista-de-filosofia","status":"publish","type":"post","link":"https:\/\/www.ufmg.br\/periodicos\/periodicos-que-fazem-historia-perspectiva-teologica-e-sinte-revista-de-filosofia\/","title":{"rendered":"Peri\u00f3dicos que fazem hist\u00f3ria: Perspectiva Teol\u00f3gica e S\u00edntese &#8211; Revista de Filosofia"},"content":{"rendered":"<p><center><a href=\"https:\/\/www.ufmg.br\/periodicos\/wp-content\/files\/2016\/07\/FAJE.jpg\"><img loading=\"lazy\" decoding=\"async\" class=\"alignnone wp-image-1188\" src=\"https:\/\/www.ufmg.br\/periodicos\/wp-content\/files\/2016\/07\/FAJE.jpg\" alt=\"FAJE\" width=\"537\" height=\"196\" srcset=\"https:\/\/www.ufmg.br\/periodicos\/wp-content\/files\/2016\/07\/FAJE.jpg 960w, https:\/\/www.ufmg.br\/periodicos\/wp-content\/files\/2016\/07\/FAJE-300x109.jpg 300w, https:\/\/www.ufmg.br\/periodicos\/wp-content\/files\/2016\/07\/FAJE-768x280.jpg 768w\" sizes=\"auto, (max-width: 537px) 100vw, 537px\" \/><\/a><\/center><\/p>\n<p>A revista <b>Perspectiva Teol\u00f3gica<\/b><span style=\"font-weight: 400;\">, do <\/span><span style=\"font-weight: 400;\">Departamento de Teologia da Faculdade Jesu\u00edta de Filosofia e Teologia (FAJE),<\/span><span style=\"font-weight: 400;\"> est\u00e1 com chamada de artigos para as edi\u00e7\u00f5es de 2017 com os temas 500 anos da Reforma <\/span><span style=\"font-weight: 400;\">(submiss\u00e3o at\u00e9 20\/12\/2016), G\u00eanero (submiss\u00e3o at\u00e9 20\/03\/2017) e Modernidade invi\u00e1vel (submiss\u00e3o at\u00e9 20\/06\/2017). Para cada dossi\u00ea, \u00e9 poss\u00edvel submeter tanto trabalhos referentes ao tema-destaque quanto relativos a outros temas, bem como recens\u00f5es e notas bibliogr\u00e1ficas. Os trabalhos devem ser enviados para o e-mail<\/span><span style=\"font-weight: 400;\">\u00a0<\/span><span style=\"font-weight: 400;\"><a href=\"mailto:editor.pt@faculdadejesuita.edu.br\">editor.pt@faculdadejesuita.edu.br<\/a><\/span><span style=\"font-weight: 400;\">.\u00a0<\/span><\/p>\n<p><span style=\"font-weight: 400;\">Publicada regularmente desde 1969, a Perspectiva Teol\u00f3gica tem como finalidade divulgar a reflex\u00e3o teol\u00f3gica (no \u00e2mbito sistem\u00e1tico, b\u00edblico e pastoral) com qualidade cient\u00edfica reconhecida, estando aberta ao di\u00e1logo ecum\u00eanico e inter-religioso, bem como a outros campos do saber cient\u00edfico que contribuam para o servi\u00e7o da f\u00e9 e o compromisso com a justi\u00e7a. A publica\u00e7\u00e3o mant\u00e9m contato com <\/span><span style=\"font-weight: 400;\">com diversas institui\u00e7\u00f5es nacionais e internacionais e <\/span><span style=\"font-weight: 400;\">possui permutas com 192 peri\u00f3dicos de mais de 39 pa\u00edses. Para mais informa\u00e7\u00f5es, acesse o <a href=\"http:\/\/www.faje.edu.br\/periodicos\/index.php\/perspectiva\/index\">site<\/a> da revista.<\/span><\/p>\n<p><span style=\"font-weight: 400;\">A Faculdade Jesu\u00edta de Filosofia e Teologia (FAJE), por meio do Departamento de Filosofia, tamb\u00e9m \u00e9 respons\u00e1vel pela editora\u00e7\u00e3o da <\/span><b>S\u00edntese &#8211; Revista de Filosofia<\/b>.\u00a0<span style=\"font-weight: 400;\">Publicada<\/span><span style=\"font-weight: 400;\"> quadrimestralmente desde 1959, a revista tem como finalidade a divulga\u00e7\u00e3o de textos de fil\u00f3sofos contempor\u00e2neos brasileiros e estrangeiros, que expressem resultados de pesquisa original em n\u00edvel de p\u00f3s-gradua\u00e7\u00e3o e apresentem um real interesse e qualidade em vista do enriquecimento da cultura filos\u00f3fica nacional. \u00c9 uma revista de inspira\u00e7\u00e3o crist\u00e3, mas aberta a todos os horizontes do pensamento, tendo como exig\u00eancia b\u00e1sica a observ\u00e2ncia dos padr\u00f5es cient\u00edficos reconhecidos de produ\u00e7\u00e3o filos\u00f3fica. Acesse o <a href=\"http:\/\/www.faje.edu.br\/periodicos\/index.php\/Sintese\/index\">site<\/a> da revista S\u00edntese.<\/span><\/p>","protected":false},"excerpt":{"rendered":"<p>A revista Perspectiva Teol\u00f3gica, do Departamento de Teologia da Faculdade Jesu\u00edta de Filosofia e Teologia (FAJE), est\u00e1 com chamada de artigos para as edi\u00e7\u00f5es de 2017 com os temas 500 anos da Reforma (submiss\u00e3o at\u00e9 20\/12\/2016), G\u00eanero (submiss\u00e3o at\u00e9 20\/03\/2017) e Modernidade invi\u00e1vel (submiss\u00e3o at\u00e9 20\/06\/2017). Para cada dossi\u00ea, \u00e9 poss\u00edvel submeter tanto trabalhos referentes [&hellip;]<\/p>\n","protected":false},"author":7,"featured_media":0,"comment_status":"open","ping_status":"open","sticky":false,"template":"","format":"standard","meta":{"footnotes":""},"categories":[3],"tags":[],"class_list":["post-1185","post","type-post","status-publish","format-standard","hentry","category-noticias"],"_links":{"self":[{"href":"https:\/\/www.ufmg.br\/periodicos\/wp-json\/wp\/v2\/posts\/1185","targetHints":{"allow":["GET"]}}],"collection":[{"href":"https:\/\/www.ufmg.br\/periodicos\/wp-json\/wp\/v2\/posts"}],"about":[{"href":"https:\/\/www.ufmg.br\/periodicos\/wp-json\/wp\/v2\/types\/post"}],"author":[{"embeddable":true,"href":"https:\/\/www.ufmg.br\/periodicos\/wp-json\/wp\/v2\/users\/7"}],"replies":[{"embeddable":true,"href":"https:\/\/www.ufmg.br\/periodicos\/wp-json\/wp\/v2\/comments?post=1185"}],"version-history":[{"count":8,"href":"https:\/\/www.ufmg.br\/periodicos\/wp-json\/wp\/v2\/posts\/1185\/revisions"}],"predecessor-version":[{"id":1195,"href":"https:\/\/www.ufmg.br\/periodicos\/wp-json\/wp\/v2\/posts\/1185\/revisions\/1195"}],"wp:attachment":[{"href":"https:\/\/www.ufmg.br\/periodicos\/wp-json\/wp\/v2\/media?parent=1185"}],"wp:term":[{"taxonomy":"category","embeddable":true,"href":"https:\/\/www.ufmg.br\/periodicos\/wp-json\/wp\/v2\/categories?post=1185"},{"taxonomy":"post_tag","embeddable":true,"href":"https:\/\/www.ufmg.br\/periodicos\/wp-json\/wp\/v2\/tags?post=1185"}],"curies":[{"name":"wp","href":"https:\/\/api.w.org\/{rel}","templated":true}]}}