{"id":1220,"date":"2016-07-20T09:22:35","date_gmt":"2016-07-20T12:22:35","guid":{"rendered":"https:\/\/www.ufmg.br\/periodicos\/?p=1220"},"modified":"2016-07-20T09:35:56","modified_gmt":"2016-07-20T12:35:56","slug":"culturas-alimentares-praticas-e-artefatos-revista-varia-historia","status":"publish","type":"post","link":"https:\/\/www.ufmg.br\/periodicos\/culturas-alimentares-praticas-e-artefatos-revista-varia-historia\/","title":{"rendered":"Culturas alimentares, pr\u00e1ticas e artefatos na revista Varia Hist\u00f3ria"},"content":{"rendered":"<p><center><a href=\"https:\/\/www.ufmg.br\/periodicos\/wp-content\/files\/2016\/07\/varia-comida.png\"><img loading=\"lazy\" decoding=\"async\" class=\"alignnone wp-image-1223\" src=\"https:\/\/www.ufmg.br\/periodicos\/wp-content\/files\/2016\/07\/varia-comida.png\" alt=\"varia comida\" width=\"462\" height=\"268\" srcset=\"https:\/\/www.ufmg.br\/periodicos\/wp-content\/files\/2016\/07\/varia-comida.png 1045w, https:\/\/www.ufmg.br\/periodicos\/wp-content\/files\/2016\/07\/varia-comida-300x174.png 300w, https:\/\/www.ufmg.br\/periodicos\/wp-content\/files\/2016\/07\/varia-comida-768x446.png 768w, https:\/\/www.ufmg.br\/periodicos\/wp-content\/files\/2016\/07\/varia-comida-1024x595.png 1024w\" sizes=\"auto, (max-width: 462px) 100vw, 462px\" \/><\/a><\/center><\/p>\n<p><span style=\"font-weight: 400;\">Voc\u00ea j\u00e1 parou pra pensar o quanto de hist\u00f3ria h\u00e1 naquilo que comemos e nos processos que envolvem a alimenta\u00e7\u00e3o? Buscando refletir acerca das pr\u00e1ticas alimentares n\u00e3o apenas como ato de sobreviv\u00eancia, mas como constru\u00e7\u00e3o hist\u00f3rica e social, a Varia Hist\u00f3ria, revista do Programa de P\u00f3s-gradua\u00e7\u00e3o em Hist\u00f3ria da UFMG, lan\u00e7ou o Dossi\u00ea <a href=\"http:\/\/www.scielo.br\/scielo.php?script=sci_issuetoc&amp;pid=0104-877520160001&amp;lng=pt&amp;nrm=iso\">Culturas alimentares, pr\u00e1ticas e artefatos<\/a>, organizado por <\/span><span style=\"font-weight: 400;\">Jos\u00e9 Newton Coelho Meneses, professor da UFMG.<\/span><\/p>\n<p><span style=\"font-weight: 400;\">Segundo Jos\u00e9 Newton Coelho Meneses , o Dossi\u00ea <\/span><span style=\"font-weight: 400;\">apresenta textos que, &#8220;dentro do universo da cultura material, apreendem a alimenta\u00e7\u00e3o e o espa\u00e7o das pr\u00e1ticas alimentares, refletindo, em suma, sobre realidades f\u00edsicas e simb\u00f3licas, pr\u00e1ticas e conceituais, em torno dessa banalidade da atividade humana: comer e cozinhar para comer\u201d. Em entrevista para o canal da revista, <\/span><span style=\"font-weight: 400;\">o organizador ressaltou a import\u00e2ncia da cultura material na historiografia para pensar os objetos e os artefatos culturais como parte da pr\u00f3pria constru\u00e7\u00e3o humana.<\/span><\/p>\n<p>Confira a entrevista:<\/p>\n<div class=\"video-container\"><iframe loading=\"lazy\" title=\"#VariaHistoria 20 - Jose\u0301 Newton Coelho Meneses\" width=\"500\" height=\"281\" src=\"https:\/\/www.youtube.com\/embed\/dNQ9pmS05rk?start=358&#038;feature=oembed\" frameborder=\"0\" allow=\"accelerometer; autoplay; clipboard-write; encrypted-media; gyroscope; picture-in-picture; web-share\" referrerpolicy=\"strict-origin-when-cross-origin\" allowfullscreen><\/iframe><\/div>\n<p><span style=\"font-weight: 400;\">Para mais informa\u00e7\u00f5es sobre o Dossi\u00ea\u00a0<i>Culturas alimentares, pr\u00e1ticas e artefatos<\/i>, confira\u00a0o <a href=\"http:\/\/humanas.blog.scielo.org\/blog\/2016\/03\/04\/voce-tem-fome-de-que-comida-tem-historia\/\">artigo<\/a><\/span><i><span style=\"font-weight: 400;\">\u00a0de Regina Horta Duarte, editora da Varia Historia, no blog SciELO em Perspectiva.<\/span><\/i><\/p>\n<p><strong>Varia Hist\u00f3ria<\/strong><\/p>\n<p><span style=\"font-weight: 400;\">Fundada em 1985 <\/span><span style=\"font-weight: 400;\">como <\/span><i><span style=\"font-weight: 400;\">Revista do Depa<\/span><\/i><span style=\"font-weight: 400;\">rtamento de Hist\u00f3ria da Universidade Federal de Minas Gerais, a Varia Hist\u00f3ria, express\u00e3o latina que a nomeia desde 1992, \u00e9 uma publica\u00e7\u00e3o<\/span> <span style=\"font-weight: 400;\">da P\u00f3s-Gradua\u00e7\u00e3o em Hist\u00f3ria da Universidade Federal de Minas Gerais. Tem como objetivo publicar artigos originais e inovadores de hist\u00f3ria, promovendo o di\u00e1logo entre os membros da comunidade acad\u00eamica internacional e contribuindo para a renova\u00e7\u00e3o historiogr\u00e1fica.<\/span><\/p>\n<p>Em parceria com o Projeto Rep\u00fablica, tamb\u00e9m da UFMG, a Varia Hist\u00f3ria lan\u00e7ou duas S\u00e9ries Especiais de Entrevistas, Di\u00e1logos com Historiadores e Di\u00e1logos Interdisciplinares. Os v\u00eddeos de lan\u00e7amento das S\u00e9ries contaram, respectivamente, com entrevistas com a historiadora Lucia Bastos e com o cineasta\u00a0Jo\u00e3o Moreira Salles. Confira o <a href=\"https:\/\/www.youtube.com\/channel\/UCD4EbWEXNyTAirlemvy3UPw\">Canal Varia Hist\u00f3ria<\/a>.<\/p>\n<p>Para mais informa\u00e7\u00f5es sobre a revista, acesse o <a href=\"http:\/\/www.variahistoria.org\/\">site<\/a>\u00a0e\u00a0o <a href=\"https:\/\/www.facebook.com\/variahistoria\/\">facebook<\/a>.<\/p>","protected":false},"excerpt":{"rendered":"<p>Voc\u00ea j\u00e1 parou pra pensar o quanto de hist\u00f3ria h\u00e1 naquilo que comemos e nos processos que envolvem a alimenta\u00e7\u00e3o? Buscando refletir acerca das pr\u00e1ticas alimentares n\u00e3o apenas como ato de sobreviv\u00eancia, mas como constru\u00e7\u00e3o hist\u00f3rica e social, a Varia Hist\u00f3ria, revista do Programa de P\u00f3s-gradua\u00e7\u00e3o em Hist\u00f3ria da UFMG, lan\u00e7ou o Dossi\u00ea Culturas alimentares, [&hellip;]<\/p>\n","protected":false},"author":7,"featured_media":0,"comment_status":"open","ping_status":"open","sticky":false,"template":"","format":"standard","meta":{"footnotes":""},"categories":[3],"tags":[],"class_list":["post-1220","post","type-post","status-publish","format-standard","hentry","category-noticias"],"_links":{"self":[{"href":"https:\/\/www.ufmg.br\/periodicos\/wp-json\/wp\/v2\/posts\/1220","targetHints":{"allow":["GET"]}}],"collection":[{"href":"https:\/\/www.ufmg.br\/periodicos\/wp-json\/wp\/v2\/posts"}],"about":[{"href":"https:\/\/www.ufmg.br\/periodicos\/wp-json\/wp\/v2\/types\/post"}],"author":[{"embeddable":true,"href":"https:\/\/www.ufmg.br\/periodicos\/wp-json\/wp\/v2\/users\/7"}],"replies":[{"embeddable":true,"href":"https:\/\/www.ufmg.br\/periodicos\/wp-json\/wp\/v2\/comments?post=1220"}],"version-history":[{"count":12,"href":"https:\/\/www.ufmg.br\/periodicos\/wp-json\/wp\/v2\/posts\/1220\/revisions"}],"predecessor-version":[{"id":1234,"href":"https:\/\/www.ufmg.br\/periodicos\/wp-json\/wp\/v2\/posts\/1220\/revisions\/1234"}],"wp:attachment":[{"href":"https:\/\/www.ufmg.br\/periodicos\/wp-json\/wp\/v2\/media?parent=1220"}],"wp:term":[{"taxonomy":"category","embeddable":true,"href":"https:\/\/www.ufmg.br\/periodicos\/wp-json\/wp\/v2\/categories?post=1220"},{"taxonomy":"post_tag","embeddable":true,"href":"https:\/\/www.ufmg.br\/periodicos\/wp-json\/wp\/v2\/tags?post=1220"}],"curies":[{"name":"wp","href":"https:\/\/api.w.org\/{rel}","templated":true}]}}