{"id":1548,"date":"2016-11-05T10:00:48","date_gmt":"2016-11-05T12:00:48","guid":{"rendered":"https:\/\/www.ufmg.br\/periodicos\/?p=1548"},"modified":"2016-11-04T16:54:03","modified_gmt":"2016-11-04T18:54:03","slug":"trabalhos-contemplados-na-4a-febrat-participarao-de-feiras-cientificas-no-exterior","status":"publish","type":"post","link":"https:\/\/www.ufmg.br\/periodicos\/trabalhos-contemplados-na-4a-febrat-participarao-de-feiras-cientificas-no-exterior\/","title":{"rendered":"Trabalhos contemplados na 4\u00aa Febrat participar\u00e3o  de feiras cient\u00edficas no exterior"},"content":{"rendered":"<p>A 4\u00aa FEBRAT (Feira Brasileira dos Col\u00e9gios de Aplica\u00e7\u00e3o e Escolas T\u00e9cnicas) aconteceu nos dias 17, 18 e 19 de outubro, no Centro Pedag\u00f3gico da UFMG. A feira contou com a exposi\u00e7\u00e3o de mais de 100 trabalhos do ensino fundamental e m\u00e9dio de todo o Brasil. <a href=\"https:\/\/www.ufmg.br\/online\/arquivos\/045819.shtml\" target=\"_blank\">Segundo o site da UFMG<\/a>, os seis vencedores de cada categoria dessa edi\u00e7\u00e3o da Febrat participar\u00e3o, em 2017, de feiras cient\u00edficas no exterior, em pa\u00edses como R\u00fassia, Costa Rica, Inglaterra e Col\u00f4mbia.<\/p>\n<p>O projeto, financiado pelo CNPq, MEC, SEB, MCTI, SECIS, CAPES e SECTES-MG, foi implantado pela UFMG em \u00e2mbito nacional e desenvolvido e promovido pelas equipes do Centro Pedag\u00f3gico da UFMG e Museu Itinerante Ponto UFMG.<\/p>\n<p>O evento fez parte da <a href=\"http:\/\/semanact.mcti.gov.br\/\" target=\"_blank\">Semana Nacional de Ci\u00eancia e Tecnologia de 2016<\/a>, que abordou o tema \u201cCi\u00eancia Alimentando o Brasil\u201d.<\/p>\n<p>A rela\u00e7\u00e3o dos trabalhos vencedores em cada categoria, suas institui\u00e7\u00f5es e os pa\u00edses onde ser\u00e3o novamente apresentados podem ser conferidas ao final da seguinte not\u00edcia: <a href=\"https:\/\/www.ufmg.br\/online\/arquivos\/045819.shtml\" target=\"_blank\">https:\/\/www.ufmg.br\/online\/arquivos\/045819.shtml<\/a><br \/>\n<\/p>","protected":false},"excerpt":{"rendered":"<p>A 4\u00aa FEBRAT (Feira Brasileira dos Col\u00e9gios de Aplica\u00e7\u00e3o e Escolas T\u00e9cnicas) aconteceu nos dias 17, 18 e 19 de outubro, no Centro Pedag\u00f3gico da UFMG. A feira contou com a exposi\u00e7\u00e3o de mais de 100 trabalhos do ensino fundamental e m\u00e9dio de todo o Brasil. Segundo o site da UFMG, os seis vencedores de [&hellip;]<\/p>\n","protected":false},"author":12,"featured_media":0,"comment_status":"open","ping_status":"open","sticky":false,"template":"","format":"standard","meta":{"footnotes":""},"categories":[3],"tags":[],"class_list":["post-1548","post","type-post","status-publish","format-standard","hentry","category-noticias"],"_links":{"self":[{"href":"https:\/\/www.ufmg.br\/periodicos\/wp-json\/wp\/v2\/posts\/1548","targetHints":{"allow":["GET"]}}],"collection":[{"href":"https:\/\/www.ufmg.br\/periodicos\/wp-json\/wp\/v2\/posts"}],"about":[{"href":"https:\/\/www.ufmg.br\/periodicos\/wp-json\/wp\/v2\/types\/post"}],"author":[{"embeddable":true,"href":"https:\/\/www.ufmg.br\/periodicos\/wp-json\/wp\/v2\/users\/12"}],"replies":[{"embeddable":true,"href":"https:\/\/www.ufmg.br\/periodicos\/wp-json\/wp\/v2\/comments?post=1548"}],"version-history":[{"count":1,"href":"https:\/\/www.ufmg.br\/periodicos\/wp-json\/wp\/v2\/posts\/1548\/revisions"}],"predecessor-version":[{"id":1549,"href":"https:\/\/www.ufmg.br\/periodicos\/wp-json\/wp\/v2\/posts\/1548\/revisions\/1549"}],"wp:attachment":[{"href":"https:\/\/www.ufmg.br\/periodicos\/wp-json\/wp\/v2\/media?parent=1548"}],"wp:term":[{"taxonomy":"category","embeddable":true,"href":"https:\/\/www.ufmg.br\/periodicos\/wp-json\/wp\/v2\/categories?post=1548"},{"taxonomy":"post_tag","embeddable":true,"href":"https:\/\/www.ufmg.br\/periodicos\/wp-json\/wp\/v2\/tags?post=1548"}],"curies":[{"name":"wp","href":"https:\/\/api.w.org\/{rel}","templated":true}]}}