{"id":1724,"date":"2016-12-05T17:31:31","date_gmt":"2016-12-05T19:31:31","guid":{"rendered":"https:\/\/www.ufmg.br\/periodicos\/?p=1724"},"modified":"2017-01-13T13:34:42","modified_gmt":"2017-01-13T15:34:42","slug":"comemoracao-do-1o-do-portal-confirma-seu-exito-e-discute-importantes-temas-da-editoracao-cientifica-atual","status":"publish","type":"post","link":"https:\/\/www.ufmg.br\/periodicos\/comemoracao-do-1o-do-portal-confirma-seu-exito-e-discute-importantes-temas-da-editoracao-cientifica-atual\/","title":{"rendered":"Comemora\u00e7\u00e3o do 1\u00ba ano do Portal confirma seu \u00eaxito e discute importantes temas da editora\u00e7\u00e3o cient\u00edfica atual"},"content":{"rendered":"<p>Na semana passada, dia 29 de novembro, foi realizado o evento em comemora\u00e7\u00e3o ao 1\u00ba ano do Portal de Peri\u00f3dicos da UFMG. Na ocasi\u00e3o foi distribu\u00eddo pela primeira vez o Diret\u00f3rio de Peri\u00f3dicos UFMG, publica\u00e7\u00e3o que busca trazer conhecimento para toda a comunidade acad\u00eamica de quais s\u00e3o e qual a situa\u00e7\u00e3o atual de todos os peri\u00f3dicos da UFMG. A <a href=\"https:\/\/www.ufmg.br\/periodicos\/diretorio\/\" target=\"_blank\">vers\u00e3o online do Diret\u00f3rio j\u00e1 est\u00e1 dispon\u00edvel no site do Portal<\/a>!<\/p>\n<p>A abertura do evento contou com a presen\u00e7a de S\u00e9rgio Cirino, diretor da Pol\u00edtica de Peri\u00f3dicos da UFMG, Ado J\u00f3rio, Pr\u00f3-Reitor de Pesquisa da UFMG e Wellington Mar\u00e7al, diretor da Biblioteca Universit\u00e1ria da UFMG.<\/p>\n<p><a href=\"https:\/\/www.ufmg.br\/periodicos\/wp-content\/files\/2016\/12\/IMG_7299.jpg\"><img loading=\"lazy\" decoding=\"async\" class=\"aligncenter wp-image-1725\" src=\"https:\/\/www.ufmg.br\/periodicos\/wp-content\/files\/2016\/12\/IMG_7299-1024x682.jpg\" alt=\"IMG_7299\" width=\"682\" height=\"454\" srcset=\"https:\/\/www.ufmg.br\/periodicos\/wp-content\/files\/2016\/12\/IMG_7299-1024x682.jpg 1024w, https:\/\/www.ufmg.br\/periodicos\/wp-content\/files\/2016\/12\/IMG_7299-300x200.jpg 300w, https:\/\/www.ufmg.br\/periodicos\/wp-content\/files\/2016\/12\/IMG_7299-768x511.jpg 768w\" sizes=\"auto, (max-width: 682px) 100vw, 682px\" \/><\/a><\/p>\n<p>Ado J\u00f3rio, que representava o Reitor Jaime Arturo Ram\u00edrez e a vice-reitora Sandra Regina Goulart Almeida, afirmou no evento que o Portal j\u00e1 \u00e9 considerado um grande sucesso desse reitorado e parabenizou a equipe que trabalha no Portal.<\/p>\n<p>Wellington Mar\u00e7al, que tamb\u00e9m integra o Comit\u00ea Gestor do Portal de Peri\u00f3dicos da UFMG, falou sobre o Diret\u00f3rio. Ele lembrou que S\u00e9rgio, desde as primeiras reuni\u00f5es do comit\u00ea gestor, demonstrava que essa possibilidade podia ser realizada na UFMG &#8211; possibilidade que Wellington denominou como \u201criqu\u00edssima\u201d. E completou: \u201cN\u00f3s bibliotec\u00e1rios agradecemos essa experi\u00eancia que o Portal, de forma muito solid\u00e1ria, compartilhou conosco e com a Institui\u00e7\u00e3o\u201d.<\/p>\n<p>Em seguida, S\u00e9rgio Cirino apresentou um resumo da Pol\u00edtica de Peri\u00f3dicos da UFMG e do Portal, que completaram um ano desde sua consolida\u00e7\u00e3o no dia 23 de outubro desse ano. Ele ent\u00e3o deu prosseguimento \u00e0 programa\u00e7\u00e3o do evento, convidando Suely de Brito Clemente Soares para palestrar.<\/p>\n<p>Suely abordou os principais temas que editores e suas equipes editoriais precisam dominar dentro do universo de um sistema informacional h\u00edbrido, que agrega os meios f\u00edsico e digital. Mestre em Educa\u00e7\u00e3o, Ci\u00eancia e Tecnologia pela UNICAMP e Secret\u00e1ria Geral da ABEC, Suely tamb\u00e9m \u00e9 diretora da Content Mind, empresa focada em educa\u00e7\u00e3o continuada para profissionais da informa\u00e7\u00e3o e editores cient\u00edficos. Ela abordou temas como o sistema Open Journal Systems (OJS), software desenvolvido para a constru\u00e7\u00e3o e gest\u00e3o da publica\u00e7\u00e3o de peri\u00f3dicos eletr\u00f4nicos e que recebeu o nome de Sistema Eletr\u00f4nico de Editora\u00e7\u00e3o de Revistas (SEER) no Brasil; DOI que significa <a href=\"http:\/\/www.doi.org\/\" target=\"_blank\">Digital Object Identifier (&#8220;Identificador de Objeto Digital&#8221;)<\/a>, composto de n\u00fameros e letras, e que \u00e9 atribu\u00eddo a um objeto digital para que este seja unicamente identificado na Internet; e o <a href=\"http:\/\/orcid.org\/\" target=\"_blank\">ORCID (Open Researcher and Contributor ID<\/a>), um identificador digital para o autor.<\/p>\n<p>Ronaldo Ferreira de Ara\u00fajo tomou a palavra em seguida, abordando a quest\u00e3o do marketing cient\u00edfico digital e das m\u00e9tricas alternativas, que se relacionam com a visibilidade na comunica\u00e7\u00e3o cient\u00edfica. Ele \u00e9 Doutor em Ci\u00eancia da Informa\u00e7\u00e3o pela UFMG e professor adjunto do curso de Biblioteconomia da Universidade Federal de Alagoas (UFAL), al\u00e9m de l\u00edder do Laborat\u00f3rio de Estudos M\u00e9tricos da Informa\u00e7\u00e3o na Web (Lab-iMetrics). Ronaldo ainda explorou o humor da internet em sua apresenta\u00e7\u00e3o para evidenciar as quest\u00f5es que estava tratando.<\/p>\n<p>O evento em Comemora\u00e7\u00e3o ao 1\u00ba ano do Portal Peri\u00f3dicos UFMG contou com transmiss\u00e3o ao vivo pelo Facebook e pode ser assistido em nossa p\u00e1gina.<\/p>\n<p><a href=\"https:\/\/www.ufmg.br\/periodicos\/wp-content\/files\/2016\/12\/IMG_7310.jpg\"><img loading=\"lazy\" decoding=\"async\" class=\"aligncenter wp-image-1726\" src=\"https:\/\/www.ufmg.br\/periodicos\/wp-content\/files\/2016\/12\/IMG_7310-682x1024.jpg\" alt=\"IMG_7310\" width=\"454\" height=\"682\" srcset=\"https:\/\/www.ufmg.br\/periodicos\/wp-content\/files\/2016\/12\/IMG_7310-682x1024.jpg 682w, https:\/\/www.ufmg.br\/periodicos\/wp-content\/files\/2016\/12\/IMG_7310-200x300.jpg 200w, https:\/\/www.ufmg.br\/periodicos\/wp-content\/files\/2016\/12\/IMG_7310-768x1153.jpg 768w\" sizes=\"auto, (max-width: 454px) 100vw, 454px\" \/><\/a><\/p>\n<p>Por Marcella Boehler<\/p>","protected":false},"excerpt":{"rendered":"<p>Na semana passada, dia 29 de novembro, foi realizado o evento em comemora\u00e7\u00e3o ao 1\u00ba ano do Portal de Peri\u00f3dicos da UFMG. Na ocasi\u00e3o foi distribu\u00eddo pela primeira vez o Diret\u00f3rio de Peri\u00f3dicos UFMG, publica\u00e7\u00e3o que busca trazer conhecimento para toda a comunidade acad\u00eamica de quais s\u00e3o e qual a situa\u00e7\u00e3o atual de todos os [&hellip;]<\/p>\n","protected":false},"author":12,"featured_media":0,"comment_status":"open","ping_status":"open","sticky":false,"template":"","format":"standard","meta":{"footnotes":""},"categories":[3],"tags":[87,88,13,100,61],"class_list":["post-1724","post","type-post","status-publish","format-standard","hentry","category-noticias","tag-aniversario","tag-comemoracao","tag-evento","tag-portal-periodicos","tag-ufmg"],"_links":{"self":[{"href":"https:\/\/www.ufmg.br\/periodicos\/wp-json\/wp\/v2\/posts\/1724","targetHints":{"allow":["GET"]}}],"collection":[{"href":"https:\/\/www.ufmg.br\/periodicos\/wp-json\/wp\/v2\/posts"}],"about":[{"href":"https:\/\/www.ufmg.br\/periodicos\/wp-json\/wp\/v2\/types\/post"}],"author":[{"embeddable":true,"href":"https:\/\/www.ufmg.br\/periodicos\/wp-json\/wp\/v2\/users\/12"}],"replies":[{"embeddable":true,"href":"https:\/\/www.ufmg.br\/periodicos\/wp-json\/wp\/v2\/comments?post=1724"}],"version-history":[{"count":4,"href":"https:\/\/www.ufmg.br\/periodicos\/wp-json\/wp\/v2\/posts\/1724\/revisions"}],"predecessor-version":[{"id":1788,"href":"https:\/\/www.ufmg.br\/periodicos\/wp-json\/wp\/v2\/posts\/1724\/revisions\/1788"}],"wp:attachment":[{"href":"https:\/\/www.ufmg.br\/periodicos\/wp-json\/wp\/v2\/media?parent=1724"}],"wp:term":[{"taxonomy":"category","embeddable":true,"href":"https:\/\/www.ufmg.br\/periodicos\/wp-json\/wp\/v2\/categories?post=1724"},{"taxonomy":"post_tag","embeddable":true,"href":"https:\/\/www.ufmg.br\/periodicos\/wp-json\/wp\/v2\/tags?post=1724"}],"curies":[{"name":"wp","href":"https:\/\/api.w.org\/{rel}","templated":true}]}}