{"id":1797,"date":"2017-01-24T17:30:23","date_gmt":"2017-01-24T19:30:23","guid":{"rendered":"https:\/\/www.ufmg.br\/periodicos\/?p=1797"},"modified":"2017-01-24T17:30:23","modified_gmt":"2017-01-24T19:30:23","slug":"governo-retoma-orcamento-para-o-ministerio-da-ciencia-tecnologia-inovacoes-e-comunicacoes-apos-mobilizacao-contra-os-cortes","status":"publish","type":"post","link":"https:\/\/www.ufmg.br\/periodicos\/governo-retoma-orcamento-para-o-ministerio-da-ciencia-tecnologia-inovacoes-e-comunicacoes-apos-mobilizacao-contra-os-cortes\/","title":{"rendered":"Governo retoma or\u00e7amento para o Minist\u00e9rio da Ci\u00eancia, Tecnologia, Inova\u00e7\u00f5es e Comunica\u00e7\u00f5es ap\u00f3s mobiliza\u00e7\u00e3o contra os cortes"},"content":{"rendered":"<p>Na semana passada, o governo federal anunciou em publica\u00e7\u00e3o no Di\u00e1rio Oficial da Uni\u00e3o a retomada integral do or\u00e7amento de R$ 1,7 bilh\u00e3o para o Minist\u00e9rio da Ci\u00eancia, Tecnologia, Inova\u00e7\u00f5es e Comunica\u00e7\u00f5es (MCTIC). A medida ocorreu ap\u00f3s forte mobiliza\u00e7\u00e3o contra os cortes na Lei Or\u00e7ament\u00e1ria Anual da \u00e1rea.<\/p>\n<p>A Sociedade Brasileira para o Progresso da Ci\u00eancia (SBPC) e a Academia Brasileira de Ci\u00eancias (ABC) haviam divulgado um manifesto com mais nove entidades da \u00e1rea alertando sobre as prov\u00e1veis consequ\u00eancias da redu\u00e7\u00e3o de recursos para a comunidade cient\u00edfica e lan\u00e7ado um abaixo-assinado que j\u00e1 reuniu mais de 26 mil assinaturas.<\/p>\n<p>Os recursos recuperados se destinam ao Conselho Nacional de Desenvolvimento Cient\u00edfico e Tecnol\u00f3gico (CNPq), ao MCTIC e organiza\u00e7\u00f5es sociais ligadas ao minist\u00e9rio, como o Centro Nacional de Pesquisa em Energia e Materiais (CNPEM) e a Rede Nacional de Ensino e Pesquisa (RNP).<\/p>\n<p>Segundo a not\u00edcia divulgada pela Ag\u00eancia Brasil, a presidente da SBPC, Helena Nader avaliou que a retomada do or\u00e7amento \u201cn\u00e3o \u00e9 o que o Brasil precisa se deseja ser uma na\u00e7\u00e3o forte e independente tecnologicamente, mas mant\u00e9m a infraestrutura b\u00e1sica da ci\u00eancia\u201d. J\u00e1 o ministro Gilberto Kassab afirmou que a decis\u00e3o do governo \u00e9 uma &#8220;homenagem \u00e0 comunidade cient\u00edfica&#8221;.<\/p>\n<p>A not\u00edcia tamb\u00e9m traz a informa\u00e7\u00e3o de que os recursos dever\u00e3o ser usados para antecipar os pagamentos das bolsas de pesquisa dos meses de janeiro e fevereiro, al\u00e9m de despesas administrativas da pasta. <\/p>\n<p>Confira a not\u00edcia completa no portal da Ag\u00eancia Brasil clicando <a href=\"http:\/\/agenciabrasil.ebc.com.br\/pesquisa-e-inovacao\/noticia\/2017-01\/apos-mobilizacao-da-comunidade-cientifica-governo-recomp%C3%B5e-or%C3%A7amento-da-area\" target=\"_blank\">aqui<\/a>.<br \/>\n<\/p>","protected":false},"excerpt":{"rendered":"<p>Na semana passada, o governo federal anunciou em publica\u00e7\u00e3o no Di\u00e1rio Oficial da Uni\u00e3o a retomada integral do or\u00e7amento de R$ 1,7 bilh\u00e3o para o Minist\u00e9rio da Ci\u00eancia, Tecnologia, Inova\u00e7\u00f5es e Comunica\u00e7\u00f5es (MCTIC). A medida ocorreu ap\u00f3s forte mobiliza\u00e7\u00e3o contra os cortes na Lei Or\u00e7ament\u00e1ria Anual da \u00e1rea. A Sociedade Brasileira para o Progresso da [&hellip;]<\/p>\n","protected":false},"author":12,"featured_media":0,"comment_status":"open","ping_status":"open","sticky":false,"template":"","format":"standard","meta":{"footnotes":""},"categories":[3],"tags":[131,6,128,64,129,16,132,130],"class_list":["post-1797","post","type-post","status-publish","format-standard","hentry","category-noticias","tag-abc","tag-ciencia","tag-governo-federal","tag-mctic","tag-orcamento","tag-pesquisa","tag-recursos","tag-sbpc"],"_links":{"self":[{"href":"https:\/\/www.ufmg.br\/periodicos\/wp-json\/wp\/v2\/posts\/1797","targetHints":{"allow":["GET"]}}],"collection":[{"href":"https:\/\/www.ufmg.br\/periodicos\/wp-json\/wp\/v2\/posts"}],"about":[{"href":"https:\/\/www.ufmg.br\/periodicos\/wp-json\/wp\/v2\/types\/post"}],"author":[{"embeddable":true,"href":"https:\/\/www.ufmg.br\/periodicos\/wp-json\/wp\/v2\/users\/12"}],"replies":[{"embeddable":true,"href":"https:\/\/www.ufmg.br\/periodicos\/wp-json\/wp\/v2\/comments?post=1797"}],"version-history":[{"count":1,"href":"https:\/\/www.ufmg.br\/periodicos\/wp-json\/wp\/v2\/posts\/1797\/revisions"}],"predecessor-version":[{"id":1798,"href":"https:\/\/www.ufmg.br\/periodicos\/wp-json\/wp\/v2\/posts\/1797\/revisions\/1798"}],"wp:attachment":[{"href":"https:\/\/www.ufmg.br\/periodicos\/wp-json\/wp\/v2\/media?parent=1797"}],"wp:term":[{"taxonomy":"category","embeddable":true,"href":"https:\/\/www.ufmg.br\/periodicos\/wp-json\/wp\/v2\/categories?post=1797"},{"taxonomy":"post_tag","embeddable":true,"href":"https:\/\/www.ufmg.br\/periodicos\/wp-json\/wp\/v2\/tags?post=1797"}],"curies":[{"name":"wp","href":"https:\/\/api.w.org\/{rel}","templated":true}]}}