{"id":185,"date":"2015-09-18T08:55:45","date_gmt":"2015-09-18T11:55:45","guid":{"rendered":"https:\/\/www.ufmg.br\/periodicos\/?p=185"},"modified":"2015-09-29T21:03:28","modified_gmt":"2015-09-30T00:03:28","slug":"o-brasil-e-lider-em-producao-cientifica-e-disseminacao-em-acesso-aberto-na-america-latina","status":"publish","type":"post","link":"https:\/\/www.ufmg.br\/periodicos\/o-brasil-e-lider-em-producao-cientifica-e-disseminacao-em-acesso-aberto-na-america-latina\/","title":{"rendered":"O Brasil \u00e9 l\u00edder em produ\u00e7\u00e3o cient\u00edfica e dissemina\u00e7\u00e3o em acesso aberto na Am\u00e9rica Latina"},"content":{"rendered":"<h2><\/h2>\n<p>Entrevista com Dominque Babini, coordenadora do Programa de Acesso Aberto do Conselho Latino-Americano de Ci\u00eancias Sociais. <a href=\"http:\/\/www.jornaldaciencia.org.br\/edicoes\/?url=http:\/\/jcnoticias.jornaldaciencia.org.br\/24-o-brasil-e-lider-em-producao-cientifica-e-disseminacao-em-acesso-aberto-na-america-latina\/\" target=\"_blank\">Mais detalhes aqui<\/a>.<\/p>\n","protected":false},"excerpt":{"rendered":"<p>Entrevista com Dominque Babini, coordenadora do Programa de Acesso Aberto do Conselho Latino-Americano de Ci\u00eancias Sociais. Mais detalhes aqui.<\/p>\n","protected":false},"author":3,"featured_media":0,"comment_status":"open","ping_status":"open","sticky":false,"template":"","format":"standard","meta":{"footnotes":""},"categories":[3],"tags":[],"class_list":["post-185","post","type-post","status-publish","format-standard","hentry","category-noticias"],"_links":{"self":[{"href":"https:\/\/www.ufmg.br\/periodicos\/wp-json\/wp\/v2\/posts\/185","targetHints":{"allow":["GET"]}}],"collection":[{"href":"https:\/\/www.ufmg.br\/periodicos\/wp-json\/wp\/v2\/posts"}],"about":[{"href":"https:\/\/www.ufmg.br\/periodicos\/wp-json\/wp\/v2\/types\/post"}],"author":[{"embeddable":true,"href":"https:\/\/www.ufmg.br\/periodicos\/wp-json\/wp\/v2\/users\/3"}],"replies":[{"embeddable":true,"href":"https:\/\/www.ufmg.br\/periodicos\/wp-json\/wp\/v2\/comments?post=185"}],"version-history":[{"count":2,"href":"https:\/\/www.ufmg.br\/periodicos\/wp-json\/wp\/v2\/posts\/185\/revisions"}],"predecessor-version":[{"id":221,"href":"https:\/\/www.ufmg.br\/periodicos\/wp-json\/wp\/v2\/posts\/185\/revisions\/221"}],"wp:attachment":[{"href":"https:\/\/www.ufmg.br\/periodicos\/wp-json\/wp\/v2\/media?parent=185"}],"wp:term":[{"taxonomy":"category","embeddable":true,"href":"https:\/\/www.ufmg.br\/periodicos\/wp-json\/wp\/v2\/categories?post=185"},{"taxonomy":"post_tag","embeddable":true,"href":"https:\/\/www.ufmg.br\/periodicos\/wp-json\/wp\/v2\/tags?post=185"}],"curies":[{"name":"wp","href":"https:\/\/api.w.org\/{rel}","templated":true}]}}