{"id":1904,"date":"2017-04-24T16:41:56","date_gmt":"2017-04-24T19:41:56","guid":{"rendered":"https:\/\/www.ufmg.br\/periodicos\/?p=1904"},"modified":"2017-04-24T16:45:59","modified_gmt":"2017-04-24T19:45:59","slug":"chamada-de-artigos-aberta-para-revista-verinotio","status":"publish","type":"post","link":"https:\/\/www.ufmg.br\/periodicos\/chamada-de-artigos-aberta-para-revista-verinotio\/","title":{"rendered":"Chamada de artigos aberta para revista Verinotio"},"content":{"rendered":"<p>O peri\u00f3dico Verinotio &#8211; Revista on-line de Filosofia e Ci\u00eancias Humanas est\u00e1 com prazo aberto para submiss\u00e3o ao pr\u00f3ximo n\u00famero sobre os \u201c150 anos d&#8217;O Capital\u201d at\u00e9 28 de agosto de 2017. A revista tamb\u00e9m recebe artigos em fluxo cont\u00ednuo.<\/p>\n<p>A revista recebe artigos, resenhas, ensaios, tradu\u00e7\u00f5es, resumo de teses e disserta\u00e7\u00f5es que devem se adequar \u00e0s <a href=\"http:\/\/www.verinotio.org\/sistema\/index.php\/revista\/about\/submissions#authorGuidelines\" target=\"_blank\">Diretrizes para Autores<\/a>.<\/p>\n<p>As submiss\u00f5es devem ser feitas atrav\u00e9s do site da revista em <a href=\"http:\/\/www.verinotio.org\/sistema\/index.php\/revista\/index\" target=\"_blank\">http:\/\/www.verinotio.org\/sistema\/index.php\/revista\/index<\/a><\/p>\n<p><\/p>","protected":false},"excerpt":{"rendered":"<p>O peri\u00f3dico Verinotio &#8211; Revista on-line de Filosofia e Ci\u00eancias Humanas est\u00e1 com prazo aberto para submiss\u00e3o ao pr\u00f3ximo n\u00famero sobre os \u201c150 anos d&#8217;O Capital\u201d at\u00e9 28 de agosto de 2017. A revista tamb\u00e9m recebe artigos em fluxo cont\u00ednuo. A revista recebe artigos, resenhas, ensaios, tradu\u00e7\u00f5es, resumo de teses e disserta\u00e7\u00f5es que devem se [&hellip;]<\/p>\n","protected":false},"author":12,"featured_media":0,"comment_status":"open","ping_status":"open","sticky":false,"template":"","format":"standard","meta":{"footnotes":""},"categories":[3],"tags":[171,173,9,8,143,172],"class_list":["post-1904","post","type-post","status-publish","format-standard","hentry","category-noticias","tag-chamada-aberta","tag-ciencias-humanas","tag-filosofia","tag-periodico","tag-submissao","tag-verinotio"],"_links":{"self":[{"href":"https:\/\/www.ufmg.br\/periodicos\/wp-json\/wp\/v2\/posts\/1904","targetHints":{"allow":["GET"]}}],"collection":[{"href":"https:\/\/www.ufmg.br\/periodicos\/wp-json\/wp\/v2\/posts"}],"about":[{"href":"https:\/\/www.ufmg.br\/periodicos\/wp-json\/wp\/v2\/types\/post"}],"author":[{"embeddable":true,"href":"https:\/\/www.ufmg.br\/periodicos\/wp-json\/wp\/v2\/users\/12"}],"replies":[{"embeddable":true,"href":"https:\/\/www.ufmg.br\/periodicos\/wp-json\/wp\/v2\/comments?post=1904"}],"version-history":[{"count":2,"href":"https:\/\/www.ufmg.br\/periodicos\/wp-json\/wp\/v2\/posts\/1904\/revisions"}],"predecessor-version":[{"id":1906,"href":"https:\/\/www.ufmg.br\/periodicos\/wp-json\/wp\/v2\/posts\/1904\/revisions\/1906"}],"wp:attachment":[{"href":"https:\/\/www.ufmg.br\/periodicos\/wp-json\/wp\/v2\/media?parent=1904"}],"wp:term":[{"taxonomy":"category","embeddable":true,"href":"https:\/\/www.ufmg.br\/periodicos\/wp-json\/wp\/v2\/categories?post=1904"},{"taxonomy":"post_tag","embeddable":true,"href":"https:\/\/www.ufmg.br\/periodicos\/wp-json\/wp\/v2\/tags?post=1904"}],"curies":[{"name":"wp","href":"https:\/\/api.w.org\/{rel}","templated":true}]}}