{"id":1916,"date":"2017-04-26T14:30:29","date_gmt":"2017-04-26T17:30:29","guid":{"rendered":"https:\/\/www.ufmg.br\/periodicos\/?p=1916"},"modified":"2017-04-26T14:30:29","modified_gmt":"2017-04-26T17:30:29","slug":"v-ciclo-de-debates-periodicos-ufsc-acontecera-no-fim-de-maio-em-santa-catarina","status":"publish","type":"post","link":"https:\/\/www.ufmg.br\/periodicos\/v-ciclo-de-debates-periodicos-ufsc-acontecera-no-fim-de-maio-em-santa-catarina-2\/","title":{"rendered":"V Ciclo de Debates Peri\u00f3dicos UFSC acontecer\u00e1 no fim de maio em Santa Catarina"},"content":{"rendered":"<p>O Portal de Peri\u00f3dicos da UFSC ir\u00e1 realizar o V Ciclo de Debates Peri\u00f3dicos UFSC no dia 30 de maio de 2017. O evento de capacita\u00e7\u00e3o profissional, de iniciativa da Biblioteca Universit\u00e1ria e do Portal de Peri\u00f3dicos, visa proporcionar aos participantes o acesso as principais inova\u00e7\u00f5es em torno do gerenciamento de informa\u00e7\u00f5es em peri\u00f3dicos cient\u00edficos e portais de peri\u00f3dicos, sobretudo a troca de experi\u00eancia entre editores, bibliotec\u00e1rios e pesquisadores.<\/p>\n<p>A V edi\u00e7\u00e3o do evento ser\u00e1 realizado na Biblioteca Central da UFSC no campus Florian\u00f3polis e ter\u00e1 como tema \u201cSustentabilidade e Internacionaliza\u00e7\u00e3o de Peri\u00f3dicos Cient\u00edficos\u201d, t\u00f3pico que pretende debater quest\u00f5es sobre gest\u00e3o editorial, apoio e fomento institucional a publica\u00e7\u00f5es cient\u00edficas, qualifica\u00e7\u00e3o de corpo editorial entre outros.<\/p>\n<p>O Ciclo de Debates acontece sempre no m\u00eas de maio, a cada dois anos, e nessa edi\u00e7\u00e3o trar\u00e1 a se\u00e7\u00e3o \u201cConsult\u00f3rio Editorial\u201d visando promover maior troca de informa\u00e7\u00f5es. Nessa se\u00e7\u00e3o os participantes poder\u00e3o fazer perguntas e conversar com especialistas sobre diversos temas relacionados \u00e0 gest\u00e3o de peri\u00f3dicos, com hor\u00e1rio marcado e de forma personalizada.<\/p>\n<p>As inscri\u00e7\u00f5es podem ser feitas pela internet por meio do link: <a href=\"http:\/\/inscricoes.ufsc.br\/v-ciclo-periodicos-ufsc\">http:\/\/inscricoes.ufsc.br\/v-ciclo-periodicos-ufsc<\/a>. Para pessoas sem v\u00ednculo com a UFSC basta clicar no bot\u00e3o &#8216;Cadastrar-se&#8217;. <\/p>\n<p>Para mais informa\u00e7\u00f5es, acesse o site do evento <a href=\"http:\/\/cicloperiodicos.bu.ufsc.br\">clicando aqui<\/a>.<br \/>\n<\/p>","protected":false},"excerpt":{"rendered":"<p>O Portal de Peri\u00f3dicos da UFSC ir\u00e1 realizar o V Ciclo de Debates Peri\u00f3dicos UFSC no dia 30 de maio de 2017. O evento de capacita\u00e7\u00e3o profissional, de iniciativa da Biblioteca Universit\u00e1ria e do Portal de Peri\u00f3dicos, visa proporcionar aos participantes o acesso as principais inova\u00e7\u00f5es em torno do gerenciamento de informa\u00e7\u00f5es em peri\u00f3dicos cient\u00edficos [&hellip;]<\/p>\n","protected":false},"author":13,"featured_media":0,"comment_status":"open","ping_status":"open","sticky":false,"template":"","format":"standard","meta":{"footnotes":""},"categories":[3],"tags":[177,175,141,176],"class_list":["post-1916","post","type-post","status-publish","format-standard","hentry","category-noticias","tag-ciclo-de-debates","tag-eventos","tag-periodicos-cientificos","tag-ufsc"],"_links":{"self":[{"href":"https:\/\/www.ufmg.br\/periodicos\/wp-json\/wp\/v2\/posts\/1916","targetHints":{"allow":["GET"]}}],"collection":[{"href":"https:\/\/www.ufmg.br\/periodicos\/wp-json\/wp\/v2\/posts"}],"about":[{"href":"https:\/\/www.ufmg.br\/periodicos\/wp-json\/wp\/v2\/types\/post"}],"author":[{"embeddable":true,"href":"https:\/\/www.ufmg.br\/periodicos\/wp-json\/wp\/v2\/users\/13"}],"replies":[{"embeddable":true,"href":"https:\/\/www.ufmg.br\/periodicos\/wp-json\/wp\/v2\/comments?post=1916"}],"version-history":[{"count":3,"href":"https:\/\/www.ufmg.br\/periodicos\/wp-json\/wp\/v2\/posts\/1916\/revisions"}],"predecessor-version":[{"id":1919,"href":"https:\/\/www.ufmg.br\/periodicos\/wp-json\/wp\/v2\/posts\/1916\/revisions\/1919"}],"wp:attachment":[{"href":"https:\/\/www.ufmg.br\/periodicos\/wp-json\/wp\/v2\/media?parent=1916"}],"wp:term":[{"taxonomy":"category","embeddable":true,"href":"https:\/\/www.ufmg.br\/periodicos\/wp-json\/wp\/v2\/categories?post=1916"},{"taxonomy":"post_tag","embeddable":true,"href":"https:\/\/www.ufmg.br\/periodicos\/wp-json\/wp\/v2\/tags?post=1916"}],"curies":[{"name":"wp","href":"https:\/\/api.w.org\/{rel}","templated":true}]}}