{"id":2025,"date":"2017-05-08T14:02:26","date_gmt":"2017-05-08T17:02:26","guid":{"rendered":"https:\/\/www.ufmg.br\/periodicos\/?p=2025"},"modified":"2017-05-08T14:02:26","modified_gmt":"2017-05-08T17:02:26","slug":"chamada-aberta-para-submissoes-na-revista-do-centro-de-estudos-portugueses","status":"publish","type":"post","link":"https:\/\/www.ufmg.br\/periodicos\/chamada-aberta-para-submissoes-na-revista-do-centro-de-estudos-portugueses\/","title":{"rendered":"Chamada aberta para submiss\u00f5es na Revista do Centro de Estudos Portugueses"},"content":{"rendered":"<p>A Revista do Centro de Estudos Portugueses da Faculdade de Letras da UFMG recebe at\u00e9 o dia 30 de outubro de 2017 artigos para compor a edi\u00e7\u00e3o do 2\u00ba semestre de 2017, cujo dossi\u00ea focalizar\u00e1 as \u201ccenas de escrita na poesia portuguesa\u201d. A publica\u00e7\u00e3o tamb\u00e9m aceitar\u00e1 textos para a se\u00e7\u00e3o de resenhas.<\/p>\n<p>Os trabalhos dever\u00e3o ser encaminhados via Portal de Peri\u00f3dicos da Faculdade de Letras \u2013 UFMG.<\/p>\n<p>Para maiores informa\u00e7\u00f5es acesse o site do peri\u00f3dico <a href=\"http:\/\/www.periodicos.letras.ufmg.br\/index.php\/cesp\/index\">clicando aqui<\/a>.<\/p>","protected":false},"excerpt":{"rendered":"<p>A Revista do Centro de Estudos Portugueses da Faculdade de Letras da UFMG recebe at\u00e9 o dia 30 de outubro de 2017 artigos para compor a edi\u00e7\u00e3o do 2\u00ba semestre de 2017, cujo dossi\u00ea focalizar\u00e1 as \u201ccenas de escrita na poesia portuguesa\u201d. A publica\u00e7\u00e3o tamb\u00e9m aceitar\u00e1 textos para a se\u00e7\u00e3o de resenhas. Os trabalhos dever\u00e3o [&hellip;]<\/p>\n","protected":false},"author":16,"featured_media":0,"comment_status":"open","ping_status":"open","sticky":false,"template":"","format":"standard","meta":{"footnotes":""},"categories":[3],"tags":[171,183,8,143,109],"class_list":["post-2025","post","type-post","status-publish","format-standard","hentry","category-noticias","tag-chamada-aberta","tag-faculdade-de-letras","tag-periodico","tag-submissao","tag-submissao-aberta"],"_links":{"self":[{"href":"https:\/\/www.ufmg.br\/periodicos\/wp-json\/wp\/v2\/posts\/2025","targetHints":{"allow":["GET"]}}],"collection":[{"href":"https:\/\/www.ufmg.br\/periodicos\/wp-json\/wp\/v2\/posts"}],"about":[{"href":"https:\/\/www.ufmg.br\/periodicos\/wp-json\/wp\/v2\/types\/post"}],"author":[{"embeddable":true,"href":"https:\/\/www.ufmg.br\/periodicos\/wp-json\/wp\/v2\/users\/16"}],"replies":[{"embeddable":true,"href":"https:\/\/www.ufmg.br\/periodicos\/wp-json\/wp\/v2\/comments?post=2025"}],"version-history":[{"count":2,"href":"https:\/\/www.ufmg.br\/periodicos\/wp-json\/wp\/v2\/posts\/2025\/revisions"}],"predecessor-version":[{"id":2027,"href":"https:\/\/www.ufmg.br\/periodicos\/wp-json\/wp\/v2\/posts\/2025\/revisions\/2027"}],"wp:attachment":[{"href":"https:\/\/www.ufmg.br\/periodicos\/wp-json\/wp\/v2\/media?parent=2025"}],"wp:term":[{"taxonomy":"category","embeddable":true,"href":"https:\/\/www.ufmg.br\/periodicos\/wp-json\/wp\/v2\/categories?post=2025"},{"taxonomy":"post_tag","embeddable":true,"href":"https:\/\/www.ufmg.br\/periodicos\/wp-json\/wp\/v2\/tags?post=2025"}],"curies":[{"name":"wp","href":"https:\/\/api.w.org\/{rel}","templated":true}]}}