{"id":2144,"date":"2017-06-22T16:55:57","date_gmt":"2017-06-22T19:55:57","guid":{"rendered":"https:\/\/www.ufmg.br\/periodicos\/?p=2144"},"modified":"2017-06-22T16:59:02","modified_gmt":"2017-06-22T19:59:02","slug":"revista-cientifica-de-historia-convida-para-submissoes-de-trabalhos","status":"publish","type":"post","link":"https:\/\/www.ufmg.br\/periodicos\/revista-cientifica-de-historia-convida-para-submissoes-de-trabalhos\/","title":{"rendered":"Revista cient\u00edfica de Hist\u00f3ria convida para submiss\u00f5es de trabalhos"},"content":{"rendered":"<p>A Revista Temporalidades est\u00e1 com chamada aberta para submiss\u00e3o de trabalhos at\u00e9 o dia 15 de Agosto. O Dossi\u00ea a ser lan\u00e7ado ser\u00e1 o de n\u00famero 24 e ter\u00e1 como tem\u00e1tica: \u201cRevoltas e Revolu\u00e7\u00f5es no s\u00e9culo XX\u201d.<\/p>\n<p>Al\u00e9m dos artigos destinados ao Dossi\u00ea, a revista aceita, tamb\u00e9m, artigos livres, resenhas e transcri\u00e7\u00f5es documentais comentadas em fluxo cont\u00ednuo.<\/p>\n<p>Temporalidades \u00e9 um peri\u00f3dico quadrimestral dos alunos de P\u00f3s-Gradua\u00e7\u00e3o do Departamento de Hist\u00f3ria da UFMG.<\/p>\n<p>Para saber mais e submiss\u00f5es <a href=\"https:\/\/seer.ufmg.br\/index.php\/temporalidades\/index\">clique aqui.<\/a><br \/>\n<\/p>","protected":false},"excerpt":{"rendered":"<p>A Revista Temporalidades est\u00e1 com chamada aberta para submiss\u00e3o de trabalhos at\u00e9 o dia 15 de Agosto. O Dossi\u00ea a ser lan\u00e7ado ser\u00e1 o de n\u00famero 24 e ter\u00e1 como tem\u00e1tica: \u201cRevoltas e Revolu\u00e7\u00f5es no s\u00e9culo XX\u201d. Al\u00e9m dos artigos destinados ao Dossi\u00ea, a revista aceita, tamb\u00e9m, artigos livres, resenhas e transcri\u00e7\u00f5es documentais comentadas em [&hellip;]<\/p>\n","protected":false},"author":16,"featured_media":0,"comment_status":"open","ping_status":"open","sticky":false,"template":"","format":"standard","meta":{"footnotes":""},"categories":[3],"tags":[191,190,38],"class_list":["post-2144","post","type-post","status-publish","format-standard","hentry","category-noticias","tag-artigos","tag-chamda-aberta","tag-historia"],"_links":{"self":[{"href":"https:\/\/www.ufmg.br\/periodicos\/wp-json\/wp\/v2\/posts\/2144","targetHints":{"allow":["GET"]}}],"collection":[{"href":"https:\/\/www.ufmg.br\/periodicos\/wp-json\/wp\/v2\/posts"}],"about":[{"href":"https:\/\/www.ufmg.br\/periodicos\/wp-json\/wp\/v2\/types\/post"}],"author":[{"embeddable":true,"href":"https:\/\/www.ufmg.br\/periodicos\/wp-json\/wp\/v2\/users\/16"}],"replies":[{"embeddable":true,"href":"https:\/\/www.ufmg.br\/periodicos\/wp-json\/wp\/v2\/comments?post=2144"}],"version-history":[{"count":4,"href":"https:\/\/www.ufmg.br\/periodicos\/wp-json\/wp\/v2\/posts\/2144\/revisions"}],"predecessor-version":[{"id":2149,"href":"https:\/\/www.ufmg.br\/periodicos\/wp-json\/wp\/v2\/posts\/2144\/revisions\/2149"}],"wp:attachment":[{"href":"https:\/\/www.ufmg.br\/periodicos\/wp-json\/wp\/v2\/media?parent=2144"}],"wp:term":[{"taxonomy":"category","embeddable":true,"href":"https:\/\/www.ufmg.br\/periodicos\/wp-json\/wp\/v2\/categories?post=2144"},{"taxonomy":"post_tag","embeddable":true,"href":"https:\/\/www.ufmg.br\/periodicos\/wp-json\/wp\/v2\/tags?post=2144"}],"curies":[{"name":"wp","href":"https:\/\/api.w.org\/{rel}","templated":true}]}}