{"id":2184,"date":"2017-07-03T15:00:45","date_gmt":"2017-07-03T18:00:45","guid":{"rendered":"https:\/\/www.ufmg.br\/periodicos\/?p=2184"},"modified":"2017-07-03T15:01:07","modified_gmt":"2017-07-03T18:01:07","slug":"editora-de-dois-periodicos-assume-como-diretora-da-eci","status":"publish","type":"post","link":"https:\/\/www.ufmg.br\/periodicos\/editora-de-dois-periodicos-assume-como-diretora-da-eci\/","title":{"rendered":"Editora de dois peri\u00f3dicos assume como diretora da ECI"},"content":{"rendered":"<p>Terezinha de F\u00e1tima Carvalho de Souza, professora e editora dos peri\u00f3dicos \u201cPerspectivas em Ci\u00eancia da Informa\u00e7\u00e3o\u201d e \u201cM\u00faltiplos Olhares em Ci\u00eancia da Informa\u00e7\u00e3o\u201d, toma posse hoje, segunda-feira, 3 de julho, como diretora da Escola de Ci\u00eancia da Informa\u00e7\u00e3o (ECI). Eleita no dia 19 de junho como candidata \u00fanica, ela suceder\u00e1 ao professor Carlos Alberto \u00c1vila Ara\u00fajo.<\/p>\n<p>O cargo ser\u00e1 transmitido pelo professor Adalson de Oliveira Nascimento, diretor em exerc\u00edcio, que participar\u00e1 da gest\u00e3o como vice-diretor, eleito em 2014. A solenidade ter\u00e1 a presen\u00e7a do reitor Jaime Ram\u00edrez e da vice-reitora Sandra Goulart Almeida.<\/p>\n<p>A bibliotec\u00e1ria promete foco no aprimoramento dos processos de gest\u00e3o organizacional \u2013 \u201cdevemos praticar o que ensinamos\u201d, ela diz \u2013 e na constru\u00e7\u00e3o da mem\u00f3ria da Escola, que completar\u00e1 70 anos de funda\u00e7\u00e3o em 2020. \u201cNossos esfor\u00e7os ser\u00e3o direcionados tamb\u00e9m para a melhoria da estrutura de nossos cursos de gradua\u00e7\u00e3o e p\u00f3s-gradua\u00e7\u00e3o e do di\u00e1logo interno\u201d, comenta a diretora eleita.<\/p>\n<p>A Equipe Peri\u00f3dicos UFMG parabeniza Terezinha de F\u00e1tima Carvalho de Souza pela nova posse.<\/p>\n<p>Via: Portal UFMG<br \/>\n<\/p>","protected":false},"excerpt":{"rendered":"<p>Terezinha de F\u00e1tima Carvalho de Souza, professora e editora dos peri\u00f3dicos \u201cPerspectivas em Ci\u00eancia da Informa\u00e7\u00e3o\u201d e \u201cM\u00faltiplos Olhares em Ci\u00eancia da Informa\u00e7\u00e3o\u201d, toma posse hoje, segunda-feira, 3 de julho, como diretora da Escola de Ci\u00eancia da Informa\u00e7\u00e3o (ECI). Eleita no dia 19 de junho como candidata \u00fanica, ela suceder\u00e1 ao professor Carlos Alberto \u00c1vila [&hellip;]<\/p>\n","protected":false},"author":16,"featured_media":0,"comment_status":"open","ping_status":"open","sticky":false,"template":"","format":"standard","meta":{"footnotes":""},"categories":[3],"tags":[193,194],"class_list":["post-2184","post","type-post","status-publish","format-standard","hentry","category-noticias","tag-eci","tag-editora"],"_links":{"self":[{"href":"https:\/\/www.ufmg.br\/periodicos\/wp-json\/wp\/v2\/posts\/2184","targetHints":{"allow":["GET"]}}],"collection":[{"href":"https:\/\/www.ufmg.br\/periodicos\/wp-json\/wp\/v2\/posts"}],"about":[{"href":"https:\/\/www.ufmg.br\/periodicos\/wp-json\/wp\/v2\/types\/post"}],"author":[{"embeddable":true,"href":"https:\/\/www.ufmg.br\/periodicos\/wp-json\/wp\/v2\/users\/16"}],"replies":[{"embeddable":true,"href":"https:\/\/www.ufmg.br\/periodicos\/wp-json\/wp\/v2\/comments?post=2184"}],"version-history":[{"count":1,"href":"https:\/\/www.ufmg.br\/periodicos\/wp-json\/wp\/v2\/posts\/2184\/revisions"}],"predecessor-version":[{"id":2185,"href":"https:\/\/www.ufmg.br\/periodicos\/wp-json\/wp\/v2\/posts\/2184\/revisions\/2185"}],"wp:attachment":[{"href":"https:\/\/www.ufmg.br\/periodicos\/wp-json\/wp\/v2\/media?parent=2184"}],"wp:term":[{"taxonomy":"category","embeddable":true,"href":"https:\/\/www.ufmg.br\/periodicos\/wp-json\/wp\/v2\/categories?post=2184"},{"taxonomy":"post_tag","embeddable":true,"href":"https:\/\/www.ufmg.br\/periodicos\/wp-json\/wp\/v2\/tags?post=2184"}],"curies":[{"name":"wp","href":"https:\/\/api.w.org\/{rel}","templated":true}]}}