{"id":2193,"date":"2017-07-07T17:25:13","date_gmt":"2017-07-07T20:25:13","guid":{"rendered":"https:\/\/www.ufmg.br\/periodicos\/?p=2193"},"modified":"2017-07-14T17:42:16","modified_gmt":"2017-07-14T20:42:16","slug":"mesa-redonda-com-tematica-relevante-a-editores-de-publicacoes-cientificas-acontece-na-69o-reuniao-anual-da-sbpc","status":"publish","type":"post","link":"https:\/\/www.ufmg.br\/periodicos\/mesa-redonda-com-tematica-relevante-a-editores-de-publicacoes-cientificas-acontece-na-69o-reuniao-anual-da-sbpc\/","title":{"rendered":"Mesa redonda com tem\u00e1tica relevante a editores de publica\u00e7\u00f5es cient\u00edficas acontece na 69\u00ba Reuni\u00e3o Anual da SBPC"},"content":{"rendered":"<p><\/p>\n<p style=\"text-align: justify;\">\u201cDesafios e perspectivas para as publica\u00e7\u00f5es nas Humanidades\u201d \u00e9 o tema da mesa redonda promovida pela Associa\u00e7\u00e3o Brasileira de Pesquisa em Educa\u00e7\u00e3o em Ci\u00eancias (ABRAPEC) no pr\u00f3ximo dia 21, sexta-feira, \u00e0s 15h. A mesa vai acontecer na 69\u00b0 Reuni\u00e3o Anual da SBPC (Sociedade Brasileira para o Progresso da Ci\u00eancia) no campus Pampulha da Universidade Federal de Minas Gerais (UFMG), no Centro de Atividades Did\u00e1ticas 2 (CAD2), sala B 404. Ter\u00e1 como coordenador o Professor Sergio Cirino (UFMG), tamb\u00e9m coordenador da Equipe Peri\u00f3dicos UFMG.<\/p>\n<p style=\"text-align: justify;\">A mesa ter\u00e1 como palestrantes: Ros\u00e1ria da Silva Justi (UFMG), F\u00e1bio Akcelrud Dur\u00e3o (UNICAMP) e Sandra L\u00facia Escovedo Selles (UFF).<\/p>\n<p style=\"text-align: justify;\">A 69\u00aa Reuni\u00e3o Anual da Sociedade Brasileira para o Progresso da Ci\u00eancia (SBPC) ocorrer\u00e1 de 16 a 22 de julho de 2017, em Belo Horizonte. A Reuni\u00e3o Anual da SBPC \u00e9 um importante f\u00f3rum para a difus\u00e3o dos avan\u00e7os da ci\u00eancia nas diversas \u00e1reas do conhecimento e de debates de pol\u00edticas p\u00fablicas para a ci\u00eancia e tecnologia.<\/p>\n<p><\/p>","protected":false},"excerpt":{"rendered":"<p>\u201cDesafios e perspectivas para as publica\u00e7\u00f5es nas Humanidades\u201d \u00e9 o tema da mesa redonda promovida pela Associa\u00e7\u00e3o Brasileira de Pesquisa em Educa\u00e7\u00e3o em Ci\u00eancias (ABRAPEC) no pr\u00f3ximo dia 21, sexta-feira, \u00e0s 15h. A mesa vai acontecer na 69\u00b0 Reuni\u00e3o Anual da SBPC (Sociedade Brasileira para o Progresso da Ci\u00eancia) no campus Pampulha da Universidade Federal [&hellip;]<\/p>\n","protected":false},"author":16,"featured_media":0,"comment_status":"open","ping_status":"open","sticky":false,"template":"","format":"standard","meta":{"footnotes":""},"categories":[3],"tags":[196,195],"class_list":["post-2193","post","type-post","status-publish","format-standard","hentry","category-noticias","tag-mesa-redonda","tag-sbpc2017"],"_links":{"self":[{"href":"https:\/\/www.ufmg.br\/periodicos\/wp-json\/wp\/v2\/posts\/2193","targetHints":{"allow":["GET"]}}],"collection":[{"href":"https:\/\/www.ufmg.br\/periodicos\/wp-json\/wp\/v2\/posts"}],"about":[{"href":"https:\/\/www.ufmg.br\/periodicos\/wp-json\/wp\/v2\/types\/post"}],"author":[{"embeddable":true,"href":"https:\/\/www.ufmg.br\/periodicos\/wp-json\/wp\/v2\/users\/16"}],"replies":[{"embeddable":true,"href":"https:\/\/www.ufmg.br\/periodicos\/wp-json\/wp\/v2\/comments?post=2193"}],"version-history":[{"count":3,"href":"https:\/\/www.ufmg.br\/periodicos\/wp-json\/wp\/v2\/posts\/2193\/revisions"}],"predecessor-version":[{"id":2212,"href":"https:\/\/www.ufmg.br\/periodicos\/wp-json\/wp\/v2\/posts\/2193\/revisions\/2212"}],"wp:attachment":[{"href":"https:\/\/www.ufmg.br\/periodicos\/wp-json\/wp\/v2\/media?parent=2193"}],"wp:term":[{"taxonomy":"category","embeddable":true,"href":"https:\/\/www.ufmg.br\/periodicos\/wp-json\/wp\/v2\/categories?post=2193"},{"taxonomy":"post_tag","embeddable":true,"href":"https:\/\/www.ufmg.br\/periodicos\/wp-json\/wp\/v2\/tags?post=2193"}],"curies":[{"name":"wp","href":"https:\/\/api.w.org\/{rel}","templated":true}]}}