{"id":2242,"date":"2017-07-19T13:00:17","date_gmt":"2017-07-19T16:00:17","guid":{"rendered":"https:\/\/www.ufmg.br\/periodicos\/?p=2242"},"modified":"2017-07-18T15:42:50","modified_gmt":"2017-07-18T18:42:50","slug":"simposio-sobre-ciencia-brasileira-visivel-acontece-no-fim-do-mes-de-julho","status":"publish","type":"post","link":"https:\/\/www.ufmg.br\/periodicos\/simposio-sobre-ciencia-brasileira-visivel-acontece-no-fim-do-mes-de-julho\/","title":{"rendered":"Simp\u00f3sio sobre Ci\u00eancia Brasileira Vis\u00edvel acontece no fim do m\u00eas de Julho"},"content":{"rendered":"<p><\/p>\n<p style=\"text-align: justify;\"><strong>I Simp\u00f3sio sobre Ci\u00eancia Brasileira Vis\u00edvel<\/strong>, promovido pelo Instituto Brasileiro de Informa\u00e7\u00e3o em Ci\u00eancia e Tecnologia (IBICT), ir\u00e1 acontecer no pr\u00f3ximo dia 27, quinta-feira, em Bras\u00edlia na sede do IBICT. O encontro contar\u00e1 com a participa\u00e7\u00e3o de pesquisadores e profissionais da \u00e1rea de divulga\u00e7\u00e3o cient\u00edfica e, al\u00e9m disso, vai discutir as a\u00e7\u00f5es em prol da visibilidade da ci\u00eancia brasileira. O evento vai tratar, tamb\u00e9m, de alguns produtos e servi\u00e7os do IBICT, como a Biblioteca Digital Brasileira de Teses e Disserta\u00e7\u00f5es (BDTD) e o Canal Ci\u00eancia.<\/p>\n<p style=\"text-align: justify;\"><a href=\"https:\/\/www.ufmg.br\/periodicos\/wp-content\/files\/2017\/07\/ECBV-2017.png\"><img loading=\"lazy\" decoding=\"async\" class=\"aligncenter  wp-image-2245\" src=\"https:\/\/www.ufmg.br\/periodicos\/wp-content\/files\/2017\/07\/ECBV-2017-1022x1024.png\" alt=\"ECBV - 2017\" width=\"669\" height=\"670\" srcset=\"https:\/\/www.ufmg.br\/periodicos\/wp-content\/files\/2017\/07\/ECBV-2017-1022x1024.png 1022w, https:\/\/www.ufmg.br\/periodicos\/wp-content\/files\/2017\/07\/ECBV-2017-150x150.png 150w, https:\/\/www.ufmg.br\/periodicos\/wp-content\/files\/2017\/07\/ECBV-2017-300x300.png 300w, https:\/\/www.ufmg.br\/periodicos\/wp-content\/files\/2017\/07\/ECBV-2017-768x769.png 768w, https:\/\/www.ufmg.br\/periodicos\/wp-content\/files\/2017\/07\/ECBV-2017.png 1260w\" sizes=\"auto, (max-width: 669px) 100vw, 669px\" \/><\/a><\/p>\n<p style=\"text-align: justify;\">As inscri\u00e7\u00f5es devem ser feitas pelo e-mail: <a href=\"mailto:karinapena@ibict.br\">karinapena@ibict.br<\/a>.<\/p>\n<p style=\"text-align: justify;\">Para mais informa\u00e7\u00f5es acesse: <a href=\"https:\/\/goo.gl\/J1UGAA\">https:\/\/goo.gl\/J1UGAA<\/a><\/p>\n<p><\/p>","protected":false},"excerpt":{"rendered":"<p>I Simp\u00f3sio sobre Ci\u00eancia Brasileira Vis\u00edvel, promovido pelo Instituto Brasileiro de Informa\u00e7\u00e3o em Ci\u00eancia e Tecnologia (IBICT), ir\u00e1 acontecer no pr\u00f3ximo dia 27, quinta-feira, em Bras\u00edlia na sede do IBICT. O encontro contar\u00e1 com a participa\u00e7\u00e3o de pesquisadores e profissionais da \u00e1rea de divulga\u00e7\u00e3o cient\u00edfica e, al\u00e9m disso, vai discutir as a\u00e7\u00f5es em prol da [&hellip;]<\/p>\n","protected":false},"author":16,"featured_media":0,"comment_status":"open","ping_status":"open","sticky":false,"template":"","format":"standard","meta":{"footnotes":""},"categories":[3],"tags":[13,156,197],"class_list":["post-2242","post","type-post","status-publish","format-standard","hentry","category-noticias","tag-evento","tag-ibict","tag-simposio"],"_links":{"self":[{"href":"https:\/\/www.ufmg.br\/periodicos\/wp-json\/wp\/v2\/posts\/2242","targetHints":{"allow":["GET"]}}],"collection":[{"href":"https:\/\/www.ufmg.br\/periodicos\/wp-json\/wp\/v2\/posts"}],"about":[{"href":"https:\/\/www.ufmg.br\/periodicos\/wp-json\/wp\/v2\/types\/post"}],"author":[{"embeddable":true,"href":"https:\/\/www.ufmg.br\/periodicos\/wp-json\/wp\/v2\/users\/16"}],"replies":[{"embeddable":true,"href":"https:\/\/www.ufmg.br\/periodicos\/wp-json\/wp\/v2\/comments?post=2242"}],"version-history":[{"count":4,"href":"https:\/\/www.ufmg.br\/periodicos\/wp-json\/wp\/v2\/posts\/2242\/revisions"}],"predecessor-version":[{"id":2247,"href":"https:\/\/www.ufmg.br\/periodicos\/wp-json\/wp\/v2\/posts\/2242\/revisions\/2247"}],"wp:attachment":[{"href":"https:\/\/www.ufmg.br\/periodicos\/wp-json\/wp\/v2\/media?parent=2242"}],"wp:term":[{"taxonomy":"category","embeddable":true,"href":"https:\/\/www.ufmg.br\/periodicos\/wp-json\/wp\/v2\/categories?post=2242"},{"taxonomy":"post_tag","embeddable":true,"href":"https:\/\/www.ufmg.br\/periodicos\/wp-json\/wp\/v2\/tags?post=2242"}],"curies":[{"name":"wp","href":"https:\/\/api.w.org\/{rel}","templated":true}]}}