{"id":2270,"date":"2017-08-11T13:25:00","date_gmt":"2017-08-11T16:25:00","guid":{"rendered":"https:\/\/www.ufmg.br\/periodicos\/?p=2270"},"modified":"2017-08-11T13:27:53","modified_gmt":"2017-08-11T16:27:53","slug":"chamada-aberta-revista-em-tese","status":"publish","type":"post","link":"https:\/\/www.ufmg.br\/periodicos\/chamada-aberta-revista-em-tese\/","title":{"rendered":"Chamada de artigos: Revista Em Tese"},"content":{"rendered":"<p><\/p>\n<p style=\"text-align: justify;\">A Em Tese &#8211; Revista de Literatura da UFMG est\u00e1 com chamada aberta para submiss\u00f5es de trabalhos para compor novo dossi\u00ea tem\u00e1tico: \u201cA Teoria Liter\u00e1ria em Balan\u00e7o: repensando as tend\u00eancias dos s\u00e9culos XX e XXI\u201d. Os envios devem ser feitos at\u00e9 o dia 02 de novembro atrav\u00e9s do site da revista.<\/p>\n<p style=\"text-align: justify;\">Ser\u00e3o aceitos trabalhos tamb\u00e9m para as se\u00e7\u00f5es: Teoria da Literatura e Ensino de Literatura; Cr\u00edtica Liter\u00e1ria, Artes e M\u00eddias; Tradu\u00e7\u00e3o e Edi\u00e7\u00e3o e Resenhas.<\/p>\n<p style=\"text-align: justify;\">Em Tese \u00e9 um peri\u00f3dico eletr\u00f4nico do Programa de P\u00f3s-gradua\u00e7\u00e3o em Estudos Liter\u00e1rios (P\u00f3s-Lit) da Faculdade de Letras.<\/p>\n<p style=\"text-align: justify;\">Para mais submiss\u00f5es e diretrizes para autores, <a href=\"http:\/\/www.periodicos.letras.ufmg.br\/index.php\/emtese\/about\/submissions#onlineSubmissions\">clique aqui<\/a>.<\/p>\n<p style=\"text-align: justify;\">Mais informa\u00e7\u00f5es no <a href=\"http:\/\/www.periodicos.letras.ufmg.br\/index.php\/emtese\/index\">site da revista<\/a>.<\/p>\n<p><\/p>","protected":false},"excerpt":{"rendered":"<p>A Em Tese &#8211; Revista de Literatura da UFMG est\u00e1 com chamada aberta para submiss\u00f5es de trabalhos para compor novo dossi\u00ea tem\u00e1tico: \u201cA Teoria Liter\u00e1ria em Balan\u00e7o: repensando as tend\u00eancias dos s\u00e9culos XX e XXI\u201d. Os envios devem ser feitos at\u00e9 o dia 02 de novembro atrav\u00e9s do site da revista. Ser\u00e3o aceitos trabalhos tamb\u00e9m [&hellip;]<\/p>\n","protected":false},"author":16,"featured_media":0,"comment_status":"open","ping_status":"open","sticky":false,"template":"","format":"standard","meta":{"footnotes":""},"categories":[3],"tags":[171,30,201,144],"class_list":["post-2270","post","type-post","status-publish","format-standard","hentry","category-noticias","tag-chamada-aberta","tag-em-tese","tag-letras","tag-literatura"],"_links":{"self":[{"href":"https:\/\/www.ufmg.br\/periodicos\/wp-json\/wp\/v2\/posts\/2270","targetHints":{"allow":["GET"]}}],"collection":[{"href":"https:\/\/www.ufmg.br\/periodicos\/wp-json\/wp\/v2\/posts"}],"about":[{"href":"https:\/\/www.ufmg.br\/periodicos\/wp-json\/wp\/v2\/types\/post"}],"author":[{"embeddable":true,"href":"https:\/\/www.ufmg.br\/periodicos\/wp-json\/wp\/v2\/users\/16"}],"replies":[{"embeddable":true,"href":"https:\/\/www.ufmg.br\/periodicos\/wp-json\/wp\/v2\/comments?post=2270"}],"version-history":[{"count":2,"href":"https:\/\/www.ufmg.br\/periodicos\/wp-json\/wp\/v2\/posts\/2270\/revisions"}],"predecessor-version":[{"id":2272,"href":"https:\/\/www.ufmg.br\/periodicos\/wp-json\/wp\/v2\/posts\/2270\/revisions\/2272"}],"wp:attachment":[{"href":"https:\/\/www.ufmg.br\/periodicos\/wp-json\/wp\/v2\/media?parent=2270"}],"wp:term":[{"taxonomy":"category","embeddable":true,"href":"https:\/\/www.ufmg.br\/periodicos\/wp-json\/wp\/v2\/categories?post=2270"},{"taxonomy":"post_tag","embeddable":true,"href":"https:\/\/www.ufmg.br\/periodicos\/wp-json\/wp\/v2\/tags?post=2270"}],"curies":[{"name":"wp","href":"https:\/\/api.w.org\/{rel}","templated":true}]}}