{"id":2288,"date":"2017-08-24T14:04:15","date_gmt":"2017-08-24T17:04:15","guid":{"rendered":"https:\/\/www.ufmg.br\/periodicos\/?p=2288"},"modified":"2017-08-24T16:32:25","modified_gmt":"2017-08-24T19:32:25","slug":"a-gente-te-conta-novo-quadro-no-portal-de-periodicos-da-ufmg","status":"publish","type":"post","link":"https:\/\/www.ufmg.br\/periodicos\/a-gente-te-conta-novo-quadro-no-portal-de-periodicos-da-ufmg\/","title":{"rendered":"A gente te conta: novo quadro do Portal de Peri\u00f3dicos da UFMG"},"content":{"rendered":"<p><\/p>\n<p style=\"text-align: justify;\">Na pr\u00f3xima semana, no Portal de Peri\u00f3dicos da UFMG, ser\u00e1 inaugurado novo quadro de publica\u00e7\u00f5es chamado \u201cA gente te conta\u201d. Uma vez por semana iremos publicar respostas para d\u00favidas frequentes, explicar algumas ferramentas e termos relacionados ao mundo dos peri\u00f3dicos e da produ\u00e7\u00e3o cient\u00edfica, al\u00e9m de curiosidades.<\/p>\n<p style=\"text-align: justify;\">\u201cA gente te conta\u201d \u00e9 uma iniciativa da Equipe Peri\u00f3dicos UFMG que visa auxiliar cada vez mais, de maneira simples e criativa, os editores de revistas cient\u00edficas, pesquisadores e autores de artigos, estudantes da Universidade e de outras institui\u00e7\u00f5es e todos aqueles que se interessarem pela produ\u00e7\u00e3o cient\u00edfica.<\/p>\n<p style=\"text-align: justify;\">Sabe aquela d\u00favida que voc\u00ea passou o dia inteiro tentando descobrir ou aquela ferramenta que voc\u00ea tenta, mas n\u00e3o consegue entender? Aqui no portal <strong>a gente te conta<\/strong>.<\/p>\n<p style=\"text-align: justify;\"><a href=\"https:\/\/www.ufmg.br\/periodicos\/wp-content\/files\/2017\/07\/A-gente-te5.png\"><img loading=\"lazy\" decoding=\"async\" class=\"aligncenter wp-image-2263\" src=\"https:\/\/www.ufmg.br\/periodicos\/wp-content\/files\/2017\/07\/A-gente-te5.png\" alt=\"A gente te(5)\" width=\"738\" height=\"246\" srcset=\"https:\/\/www.ufmg.br\/periodicos\/wp-content\/files\/2017\/07\/A-gente-te5.png 600w, https:\/\/www.ufmg.br\/periodicos\/wp-content\/files\/2017\/07\/A-gente-te5-300x100.png 300w\" sizes=\"auto, (max-width: 738px) 100vw, 738px\" \/><\/a><\/p>\n<p><\/p>","protected":false},"excerpt":{"rendered":"<p>Na pr\u00f3xima semana, no Portal de Peri\u00f3dicos da UFMG, ser\u00e1 inaugurado novo quadro de publica\u00e7\u00f5es chamado \u201cA gente te conta\u201d. Uma vez por semana iremos publicar respostas para d\u00favidas frequentes, explicar algumas ferramentas e termos relacionados ao mundo dos peri\u00f3dicos e da produ\u00e7\u00e3o cient\u00edfica, al\u00e9m de curiosidades. \u201cA gente te conta\u201d \u00e9 uma iniciativa da [&hellip;]<\/p>\n","protected":false},"author":16,"featured_media":0,"comment_status":"open","ping_status":"open","sticky":false,"template":"","format":"standard","meta":{"footnotes":""},"categories":[3],"tags":[],"class_list":["post-2288","post","type-post","status-publish","format-standard","hentry","category-noticias"],"_links":{"self":[{"href":"https:\/\/www.ufmg.br\/periodicos\/wp-json\/wp\/v2\/posts\/2288","targetHints":{"allow":["GET"]}}],"collection":[{"href":"https:\/\/www.ufmg.br\/periodicos\/wp-json\/wp\/v2\/posts"}],"about":[{"href":"https:\/\/www.ufmg.br\/periodicos\/wp-json\/wp\/v2\/types\/post"}],"author":[{"embeddable":true,"href":"https:\/\/www.ufmg.br\/periodicos\/wp-json\/wp\/v2\/users\/16"}],"replies":[{"embeddable":true,"href":"https:\/\/www.ufmg.br\/periodicos\/wp-json\/wp\/v2\/comments?post=2288"}],"version-history":[{"count":3,"href":"https:\/\/www.ufmg.br\/periodicos\/wp-json\/wp\/v2\/posts\/2288\/revisions"}],"predecessor-version":[{"id":2291,"href":"https:\/\/www.ufmg.br\/periodicos\/wp-json\/wp\/v2\/posts\/2288\/revisions\/2291"}],"wp:attachment":[{"href":"https:\/\/www.ufmg.br\/periodicos\/wp-json\/wp\/v2\/media?parent=2288"}],"wp:term":[{"taxonomy":"category","embeddable":true,"href":"https:\/\/www.ufmg.br\/periodicos\/wp-json\/wp\/v2\/categories?post=2288"},{"taxonomy":"post_tag","embeddable":true,"href":"https:\/\/www.ufmg.br\/periodicos\/wp-json\/wp\/v2\/tags?post=2288"}],"curies":[{"name":"wp","href":"https:\/\/api.w.org\/{rel}","templated":true}]}}