{"id":2322,"date":"2017-09-28T15:40:05","date_gmt":"2017-09-28T18:40:05","guid":{"rendered":"https:\/\/www.ufmg.br\/periodicos\/?p=2322"},"modified":"2017-10-02T14:59:02","modified_gmt":"2017-10-02T17:59:02","slug":"fapemig-divulga-resultado-de-chamada-de-auxilio-financeiro-a-periodicos-cientificos","status":"publish","type":"post","link":"https:\/\/www.ufmg.br\/periodicos\/fapemig-divulga-resultado-de-chamada-de-auxilio-financeiro-a-periodicos-cientificos\/","title":{"rendered":"FAPEMIG divulga resultado de chamada de aux\u00edlio financeiro a Peri\u00f3dicos Cient\u00edficos"},"content":{"rendered":"<p><\/p>\n<p style=\"text-align: justify;\">A Funda\u00e7\u00e3o de Amparo \u00e0 Pesquisa do Estado de Minas Gerais (FAPEMIG) divulgou o resultado da Chamada P\u00fablica 05\/2017 \u2013 Publica\u00e7\u00e3o de Peri\u00f3dicos nesta semana. O objetivo da chamada \u00e9 fornecer apoio financeiro a editora\u00e7\u00e3o e a publica\u00e7\u00e3o de peri\u00f3dicos cient\u00edficos em todas as \u00e1reas do conhecimento, al\u00e9m de visar \u00e0 amplia\u00e7\u00e3o da divulga\u00e7\u00e3o de resultados das pesquisas cient\u00edficas e tecnol\u00f3gicas de Minas Gerais para a comunidade cient\u00edfica tanto nacional, quanto internacional.<\/p>\n<p style=\"text-align: justify;\">No total 99 propostas foram recebidas, sendo 55 aprovadas para contrata\u00e7\u00e3o. Acesse o resultado <a href=\"http:\/\/www.fapemig.br\/arquivos\/site\/chamadas\/resultado\/2017-05-publicacao-de-periodicos-aprovados.pdf\">clicando aqui<\/a>.<\/p>\n<p style=\"text-align: justify;\">Os aprovados dever\u00e3o atualizar seu credenciamento na FAPEMIG em at\u00e9 10 dias ap\u00f3s a publica\u00e7\u00e3o do resultado.<\/p>\n<p style=\"text-align: justify;\">Fonte:<a href=\"http:\/\/www.fapemig.br\/visualizacao-de-noticias\/ler\/1131\/fapemig-divulga-resultado-da-chamada-05-2017\" target=\"_blank\" rel=\"noopener\">http:\/\/www.fapemig.br\/visualizacao-de-noticias\/ler\/1131\/fapemig-divulga-resultado-da-chamada-05-2017<\/a><\/p>\n<p style=\"text-align: justify;\">\n<p><\/p>","protected":false},"excerpt":{"rendered":"<p>A Funda\u00e7\u00e3o de Amparo \u00e0 Pesquisa do Estado de Minas Gerais (FAPEMIG) divulgou o resultado da Chamada P\u00fablica 05\/2017 \u2013 Publica\u00e7\u00e3o de Peri\u00f3dicos nesta semana. O objetivo da chamada \u00e9 fornecer apoio financeiro a editora\u00e7\u00e3o e a publica\u00e7\u00e3o de peri\u00f3dicos cient\u00edficos em todas as \u00e1reas do conhecimento, al\u00e9m de visar \u00e0 amplia\u00e7\u00e3o da divulga\u00e7\u00e3o de [&hellip;]<\/p>\n","protected":false},"author":16,"featured_media":0,"comment_status":"open","ping_status":"open","sticky":false,"template":"","format":"standard","meta":{"footnotes":""},"categories":[3],"tags":[],"class_list":["post-2322","post","type-post","status-publish","format-standard","hentry","category-noticias"],"_links":{"self":[{"href":"https:\/\/www.ufmg.br\/periodicos\/wp-json\/wp\/v2\/posts\/2322","targetHints":{"allow":["GET"]}}],"collection":[{"href":"https:\/\/www.ufmg.br\/periodicos\/wp-json\/wp\/v2\/posts"}],"about":[{"href":"https:\/\/www.ufmg.br\/periodicos\/wp-json\/wp\/v2\/types\/post"}],"author":[{"embeddable":true,"href":"https:\/\/www.ufmg.br\/periodicos\/wp-json\/wp\/v2\/users\/16"}],"replies":[{"embeddable":true,"href":"https:\/\/www.ufmg.br\/periodicos\/wp-json\/wp\/v2\/comments?post=2322"}],"version-history":[{"count":3,"href":"https:\/\/www.ufmg.br\/periodicos\/wp-json\/wp\/v2\/posts\/2322\/revisions"}],"predecessor-version":[{"id":2325,"href":"https:\/\/www.ufmg.br\/periodicos\/wp-json\/wp\/v2\/posts\/2322\/revisions\/2325"}],"wp:attachment":[{"href":"https:\/\/www.ufmg.br\/periodicos\/wp-json\/wp\/v2\/media?parent=2322"}],"wp:term":[{"taxonomy":"category","embeddable":true,"href":"https:\/\/www.ufmg.br\/periodicos\/wp-json\/wp\/v2\/categories?post=2322"},{"taxonomy":"post_tag","embeddable":true,"href":"https:\/\/www.ufmg.br\/periodicos\/wp-json\/wp\/v2\/tags?post=2322"}],"curies":[{"name":"wp","href":"https:\/\/api.w.org\/{rel}","templated":true}]}}