{"id":2550,"date":"2018-01-31T10:08:16","date_gmt":"2018-01-31T12:08:16","guid":{"rendered":"https:\/\/www.ufmg.br\/periodicos\/?p=2550"},"modified":"2018-01-31T10:12:26","modified_gmt":"2018-01-31T12:12:26","slug":"pesquisadora-espanhola-se-pronuncia-em-favor-do-acesso-aberto","status":"publish","type":"post","link":"https:\/\/www.ufmg.br\/periodicos\/pesquisadora-espanhola-se-pronuncia-em-favor-do-acesso-aberto\/","title":{"rendered":"Pesquisadora espanhola se pronuncia em favor do Acesso Aberto"},"content":{"rendered":"<p>A pesquisadora Sant Joan d\u2019Alacant se posicionou em defesa do Acesso Aberto \u00e0s publica\u00e7\u00f5es cient\u00edficas, do grupo de editores de revistas espanholas em ci\u00eancia da sa\u00fade (GERECS). Para ela, Acesso Aberto (<em>Open Access<\/em> \u2013 OA) vai al\u00e9m de documentos cient\u00edficos. O acesso aberto interfere tamb\u00e9m em permiss\u00f5es de reutiliza\u00e7\u00f5es dos conte\u00fados publicados.<\/p>\n<p><a href=\"https:\/\/www.ufmg.br\/periodicos\/voce-sabe-o-que-e-acesso-aberto-a-gente-te-conta\/?w=acesso%20aberto\">Voc\u00ea sabe o que \u00e9 acesso aberto? A gente te conta.<\/a><\/p>\n<p>Sant cita in\u00fameras iniciativas que visam tornar menos \u00e1rduo o acesso ao conte\u00fado via Internet, sendo elas: <em>Scientific Electronic Library Online<\/em>\u00a0(SciELO, 1998),\u00a0<em>The Scholarly Publishing and Academic Resources Coalition<\/em>\u00a0(SPARC, 1998),\u00a0<em>PubMed Central<\/em>\u00a0(PMC, 2000),\u00a0<em>The Public Library of Science<\/em>\u00a0(PLOS, 2000) ou\u00a0<em>BioMed Central<\/em>\u00a0(BMC, 2001). Esses projetos chama a aten\u00e7\u00e3o por terem sido pioneiros no movimento do Acesso Aberto, bem como de estrat\u00e9gias de publica\u00e7\u00e3o. Projetos como a\u00a0<em>Dialnet<\/em>\u00a0(2001), a\u00a0<em>Red de Revistas Cient\u00edficas de Am\u00e9rica Latina y el Caribe, Espanha e Portugal<\/em>\u00a0(Redalyc, 2003) e o\u00a0<em>Directory of Open Access Journals<\/em>\u00a0(DOAJ, 2003), \u00a0foram adeptos a esse pioneirismo, se tornando posteriormente fortes influenciadores do processo de globaliza\u00e7\u00e3o do conhecimento cient\u00edfico.<\/p>\n<p>A pesquisadora cita as primeiras Declara\u00e7\u00f5es sobre o acesso aberto, como por exemplo o caso na Espanha, a <strong><em>Declaraci\u00f3n de la Alhambra<\/em> (2010)<\/strong>, que proporcionou recomenda\u00e7\u00f5es para pol\u00edticas e plano de a\u00e7\u00e3o para o desenvolvimento do acesso aberto no sul da Europa. As declara\u00e7\u00f5es tiveram um papel fundamental, criando bases para o futuro do desenvolvimento do acesso aberto.<\/p>\n<p>No \u00e2mbito latino-americano, recentemente\u00a0houve a elabora\u00e7\u00e3o da <strong>Declara\u00e7\u00e3o da Primeira Reuni\u00e3o de Cons\u00f3rcios de pa\u00edses Ibero-americanos e do Caribe (2017)<\/strong> que, entre as suas recomenda\u00e7\u00f5es, discute o desvio do conceito de Acesso Aberto pelo crescente surgimento de revistas remuneradas para publica\u00e7\u00e3o com pre\u00e7os \u00e0s vezes abusivos.<\/p>\n<p>Quando abortado o assunto de Acesso Aberto nos pa\u00edses europeus, avan\u00e7os significativos foram constatados, alguns com prazos a serem alcan\u00e7ados de at\u00e9 2020: acesso aberto para todas as publica\u00e7\u00f5es cient\u00edficas, elabora\u00e7\u00e3o de nova abordagem orientada para reutiliza\u00e7\u00e3o \u00f3tima dos dados de pesquisa.<\/p>\n<p>Sant Joan cita ainda o acordo firmado na sess\u00e3o ocorrida no dia 27 de maio de 2016, entre os ministros de ci\u00eancias das na\u00e7\u00f5es da Uni\u00e3o Europeia, intitulado<strong>\u00a0<em>The transition towards na Open Science system \u2013 Council conclusions<\/em><\/strong>. O acordo recomenda, por exemplo, que as publica\u00e7\u00f5es resultantes da pesquisa financiada com fundos p\u00fablicos estejam dispon\u00edveis gratuitamente no ano 2020, e, para tanto, cada pa\u00eds deve implementar sua pr\u00f3pria pol\u00edtica de publica\u00e7\u00e3o. Al\u00e9m disso, \u00e9 salientado que a reutiliza\u00e7\u00e3o dos dados de pesquisa deve ser \u201ct\u00e3o aberto quanto poss\u00edvel, t\u00e3o fechado quanto necess\u00e1rio\u201d.<\/p>\n<p>&nbsp;<\/p>\n<p>Para conferir a reportagem completa, clique <a href=\"http:\/\/blog.scielo.org\/blog\/2018\/01\/17\/declaracao-de-sant-joan-dalacant-em-defesa-do-acesso-aberto-as-publicacoes-cientificas-do-grupo-de-editores-de-revistas-espanholas-em-ciencias-da-saude-gerecs\/#.WnGpS66nGUl\">aqui.<\/a><\/p>","protected":false},"excerpt":{"rendered":"<p>A pesquisadora Sant Joan d\u2019Alacant se posicionou em defesa do Acesso Aberto \u00e0s publica\u00e7\u00f5es cient\u00edficas, do grupo de editores de revistas espanholas em ci\u00eancia da sa\u00fade (GERECS). Para ela, Acesso Aberto (Open Access \u2013 OA) vai al\u00e9m de documentos cient\u00edficos. O acesso aberto interfere tamb\u00e9m em permiss\u00f5es de reutiliza\u00e7\u00f5es dos conte\u00fados publicados. Voc\u00ea sabe o [&hellip;]<\/p>\n","protected":false},"author":9,"featured_media":0,"comment_status":"open","ping_status":"open","sticky":false,"template":"","format":"standard","meta":{"footnotes":""},"categories":[3],"tags":[217,60],"class_list":["post-2550","post","type-post","status-publish","format-standard","hentry","category-noticias","tag-acesso-aberto","tag-open-journal-systems"],"_links":{"self":[{"href":"https:\/\/www.ufmg.br\/periodicos\/wp-json\/wp\/v2\/posts\/2550","targetHints":{"allow":["GET"]}}],"collection":[{"href":"https:\/\/www.ufmg.br\/periodicos\/wp-json\/wp\/v2\/posts"}],"about":[{"href":"https:\/\/www.ufmg.br\/periodicos\/wp-json\/wp\/v2\/types\/post"}],"author":[{"embeddable":true,"href":"https:\/\/www.ufmg.br\/periodicos\/wp-json\/wp\/v2\/users\/9"}],"replies":[{"embeddable":true,"href":"https:\/\/www.ufmg.br\/periodicos\/wp-json\/wp\/v2\/comments?post=2550"}],"version-history":[{"count":4,"href":"https:\/\/www.ufmg.br\/periodicos\/wp-json\/wp\/v2\/posts\/2550\/revisions"}],"predecessor-version":[{"id":2554,"href":"https:\/\/www.ufmg.br\/periodicos\/wp-json\/wp\/v2\/posts\/2550\/revisions\/2554"}],"wp:attachment":[{"href":"https:\/\/www.ufmg.br\/periodicos\/wp-json\/wp\/v2\/media?parent=2550"}],"wp:term":[{"taxonomy":"category","embeddable":true,"href":"https:\/\/www.ufmg.br\/periodicos\/wp-json\/wp\/v2\/categories?post=2550"},{"taxonomy":"post_tag","embeddable":true,"href":"https:\/\/www.ufmg.br\/periodicos\/wp-json\/wp\/v2\/tags?post=2550"}],"curies":[{"name":"wp","href":"https:\/\/api.w.org\/{rel}","templated":true}]}}