{"id":2788,"date":"2018-10-26T15:08:49","date_gmt":"2018-10-26T18:08:49","guid":{"rendered":"https:\/\/www.ufmg.br\/periodicos\/?p=2788"},"modified":"2018-10-26T15:09:59","modified_gmt":"2018-10-26T18:09:59","slug":"o-circuito-qualifica-periodicos-circulacao-de-periodicos-na-web","status":"publish","type":"post","link":"https:\/\/www.ufmg.br\/periodicos\/o-circuito-qualifica-periodicos-circulacao-de-periodicos-na-web\/","title":{"rendered":"O Circuito Qualifica Peri\u00f3dicos :  Circula\u00e7\u00e3o de Peri\u00f3dicos na Web"},"content":{"rendered":"<p>Prezados editores e demais interessados,<\/p>\n<p>O circuito qualifica \u00e9 uma s\u00e9rie de eventos do Projeto Peri\u00f3dicos de Minas, que promove a qualifica\u00e7\u00e3o e a visibilidade dos peri\u00f3dicos de Minas Gerais.<\/p>\n<p>Dia 05\/11\/18 na UFOP , acontecer\u00e1 a palestra circula\u00e7\u00e3o de Peri\u00f3dicos na Web, ministrada por Ronaldo Ara\u00fajo, professor Adjunto do Curso de Biblioteconomia da Universidade Federal de Alagoas (UFAL)\u00a0.<\/p>\n<p><a href=\"https:\/\/www.ufmg.br\/periodicos\/wp-content\/files\/2018\/10\/qualifica.jpg\"><img loading=\"lazy\" decoding=\"async\" class=\" wp-image-2789 aligncenter\" src=\"https:\/\/www.ufmg.br\/periodicos\/wp-content\/files\/2018\/10\/qualifica-300x181.jpg\" alt=\"qualifica\" width=\"490\" height=\"296\" srcset=\"https:\/\/www.ufmg.br\/periodicos\/wp-content\/files\/2018\/10\/qualifica-300x181.jpg 300w, https:\/\/www.ufmg.br\/periodicos\/wp-content\/files\/2018\/10\/qualifica-768x462.jpg 768w, https:\/\/www.ufmg.br\/periodicos\/wp-content\/files\/2018\/10\/qualifica-1024x616.jpg 1024w, https:\/\/www.ufmg.br\/periodicos\/wp-content\/files\/2018\/10\/qualifica.jpg 1200w\" sizes=\"auto, (max-width: 490px) 100vw, 490px\" \/><\/a><\/p>","protected":false},"excerpt":{"rendered":"<p>Prezados editores e demais interessados, O circuito qualifica \u00e9 uma s\u00e9rie de eventos do Projeto Peri\u00f3dicos de Minas, que promove a qualifica\u00e7\u00e3o e a visibilidade dos peri\u00f3dicos de Minas Gerais. Dia 05\/11\/18 na UFOP , acontecer\u00e1 a palestra circula\u00e7\u00e3o de Peri\u00f3dicos na Web, ministrada por Ronaldo Ara\u00fajo, professor Adjunto do Curso de Biblioteconomia da Universidade [&hellip;]<\/p>\n","protected":false},"author":6,"featured_media":0,"comment_status":"open","ping_status":"open","sticky":false,"template":"","format":"standard","meta":{"footnotes":""},"categories":[3],"tags":[],"class_list":["post-2788","post","type-post","status-publish","format-standard","hentry","category-noticias"],"_links":{"self":[{"href":"https:\/\/www.ufmg.br\/periodicos\/wp-json\/wp\/v2\/posts\/2788","targetHints":{"allow":["GET"]}}],"collection":[{"href":"https:\/\/www.ufmg.br\/periodicos\/wp-json\/wp\/v2\/posts"}],"about":[{"href":"https:\/\/www.ufmg.br\/periodicos\/wp-json\/wp\/v2\/types\/post"}],"author":[{"embeddable":true,"href":"https:\/\/www.ufmg.br\/periodicos\/wp-json\/wp\/v2\/users\/6"}],"replies":[{"embeddable":true,"href":"https:\/\/www.ufmg.br\/periodicos\/wp-json\/wp\/v2\/comments?post=2788"}],"version-history":[{"count":3,"href":"https:\/\/www.ufmg.br\/periodicos\/wp-json\/wp\/v2\/posts\/2788\/revisions"}],"predecessor-version":[{"id":2793,"href":"https:\/\/www.ufmg.br\/periodicos\/wp-json\/wp\/v2\/posts\/2788\/revisions\/2793"}],"wp:attachment":[{"href":"https:\/\/www.ufmg.br\/periodicos\/wp-json\/wp\/v2\/media?parent=2788"}],"wp:term":[{"taxonomy":"category","embeddable":true,"href":"https:\/\/www.ufmg.br\/periodicos\/wp-json\/wp\/v2\/categories?post=2788"},{"taxonomy":"post_tag","embeddable":true,"href":"https:\/\/www.ufmg.br\/periodicos\/wp-json\/wp\/v2\/tags?post=2788"}],"curies":[{"name":"wp","href":"https:\/\/api.w.org\/{rel}","templated":true}]}}