{"id":2834,"date":"2019-03-13T13:04:21","date_gmt":"2019-03-13T16:04:21","guid":{"rendered":"https:\/\/www.ufmg.br\/periodicos\/?p=2834"},"modified":"2019-03-13T13:24:35","modified_gmt":"2019-03-13T16:24:35","slug":"iii-ciclo-de-formacao-de-editores-da-ufmg-portal-de-periodicos-da-ufmg-prpq","status":"publish","type":"post","link":"https:\/\/www.ufmg.br\/periodicos\/iii-ciclo-de-formacao-de-editores-da-ufmg-portal-de-periodicos-da-ufmg-prpq\/","title":{"rendered":"III Ciclo de Forma\u00e7\u00e3o de Editores da UFMG  Portal de Peri\u00f3dicos da UFMG \u2013 PRPq"},"content":{"rendered":"<p><img decoding=\"async\" src=\"https:\/\/www.ufmg.br\/prpq\/wp-content\/uploads\/2019\/03\/3CicloEditores_CartazAna.png\" \/><\/p>\n<p>&nbsp;<\/p>\n<p>Nos dias 20 e 21 de Mar\u00e7o a Pr\u00f3-Reitoria de Pesquisa da UFMG realizar\u00e1 o <strong>III Ciclo de Forma\u00e7\u00e3o de Editores.<\/strong> Contando com workshop e palestras, o evento busca capacitar ainda mais a equipe editorial dos peri\u00f3dicos cient\u00edficos pertencentes ao Portal Peri\u00f3dicos da UFMG.<\/p>\n<p><a href=\"https:\/\/www.ufmg.br\/prpq\/noticia\/iii-ciclo-de-formacao-de-editores-da-ufmg\/\">Clique aqui<\/a> para ver mais informa\u00e7\u00f5es e para se inscrever no evento. N\u00e3o perca!<\/p>","protected":false},"excerpt":{"rendered":"<p>&nbsp; Nos dias 20 e 21 de Mar\u00e7o a Pr\u00f3-Reitoria de Pesquisa da UFMG realizar\u00e1 o III Ciclo de Forma\u00e7\u00e3o de Editores. Contando com workshop e palestras, o evento busca capacitar ainda mais a equipe editorial dos peri\u00f3dicos cient\u00edficos pertencentes ao Portal Peri\u00f3dicos da UFMG. Clique aqui para ver mais informa\u00e7\u00f5es e para se inscrever [&hellip;]<\/p>\n","protected":false},"author":38,"featured_media":0,"comment_status":"open","ping_status":"open","sticky":false,"template":"","format":"standard","meta":{"footnotes":""},"categories":[3],"tags":[],"class_list":["post-2834","post","type-post","status-publish","format-standard","hentry","category-noticias"],"_links":{"self":[{"href":"https:\/\/www.ufmg.br\/periodicos\/wp-json\/wp\/v2\/posts\/2834","targetHints":{"allow":["GET"]}}],"collection":[{"href":"https:\/\/www.ufmg.br\/periodicos\/wp-json\/wp\/v2\/posts"}],"about":[{"href":"https:\/\/www.ufmg.br\/periodicos\/wp-json\/wp\/v2\/types\/post"}],"author":[{"embeddable":true,"href":"https:\/\/www.ufmg.br\/periodicos\/wp-json\/wp\/v2\/users\/38"}],"replies":[{"embeddable":true,"href":"https:\/\/www.ufmg.br\/periodicos\/wp-json\/wp\/v2\/comments?post=2834"}],"version-history":[{"count":2,"href":"https:\/\/www.ufmg.br\/periodicos\/wp-json\/wp\/v2\/posts\/2834\/revisions"}],"predecessor-version":[{"id":2836,"href":"https:\/\/www.ufmg.br\/periodicos\/wp-json\/wp\/v2\/posts\/2834\/revisions\/2836"}],"wp:attachment":[{"href":"https:\/\/www.ufmg.br\/periodicos\/wp-json\/wp\/v2\/media?parent=2834"}],"wp:term":[{"taxonomy":"category","embeddable":true,"href":"https:\/\/www.ufmg.br\/periodicos\/wp-json\/wp\/v2\/categories?post=2834"},{"taxonomy":"post_tag","embeddable":true,"href":"https:\/\/www.ufmg.br\/periodicos\/wp-json\/wp\/v2\/tags?post=2834"}],"curies":[{"name":"wp","href":"https:\/\/api.w.org\/{rel}","templated":true}]}}