{"id":310,"date":"2015-10-20T19:16:30","date_gmt":"2015-10-20T21:16:30","guid":{"rendered":"https:\/\/www.ufmg.br\/periodicos\/?p=310"},"modified":"2015-10-21T14:51:10","modified_gmt":"2015-10-21T16:51:10","slug":"portal-de-periodicos-da-capes-prepara-comemoracoes-dos-15-anos","status":"publish","type":"post","link":"https:\/\/www.ufmg.br\/periodicos\/portal-de-periodicos-da-capes-prepara-comemoracoes-dos-15-anos\/","title":{"rendered":"Portal de Peri\u00f3dicos da Capes prepara comemora\u00e7\u00f5es dos 15 anos"},"content":{"rendered":"<p>Em novembro de 2015, o Portal de Peri\u00f3dicos da Coordena\u00e7\u00e3o de Aperfei\u00e7oamento de Pessoal de N\u00edvel Superior (Capes) completa 15 anos. Com uma trajet\u00f3ria de crescimento constante, o Portal re\u00fane e disponibiliza um acervo cient\u00edfico, tecnol\u00f3gico, acad\u00eamico e de inova\u00e7\u00e3o atualizado e de alto n\u00edvel. Tudo \u00e0 disposi\u00e7\u00e3o da sociedade brasileira, de forma gratuita! <a href=\"http:\/\/periodicos.capes.gov.br\/15anos\/\" target=\"_blank\">Mais detalhes aqui<\/a>.<\/p>\n","protected":false},"excerpt":{"rendered":"<p>Em novembro de 2015, o Portal de Peri\u00f3dicos da Coordena\u00e7\u00e3o de Aperfei\u00e7oamento de Pessoal de N\u00edvel Superior (Capes) completa 15 anos. Com uma trajet\u00f3ria de crescimento constante, o Portal re\u00fane e disponibiliza um acervo cient\u00edfico, tecnol\u00f3gico, acad\u00eamico e de inova\u00e7\u00e3o atualizado e de alto n\u00edvel. Tudo \u00e0 disposi\u00e7\u00e3o da sociedade brasileira, de forma gratuita! Mais [&hellip;]<\/p>\n","protected":false},"author":3,"featured_media":0,"comment_status":"open","ping_status":"open","sticky":false,"template":"","format":"standard","meta":{"footnotes":""},"categories":[3],"tags":[],"class_list":["post-310","post","type-post","status-publish","format-standard","hentry","category-noticias"],"_links":{"self":[{"href":"https:\/\/www.ufmg.br\/periodicos\/wp-json\/wp\/v2\/posts\/310","targetHints":{"allow":["GET"]}}],"collection":[{"href":"https:\/\/www.ufmg.br\/periodicos\/wp-json\/wp\/v2\/posts"}],"about":[{"href":"https:\/\/www.ufmg.br\/periodicos\/wp-json\/wp\/v2\/types\/post"}],"author":[{"embeddable":true,"href":"https:\/\/www.ufmg.br\/periodicos\/wp-json\/wp\/v2\/users\/3"}],"replies":[{"embeddable":true,"href":"https:\/\/www.ufmg.br\/periodicos\/wp-json\/wp\/v2\/comments?post=310"}],"version-history":[{"count":7,"href":"https:\/\/www.ufmg.br\/periodicos\/wp-json\/wp\/v2\/posts\/310\/revisions"}],"predecessor-version":[{"id":325,"href":"https:\/\/www.ufmg.br\/periodicos\/wp-json\/wp\/v2\/posts\/310\/revisions\/325"}],"wp:attachment":[{"href":"https:\/\/www.ufmg.br\/periodicos\/wp-json\/wp\/v2\/media?parent=310"}],"wp:term":[{"taxonomy":"category","embeddable":true,"href":"https:\/\/www.ufmg.br\/periodicos\/wp-json\/wp\/v2\/categories?post=310"},{"taxonomy":"post_tag","embeddable":true,"href":"https:\/\/www.ufmg.br\/periodicos\/wp-json\/wp\/v2\/tags?post=310"}],"curies":[{"name":"wp","href":"https:\/\/api.w.org\/{rel}","templated":true}]}}