{"id":3375,"date":"2020-04-07T12:00:37","date_gmt":"2020-04-07T15:00:37","guid":{"rendered":"https:\/\/www.ufmg.br\/periodicos\/?p=3375"},"modified":"2020-04-07T11:45:05","modified_gmt":"2020-04-07T14:45:05","slug":"cnpq-lanca-chamada-de-apoio-a-pesquisa-de-coronavirus","status":"publish","type":"post","link":"https:\/\/www.ufmg.br\/periodicos\/cnpq-lanca-chamada-de-apoio-a-pesquisa-de-coronavirus\/","title":{"rendered":"CNPq lan\u00e7a chamada de apoio a pesquisa de coronav\u00edrus"},"content":{"rendered":"<p>\n\t\t<style type=\"text\/css\">\n\t\t\t#gallery-1 {\n\t\t\t\tmargin: auto;\n\t\t\t}\n\t\t\t#gallery-1 .gallery-item {\n\t\t\t\tfloat: left;\n\t\t\t\tmargin-top: 10px;\n\t\t\t\ttext-align: center;\n\t\t\t\twidth: 33%;\n\t\t\t}\n\t\t\t#gallery-1 img {\n\t\t\t\tborder: 2px solid #cfcfcf;\n\t\t\t}\n\t\t\t#gallery-1 .gallery-caption {\n\t\t\t\tmargin-left: 0;\n\t\t\t}\n\t\t\t\/* see gallery_shortcode() in wp-includes\/media.php *\/\n\t\t<\/style>\n\t\t<div id='gallery-1' class='gallery galleryid-3375 gallery-columns-3 gallery-size-thumbnail'><dl class='gallery-item'>\n\t\t\t<dt class='gallery-icon landscape'>\n\t\t\t\t<a href='https:\/\/www.ufmg.br\/periodicos\/cnpq-lanca-chamada-de-apoio-a-pesquisa-de-coronavirus\/coronavirus\/'><img loading=\"lazy\" decoding=\"async\" width=\"150\" height=\"129\" src=\"https:\/\/www.ufmg.br\/periodicos\/wp-content\/files\/2020\/04\/coronav\u00edrus-150x129.jpg\" class=\"attachment-thumbnail size-thumbnail\" alt=\"\" \/><\/a>\n\t\t\t<\/dt><\/dl>\n\t\t\t<br style='clear: both' \/>\n\t\t<\/div>\n<\/p>\n<p>Em parceria com o Minist\u00e9rio da Ci\u00eancia, Tecnologia, Inova\u00e7\u00f5es e Comunica\u00e7\u00f5es (MCTIC) e o Minist\u00e9rio da Sa\u00fade (MS), o Conselho Nacional de Desenvolvimento Cient\u00edfico e Tecnol\u00f3gico (CNPq) abre a chamada de apoio a pesquisas que visem o combate do novo coronav\u00edrus.<\/p>\n<p>A submiss\u00e3o de propostas pode ser feita at\u00e9 o dia 27 de abril por meio da Plataforma Carlos Chagas. O resultado final ser\u00e1 divulgado em 15 de junho de 2020.<\/p>\n<p>Os temas s\u00e3o: tratamento, vacinas, diagn\u00f3stico, patog\u00eanese e hist\u00f3ria natural da doen\u00e7a, carga de doen\u00e7a, aten\u00e7\u00e3o \u00e0 sa\u00fade, preven\u00e7\u00e3o e controle. Mais detalhes sobre as tem\u00e1ticas e sobre a chamada <a href=\"http:\/\/www.cnpq.br\/web\/guest\/noticiasviews\/-\/journal_content\/56_INSTANCE_a6MO\/10157\/8768749\">aqui<\/a>.<\/p>","protected":false},"excerpt":{"rendered":"<p>Em parceria com o Minist\u00e9rio da Ci\u00eancia, Tecnologia, Inova\u00e7\u00f5es e Comunica\u00e7\u00f5es (MCTIC) e o Minist\u00e9rio da Sa\u00fade (MS), o Conselho Nacional de Desenvolvimento Cient\u00edfico e Tecnol\u00f3gico (CNPq) abre a chamada de apoio a pesquisas que visem o combate do novo coronav\u00edrus. A submiss\u00e3o de propostas pode ser feita at\u00e9 o dia 27 de abril por [&hellip;]<\/p>\n","protected":false},"author":6,"featured_media":0,"comment_status":"open","ping_status":"open","sticky":false,"template":"","format":"standard","meta":{"footnotes":""},"categories":[3],"tags":[],"class_list":["post-3375","post","type-post","status-publish","format-standard","hentry","category-noticias"],"_links":{"self":[{"href":"https:\/\/www.ufmg.br\/periodicos\/wp-json\/wp\/v2\/posts\/3375","targetHints":{"allow":["GET"]}}],"collection":[{"href":"https:\/\/www.ufmg.br\/periodicos\/wp-json\/wp\/v2\/posts"}],"about":[{"href":"https:\/\/www.ufmg.br\/periodicos\/wp-json\/wp\/v2\/types\/post"}],"author":[{"embeddable":true,"href":"https:\/\/www.ufmg.br\/periodicos\/wp-json\/wp\/v2\/users\/6"}],"replies":[{"embeddable":true,"href":"https:\/\/www.ufmg.br\/periodicos\/wp-json\/wp\/v2\/comments?post=3375"}],"version-history":[{"count":1,"href":"https:\/\/www.ufmg.br\/periodicos\/wp-json\/wp\/v2\/posts\/3375\/revisions"}],"predecessor-version":[{"id":3377,"href":"https:\/\/www.ufmg.br\/periodicos\/wp-json\/wp\/v2\/posts\/3375\/revisions\/3377"}],"wp:attachment":[{"href":"https:\/\/www.ufmg.br\/periodicos\/wp-json\/wp\/v2\/media?parent=3375"}],"wp:term":[{"taxonomy":"category","embeddable":true,"href":"https:\/\/www.ufmg.br\/periodicos\/wp-json\/wp\/v2\/categories?post=3375"},{"taxonomy":"post_tag","embeddable":true,"href":"https:\/\/www.ufmg.br\/periodicos\/wp-json\/wp\/v2\/tags?post=3375"}],"curies":[{"name":"wp","href":"https:\/\/api.w.org\/{rel}","templated":true}]}}