{"id":3378,"date":"2020-04-13T21:04:09","date_gmt":"2020-04-14T00:04:09","guid":{"rendered":"https:\/\/www.ufmg.br\/periodicos\/?p=3378"},"modified":"2020-04-13T21:04:09","modified_gmt":"2020-04-14T00:04:09","slug":"editoras-estrangeiras-liberam-temporariamente-acesso-gratuito-a-suas-fontes-de-informacao","status":"publish","type":"post","link":"https:\/\/www.ufmg.br\/periodicos\/editoras-estrangeiras-liberam-temporariamente-acesso-gratuito-a-suas-fontes-de-informacao\/","title":{"rendered":"Editoras estrangeiras liberam temporariamente acesso gratuito a suas fontes de informa\u00e7\u00e3o"},"content":{"rendered":"<p>Em tempos de covid-19 0 acesso aberto de editoras universit\u00e1rias estrangeiras, bases de dados como JSTOR e Project Muse e publishers variados ocorrer\u00e1 at\u00e9 o final da pandemia. Essa a\u00e7\u00e3o visa o acesso ao conhecimento cient\u00edfico em diversas fontes de informa\u00e7\u00e3o como: livros, cap\u00edtulos de livro, dados e enciclop\u00e9dias\u00a0em todas as \u00e1reas do conhecimento (HOCHMAN, 2020).<\/p>\n<p>Algumas editoras do Portal da Capes tamb\u00e9m aderiram a libera\u00e7\u00e3o de conte\u00fado para facilitar a dissemina\u00e7\u00e3o de informa\u00e7\u00e3o e facilitar as pesquisas sobre o novo coronav\u00edrus tamb\u00e9m por tempo limitado. As editoras que aderiram a iniciativa <a href=\"https:\/\/www.capes.gov.br\/36-noticias\/10260-novas-editoras-liberam-acesso-a-conteudos-sobre-coronavirus\">aqui<\/a>.<\/p>\n<p>Outras fonte de informa\u00e7\u00e3o de acesso livre independente do per\u00edodo da pandemia \u00e9 o <a href=\"http:\/\/books.scielo.org\/\">SciELO Livros<\/a>, criadas h\u00e1 oito anos, possui 19 editoras, 5 cole\u00e7\u00f5es, 766 livros e 10380 cap\u00edtulos e o <a href=\"http:\/\/oasisbr.ibict.br\/vufind\/?fbclid=IwAR1xoaNNkJ7FFWMSsQvy-yK3W986MQH2hee77b94me4gDOEMXlVs1_4pEMs\">oasis.br<\/a>, portal brasileiro de publica\u00e7\u00f5es cient\u00edficas em acesso aberto.<\/p>\n<p>&nbsp;<\/p>\n<p>REFER\u00caNCIA<\/p>\n<p>HOCHMAN, G. SciELO Livros e o acesso aberto em tempos epid\u00eamicos: Mais importante que nunca [online]. <em>SciELO em Perspectiva<\/em>, 2020 [viewed 13 April 2020]. Available from: https:\/\/blog.scielo.org\/blog\/2020\/04\/13\/scielo-livros-e-o-acesso-aberto-em-tempos-epidemicos-mais-importante-que-nunca\/<\/p>\n<p>&nbsp;<\/p>\n<p style=\"text-align: right;\">Carla Oliveira &#8211; bibliotec\u00e1ria<\/p>\n<p><\/p>","protected":false},"excerpt":{"rendered":"<p>Em tempos de covid-19 0 acesso aberto de editoras universit\u00e1rias estrangeiras, bases de dados como JSTOR e Project Muse e publishers variados ocorrer\u00e1 at\u00e9 o final da pandemia. Essa a\u00e7\u00e3o visa o acesso ao conhecimento cient\u00edfico em diversas fontes de informa\u00e7\u00e3o como: livros, cap\u00edtulos de livro, dados e enciclop\u00e9dias\u00a0em todas as \u00e1reas do conhecimento (HOCHMAN, [&hellip;]<\/p>\n","protected":false},"author":6,"featured_media":0,"comment_status":"open","ping_status":"open","sticky":false,"template":"","format":"standard","meta":{"footnotes":""},"categories":[3],"tags":[],"class_list":["post-3378","post","type-post","status-publish","format-standard","hentry","category-noticias"],"_links":{"self":[{"href":"https:\/\/www.ufmg.br\/periodicos\/wp-json\/wp\/v2\/posts\/3378","targetHints":{"allow":["GET"]}}],"collection":[{"href":"https:\/\/www.ufmg.br\/periodicos\/wp-json\/wp\/v2\/posts"}],"about":[{"href":"https:\/\/www.ufmg.br\/periodicos\/wp-json\/wp\/v2\/types\/post"}],"author":[{"embeddable":true,"href":"https:\/\/www.ufmg.br\/periodicos\/wp-json\/wp\/v2\/users\/6"}],"replies":[{"embeddable":true,"href":"https:\/\/www.ufmg.br\/periodicos\/wp-json\/wp\/v2\/comments?post=3378"}],"version-history":[{"count":2,"href":"https:\/\/www.ufmg.br\/periodicos\/wp-json\/wp\/v2\/posts\/3378\/revisions"}],"predecessor-version":[{"id":3380,"href":"https:\/\/www.ufmg.br\/periodicos\/wp-json\/wp\/v2\/posts\/3378\/revisions\/3380"}],"wp:attachment":[{"href":"https:\/\/www.ufmg.br\/periodicos\/wp-json\/wp\/v2\/media?parent=3378"}],"wp:term":[{"taxonomy":"category","embeddable":true,"href":"https:\/\/www.ufmg.br\/periodicos\/wp-json\/wp\/v2\/categories?post=3378"},{"taxonomy":"post_tag","embeddable":true,"href":"https:\/\/www.ufmg.br\/periodicos\/wp-json\/wp\/v2\/tags?post=3378"}],"curies":[{"name":"wp","href":"https:\/\/api.w.org\/{rel}","templated":true}]}}