{"id":3418,"date":"2020-05-18T16:42:30","date_gmt":"2020-05-18T19:42:30","guid":{"rendered":"https:\/\/www.ufmg.br\/periodicos\/?p=3418"},"modified":"2020-05-18T16:44:08","modified_gmt":"2020-05-18T19:44:08","slug":"dicas-de-boas-praticas-em-publicacoes-academicas","status":"publish","type":"post","link":"https:\/\/www.ufmg.br\/periodicos\/dicas-de-boas-praticas-em-publicacoes-academicas\/","title":{"rendered":"Dicas de Boas Pr\u00e1ticas em Revistas Cient\u00edficas"},"content":{"rendered":"<p>Algumas dicas para os editores cient\u00edficos sobre as boas pr\u00e1ticas de publica\u00e7\u00f5es acad\u00eamicas s\u00e3o n\u00e3o colocar no site do peri\u00f3dico cient\u00edfico informa\u00e7\u00f5es que possam induzir leitores e autores a erros.<\/p>\n<p>O &#8220;foco &amp; escopo\u201d, o p\u00fablico-alvo, os crit\u00e9rios de autoria, os ISSNs (impresso e eletr\u00f4nico), a declara\u00e7\u00e3o do que se considera uma publica\u00e7\u00e3o para este peri\u00f3dico dever\u00e3o estar claros e bem localizados na interface.<\/p>\n<p>Um cuidado especial deve ser dado ao t\u00edtulo do peri\u00f3dico que deve ser \u00fanico. O processo de avalia\u00e7\u00e3o por pares deve estar claramente descrito no site do peri\u00f3dico com o seu passo a passo. Deve-se tamb\u00e9m indicar de modo vis\u00edvel os nomes dos editores com suas afilia\u00e7\u00f5es e contatos. J\u00e1 as pol\u00edticas de direitos autorais precisam ser acrescidas nas diretrizes para autores.<\/p>\n<p>A revista cient\u00edfica tamb\u00e9m precisa possuir pol\u00edticas que abordam a \u00e9tica da publica\u00e7\u00e3o (como lidar com reclama\u00e7\u00f5es e recursos, conflitos de interesse, compartilhamento de dados e reprodu\u00e7\u00e3o, corre\u00e7\u00f5es p\u00f3s-publica\u00e7\u00e3o, supervis\u00e3o \u00e9tica e propriedade intelectual) e a indica\u00e7\u00e3o da periodicidade deve ficar vis\u00edvel no site.<\/p>\n<p>&nbsp;<\/p>\n<p>REFER\u00caNCIA<\/p>\n<p>DOAJ. Princ\u00edpios de transpar\u00eancia e boas pr\u00e1ticas em publica\u00e7\u00f5es acad\u00eamicas. Dispon\u00edvel em: https:\/\/doaj.org\/pt\/boaspraticas, acesso em maio de 2020.<\/p>\n<p>&nbsp;<\/p>\n<p style=\"text-align: right;\">Carla Oliveira (Bibliotec\u00e1ria)<\/p>\n<p>&nbsp;<\/p>","protected":false},"excerpt":{"rendered":"<p>Algumas dicas para os editores cient\u00edficos sobre as boas pr\u00e1ticas de publica\u00e7\u00f5es acad\u00eamicas s\u00e3o n\u00e3o colocar no site do peri\u00f3dico cient\u00edfico informa\u00e7\u00f5es que possam induzir leitores e autores a erros. O &#8220;foco &amp; escopo\u201d, o p\u00fablico-alvo, os crit\u00e9rios de autoria, os ISSNs (impresso e eletr\u00f4nico), a declara\u00e7\u00e3o do que se considera uma publica\u00e7\u00e3o para este [&hellip;]<\/p>\n","protected":false},"author":6,"featured_media":0,"comment_status":"open","ping_status":"open","sticky":false,"template":"","format":"standard","meta":{"footnotes":""},"categories":[3],"tags":[],"class_list":["post-3418","post","type-post","status-publish","format-standard","hentry","category-noticias"],"_links":{"self":[{"href":"https:\/\/www.ufmg.br\/periodicos\/wp-json\/wp\/v2\/posts\/3418","targetHints":{"allow":["GET"]}}],"collection":[{"href":"https:\/\/www.ufmg.br\/periodicos\/wp-json\/wp\/v2\/posts"}],"about":[{"href":"https:\/\/www.ufmg.br\/periodicos\/wp-json\/wp\/v2\/types\/post"}],"author":[{"embeddable":true,"href":"https:\/\/www.ufmg.br\/periodicos\/wp-json\/wp\/v2\/users\/6"}],"replies":[{"embeddable":true,"href":"https:\/\/www.ufmg.br\/periodicos\/wp-json\/wp\/v2\/comments?post=3418"}],"version-history":[{"count":5,"href":"https:\/\/www.ufmg.br\/periodicos\/wp-json\/wp\/v2\/posts\/3418\/revisions"}],"predecessor-version":[{"id":3423,"href":"https:\/\/www.ufmg.br\/periodicos\/wp-json\/wp\/v2\/posts\/3418\/revisions\/3423"}],"wp:attachment":[{"href":"https:\/\/www.ufmg.br\/periodicos\/wp-json\/wp\/v2\/media?parent=3418"}],"wp:term":[{"taxonomy":"category","embeddable":true,"href":"https:\/\/www.ufmg.br\/periodicos\/wp-json\/wp\/v2\/categories?post=3418"},{"taxonomy":"post_tag","embeddable":true,"href":"https:\/\/www.ufmg.br\/periodicos\/wp-json\/wp\/v2\/tags?post=3418"}],"curies":[{"name":"wp","href":"https:\/\/api.w.org\/{rel}","templated":true}]}}