{"id":3477,"date":"2020-07-03T22:56:25","date_gmt":"2020-07-04T01:56:25","guid":{"rendered":"https:\/\/www.ufmg.br\/periodicos\/?p=3477"},"modified":"2020-07-03T22:56:25","modified_gmt":"2020-07-04T01:56:25","slug":"o-uso-das-midias-sociais-pelos-periodicos-cientificos","status":"publish","type":"post","link":"https:\/\/www.ufmg.br\/periodicos\/o-uso-das-midias-sociais-pelos-periodicos-cientificos\/","title":{"rendered":"O uso das m\u00eddias sociais pelos peri\u00f3dicos cient\u00edficos"},"content":{"rendered":"<p>O aumento da visibilidade dos artigos cient\u00edficos em meio eletr\u00f4nico depende da a\u00e7\u00e3o dos autores e editores na promo\u00e7\u00e3o de conte\u00fado. Peri\u00f3dicos de editores internacionais adotam a tempos a divulga\u00e7\u00e3o de seus artigos publicados em m\u00eddia social. (NASCIMENTO, 2017)<\/p>\n<p>As m\u00eddias sociais auxiliam pesquisadores e editores a envolverem leitores, a aumentar a visibilidade da publica\u00e7\u00e3o, a divulgar resultados de pesquisas, a aumentar a quantidade de acesso ao site da revista entre outras vantagens.<\/p>\n<p>Os editores podem selecionar dois a tr\u00eas artigos que despertem mais interesse da comunidade alvo do peri\u00f3dico e divulgarem em suas m\u00eddias sociais.<\/p>\n<p>As m\u00eddias sociais mais utilizadas pelos divulgadores cient\u00edficos tem sido <em>Facebook<\/em>,\u00a0 <em>Instagram<\/em>,\u00a0 <em>Twitter<\/em>,\u00a0 <em>blogs<\/em> e <em>f\u00f3runs<\/em>.<\/p>\n<p>&nbsp;<\/p>\n<p style=\"text-align: center;\">REFER\u00caNCIA<\/p>\n<p>NASCIMENTO, Andrea do. M\u00eddias sociais e peri\u00f3dicos cient\u00edficos. Altimetria.19 abr. 2017. Dispon\u00edvel em: https:\/\/altmetria.com\/2017\/04\/19\/midias-sociais-e-periodicos-cientificos\/ Acesso em: 03 jul.2020.<\/p>\n<p>&nbsp;<\/p>\n<p style=\"text-align: right;\">Carla Oliveira &#8211; Bibliotec\u00e1ria<\/p>\n<p>&nbsp;<\/p>","protected":false},"excerpt":{"rendered":"<p>O aumento da visibilidade dos artigos cient\u00edficos em meio eletr\u00f4nico depende da a\u00e7\u00e3o dos autores e editores na promo\u00e7\u00e3o de conte\u00fado. Peri\u00f3dicos de editores internacionais adotam a tempos a divulga\u00e7\u00e3o de seus artigos publicados em m\u00eddia social. (NASCIMENTO, 2017) As m\u00eddias sociais auxiliam pesquisadores e editores a envolverem leitores, a aumentar a visibilidade da publica\u00e7\u00e3o, [&hellip;]<\/p>\n","protected":false},"author":6,"featured_media":0,"comment_status":"open","ping_status":"open","sticky":false,"template":"","format":"standard","meta":{"footnotes":""},"categories":[3],"tags":[],"class_list":["post-3477","post","type-post","status-publish","format-standard","hentry","category-noticias"],"_links":{"self":[{"href":"https:\/\/www.ufmg.br\/periodicos\/wp-json\/wp\/v2\/posts\/3477","targetHints":{"allow":["GET"]}}],"collection":[{"href":"https:\/\/www.ufmg.br\/periodicos\/wp-json\/wp\/v2\/posts"}],"about":[{"href":"https:\/\/www.ufmg.br\/periodicos\/wp-json\/wp\/v2\/types\/post"}],"author":[{"embeddable":true,"href":"https:\/\/www.ufmg.br\/periodicos\/wp-json\/wp\/v2\/users\/6"}],"replies":[{"embeddable":true,"href":"https:\/\/www.ufmg.br\/periodicos\/wp-json\/wp\/v2\/comments?post=3477"}],"version-history":[{"count":3,"href":"https:\/\/www.ufmg.br\/periodicos\/wp-json\/wp\/v2\/posts\/3477\/revisions"}],"predecessor-version":[{"id":3480,"href":"https:\/\/www.ufmg.br\/periodicos\/wp-json\/wp\/v2\/posts\/3477\/revisions\/3480"}],"wp:attachment":[{"href":"https:\/\/www.ufmg.br\/periodicos\/wp-json\/wp\/v2\/media?parent=3477"}],"wp:term":[{"taxonomy":"category","embeddable":true,"href":"https:\/\/www.ufmg.br\/periodicos\/wp-json\/wp\/v2\/categories?post=3477"},{"taxonomy":"post_tag","embeddable":true,"href":"https:\/\/www.ufmg.br\/periodicos\/wp-json\/wp\/v2\/tags?post=3477"}],"curies":[{"name":"wp","href":"https:\/\/api.w.org\/{rel}","templated":true}]}}