{"id":3556,"date":"2020-08-19T21:26:09","date_gmt":"2020-08-20T00:26:09","guid":{"rendered":"https:\/\/www.ufmg.br\/periodicos\/?p=3556"},"modified":"2020-08-19T21:26:09","modified_gmt":"2020-08-20T00:26:09","slug":"abec-meeting-live-2020","status":"publish","type":"post","link":"https:\/\/www.ufmg.br\/periodicos\/abec-meeting-live-2020\/","title":{"rendered":"ABEC Meeting Live 2020"},"content":{"rendered":"<p>O\u00a0<strong>ABEC Meeting Live 2020 <\/strong>ocorrer\u00e1 com mesas redondas, rodas de conversa, minicursos e webin\u00e1rios com especialistas renomados em \u00e2mbitos nacional e internacional.<\/p>\n<p>O evento ter\u00e1 dois minicursos do Programa para Certifica\u00e7\u00e3o em Publica\u00e7\u00e3o Cient\u00edfica (ProCPC), realizado em parceria entre ABEC Brasil e o <em>Council of Science Editors\u00a0<\/em>(CSE\/USA).<\/p>\n<p>Os minicursos ocorrer\u00e3o em 15 e 17 de setembro de 2020. As mesas redondas ocorrer\u00e3o de 22 a 25 de setembro, das 14h \u00e0s 18h. Os webin\u00e1rios, minicursos e rodas de conversa acontecem ao longo de v\u00e1rios meses, de julho a dezembro de 2020.<\/p>\n<p>Mais detalhes <a href=\"https:\/\/meeting20.abecbrasil.org.br\/\">aqui<\/a>.<\/p>","protected":false},"excerpt":{"rendered":"<p>O\u00a0ABEC Meeting Live 2020 ocorrer\u00e1 com mesas redondas, rodas de conversa, minicursos e webin\u00e1rios com especialistas renomados em \u00e2mbitos nacional e internacional. O evento ter\u00e1 dois minicursos do Programa para Certifica\u00e7\u00e3o em Publica\u00e7\u00e3o Cient\u00edfica (ProCPC), realizado em parceria entre ABEC Brasil e o Council of Science Editors\u00a0(CSE\/USA). Os minicursos ocorrer\u00e3o em 15 e 17 de [&hellip;]<\/p>\n","protected":false},"author":6,"featured_media":0,"comment_status":"open","ping_status":"open","sticky":false,"template":"","format":"standard","meta":{"footnotes":""},"categories":[3],"tags":[],"class_list":["post-3556","post","type-post","status-publish","format-standard","hentry","category-noticias"],"_links":{"self":[{"href":"https:\/\/www.ufmg.br\/periodicos\/wp-json\/wp\/v2\/posts\/3556","targetHints":{"allow":["GET"]}}],"collection":[{"href":"https:\/\/www.ufmg.br\/periodicos\/wp-json\/wp\/v2\/posts"}],"about":[{"href":"https:\/\/www.ufmg.br\/periodicos\/wp-json\/wp\/v2\/types\/post"}],"author":[{"embeddable":true,"href":"https:\/\/www.ufmg.br\/periodicos\/wp-json\/wp\/v2\/users\/6"}],"replies":[{"embeddable":true,"href":"https:\/\/www.ufmg.br\/periodicos\/wp-json\/wp\/v2\/comments?post=3556"}],"version-history":[{"count":1,"href":"https:\/\/www.ufmg.br\/periodicos\/wp-json\/wp\/v2\/posts\/3556\/revisions"}],"predecessor-version":[{"id":3557,"href":"https:\/\/www.ufmg.br\/periodicos\/wp-json\/wp\/v2\/posts\/3556\/revisions\/3557"}],"wp:attachment":[{"href":"https:\/\/www.ufmg.br\/periodicos\/wp-json\/wp\/v2\/media?parent=3556"}],"wp:term":[{"taxonomy":"category","embeddable":true,"href":"https:\/\/www.ufmg.br\/periodicos\/wp-json\/wp\/v2\/categories?post=3556"},{"taxonomy":"post_tag","embeddable":true,"href":"https:\/\/www.ufmg.br\/periodicos\/wp-json\/wp\/v2\/tags?post=3556"}],"curies":[{"name":"wp","href":"https:\/\/api.w.org\/{rel}","templated":true}]}}