{"id":3558,"date":"2020-08-21T17:23:41","date_gmt":"2020-08-21T20:23:41","guid":{"rendered":"https:\/\/www.ufmg.br\/periodicos\/?p=3558"},"modified":"2020-08-21T17:23:41","modified_gmt":"2020-08-21T20:23:41","slug":"premio-jovem-editor-jurgen-dobereiner-2020","status":"publish","type":"post","link":"https:\/\/www.ufmg.br\/periodicos\/premio-jovem-editor-jurgen-dobereiner-2020\/","title":{"rendered":"Pr\u00eamio Jovem Editor J\u00fcrgen D\u00f6bereiner 2020"},"content":{"rendered":"<p>Associa\u00e7\u00e3o Brasileira de Editores Cient\u00edficos (ABEC Brasil), promove o Pr\u00eamio Jovem Editor, criado em 2001 com o nome editor do futuro, com o objetivo de premiar um jovem integrante de comit\u00ea editorial que tenha contribu\u00eddo para a valoriza\u00e7\u00e3o de peri\u00f3dicos.<\/p>\n<p>S\u00f3 \u00e9 permitida a inscri\u00e7\u00e3o de apenas um candidato por peri\u00f3dico os candidatos dever\u00e3o ter idade m\u00e1xima de 40 anos completados at\u00e9 31\/12\/2020. A ficha de inscri\u00e7\u00e3o est\u00e1 dispon\u00edvel <a href=\"https:\/\/www.abecbrasil.org.br\/eventos\/meeting_2020\/premio\/anexo_1_premio.pdf\">aqui<\/a>. Cabe ressaltar que as inscri\u00e7\u00f5es s\u00e3o gratuitas. Mais detalhes sobre o edital e o pr\u00eamio <a href=\"https:\/\/meeting20.abecbrasil.org.br\/premio-jovem-editor-jurgen-dobereiner-2020\/\">aqui<\/a>.<\/p>","protected":false},"excerpt":{"rendered":"<p>Associa\u00e7\u00e3o Brasileira de Editores Cient\u00edficos (ABEC Brasil), promove o Pr\u00eamio Jovem Editor, criado em 2001 com o nome editor do futuro, com o objetivo de premiar um jovem integrante de comit\u00ea editorial que tenha contribu\u00eddo para a valoriza\u00e7\u00e3o de peri\u00f3dicos. S\u00f3 \u00e9 permitida a inscri\u00e7\u00e3o de apenas um candidato por peri\u00f3dico os candidatos dever\u00e3o ter [&hellip;]<\/p>\n","protected":false},"author":6,"featured_media":0,"comment_status":"open","ping_status":"open","sticky":false,"template":"","format":"standard","meta":{"footnotes":""},"categories":[3],"tags":[],"class_list":["post-3558","post","type-post","status-publish","format-standard","hentry","category-noticias"],"_links":{"self":[{"href":"https:\/\/www.ufmg.br\/periodicos\/wp-json\/wp\/v2\/posts\/3558","targetHints":{"allow":["GET"]}}],"collection":[{"href":"https:\/\/www.ufmg.br\/periodicos\/wp-json\/wp\/v2\/posts"}],"about":[{"href":"https:\/\/www.ufmg.br\/periodicos\/wp-json\/wp\/v2\/types\/post"}],"author":[{"embeddable":true,"href":"https:\/\/www.ufmg.br\/periodicos\/wp-json\/wp\/v2\/users\/6"}],"replies":[{"embeddable":true,"href":"https:\/\/www.ufmg.br\/periodicos\/wp-json\/wp\/v2\/comments?post=3558"}],"version-history":[{"count":1,"href":"https:\/\/www.ufmg.br\/periodicos\/wp-json\/wp\/v2\/posts\/3558\/revisions"}],"predecessor-version":[{"id":3559,"href":"https:\/\/www.ufmg.br\/periodicos\/wp-json\/wp\/v2\/posts\/3558\/revisions\/3559"}],"wp:attachment":[{"href":"https:\/\/www.ufmg.br\/periodicos\/wp-json\/wp\/v2\/media?parent=3558"}],"wp:term":[{"taxonomy":"category","embeddable":true,"href":"https:\/\/www.ufmg.br\/periodicos\/wp-json\/wp\/v2\/categories?post=3558"},{"taxonomy":"post_tag","embeddable":true,"href":"https:\/\/www.ufmg.br\/periodicos\/wp-json\/wp\/v2\/tags?post=3558"}],"curies":[{"name":"wp","href":"https:\/\/api.w.org\/{rel}","templated":true}]}}