{"id":3565,"date":"2020-08-31T21:20:57","date_gmt":"2020-09-01T00:20:57","guid":{"rendered":"https:\/\/www.ufmg.br\/periodicos\/?p=3565"},"modified":"2020-08-31T21:20:57","modified_gmt":"2020-09-01T00:20:57","slug":"dicas-de-lives-sobre-ojs-e-qualis-01-03-e-04-de-setembro-de-2020","status":"publish","type":"post","link":"https:\/\/www.ufmg.br\/periodicos\/dicas-de-lives-sobre-ojs-e-qualis-01-03-e-04-de-setembro-de-2020\/","title":{"rendered":"Dicas de Lives sobre OJS e Qualis, 01, 03 e 04 de Setembro de 2020"},"content":{"rendered":"<p>No dia\u00a0 01 de Setembro \u00e0s 17 hs, Suely de Brito Clemente Soares falar\u00e1 sobre OJS 3 + formul\u00e1rios de avalia\u00e7\u00e3o, essa live abordar\u00e1 como construir estes formul\u00e1rios, como ativ\u00e1-los e como design\u00e1-los corretamente no procedimento de convidar um avaliador acesse <a href=\"https:\/\/www.youtube.com\/watch?v=i6Li7FScsjI&amp;feature=youtu.be\">aqui<\/a>.<\/p>\n<p>Nos dias 03 e 04 de Setembro, Rede Tulipa: Rede Brasileira de Portais de Peri\u00f3dicos (em especial: UFF, UFSC, UTFPR, UESB, UFBA, UDESC, UFG, UERJ) juntamente com a Associa\u00e7\u00e3o Brasileira de Editores Cient\u00edficos (ABEC) convidam para o debate do tema: Novos rumos para o Qualis Peri\u00f3dicos?<\/p>\n<p>Programa\u00e7\u00e3o:<\/p>\n<p>3 de setembro de 2020<\/p>\n<p>14h \u00e0s 16h \u2013 Qual \u00e9 o papel dos F\u00f3runs de Editores (Mesa de abertura) com Lia Fialho (ABEC) e Leila Garcia (ABRASCO), modera\u00e7\u00e3o Lucia da Silveira (UFSC)<\/p>\n<p><a href=\"https:\/\/youtu.be\/8XON3HPZZMg\">Link para a transmiss\u00e3o<\/a><\/p>\n<p>4 de setembro de 2020<\/p>\n<p>10h \u00e0s 12h \u2013 Experi\u00eancias internacionais de avalia\u00e7\u00e3o da ci\u00eancia com Ernest Abadal (Universitad de Barcelona) e Julio Santillan (UnB), modera\u00e7\u00e3o Lucia da Silveira (UFSC)<\/p>\n<p><a href=\"https:\/\/youtu.be\/p43chI2Ubiw\">Link para a transmiss\u00e3o<\/a><\/p>\n<p>14h \u00e0s 16h \u2013 M\u00e9tricas internacionais e o \u00edndice H com Jo\u00e3o Maricato (UnB) e Rog\u00e9rio Mugnaini (USP), modera\u00e7\u00e3o modera\u00e7\u00e3o de Germana Barata (Unicamp)<\/p>\n<p><a href=\"https:\/\/youtu.be\/0V6VKfJ9iu0\">Link para a transmiss\u00e3o<\/a><\/p>\n<p>17h \u00e0s 19h \u2013 Novos rumos para o Qualis? (Mesa de encerramento) com Charles Pessanha (UERJ) e Edna Montero (ABEC), modera\u00e7\u00e3o Thaiane Oliveira (UFF)<\/p>\n<p><a href=\"https:\/\/youtu.be\/ENxTYVaL5wk\">Link para a transmiss\u00e3o<\/a><\/p>","protected":false},"excerpt":{"rendered":"<p>No dia\u00a0 01 de Setembro \u00e0s 17 hs, Suely de Brito Clemente Soares falar\u00e1 sobre OJS 3 + formul\u00e1rios de avalia\u00e7\u00e3o, essa live abordar\u00e1 como construir estes formul\u00e1rios, como ativ\u00e1-los e como design\u00e1-los corretamente no procedimento de convidar um avaliador acesse aqui. Nos dias 03 e 04 de Setembro, Rede Tulipa: Rede Brasileira de Portais [&hellip;]<\/p>\n","protected":false},"author":6,"featured_media":0,"comment_status":"open","ping_status":"open","sticky":false,"template":"","format":"standard","meta":{"footnotes":""},"categories":[3],"tags":[],"class_list":["post-3565","post","type-post","status-publish","format-standard","hentry","category-noticias"],"_links":{"self":[{"href":"https:\/\/www.ufmg.br\/periodicos\/wp-json\/wp\/v2\/posts\/3565","targetHints":{"allow":["GET"]}}],"collection":[{"href":"https:\/\/www.ufmg.br\/periodicos\/wp-json\/wp\/v2\/posts"}],"about":[{"href":"https:\/\/www.ufmg.br\/periodicos\/wp-json\/wp\/v2\/types\/post"}],"author":[{"embeddable":true,"href":"https:\/\/www.ufmg.br\/periodicos\/wp-json\/wp\/v2\/users\/6"}],"replies":[{"embeddable":true,"href":"https:\/\/www.ufmg.br\/periodicos\/wp-json\/wp\/v2\/comments?post=3565"}],"version-history":[{"count":2,"href":"https:\/\/www.ufmg.br\/periodicos\/wp-json\/wp\/v2\/posts\/3565\/revisions"}],"predecessor-version":[{"id":3567,"href":"https:\/\/www.ufmg.br\/periodicos\/wp-json\/wp\/v2\/posts\/3565\/revisions\/3567"}],"wp:attachment":[{"href":"https:\/\/www.ufmg.br\/periodicos\/wp-json\/wp\/v2\/media?parent=3565"}],"wp:term":[{"taxonomy":"category","embeddable":true,"href":"https:\/\/www.ufmg.br\/periodicos\/wp-json\/wp\/v2\/categories?post=3565"},{"taxonomy":"post_tag","embeddable":true,"href":"https:\/\/www.ufmg.br\/periodicos\/wp-json\/wp\/v2\/tags?post=3565"}],"curies":[{"name":"wp","href":"https:\/\/api.w.org\/{rel}","templated":true}]}}