{"id":3585,"date":"2020-09-18T22:57:12","date_gmt":"2020-09-19T01:57:12","guid":{"rendered":"https:\/\/www.ufmg.br\/periodicos\/?p=3585"},"modified":"2020-09-18T22:57:12","modified_gmt":"2020-09-19T01:57:12","slug":"ultimos-dias-para-a-inscricao-para-o-abec-meeting","status":"publish","type":"post","link":"https:\/\/www.ufmg.br\/periodicos\/ultimos-dias-para-a-inscricao-para-o-abec-meeting\/","title":{"rendered":"\u00daltimos dias para a inscri\u00e7\u00e3o para o ABEC Meeting"},"content":{"rendered":"<p>Na pr\u00f3xima semana, de 22 a 25 de setembro de 2020, ocorrer\u00e1 o ABEC Meeting Live 2020. O evento contar\u00e1 com mesas redondas, rodas de conversa, minicursos e webin\u00e1rios.<\/p>\n<p>As inscri\u00e7\u00f5es encerram em 20 de setembro.<\/p>\n<p>Mais informa\u00e7\u00f5es <a href=\"https:\/\/meeting20.abecbrasil.org.br\/\">aqui<\/a>.<\/p>\n<p>&nbsp;<\/p>","protected":false},"excerpt":{"rendered":"<p>Na pr\u00f3xima semana, de 22 a 25 de setembro de 2020, ocorrer\u00e1 o ABEC Meeting Live 2020. O evento contar\u00e1 com mesas redondas, rodas de conversa, minicursos e webin\u00e1rios. As inscri\u00e7\u00f5es encerram em 20 de setembro. Mais informa\u00e7\u00f5es aqui. &nbsp;<\/p>\n","protected":false},"author":6,"featured_media":0,"comment_status":"open","ping_status":"open","sticky":false,"template":"","format":"standard","meta":{"footnotes":""},"categories":[3],"tags":[],"class_list":["post-3585","post","type-post","status-publish","format-standard","hentry","category-noticias"],"_links":{"self":[{"href":"https:\/\/www.ufmg.br\/periodicos\/wp-json\/wp\/v2\/posts\/3585","targetHints":{"allow":["GET"]}}],"collection":[{"href":"https:\/\/www.ufmg.br\/periodicos\/wp-json\/wp\/v2\/posts"}],"about":[{"href":"https:\/\/www.ufmg.br\/periodicos\/wp-json\/wp\/v2\/types\/post"}],"author":[{"embeddable":true,"href":"https:\/\/www.ufmg.br\/periodicos\/wp-json\/wp\/v2\/users\/6"}],"replies":[{"embeddable":true,"href":"https:\/\/www.ufmg.br\/periodicos\/wp-json\/wp\/v2\/comments?post=3585"}],"version-history":[{"count":2,"href":"https:\/\/www.ufmg.br\/periodicos\/wp-json\/wp\/v2\/posts\/3585\/revisions"}],"predecessor-version":[{"id":3587,"href":"https:\/\/www.ufmg.br\/periodicos\/wp-json\/wp\/v2\/posts\/3585\/revisions\/3587"}],"wp:attachment":[{"href":"https:\/\/www.ufmg.br\/periodicos\/wp-json\/wp\/v2\/media?parent=3585"}],"wp:term":[{"taxonomy":"category","embeddable":true,"href":"https:\/\/www.ufmg.br\/periodicos\/wp-json\/wp\/v2\/categories?post=3585"},{"taxonomy":"post_tag","embeddable":true,"href":"https:\/\/www.ufmg.br\/periodicos\/wp-json\/wp\/v2\/tags?post=3585"}],"curies":[{"name":"wp","href":"https:\/\/api.w.org\/{rel}","templated":true}]}}