{"id":3600,"date":"2020-10-05T11:47:06","date_gmt":"2020-10-05T14:47:06","guid":{"rendered":"https:\/\/www.ufmg.br\/periodicos\/?p=3600"},"modified":"2020-10-09T15:01:34","modified_gmt":"2020-10-09T18:01:34","slug":"webinar-dia-08-10-orcid-e-as-revistas-cientificas","status":"publish","type":"post","link":"https:\/\/www.ufmg.br\/periodicos\/webinar-dia-08-10-orcid-e-as-revistas-cientificas\/","title":{"rendered":"Webinar ORCID e as revistas ci\u00eant\u00edficas"},"content":{"rendered":"<p>No \u00faltimo dia 08, a ABEC (Associa\u00e7\u00e3o Brasileira de Editores Cient\u00edficos) realizou o webinar ministrado por Ana Heredia, da ORCID.<\/p>\n<p>&nbsp;<\/p>\n<p><a href=\"https:\/\/www.youtube.com\/watch?v=TBeLKAq-QTI\"><img loading=\"lazy\" decoding=\"async\" class=\"alignnone size-medium wp-image-3601\" src=\"https:\/\/www.ufmg.br\/periodicos\/wp-content\/files\/2020\/10\/Webinar_Orcid_1-patrocinio-1024x1019-300x300.jpg\" alt=\"\" width=\"300\" height=\"300\" srcset=\"https:\/\/www.ufmg.br\/periodicos\/wp-content\/files\/2020\/10\/Webinar_Orcid_1-patrocinio-1024x1019-300x300.jpg 300w, https:\/\/www.ufmg.br\/periodicos\/wp-content\/files\/2020\/10\/Webinar_Orcid_1-patrocinio-1024x1019-150x150.jpg 150w, https:\/\/www.ufmg.br\/periodicos\/wp-content\/files\/2020\/10\/Webinar_Orcid_1-patrocinio-1024x1019.jpg 1024w\" sizes=\"auto, (max-width: 300px) 100vw, 300px\" \/><\/a><\/p>\n<p>&nbsp;<\/p>","protected":false},"excerpt":{"rendered":"<p>No \u00faltimo dia 08, a ABEC (Associa\u00e7\u00e3o Brasileira de Editores Cient\u00edficos) realizou o webinar ministrado por Ana Heredia, da ORCID. &nbsp; &nbsp;<\/p>\n","protected":false},"author":6,"featured_media":0,"comment_status":"open","ping_status":"open","sticky":false,"template":"","format":"standard","meta":{"footnotes":""},"categories":[3],"tags":[],"class_list":["post-3600","post","type-post","status-publish","format-standard","hentry","category-noticias"],"_links":{"self":[{"href":"https:\/\/www.ufmg.br\/periodicos\/wp-json\/wp\/v2\/posts\/3600","targetHints":{"allow":["GET"]}}],"collection":[{"href":"https:\/\/www.ufmg.br\/periodicos\/wp-json\/wp\/v2\/posts"}],"about":[{"href":"https:\/\/www.ufmg.br\/periodicos\/wp-json\/wp\/v2\/types\/post"}],"author":[{"embeddable":true,"href":"https:\/\/www.ufmg.br\/periodicos\/wp-json\/wp\/v2\/users\/6"}],"replies":[{"embeddable":true,"href":"https:\/\/www.ufmg.br\/periodicos\/wp-json\/wp\/v2\/comments?post=3600"}],"version-history":[{"count":4,"href":"https:\/\/www.ufmg.br\/periodicos\/wp-json\/wp\/v2\/posts\/3600\/revisions"}],"predecessor-version":[{"id":3606,"href":"https:\/\/www.ufmg.br\/periodicos\/wp-json\/wp\/v2\/posts\/3600\/revisions\/3606"}],"wp:attachment":[{"href":"https:\/\/www.ufmg.br\/periodicos\/wp-json\/wp\/v2\/media?parent=3600"}],"wp:term":[{"taxonomy":"category","embeddable":true,"href":"https:\/\/www.ufmg.br\/periodicos\/wp-json\/wp\/v2\/categories?post=3600"},{"taxonomy":"post_tag","embeddable":true,"href":"https:\/\/www.ufmg.br\/periodicos\/wp-json\/wp\/v2\/tags?post=3600"}],"curies":[{"name":"wp","href":"https:\/\/api.w.org\/{rel}","templated":true}]}}